{"id":2203554,"date":"2021-03-09T17:03:28","date_gmt":"2021-03-09T16:03:28","guid":{"rendered":"https:\/\/www.startlap.hu\/vasarlas\/?p=2203554"},"modified":"2021-03-09T15:34:50","modified_gmt":"2021-03-09T14:34:50","slug":"magyar-posta-nyitvatartas-szigoritas","status":"publish","type":"post","link":"https:\/\/www.startlap.hu\/vasarlas\/magyar-posta-nyitvatartas-szigoritas\/","title":{"rendered":"A szigor\u00edt\u00e1sok alatt \u00edgy tart nyitva a posta"},"content":{"rendered":"<p>A Magyar Posta k\u00f6z\u00f6ss\u00e9gi oldal\u00e1n jelentette be, hogy a m\u00e1rcius 8-\u00e1n elkezd\u0151d\u00f6tt szigor\u00edt\u00e1s mennyire \u00e9rinti a nyitvatart\u00e1st: l\u00e9nyeg\u00e9ben semennyire. A <strong>postai szolg\u00e1ltat\u00e1sok v\u00e1ltozatlanul el\u00e9rhet\u0151k<\/strong>, az egys\u00e9gek nyitva lesznek.&nbsp;<\/p>\n<figure id=\"attachment_2201444\" aria-describedby=\"caption-attachment-2201444\" style=\"width: 755px\" class=\"wp-caption alignnone\"><img loading=\"lazy\" decoding=\"async\" class=\"size-article-size-large-image wp-image-2201444\" src=\"https:\/\/www.startlap.hu\/vasarlas\/uploads\/2020\/12\/posta-2-755x504.jpg\" alt=\"\" width=\"755\" height=\"504\" srcset=\"https:\/\/www.startlap.hu\/vasarlas\/uploads\/2020\/12\/posta-2-755x504.jpg 755w, https:\/\/www.startlap.hu\/vasarlas\/uploads\/2020\/12\/posta-2-525x350.jpg 525w, https:\/\/www.startlap.hu\/vasarlas\/uploads\/2020\/12\/posta-2.jpg 1024w\" sizes=\"auto, (max-width: 755px) 100vw, 755px\" \/><figcaption id=\"caption-attachment-2201444\" class=\"wp-caption-text\">Fot\u00f3: Michal Fludra\/NurPhoto via Getty Images<\/figcaption><\/figure>\n<p>Hozz\u00e1f\u0171zt\u00e9k: az elm\u00falt egy \u00e9vben sz\u00e1mos l\u00e9p\u00e9st tettek a fert\u0151z\u00e9svesz\u00e9ly cs\u00f6kkent\u00e9s\u00e9\u00e9rt:<\/p>\n<ul>\n<li>folyamatos fert\u0151tlen\u00edt\u00e9s a post\u00e1kon<\/li>\n<li>\u00e9rint\u00e9smentes k\u00e9zbes\u00edt\u00e9s<\/li>\n<li>k\u00f6telez\u0151 a maszkvisel\u00e9s koll\u00e9g\u00e1inknak munkak\u00f6rt\u0151l f\u00fcggetlen\u00fcl<\/li>\n<li>egyedi v\u00e1rakoz\u00e1si rend (a post\u00e1kon egyszerre csak annyi \u00fcgyf\u00e9l tart\u00f3zkodhat, ah\u00e1ny kiszolg\u00e1l\u00f3 pult m\u0171k\u00f6dik)<\/li>\n<li>leheletfog\u00f3 parav\u00e1nok kihelyez\u00e9se<\/li>\n<\/ul>\n<p>&nbsp;<\/p>\n<div class=\"fb-post\" data-href=\"https:\/\/www.facebook.com\/MagyarPosta\/photos\/a.469325256411227\/4073878909289159\/\">\n<blockquote class=\"fb-xfbml-parse-ignore\"><p>A POST\u00c1K TOV\u00c1BBRA IS NYITVA VANNAK!<\/p>\n<p>Az elm\u00falt egy \u00e9vben sz\u00e1mos l\u00e9p\u00e9st tett\u00fcnk fert\u0151z\u00e9svesz\u00e9ly cs\u00f6kkent\u00e9s\u00e9\u00e9rt:<br \/>\n\ud83d\udcef&#8230;<\/p>\n<p>K\u00f6zz\u00e9tette: <a href=\"https:\/\/www.facebook.com\/MagyarPosta\/\" target=\"_blank\">Magyar Posta<\/a> \u2013&nbsp;<a href=\"https:\/\/www.facebook.com\/MagyarPosta\/photos\/a.469325256411227\/4073878909289159\/?type=3\" target=\"_blank\">2021. m\u00e1rcius 7., vas\u00e1rnap<\/a><\/p><\/blockquote>\n<\/div>\n<div class=\"o-widget m-readMoreWidget -readMore u-shortDecorLineAfter row widget-container _ce_measure_widget bigdata-widget read-more\" data-ce-measure-widget=\"olvass tov\u00e1bb\">\n\t<div class=\"m-readMoreWidget__imgWrapper image-wrapper col-12 col-md-4 no-p\">\n\t\t<a class=\"m-readMoreWidget__imgLink\" href=\"https:\/\/www.startlap.hu\/vasarlas\/magyar-posta-takarekbank-program\/\" >\n\t\t\t<img decoding=\"async\" src=\"https:\/\/www.startlap.hu\/vasarlas\/uploads\/2020\/12\/posta-2-350x285.jpg\" class=\"m-readMoreWidget__img\">\n\t\t<\/a>\n\t<\/div>\n\t<div class=\"m-readMoreWidget__titleWrapper title-wrapper col-12 col-md-8\">\n\t\t<span class=\"m-readMoreWidget__titleLabel u-shortDecorLineBefore label hidden-sm-up\">Ez is \u00e9rdekelhet:<\/span>\n\t\t<h3 class=\"m-readMoreWidget__title title\">\n\t\t\t<a class=\"m-readMoreWidget__titleLink -secondFont u-bold u-upperCase\" href=\"https:\/\/www.startlap.hu\/vasarlas\/magyar-posta-takarekbank-program\/\" >T\u00f6bb telep\u00fcl\u00e9sen is v\u00e1ltozik a posta m\u0171k\u00f6d\u00e9se<\/a>\n\t\t<\/h3>\n\t\t<a class=\"m-readMoreWidget__btn -coloredBack u-tC link\" href=\"https:\/\/www.startlap.hu\/vasarlas\/magyar-posta-takarekbank-program\/\" >Elolvasom<\/a>\n\t<\/div>\n<\/div>\n","protected":false},"excerpt":{"rendered":"<p>A k\u00f6vetkez\u0151 k\u00e9t h\u00e9tben is lehet post\u00e1ra menni &#8211; persze \u00e9letben vannak v\u00e9delmi int\u00e9zked\u00e9sek.<\/p>\n","protected":false},"author":43,"featured_media":2201444,"comment_status":"open","ping_status":"open","sticky":false,"template":"","format":"standard","meta":{"footnotes":""},"categories":[8180],"tags":[78,6631],"class_list":["post-2203554","post","type-post","status-publish","format-standard","has-post-thumbnail","hentry","category-trending","tag-magyar-posta","tag-szigoritas"],"aioseo_notices":[],"_links":{"self":[{"href":"https:\/\/www.startlap.hu\/vasarlas\/wp-json\/wp\/v2\/posts\/2203554","targetHints":{"allow":["GET"]}}],"collection":[{"href":"https:\/\/www.startlap.hu\/vasarlas\/wp-json\/wp\/v2\/posts"}],"about":[{"href":"https:\/\/www.startlap.hu\/vasarlas\/wp-json\/wp\/v2\/types\/post"}],"author":[{"embeddable":true,"href":"https:\/\/www.startlap.hu\/vasarlas\/wp-json\/wp\/v2\/users\/43"}],"replies":[{"embeddable":true,"href":"https:\/\/www.startlap.hu\/vasarlas\/wp-json\/wp\/v2\/comments?post=2203554"}],"version-history":[{"count":3,"href":"https:\/\/www.startlap.hu\/vasarlas\/wp-json\/wp\/v2\/posts\/2203554\/revisions"}],"predecessor-version":[{"id":2203557,"href":"https:\/\/www.startlap.hu\/vasarlas\/wp-json\/wp\/v2\/posts\/2203554\/revisions\/2203557"}],"wp:featuredmedia":[{"embeddable":true,"href":"https:\/\/www.startlap.hu\/vasarlas\/wp-json\/wp\/v2\/media\/2201444"}],"wp:attachment":[{"href":"https:\/\/www.startlap.hu\/vasarlas\/wp-json\/wp\/v2\/media?parent=2203554"}],"wp:term":[{"taxonomy":"category","embeddable":true,"href":"https:\/\/www.startlap.hu\/vasarlas\/wp-json\/wp\/v2\/categories?post=2203554"},{"taxonomy":"post_tag","embeddable":true,"href":"https:\/\/www.startlap.hu\/vasarlas\/wp-json\/wp\/v2\/tags?post=2203554"}],"curies":[{"name":"wp","href":"https:\/\/api.w.org\/{rel}","templated":true}]}}