{"id":2203366,"date":"2021-03-06T11:03:56","date_gmt":"2021-03-06T10:03:56","guid":{"rendered":"https:\/\/www.startlap.hu\/vasarlas\/?p=2203366"},"modified":"2021-03-05T23:05:35","modified_gmt":"2021-03-05T22:05:35","slug":"magyar-posta-nyitvatartas-hosszu-hetvege-marcius","status":"publish","type":"post","link":"https:\/\/www.startlap.hu\/vasarlas\/magyar-posta-nyitvatartas-hosszu-hetvege-marcius\/","title":{"rendered":"\u00cdgy alakul a Magyar Posta nyitvatart\u00e1sa a hossz\u00fa h\u00e9tv\u00e9g\u00e9n"},"content":{"rendered":"<p>&#8222;T\u00e1j\u00e9koztatjuk \u00fcgyfeleinket, hogy a&nbsp;<strong>m<\/strong><strong>\u00e1rcius 15-i \u00fcnnepnaphoz kapcsol\u00f3d\u00f3an egyes post\u00e1k az \u00e1ltal\u00e1nost\u00f3l elt\u00e9r\u0151 nyitvatart\u00e1ssal m\u0171k\u00f6dnek<\/strong>.<strong>&nbsp;<\/strong><a class=\"multi-link\" href=\"https:\/\/www.posta.hu\/static\/internet\/download\/Altalanostol_eltero_nyitvatartas_marcius_15__potlas.xls\" target=\"_blank\"><strong>Ide kattinva l\u00e1that\u00f3,<\/strong><\/a> hogy hol v\u00e1ltozik a nyitvatart\u00e1s&#8221; &#8211; \u00e1ll a <a href=\"https:\/\/www.posta.hu\/aktualitasok\/nyitavtartas_a_marcius_15_i_unnepnaphoz_kapcsolodoan_20210303\" target=\"_blank\" target=\"_blank\" rel=\"noopener noreferrer\">t\u00e1j\u00e9koztat\u00e1sban<\/a>.<\/p>\n<figure id=\"attachment_2201881\" aria-describedby=\"caption-attachment-2201881\" style=\"width: 755px\" class=\"wp-caption alignnone\"><img loading=\"lazy\" decoding=\"async\" class=\"size-article-size-large-image wp-image-2201881\" src=\"https:\/\/www.startlap.hu\/vasarlas\/uploads\/2021\/01\/posta-755x505.jpg\" alt=\"\" width=\"755\" height=\"505\" srcset=\"https:\/\/www.startlap.hu\/vasarlas\/uploads\/2021\/01\/posta-755x505.jpg 755w, https:\/\/www.startlap.hu\/vasarlas\/uploads\/2021\/01\/posta-523x350.jpg 523w, https:\/\/www.startlap.hu\/vasarlas\/uploads\/2021\/01\/posta.jpg 1271w\" sizes=\"auto, (max-width: 755px) 100vw, 755px\" \/><figcaption id=\"caption-attachment-2201881\" class=\"wp-caption-text\">Fot\u00f3: Getty Images<\/figcaption><\/figure>\n<div class=\"o-widget m-readMoreWidget -readMore u-shortDecorLineAfter row widget-container _ce_measure_widget bigdata-widget read-more\" data-ce-measure-widget=\"olvass tov\u00e1bb\">\n\t<div class=\"m-readMoreWidget__imgWrapper image-wrapper col-12 col-md-4 no-p\">\n\t\t<a class=\"m-readMoreWidget__imgLink\" href=\"https:\/\/www.startlap.hu\/vasarlas\/magyar-posta-nyitvatartas-zaras\/\" >\n\t\t\t<img decoding=\"async\" src=\"https:\/\/www.startlap.hu\/vasarlas\/uploads\/2021\/03\/posta-350x285.jpg\" class=\"m-readMoreWidget__img\">\n\t\t<\/a>\n\t<\/div>\n\t<div class=\"m-readMoreWidget__titleWrapper title-wrapper col-12 col-md-8\">\n\t\t<span class=\"m-readMoreWidget__titleLabel u-shortDecorLineBefore label hidden-sm-up\">Ez is \u00e9rdekelhet:<\/span>\n\t\t<h3 class=\"m-readMoreWidget__title title\">\n\t\t\t<a class=\"m-readMoreWidget__titleLink -secondFont u-bold u-upperCase\" href=\"https:\/\/www.startlap.hu\/vasarlas\/magyar-posta-nyitvatartas-zaras\/\" >R\u00f6vid\u00edtett nyitvatart\u00e1st \u00e9s ideiglenes z\u00e1r\u00e1st jelentett be a Magyar Posta<\/a>\n\t\t<\/h3>\n\t\t<a class=\"m-readMoreWidget__btn -coloredBack u-tC link\" href=\"https:\/\/www.startlap.hu\/vasarlas\/magyar-posta-nyitvatartas-zaras\/\" >Elolvasom<\/a>\n\t<\/div>\n<\/div>\n","protected":false},"excerpt":{"rendered":"<p>Bejelentette nyitvatart\u00e1s\u00e1t a posta a m\u00e1rcius 15-i h\u00e9tv\u00e9g\u00e9re.<\/p>\n","protected":false},"author":43,"featured_media":2201881,"comment_status":"open","ping_status":"open","sticky":false,"template":"","format":"standard","meta":{"footnotes":""},"categories":[8180],"tags":[78,2528],"class_list":["post-2203366","post","type-post","status-publish","format-standard","has-post-thumbnail","hentry","category-trending","tag-magyar-posta","tag-marcius-15"],"aioseo_notices":[],"_links":{"self":[{"href":"https:\/\/www.startlap.hu\/vasarlas\/wp-json\/wp\/v2\/posts\/2203366","targetHints":{"allow":["GET"]}}],"collection":[{"href":"https:\/\/www.startlap.hu\/vasarlas\/wp-json\/wp\/v2\/posts"}],"about":[{"href":"https:\/\/www.startlap.hu\/vasarlas\/wp-json\/wp\/v2\/types\/post"}],"author":[{"embeddable":true,"href":"https:\/\/www.startlap.hu\/vasarlas\/wp-json\/wp\/v2\/users\/43"}],"replies":[{"embeddable":true,"href":"https:\/\/www.startlap.hu\/vasarlas\/wp-json\/wp\/v2\/comments?post=2203366"}],"version-history":[{"count":1,"href":"https:\/\/www.startlap.hu\/vasarlas\/wp-json\/wp\/v2\/posts\/2203366\/revisions"}],"predecessor-version":[{"id":2203367,"href":"https:\/\/www.startlap.hu\/vasarlas\/wp-json\/wp\/v2\/posts\/2203366\/revisions\/2203367"}],"wp:featuredmedia":[{"embeddable":true,"href":"https:\/\/www.startlap.hu\/vasarlas\/wp-json\/wp\/v2\/media\/2201881"}],"wp:attachment":[{"href":"https:\/\/www.startlap.hu\/vasarlas\/wp-json\/wp\/v2\/media?parent=2203366"}],"wp:term":[{"taxonomy":"category","embeddable":true,"href":"https:\/\/www.startlap.hu\/vasarlas\/wp-json\/wp\/v2\/categories?post=2203366"},{"taxonomy":"post_tag","embeddable":true,"href":"https:\/\/www.startlap.hu\/vasarlas\/wp-json\/wp\/v2\/tags?post=2203366"}],"curies":[{"name":"wp","href":"https:\/\/api.w.org\/{rel}","templated":true}]}}