{"id":2203225,"date":"2021-03-02T18:33:07","date_gmt":"2021-03-02T17:33:07","guid":{"rendered":"https:\/\/www.startlap.hu\/vasarlas\/?p=2203225"},"modified":"2021-03-04T10:19:15","modified_gmt":"2021-03-04T09:19:15","slug":"magyar-posta-nyitvatartas-zaras","status":"publish","type":"post","link":"https:\/\/www.startlap.hu\/vasarlas\/magyar-posta-nyitvatartas-zaras\/","title":{"rendered":"R\u00f6vid\u00edtett nyitvatart\u00e1st \u00e9s ideiglenes z\u00e1r\u00e1st jelentett be a Magyar Posta"},"content":{"rendered":"<p>A S\u00e1rv\u00e1r 2 posta \u00e9s Kom\u00e1rom 6\u2013Sz\u0151ny posta kor\u00e1bban jelzett ideiglenes bez\u00e1r\u00e1sa technikai okok miatt v\u00e1rhat\u00f3an 2021. m\u00e1rcius 31-ig tov\u00e1bbra is fenn\u00e1ll. Az ideiglenes sz\u00fcneteltet\u00e9s ideje alatt az egyetemes postai szolg\u00e1ltat\u00e1sok az al\u00e1bbi szolg\u00e1ltat\u00f3helyeken vehet\u0151k ig\u00e9nybe:<\/p>\n<table class=\" table base \">\n<tbody>\n<tr class=\"even\">\n<td>S\u00e1rv\u00e1r 1 posta<\/td>\n<td>S\u00e1rv\u00e1r V\u00e1rker\u00fclet 32.<\/td>\n<td>H-P: 08:00-18:00, Szo: 08:00-12:00<\/td>\n<\/tr>\n<tr class=\"odd\">\n<td>Kom\u00e1rom 5 \u2013 Sz\u0151ny posta<\/td>\n<td>Kom\u00e1rom Sz\u00e9chenyi utca 68.<\/td>\n<td>H-P: 08:00-12:00; 12:30-16:00<\/td>\n<\/tr>\n<\/tbody>\n<\/table>\n<p>Emellett a Piliscsaba 3 &#8211; Klotildliget posta (c\u00edme: Piliscsaba Klotildliget, Egyetem utca 1.) technikai okok miatt 2021. m\u00e1rcius 01-t\u0151l <strong>hat\u00e1rozatlan ideig sz\u0171k\u00edtett nyitvatart\u00e1ssal \u00fczemel<\/strong>, h\u00e9tf\u0151t\u0151l p\u00e9ntekig 12:00-16:00 \u00f3ra k\u00f6z\u00f6tt. A telep\u00fcl\u00e9sen tov\u00e1bb nyitvatart\u00f3 posta Piliscsaba 1 posta,&nbsp;c\u00edme: Piliscsaba Bajcsy-Zsilinszky \u00fat 3.<\/p>\n<figure id=\"attachment_2203226\" aria-describedby=\"caption-attachment-2203226\" style=\"width: 755px\" class=\"wp-caption alignnone\"><img loading=\"lazy\" decoding=\"async\" class=\"size-article-size-large-image wp-image-2203226\" src=\"https:\/\/www.startlap.hu\/vasarlas\/uploads\/2021\/03\/posta-755x504.jpg\" alt=\"\" width=\"755\" height=\"504\" srcset=\"https:\/\/www.startlap.hu\/vasarlas\/uploads\/2021\/03\/posta-755x504.jpg 755w, https:\/\/www.startlap.hu\/vasarlas\/uploads\/2021\/03\/posta-525x350.jpg 525w, https:\/\/www.startlap.hu\/vasarlas\/uploads\/2021\/03\/posta.jpg 1273w\" sizes=\"auto, (max-width: 755px) 100vw, 755px\" \/><figcaption id=\"caption-attachment-2203226\" class=\"wp-caption-text\">Illusztr\u00e1ci\u00f3: Getty Images<\/figcaption><\/figure>\n<p>Ugyancsak technikai okok miatt Debrecen 21 Tesco posta (c\u00edme: Debrecen Kishegyesi \u00fat 1-11.) <strong>2021. febru\u00e1r 27-t\u0151l m\u00e1rcius 05-ig<\/strong>&nbsp;<strong>09:00 \u2013 17:00 \u00f3r\u00e1ig<\/strong>,&nbsp;<strong>m\u00e1rcius 06-\u00e1n szombaton 09:00-15:00 \u00f3r\u00e1ig sz\u0171k\u00edtett nyitvatart\u00e1ssal \u00fczemel<\/strong>. A h\u00e9tk\u00f6znap tov\u00e1bb nyitvatart\u00f3 posta Debrecen 1 posta&nbsp;(c\u00edme: Debrecen M\u00fazeum utca 3.).<\/p>\n<div class=\"o-widget m-readMoreWidget -readMore u-shortDecorLineAfter row widget-container _ce_measure_widget bigdata-widget read-more\" data-ce-measure-widget=\"olvass tov\u00e1bb\">\n\t<div class=\"m-readMoreWidget__imgWrapper image-wrapper col-12 col-md-4 no-p\">\n\t\t<a class=\"m-readMoreWidget__imgLink\" href=\"https:\/\/www.startlap.hu\/vasarlas\/ismet-csalok-elnek-vissza-a-magyar-posta-nevevel-ne-dolj-be-az-ilyen-uzenetnek\/\" >\n\t\t\t<img decoding=\"async\" src=\"https:\/\/www.startlap.hu\/vasarlas\/uploads\/2021\/01\/posta-350x285.jpg\" class=\"m-readMoreWidget__img\">\n\t\t<\/a>\n\t<\/div>\n\t<div class=\"m-readMoreWidget__titleWrapper title-wrapper col-12 col-md-8\">\n\t\t<span class=\"m-readMoreWidget__titleLabel u-shortDecorLineBefore label hidden-sm-up\">Ez is \u00e9rdekelhet:<\/span>\n\t\t<h3 class=\"m-readMoreWidget__title title\">\n\t\t\t<a class=\"m-readMoreWidget__titleLink -secondFont u-bold u-upperCase\" href=\"https:\/\/www.startlap.hu\/vasarlas\/ismet-csalok-elnek-vissza-a-magyar-posta-nevevel-ne-dolj-be-az-ilyen-uzenetnek\/\" >Ism\u00e9t csal\u00f3k \u00e9lnek vissza a Magyar Posta nev\u00e9vel &#8211; ne d\u0151lj be az ilyen \u00fczenetnek<\/a>\n\t\t<\/h3>\n\t\t<a class=\"m-readMoreWidget__btn -coloredBack u-tC link\" href=\"https:\/\/www.startlap.hu\/vasarlas\/ismet-csalok-elnek-vissza-a-magyar-posta-nevevel-ne-dolj-be-az-ilyen-uzenetnek\/\" >Elolvasom<\/a>\n\t<\/div>\n<\/div>\n<p class=\"content-text text-justify\">2021. m\u00e1rcius 03-t\u00f3l bizonytalan ideig&nbsp;<strong>Sz\u00e9kesfeh\u00e9rv\u00e1r 3 posta<\/strong>&nbsp;(c\u00edme: Sz\u00e9kesfeh\u00e9rv\u00e1r Eszperant\u00f3 t\u00e9r 1.)&nbsp;sz\u0171k\u00edtett nyitvatart\u00e1ssal, h\u00e9tf\u0151t\u0151l \u2013 p\u00e9ntekig 08:00-t\u00f3l 16:00 \u00f3r\u00e1ig&nbsp;\u00fczemel technikai okok miatt. A legk\u00f6zelebbi, tov\u00e1bb nyitvatart\u00f3 posta Sz\u00e9kesfeh\u00e9rv\u00e1r 7 posta&nbsp;(c\u00edme: Sz\u00e9kesfeh\u00e9rv\u00e1r Palotai \u00fat 6.).<\/p>\n<p>M\u00e1rcius 3-\u00e1n ism\u00e9t b\u0151v\u00edtett\u00e9k a list\u00e1t: a&nbsp;<strong>Szeksz\u00e1rd&nbsp; 3 posta&nbsp;<\/strong>(c\u00edme: Szeksz\u00e1rd R\u00e1k\u00f3czi utca 85-87..)&nbsp;<strong>2021. m\u00e1rcius 04-t\u0151l m\u00e1rcius 31-ig sz\u0171k\u00edtett nyitvatart\u00e1ssal, h\u00e9tf\u0151n 09:00-t\u0151l 13:00-ig; 13:30-t\u00f3l 17:00-ig, keddt\u0151l p\u00e9ntekig: 09:00-t\u0151l 13:00 \u00f3r\u00e1ig \u00fczemel. <\/strong>A telep\u00fcl\u00e9sen a legk\u00f6zelebbi (kb. 1km) tov\u00e1bb nyitvatart\u00f3 posta Szeksz\u00e1rd 1 posta&nbsp;(c\u00edme: Szeksz\u00e1rd Sz\u00e9chenyi utca 11-13.)<\/p>\n","protected":false},"excerpt":{"rendered":"<p>Egyes telep\u00fcl\u00e9seken technikai okok miatt m\u00f3dosult a Posta nyitvatart\u00e1sa. <\/p>\n","protected":false},"author":43,"featured_media":2203226,"comment_status":"open","ping_status":"open","sticky":false,"template":"","format":"standard","meta":{"footnotes":""},"categories":[8180],"tags":[78,14568],"class_list":["post-2203225","post","type-post","status-publish","format-standard","has-post-thumbnail","hentry","category-trending","tag-magyar-posta","tag-roviditett-nyitvatartas"],"aioseo_notices":[],"_links":{"self":[{"href":"https:\/\/www.startlap.hu\/vasarlas\/wp-json\/wp\/v2\/posts\/2203225","targetHints":{"allow":["GET"]}}],"collection":[{"href":"https:\/\/www.startlap.hu\/vasarlas\/wp-json\/wp\/v2\/posts"}],"about":[{"href":"https:\/\/www.startlap.hu\/vasarlas\/wp-json\/wp\/v2\/types\/post"}],"author":[{"embeddable":true,"href":"https:\/\/www.startlap.hu\/vasarlas\/wp-json\/wp\/v2\/users\/43"}],"replies":[{"embeddable":true,"href":"https:\/\/www.startlap.hu\/vasarlas\/wp-json\/wp\/v2\/comments?post=2203225"}],"version-history":[{"count":4,"href":"https:\/\/www.startlap.hu\/vasarlas\/wp-json\/wp\/v2\/posts\/2203225\/revisions"}],"predecessor-version":[{"id":2203370,"href":"https:\/\/www.startlap.hu\/vasarlas\/wp-json\/wp\/v2\/posts\/2203225\/revisions\/2203370"}],"wp:featuredmedia":[{"embeddable":true,"href":"https:\/\/www.startlap.hu\/vasarlas\/wp-json\/wp\/v2\/media\/2203226"}],"wp:attachment":[{"href":"https:\/\/www.startlap.hu\/vasarlas\/wp-json\/wp\/v2\/media?parent=2203225"}],"wp:term":[{"taxonomy":"category","embeddable":true,"href":"https:\/\/www.startlap.hu\/vasarlas\/wp-json\/wp\/v2\/categories?post=2203225"},{"taxonomy":"post_tag","embeddable":true,"href":"https:\/\/www.startlap.hu\/vasarlas\/wp-json\/wp\/v2\/tags?post=2203225"}],"curies":[{"name":"wp","href":"https:\/\/api.w.org\/{rel}","templated":true}]}}