{"id":2202305,"date":"2021-01-28T11:32:28","date_gmt":"2021-01-28T10:32:28","guid":{"rendered":"https:\/\/www.startlap.hu\/vasarlas\/?p=2202305"},"modified":"2021-01-28T11:35:11","modified_gmt":"2021-01-28T10:35:11","slug":"45-milliardos-tamogatas_falusi_kisbolt","status":"publish","type":"post","link":"https:\/\/www.startlap.hu\/vasarlas\/45-milliardos-tamogatas_falusi_kisbolt\/","title":{"rendered":"45 milli\u00e1rdos t\u00e1mogat\u00e1st kapnak a falusi kisboltok"},"content":{"rendered":"<p>A <strong>kisboltok t\u00e1mogat\u00e1s\u00e1r\u00f3l<\/strong> is besz\u00e9lt a cs\u00fct\u00f6rt\u00f6ki Korm\u00e1nyinf\u00f3n Guly\u00e1s Gergely. A Minisztereln\u00f6ks\u00e9get vezet\u0151 miniszter elmondta, <strong>mintegy 45 milli\u00e1rdot ford\u00edtanak<\/strong> a falvakban m\u0171k\u00f6d\u0151 kisboltok t\u00e1mogat\u00e1s\u00e1ra.<\/p>\n<p>&#8222;Az l\u00e1tjuk, hogy a nagy \u00e9lelmiszeripari <a href=\"https:\/\/www.startlap.hu\/vasarlas\/auchan-beremeles-aruhazi-dolgozok\/\">multic\u00e9gek<\/a> megjelen\u00e9se azzal j\u00e1rt, hogy a kisboltok az elm\u00falt \u00e9vekben bez\u00e1r\u00e1s\u00e1ra k\u00e9nyszer\u00fcltek a legkisebb tele\u00fcl\u00e9seken.&nbsp; Ez\u00e9rt d\u00f6nt\u00f6tt\u00fcnk arr\u00f3l,&nbsp; hogy egyedi p\u00e1ly\u00e1zati rendszerben &#8211; 45 milli\u00e1rd forint erej\u00e9ig &#8211; , a falvakban m\u0171k\u00f6d\u0151 kisboltok tulajdonosainak, m\u0171k\u00f6dtet\u0151inek biztos\u00edtunk lehet\u0151s\u00e9get arra, hogy pluszforr\u00e1shoz jussanak\u02dd &#8211; fogalmazott Guly\u00e1s.<\/p>\n<figure id=\"attachment_2202306\" aria-describedby=\"caption-attachment-2202306\" style=\"width: 755px\" class=\"wp-caption alignnone\"><img loading=\"lazy\" decoding=\"async\" class=\"size-article-size-large-image wp-image-2202306\" src=\"https:\/\/www.startlap.hu\/vasarlas\/uploads\/2021\/01\/bolt-1-755x503.jpg\" alt=\"\" width=\"755\" height=\"503\" srcset=\"https:\/\/www.startlap.hu\/vasarlas\/uploads\/2021\/01\/bolt-1-755x503.jpg 755w, https:\/\/www.startlap.hu\/vasarlas\/uploads\/2021\/01\/bolt-1-1536x1023.jpg 1536w, https:\/\/www.startlap.hu\/vasarlas\/uploads\/2021\/01\/bolt-1-525x350.jpg 525w, https:\/\/www.startlap.hu\/vasarlas\/uploads\/2021\/01\/bolt-1.jpg 1732w\" sizes=\"auto, (max-width: 755px) 100vw, 755px\" \/><figcaption id=\"caption-attachment-2202306\" class=\"wp-caption-text\">Fot\u00f3: Getty Images<\/figcaption><\/figure>\n<p>&nbsp;A t\u00e1mogat\u00e1snak az is a c\u00e9lja, hogy olyan k<strong>\u00f6z\u00f6ss\u00e9gi terek j\u00f6jjenek l\u00e9tre<\/strong>, ahol p\u00e9ld\u00e1ul gy\u00f3gyszert\u00e1r, postai szolg\u00e1ltat\u00e1s is helyet kaphat. A p\u00e1ly\u00e1zatot a Magyar Falu program keret\u00e9ben nemsok\u00e1ra meghirdetik.<\/p>\n<p>A <strong><a href=\"https:\/\/www.startlap.hu\/kiemelt-hirek\/gulyas-marcius-1-jeig-meghosszabbitjuk-a-jarvanyugyi-korlatozasokat\/\">Korm\u00e1nyinf\u00f3n<\/a><\/strong> elhangzott, hogy <strong>m\u00e1rcius 1-j\u00e9ig meghosszabb\u00edtj\u00e1k a j\u00e1rv\u00e1ny\u00fcgyi korl\u00e1toz\u00e1sokat<\/strong>. Guly\u00e1s elmondta, k\u00e9t esetben lesz lehet\u0151s\u00e9g a k\u00e9s\u0151bbiekben az enyh\u00edt\u00e9sre: ha a j\u00e1rv\u00e1ny terjed\u00e9se jelent\u0151sen cs\u00f6kken, vagy ha kell\u0151 sz\u00e1mban \u00e1ll rendelkez\u00e9sre vakcina. Hozz\u00e1tette: el\u0151sz\u00f6r a k\u00fcl\u00f6n\u00f6sen neh\u00e9z helyzetben l\u00e9v\u0151 vend\u00e9gl\u00e1t\u00f3helyek nyit\u00e1s\u00e1t fogj\u00e1k enged\u00e9lyezni.<\/p>\n<div class=\"o-widget m-readMoreWidget -readMore u-shortDecorLineAfter row widget-container _ce_measure_widget bigdata-widget read-more\" data-ce-measure-widget=\"olvass tov\u00e1bb\">\n\t<div class=\"m-readMoreWidget__imgWrapper image-wrapper col-12 col-md-4 no-p\">\n\t\t<a class=\"m-readMoreWidget__imgLink\" href=\"https:\/\/www.startlap.hu\/vasarlas\/magyar-nemzet-bertargyalas-tesco\/\" >\n\t\t\t<img decoding=\"async\" src=\"https:\/\/www.startlap.hu\/vasarlas\/uploads\/2020\/03\/tesco-350x285.jpg\" class=\"m-readMoreWidget__img\">\n\t\t<\/a>\n\t<\/div>\n\t<div class=\"m-readMoreWidget__titleWrapper title-wrapper col-12 col-md-8\">\n\t\t<span class=\"m-readMoreWidget__titleLabel u-shortDecorLineBefore label hidden-sm-up\">Ez is \u00e9rdekelhet:<\/span>\n\t\t<h3 class=\"m-readMoreWidget__title title\">\n\t\t\t<a class=\"m-readMoreWidget__titleLink -secondFont u-bold u-upperCase\" href=\"https:\/\/www.startlap.hu\/vasarlas\/magyar-nemzet-bertargyalas-tesco\/\" >Magyar Nemzet: Ki\u00e9lez\u0151dhet a b\u00e9rt\u00e1rgyal\u00e1s a Tesc\u00f3n\u00e1l<\/a>\n\t\t<\/h3>\n\t\t<a class=\"m-readMoreWidget__btn -coloredBack u-tC link\" href=\"https:\/\/www.startlap.hu\/vasarlas\/magyar-nemzet-bertargyalas-tesco\/\" >Elolvasom<\/a>\n\t<\/div>\n<\/div>\n","protected":false},"excerpt":{"rendered":"<p>A d\u00f6nt\u00e9st Guly\u00e1s Gergely jelentette be a cs\u00fct\u00f6rt\u00f6ki Korm\u00e1nyinf\u00f3n. Hamarosan meghirdetik a p\u00e1ly\u00e1zatot. <\/p>\n","protected":false},"author":20,"featured_media":2202306,"comment_status":"open","ping_status":"open","sticky":false,"template":"","format":"standard","meta":{"footnotes":""},"categories":[8180],"tags":[6682,176,7782,123],"class_list":["post-2202305","post","type-post","status-publish","format-standard","has-post-thumbnail","hentry","category-trending","tag-bolt","tag-falu","tag-kormanyinfo","tag-tamogatas"],"aioseo_notices":[],"_links":{"self":[{"href":"https:\/\/www.startlap.hu\/vasarlas\/wp-json\/wp\/v2\/posts\/2202305","targetHints":{"allow":["GET"]}}],"collection":[{"href":"https:\/\/www.startlap.hu\/vasarlas\/wp-json\/wp\/v2\/posts"}],"about":[{"href":"https:\/\/www.startlap.hu\/vasarlas\/wp-json\/wp\/v2\/types\/post"}],"author":[{"embeddable":true,"href":"https:\/\/www.startlap.hu\/vasarlas\/wp-json\/wp\/v2\/users\/20"}],"replies":[{"embeddable":true,"href":"https:\/\/www.startlap.hu\/vasarlas\/wp-json\/wp\/v2\/comments?post=2202305"}],"version-history":[{"count":2,"href":"https:\/\/www.startlap.hu\/vasarlas\/wp-json\/wp\/v2\/posts\/2202305\/revisions"}],"predecessor-version":[{"id":2202308,"href":"https:\/\/www.startlap.hu\/vasarlas\/wp-json\/wp\/v2\/posts\/2202305\/revisions\/2202308"}],"wp:featuredmedia":[{"embeddable":true,"href":"https:\/\/www.startlap.hu\/vasarlas\/wp-json\/wp\/v2\/media\/2202306"}],"wp:attachment":[{"href":"https:\/\/www.startlap.hu\/vasarlas\/wp-json\/wp\/v2\/media?parent=2202305"}],"wp:term":[{"taxonomy":"category","embeddable":true,"href":"https:\/\/www.startlap.hu\/vasarlas\/wp-json\/wp\/v2\/categories?post=2202305"},{"taxonomy":"post_tag","embeddable":true,"href":"https:\/\/www.startlap.hu\/vasarlas\/wp-json\/wp\/v2\/tags?post=2202305"}],"curies":[{"name":"wp","href":"https:\/\/api.w.org\/{rel}","templated":true}]}}