{"id":2202287,"date":"2021-01-28T06:59:09","date_gmt":"2021-01-28T05:59:09","guid":{"rendered":"https:\/\/www.startlap.hu\/vasarlas\/?p=2202287"},"modified":"2021-01-28T06:59:09","modified_gmt":"2021-01-28T05:59:09","slug":"auchan-beremeles-aruhazi-dolgozok","status":"publish","type":"post","link":"https:\/\/www.startlap.hu\/vasarlas\/auchan-beremeles-aruhazi-dolgozok\/","title":{"rendered":"Emeli az \u00e1ruh\u00e1zi dolgoz\u00f3k alapb\u00e9r\u00e9t az Auchan"},"content":{"rendered":"<p>Az <a href=\"https:\/\/www.startlap.hu\/vasarlas\/mar-az-auchannal-is-van-kontaktmentes-hazhozszallitas\/\" target=\"_blank\" rel=\"noopener noreferrer\">Auchan<\/a> Retail Magyarorsz\u00e1gn\u00e1l a nem vezet\u0151 beoszt\u00e1sban dolgoz\u00f3 \u00e1ruh\u00e1zi munkat\u00e1rsak alapb\u00e9re \u00e1tlagosan 5,6 sz\u00e1zal\u00e9kkal emelkedik m\u00e1rcius 1-t\u0151l &#8211; t\u00e1j\u00e9koztatta a v\u00e1llalat szerd\u00e1n az MTI-t.<\/p>\n<p>A k\u00f6zlem\u00e9ny szerint a legalacsonyabb bel\u00e9p\u0151 alapb\u00e9r 6,2 sz\u00e1zal\u00e9kos emel\u00e9s ut\u00e1n <strong>brutt\u00f3 260 000 forint<\/strong> lesz.<\/p>\n<p>A m\u00e1rciusi b\u00e9remel\u00e9sen t\u00fal az \u00e1ruh\u00e1zi szak\u00e9rt\u0151 szint\u0171 munkat\u00e1rsakn\u00e1l a gazdas\u00e1gi c\u00e9lok megval\u00f3sul\u00e1sa \u00e9s az egy\u00e9ni teljes\u00edtm\u00e9ny f\u00fcggv\u00e9ny\u00e9ben az \u00e9v m\u00e1sodik fel\u00e9ben tov\u00e1bbi b\u00e9remel\u00e9st tervez a v\u00e1llalat, a <strong>k\u00e9tl\u00e9pcs\u0151s emel\u00e9ssel<\/strong> a b\u00e9remel\u00e9s\u00fck m\u00e9rt\u00e9ke el\u00e9rheti a 7,1 sz\u00e1zal\u00e9kot.<\/p>\n<p>A k\u00f6zlem\u00e9nyben p\u00e9ldak\u00e9nt eml\u00edtik, hogy az Auchann\u00e1l az \u00e1rufelt\u00f6lt\u0151 \u00e9s p\u00e9nzt\u00e1ros poz\u00edci\u00f3k mellett sz\u00e1mos m\u00e1s szakma is megtal\u00e1lhat\u00f3; 2021 j\u00falius\u00e1t\u00f3l egy szak\u00e9rt\u0151 szint\u0171 p\u00e9k brutt\u00f3 j\u00f6vedelme el\u00e9rheti a 395 ezer forintot, az online \u00e1ruh\u00e1zban dolgoz\u00f3 kisz\u00e1ll\u00edt\u00f3i szak\u00e9rt\u0151 munkat\u00e1rs\u00e9 pedig az 514 ezer forintot.<\/p>\n<div class=\"o-widget m-readMoreWidget -readMore u-shortDecorLineAfter row widget-container _ce_measure_widget bigdata-widget read-more\" data-ce-measure-widget=\"olvass tov\u00e1bb\">\n\t<div class=\"m-readMoreWidget__imgWrapper image-wrapper col-12 col-md-4 no-p\">\n\t\t<a class=\"m-readMoreWidget__imgLink\" href=\"https:\/\/www.startlap.hu\/vasarlas\/kezdober-aldi-2021\/\" >\n\t\t\t<img decoding=\"async\" src=\"https:\/\/www.startlap.hu\/vasarlas\/uploads\/2021\/01\/aldi-350x285.jpg\" class=\"m-readMoreWidget__img\">\n\t\t<\/a>\n\t<\/div>\n\t<div class=\"m-readMoreWidget__titleWrapper title-wrapper col-12 col-md-8\">\n\t\t<span class=\"m-readMoreWidget__titleLabel u-shortDecorLineBefore label hidden-sm-up\">Ez is \u00e9rdekelhet:<\/span>\n\t\t<h3 class=\"m-readMoreWidget__title title\">\n\t\t\t<a class=\"m-readMoreWidget__titleLink -secondFont u-bold u-upperCase\" href=\"https:\/\/www.startlap.hu\/vasarlas\/kezdober-aldi-2021\/\" >Elmondt\u00e1k, mennyi az idei kezd\u0151b\u00e9r az Aldin\u00e1l<\/a>\n\t\t<\/h3>\n\t\t<a class=\"m-readMoreWidget__btn -coloredBack u-tC link\" href=\"https:\/\/www.startlap.hu\/vasarlas\/kezdober-aldi-2021\/\" >Elolvasom<\/a>\n\t<\/div>\n<\/div>\n<p>Az alapb\u00e9r-emel\u00e9sen k\u00edv\u00fcl a v\u00e1llalat tov\u00e1bbra is biztos\u00edtja a brutt\u00f3 7600 forint \u00e9rt\u00e9k\u0171 Auchan Cafeteria k\u00e1rty\u00e1t \u00e9s az 5 sz\u00e1zal\u00e9kos v\u00e1s\u00e1rl\u00e1si kedvezm\u00e9nyt, valamint fenntartja a kiemelt kock\u00e1zati \u00e9let-, baleset- \u00e9s betegs\u00e9gbiztos\u00edt\u00e1st, tov\u00e1bb\u00e1 r\u00e9szv\u00e9nyesi programj\u00e1t, amellyel minden munkat\u00e1rs \u00e9lhet. Ezen fel\u00fcl \u00faj juttat\u00e1si elemk\u00e9nt a jogszab\u00e1lyi k\u00f6telezetts\u00e9gen fel\u00fcl az Auchan <strong>a munkav\u00e1llal\u00f3k munk\u00e1ba j\u00e1r\u00e1s\u00e1nak k\u00f6lts\u00e9geit is jelent\u0151sen t\u00e1mogatja<\/strong> &#8211; k\u00f6z\u00f6lt\u00e9k.<\/p>\n<blockquote class=\"article__extraTxt\"><p>Az Auchan kiemelte azt is, hogy a j\u00e1rv\u00e1ny\u00fcgyi korl\u00e1toz\u00e1sokban el\u0151\u00edrt 19 \u00f3r\u00e1s boltbez\u00e1r\u00e1s miatt nem cs\u00f6kkentett\u00e9k sem a munka\u00f3rasz\u00e1mokat, sem a b\u00e9reket.<\/p><\/blockquote>\n<p>A k\u00f6zlem\u00e9nyben jelezt\u00e9k, hogy az Auchan Retail Magyarorsz\u00e1g \u00e9s a Kereskedelmi Alkalmazottak Szakszervezete k\u00f6z\u00f6tti b\u00e9rmeg\u00e1llapod\u00e1sr\u00f3l sz\u00f3l\u00f3 t\u00f6bbfordul\u00f3s t\u00e1rgyal\u00e1sokon a v\u00e1llalat t\u00f6bbsz\u00f6r meg\u00faj\u00edtotta aj\u00e1nlat\u00e1t, de az egyeztet\u00e9s v\u00e9g\u00fcl megegyez\u00e9s n\u00e9lk\u00fcl z\u00e1rult.<\/p>\n<figure id=\"attachment_2200154\" aria-describedby=\"caption-attachment-2200154\" style=\"width: 755px\" class=\"wp-caption alignnone\"><img loading=\"lazy\" decoding=\"async\" class=\"size-article-size-large-image wp-image-2200154\" src=\"https:\/\/www.startlap.hu\/vasarlas\/uploads\/2020\/11\/auchan_logo_aruhaz-755x504.jpg\" alt=\"\" width=\"755\" height=\"504\" srcset=\"https:\/\/www.startlap.hu\/vasarlas\/uploads\/2020\/11\/auchan_logo_aruhaz-755x504.jpg 755w, https:\/\/www.startlap.hu\/vasarlas\/uploads\/2020\/11\/auchan_logo_aruhaz-524x350.jpg 524w, https:\/\/www.startlap.hu\/vasarlas\/uploads\/2020\/11\/auchan_logo_aruhaz.jpg 800w\" sizes=\"auto, (max-width: 755px) 100vw, 755px\" \/><figcaption id=\"caption-attachment-2200154\" class=\"wp-caption-text\">Az Auchan \u00e1ruh\u00e1z jellegzetes log\u00f3ja egy egys\u00e9g\u00fck homlokzat\u00e1n (Artur Widak\/NurPhoto via Getty Images).<\/figcaption><\/figure>\n<p>Dominique Ducoux, az Auchan Retail Magyarorsz\u00e1g vez\u00e9rigazgat\u00f3ja hangs\u00falyozta, hogy az idei \u00e9vet jellemz\u0151 bizonytalan gazdas\u00e1gi k\u00f6rnyezetben a v\u00e1llalat egyik legfontosabb feladata a munkahelyek meg\u0151rz\u00e9se. A v\u00e1llalat eredm\u00e9nyess\u00e9ge a munkat\u00e1rsak teljes\u00edtm\u00e9ny\u00e9n alapul, \u00edgy mindenk\u00e9ppen olyan munkahelyet \u00e9s j\u00f6vedelmet szeretn\u00e9nek biztos\u00edtani sz\u00e1mukra, ami a munkaer\u0151piacon is versenyk\u00e9pes &#8211; fejtette ki a k\u00f6zlem\u00e9nyben.<\/p>\n<div class=\"o-widget m-readMoreWidget -readMore u-shortDecorLineAfter row widget-container _ce_measure_widget bigdata-widget read-more\" data-ce-measure-widget=\"olvass tov\u00e1bb\">\n\t<div class=\"m-readMoreWidget__imgWrapper image-wrapper col-12 col-md-4 no-p\">\n\t\t<a class=\"m-readMoreWidget__imgLink\" href=\"https:\/\/www.startlap.hu\/vasarlas\/ezekben-a-boltokban-kerestek-a-legtobbet-az-eladok\/\" >\n\t\t\t<img decoding=\"async\" src=\"https:\/\/www.startlap.hu\/vasarlas\/uploads\/2020\/12\/bolt_dolgozo_maszk-350x285.jpg\" class=\"m-readMoreWidget__img\">\n\t\t<\/a>\n\t<\/div>\n\t<div class=\"m-readMoreWidget__titleWrapper title-wrapper col-12 col-md-8\">\n\t\t<span class=\"m-readMoreWidget__titleLabel u-shortDecorLineBefore label hidden-sm-up\">Ez is \u00e9rdekelhet:<\/span>\n\t\t<h3 class=\"m-readMoreWidget__title title\">\n\t\t\t<a class=\"m-readMoreWidget__titleLink -secondFont u-bold u-upperCase\" href=\"https:\/\/www.startlap.hu\/vasarlas\/ezekben-a-boltokban-kerestek-a-legtobbet-az-eladok\/\" >Ezekben a boltokban kerestek a legt\u00f6bbet az elad\u00f3k<\/a>\n\t\t<\/h3>\n\t\t<a class=\"m-readMoreWidget__btn -coloredBack u-tC link\" href=\"https:\/\/www.startlap.hu\/vasarlas\/ezekben-a-boltokban-kerestek-a-legtobbet-az-eladok\/\" >Elolvasom<\/a>\n\t<\/div>\n<\/div>\n","protected":false},"excerpt":{"rendered":"<p>Az \u00e9v m\u00e1sodik fel\u00e9ben tov\u00e1bbi b\u00e9remel\u00e9st tervez a v\u00e1llalat.<\/p>\n","protected":false},"author":20,"featured_media":2200154,"comment_status":"open","ping_status":"open","sticky":false,"template":"","format":"standard","meta":{"footnotes":""},"categories":[8180],"tags":[1074,13],"class_list":["post-2202287","post","type-post","status-publish","format-standard","has-post-thumbnail","hentry","category-trending","tag-auchan","tag-beremeles"],"aioseo_notices":[],"_links":{"self":[{"href":"https:\/\/www.startlap.hu\/vasarlas\/wp-json\/wp\/v2\/posts\/2202287","targetHints":{"allow":["GET"]}}],"collection":[{"href":"https:\/\/www.startlap.hu\/vasarlas\/wp-json\/wp\/v2\/posts"}],"about":[{"href":"https:\/\/www.startlap.hu\/vasarlas\/wp-json\/wp\/v2\/types\/post"}],"author":[{"embeddable":true,"href":"https:\/\/www.startlap.hu\/vasarlas\/wp-json\/wp\/v2\/users\/20"}],"replies":[{"embeddable":true,"href":"https:\/\/www.startlap.hu\/vasarlas\/wp-json\/wp\/v2\/comments?post=2202287"}],"version-history":[{"count":1,"href":"https:\/\/www.startlap.hu\/vasarlas\/wp-json\/wp\/v2\/posts\/2202287\/revisions"}],"predecessor-version":[{"id":2202288,"href":"https:\/\/www.startlap.hu\/vasarlas\/wp-json\/wp\/v2\/posts\/2202287\/revisions\/2202288"}],"wp:featuredmedia":[{"embeddable":true,"href":"https:\/\/www.startlap.hu\/vasarlas\/wp-json\/wp\/v2\/media\/2200154"}],"wp:attachment":[{"href":"https:\/\/www.startlap.hu\/vasarlas\/wp-json\/wp\/v2\/media?parent=2202287"}],"wp:term":[{"taxonomy":"category","embeddable":true,"href":"https:\/\/www.startlap.hu\/vasarlas\/wp-json\/wp\/v2\/categories?post=2202287"},{"taxonomy":"post_tag","embeddable":true,"href":"https:\/\/www.startlap.hu\/vasarlas\/wp-json\/wp\/v2\/tags?post=2202287"}],"curies":[{"name":"wp","href":"https:\/\/api.w.org\/{rel}","templated":true}]}}