{"id":2201840,"date":"2021-01-15T07:33:30","date_gmt":"2021-01-15T06:33:30","guid":{"rendered":"https:\/\/www.startlap.hu\/vasarlas\/?p=2201840"},"modified":"2021-01-14T15:58:55","modified_gmt":"2021-01-14T14:58:55","slug":"igy-nezhet-ki-az-apple-autoja","status":"publish","type":"post","link":"https:\/\/www.startlap.hu\/vasarlas\/igy-nezhet-ki-az-apple-autoja\/","title":{"rendered":"\u00cdgy n\u00e9zhet ki az Apple aut\u00f3ja"},"content":{"rendered":"<p>Az&nbsp;<a href=\"https:\/\/www.startlap.hu\/vasarlas\/apple-ios-android-apple-funkcio\/\" target=\"_blank\" rel=\"noopener noreferrer\">Apple<\/a> 2015-ben m\u00e1r belev\u00e1gott az <a href=\"https:\/\/www.startlap.hu\/vasarlas\/az-apple-bemutathatja-az-elso-autojat-2024-ben\/\" target=\"_blank\" rel=\"noopener noreferrer\">aut\u00f3fejleszt\u00e9sbe<\/a>, \u00e1m 2016-ban befejez\u0151d\u00f6tt a projekt, az azon dolgoz\u00f3 k\u00f6r\u00fclbel\u00fcl 200 munkat\u00e1rsakat pedig elbocs\u00e1tott\u00e1k. Most azonban \u00fajra reflektorf\u00e9nybe ker\u00fclt a j\u00e1rm\u0171 gy\u00e1rt\u00e1sa, ami 2024-ben deb\u00fct\u00e1lna, \u00e1m a koronav\u00edrus-helyzet miatt 2025-re is cs\u00faszhat. A pletyk\u00e1k szerint harmadik f\u00e9l \u00e1ltal fejlesztett LIDAR \u00e9s monocell\u00e1s megold\u00e1ssal k\u00e9sz\u00fclt akkumul\u00e1tor kapna benne helyet.<\/p>\n<figure id=\"attachment_2198417\" aria-describedby=\"caption-attachment-2198417\" style=\"width: 755px\" class=\"wp-caption alignnone\"><img loading=\"lazy\" decoding=\"async\" class=\"size-article-size-large-image wp-image-2198417\" src=\"https:\/\/www.startlap.hu\/vasarlas\/uploads\/2020\/09\/apple-755x495.jpg\" alt=\"\" width=\"755\" height=\"495\" srcset=\"https:\/\/www.startlap.hu\/vasarlas\/uploads\/2020\/09\/apple-755x495.jpg 755w, https:\/\/www.startlap.hu\/vasarlas\/uploads\/2020\/09\/apple-250x165.jpg 250w, https:\/\/www.startlap.hu\/vasarlas\/uploads\/2020\/09\/apple-533x350.jpg 533w, https:\/\/www.startlap.hu\/vasarlas\/uploads\/2020\/09\/apple.jpg 1024w\" sizes=\"auto, (max-width: 755px) 100vw, 755px\" \/><figcaption id=\"caption-attachment-2198417\" class=\"wp-caption-text\">Fot\u00f3: Budrul Chukrut\/SOPA Images\/LightRocket via Getty Images<\/figcaption><\/figure>\n<p>Michael DiTullo tett el\u0151rejelz\u00e9seket azzal kapcsolatban, hogyan n\u00e9zhet ki \u00e9s mit tudhat az Apple \u00f6nvezet\u0151 aut\u00f3ja: szerinte luxus t\u00edpus\u00fanak kell lennie &#8211; p\u00e9ld\u00e1ul <strong>egy cs\u00facskateg\u00f3ri\u00e1s SUV-nak<\/strong>, hasonl\u00f3nak a Tesla X modellj\u00e9hez vagy egy pr\u00e9mium kateg\u00f3ri\u00e1s sedannak. Minimalista kialak\u00edt\u00e1sra tippel, \u00e1m szkeptikus: szerinte <span class=\"JLqJ4b ChMk0b\" data-language-for-alternatives=\"hu\" data-language-to-translate-into=\"en\" data-phrase-index=\"5\">van es\u00e9ly arra, hogy az Apple felhagyjon terveivel, \u00e9s ink\u00e1bb csak az aut\u00f3 fel\u00fclet\u00e9re \u00f6sszpontos\u00edtson &#8211; \u00edrja a <a href=\"https:\/\/www.theverge.com\/2021\/1\/11\/22220913\/samsung-unpacked-event-date-time-galaxy-s21-phones-earbuds\" target=\"_blank\" target=\"_blank\" rel=\"noopener noreferrer\">Designtaxi<\/a>.<\/span><\/p>\n<p>&nbsp;<\/p>\n<p>&nbsp;<\/p>\n<p>&nbsp;<\/p>\n<div class='iframe-wrapper youtube'><iframe loading=\"lazy\" title=\"What An Apple Car Might Look Like?\" width=\"500\" height=\"281\" src=\"https:\/\/www.youtube.com\/embed\/j0KJo3R9E6E?feature=oembed\" frameborder=\"0\" allow=\"accelerometer; autoplay; clipboard-write; encrypted-media; gyroscope; picture-in-picture; web-share\" referrerpolicy=\"strict-origin-when-cross-origin\" allowfullscreen><\/iframe><\/div>\n","protected":false},"excerpt":{"rendered":"<p>Az \u00e9v v\u00e9g\u00e9n robbant a h\u00edr, miszerint 2024-ben az Apple bemutathatja az els\u0151 aut\u00f3j\u00e1t. N\u00e9h\u00e1ny h\u00e9t eltelt\u00e9vel m\u00e1r megjelentek az els\u0151 el\u0151rejelz\u00e9sek, hogyan n\u00e9zhet ki, mit tudhat a j\u00e1rm\u0171. <\/p>\n","protected":false},"author":43,"featured_media":2198417,"comment_status":"open","ping_status":"open","sticky":false,"template":"","format":"standard","meta":{"footnotes":""},"categories":[8180],"tags":[14427],"class_list":["post-2201840","post","type-post","status-publish","format-standard","has-post-thumbnail","hentry","category-trending","tag-apple-auto"],"aioseo_notices":[],"_links":{"self":[{"href":"https:\/\/www.startlap.hu\/vasarlas\/wp-json\/wp\/v2\/posts\/2201840","targetHints":{"allow":["GET"]}}],"collection":[{"href":"https:\/\/www.startlap.hu\/vasarlas\/wp-json\/wp\/v2\/posts"}],"about":[{"href":"https:\/\/www.startlap.hu\/vasarlas\/wp-json\/wp\/v2\/types\/post"}],"author":[{"embeddable":true,"href":"https:\/\/www.startlap.hu\/vasarlas\/wp-json\/wp\/v2\/users\/43"}],"replies":[{"embeddable":true,"href":"https:\/\/www.startlap.hu\/vasarlas\/wp-json\/wp\/v2\/comments?post=2201840"}],"version-history":[{"count":4,"href":"https:\/\/www.startlap.hu\/vasarlas\/wp-json\/wp\/v2\/posts\/2201840\/revisions"}],"predecessor-version":[{"id":2201877,"href":"https:\/\/www.startlap.hu\/vasarlas\/wp-json\/wp\/v2\/posts\/2201840\/revisions\/2201877"}],"wp:featuredmedia":[{"embeddable":true,"href":"https:\/\/www.startlap.hu\/vasarlas\/wp-json\/wp\/v2\/media\/2198417"}],"wp:attachment":[{"href":"https:\/\/www.startlap.hu\/vasarlas\/wp-json\/wp\/v2\/media?parent=2201840"}],"wp:term":[{"taxonomy":"category","embeddable":true,"href":"https:\/\/www.startlap.hu\/vasarlas\/wp-json\/wp\/v2\/categories?post=2201840"},{"taxonomy":"post_tag","embeddable":true,"href":"https:\/\/www.startlap.hu\/vasarlas\/wp-json\/wp\/v2\/tags?post=2201840"}],"curies":[{"name":"wp","href":"https:\/\/api.w.org\/{rel}","templated":true}]}}