{"id":2201092,"date":"2020-12-11T16:51:57","date_gmt":"2020-12-11T15:51:57","guid":{"rendered":"https:\/\/www.startlap.hu\/vasarlas\/?p=2201092"},"modified":"2020-12-11T16:51:57","modified_gmt":"2020-12-11T15:51:57","slug":"vasarlasi-idosav-felfuggesztes-koronavirus","status":"publish","type":"post","link":"https:\/\/www.startlap.hu\/vasarlas\/vasarlasi-idosav-felfuggesztes-koronavirus\/","title":{"rendered":"Nem lesz v\u00e1s\u00e1rl\u00e1si id\u0151s\u00e1v szombatt\u00f3l"},"content":{"rendered":"<p>A kereskedelmi szervezetek \u00e9s az Id\u0151s\u00fcgyi Tan\u00e1cs javaslat\u00e1ra a korm\u00e1ny felf\u00fcggeszti az id\u0151sek v\u00e1s\u00e1rl\u00e1si id\u0151s\u00e1vj\u00e1t<strong> december 12. szombatt\u00f3l,<\/strong> ezzel seg\u00edtve, hogy a kar\u00e1csonyi bev\u00e1s\u00e1rl\u00e1sok idej\u00e9n ne legyen tumultus az \u00fczletekben.<\/p>\n<blockquote class=\"article__extraTxt\"><p>A felf\u00fcggeszt\u00e9s ezzel ellent\u00e9tes d\u00f6nt\u00e9sig marad \u00e9rv\u00e9nyben &#8211; az err\u0151l sz\u00f3l\u00f3 korm\u00e1nyrendelet hamarosan olvashat\u00f3 a Magyar K\u00f6zl\u00f6nyben.<\/p><\/blockquote>\n<p><strong>Szombatt\u00f3l<\/strong> &nbsp;<strong>id\u0151korl\u00e1toz\u00e1s n\u00e9lk\u00fcl v\u00e1s\u00e1rolhat b\u00e1rki az \u00e9lelmiszerboltokban, a patik\u00e1kban \u00e9s drog\u00e9ri\u00e1kban is<\/strong>. Az id\u0151sek v\u00e1s\u00e1rl\u00e1si s\u00e1vj\u00e1nak felf\u00fcggeszt\u00e9s\u00e9t a hazai kereskedelmi szervezetek kezdem\u00e9nyezt\u00e9k az \u00fcnnepi id\u0151szakra jellemz\u0151 zs\u00fafolts\u00e1g cs\u00f6kkent\u00e9s\u00e9re. A javaslattal az Id\u0151s\u00fcgyi Tan\u00e1cs is egyet\u00e9rtett, ez\u00e9rt a korm\u00e1ny \u00fagy d\u00f6nt\u00f6tt, hogy felf\u00fcggeszti az id\u0151sek v\u00e1s\u00e1rl\u00e1si id\u0151s\u00e1vj\u00e1t.<\/p>\n<div class=\"o-widget m-readMoreWidget -readMore u-shortDecorLineAfter row widget-container _ce_measure_widget bigdata-widget read-more\" data-ce-measure-widget=\"olvass tov\u00e1bb\">\n\t<div class=\"m-readMoreWidget__imgWrapper image-wrapper col-12 col-md-4 no-p\">\n\t\t<a class=\"m-readMoreWidget__imgLink\" href=\"https:\/\/www.startlap.hu\/vasarlas\/akcio-szaloncukor-vasarlas-boltok-karacsony\/\" >\n\t\t\t<img decoding=\"async\" src=\"https:\/\/www.startlap.hu\/vasarlas\/uploads\/2020\/12\/szaloncukor_55-350x285.jpg\" class=\"m-readMoreWidget__img\">\n\t\t<\/a>\n\t<\/div>\n\t<div class=\"m-readMoreWidget__titleWrapper title-wrapper col-12 col-md-8\">\n\t\t<span class=\"m-readMoreWidget__titleLabel u-shortDecorLineBefore label hidden-sm-up\">Ez is \u00e9rdekelhet:<\/span>\n\t\t<h3 class=\"m-readMoreWidget__title title\">\n\t\t\t<a class=\"m-readMoreWidget__titleLink -secondFont u-bold u-upperCase\" href=\"https:\/\/www.startlap.hu\/vasarlas\/akcio-szaloncukor-vasarlas-boltok-karacsony\/\" >Beindultak a szaloncukor-le\u00e1raz\u00e1sok &#8211; a legjobb akci\u00f3k a h\u00e9ten<\/a>\n\t\t<\/h3>\n\t\t<a class=\"m-readMoreWidget__btn -coloredBack u-tC link\" href=\"https:\/\/www.startlap.hu\/vasarlas\/akcio-szaloncukor-vasarlas-boltok-karacsony\/\" >Elolvasom<\/a>\n\t<\/div>\n<\/div>\n<p>Arra azonban felh\u00edvj\u00e1k a figyelmet, hogy <strong>v\u00e1s\u00e1rl\u00e1s sor\u00e1n tov\u00e1bbra is k\u00f6telez\u0151 a maszk visel\u00e9se<\/strong>. Az id\u0151seket arra k\u00e9rik, ha tehetik, akkor ink\u00e1bb k\u00e9rj\u00e9k hozz\u00e1tartoz\u00f3juk seg\u00edts\u00e9g\u00e9t a bev\u00e1s\u00e1rl\u00e1shoz, de ha szem\u00e9lyesen mennek v\u00e1s\u00e1rolni, akkor ker\u00fclj\u00e9k a zs\u00fafolt \u00fczleteket &#8211; olvashat\u00f3 a Korm\u00e1nyzati T\u00e1j\u00e9koztat\u00e1si K\u00f6zpont k\u00f6zlem\u00e9ny\u00e9ben.<\/p>\n","protected":false},"excerpt":{"rendered":"<p>A korm\u00e1ny felf\u00fcggeszti az id\u0151sek v\u00e1s\u00e1rl\u00e1si id\u0151s\u00e1vj\u00e1t szombatt\u00f3l, ezzel seg\u00edtve, hogy a kar\u00e1csonyi bev\u00e1s\u00e1rl\u00e1sok idej\u00e9n ne legyen tumultus az \u00fczletekben.<\/p>\n","protected":false},"author":20,"featured_media":2197975,"comment_status":"open","ping_status":"open","sticky":false,"template":"","format":"standard","meta":{"footnotes":""},"categories":[8180],"tags":[13483,13269,13013],"class_list":["post-2201092","post","type-post","status-publish","format-standard","has-post-thumbnail","hentry","category-trending","tag-idosek-vasarlasi-idosavja","tag-korlatozas","tag-koronavirus"],"aioseo_notices":[],"_links":{"self":[{"href":"https:\/\/www.startlap.hu\/vasarlas\/wp-json\/wp\/v2\/posts\/2201092","targetHints":{"allow":["GET"]}}],"collection":[{"href":"https:\/\/www.startlap.hu\/vasarlas\/wp-json\/wp\/v2\/posts"}],"about":[{"href":"https:\/\/www.startlap.hu\/vasarlas\/wp-json\/wp\/v2\/types\/post"}],"author":[{"embeddable":true,"href":"https:\/\/www.startlap.hu\/vasarlas\/wp-json\/wp\/v2\/users\/20"}],"replies":[{"embeddable":true,"href":"https:\/\/www.startlap.hu\/vasarlas\/wp-json\/wp\/v2\/comments?post=2201092"}],"version-history":[{"count":1,"href":"https:\/\/www.startlap.hu\/vasarlas\/wp-json\/wp\/v2\/posts\/2201092\/revisions"}],"predecessor-version":[{"id":2201093,"href":"https:\/\/www.startlap.hu\/vasarlas\/wp-json\/wp\/v2\/posts\/2201092\/revisions\/2201093"}],"wp:featuredmedia":[{"embeddable":true,"href":"https:\/\/www.startlap.hu\/vasarlas\/wp-json\/wp\/v2\/media\/2197975"}],"wp:attachment":[{"href":"https:\/\/www.startlap.hu\/vasarlas\/wp-json\/wp\/v2\/media?parent=2201092"}],"wp:term":[{"taxonomy":"category","embeddable":true,"href":"https:\/\/www.startlap.hu\/vasarlas\/wp-json\/wp\/v2\/categories?post=2201092"},{"taxonomy":"post_tag","embeddable":true,"href":"https:\/\/www.startlap.hu\/vasarlas\/wp-json\/wp\/v2\/tags?post=2201092"}],"curies":[{"name":"wp","href":"https:\/\/api.w.org\/{rel}","templated":true}]}}