{"id":2200305,"date":"2020-11-19T16:13:15","date_gmt":"2020-11-19T15:13:15","guid":{"rendered":"https:\/\/www.startlap.hu\/vasarlas\/?p=2200305"},"modified":"2020-11-19T16:13:15","modified_gmt":"2020-11-19T15:13:15","slug":"eletrendeles-hahoz-szallitas-home-office","status":"publish","type":"post","link":"https:\/\/www.startlap.hu\/vasarlas\/eletrendeles-hahoz-szallitas-home-office\/","title":{"rendered":"Ennyit k\u00f6lt\u00fcnk \u00e9telrendel\u00e9sre a home office-ban"},"content":{"rendered":"<p>A felm\u00e9r\u00e9sb\u0151l az is kider\u00fclt, hogy a kezdeti karant\u00e9n-id\u0151szak alatt az \u00faj megrendel\u0151k t\u00e1bora 59 sz\u00e1zal\u00e9kkal n\u00f6vekedett, \u00e9s b\u00e1r a tendencia lassult a ny\u00e1ri lecseng\u00e9s sor\u00e1n, az <strong>elm\u00falt 5 h\u00f3napban tov\u00e1bbi 10 sz\u00e1zal\u00e9kkal n\u0151tt<\/strong> a port\u00e1lon \u00fajonnan regisztr\u00e1l\u00f3k felhaszn\u00e1l\u00f3k sz\u00e1ma. Ezt persze az is befoly\u00e1solja, hogy a korl\u00e1toz\u00e1sok miatt a fogyaszt\u00f3knak lesz\u0171k\u00fclnek lehet\u0151s\u00e9gei, \u00e9s a h\u00e1zhoz sz\u00e1ll\u00edt\u00e1s egyed\u00fcli megold\u00e1s azoknak, akik otthonr\u00f3l dolgoznak, nincs idej\u00fck f\u0151zni, t\u00e1vol \u00e9lnek a rokonaikt\u00f3l, de meg akarj\u00e1k \u0151ket k\u00edm\u00e9lni a boltba j\u00e1r\u00e1st\u00f3l, de azok sz\u00e1m\u00e1ra is, akik fert\u0151z\u00f6ttk\u00e9nt, vagy potenci\u00e1lis fert\u0151z\u00f6ttk\u00e9nt nem tudnak \u00e9telt vinni id\u0151s szeretteiknek.<\/p>\n<blockquote class=\"article__extraTxt\"><p>A tavaszi-ny\u00e1ri korl\u00e1toz\u00e1sok alatt az \u00e1tlagos kos\u00e1r\u00e9rt\u00e9k 12-15 sz\u00e1zal\u00e9kkal n\u0151tt, tavasszal 3 459 Ft volt, a ny\u00e1ri id\u0151szakban alig \u00e9szrevehet\u0151en 3 387 Ft-ra cs\u00f6kkent, \u00e9s a korl\u00e1toz\u00e1sok miatt a v\u00e1rakoz\u00e1sok szerint mostant\u00f3l \u00fajra n\u00f6vekedni fog.<\/p><\/blockquote>\n<p>Az \u00e9ttermek is t\u00fal\u00e9l\u00e9si lehet\u0151s\u00e9gk\u00e9nt \u00e1tt\u00e9rtek a fut\u00e1rral t\u00f6rt\u00e9n\u0151 kisz\u00e1ll\u00edt\u00e1sra, a tavaszi id\u0151szakban <strong>150 sz\u00e1zal\u00e9kkal n\u00f6vekedett a regisztr\u00e1l\u00f3 \u00e9ttermek sz\u00e1ma<\/strong>, \u00e9s ezek k\u00f6zel h\u00e1romnegyede jelenleg is megtal\u00e1lhat\u00f3 a felm\u00e9r\u00e9st v\u00e9gz\u0151 c\u00e9g k\u00edn\u00e1lat\u00e1ban. A m\u00e1rcius el\u0151tt regisztr\u00e1lt \u00e9ttermek 22 sz\u00e1zal\u00e9ka z\u00e1rt be a v\u00edrus miatt, de ezen vend\u00e9gl\u00e1t\u00f3egys\u00e9gek k\u00e9tharmad\u00e1nak siker\u00fclt \u00fajranyitnia a korl\u00e1toz\u00e1sok felold\u00e1sa ut\u00e1n &#8211; \u00edrja a <a href=\"http:\/\/turizmusonline.hu\/gasztro\/cikk\/home_office_ban_otthon_falatozik_a_magyar\" target=\"_blank\" target=\"_blank\" rel=\"noopener noreferrer\">TurizmusOnline<\/a>.<\/p>\n<figure id=\"attachment_2200309\" aria-describedby=\"caption-attachment-2200309\" style=\"width: 755px\" class=\"wp-caption alignnone\"><img loading=\"lazy\" decoding=\"async\" class=\"size-article-size-large-image wp-image-2200309\" src=\"https:\/\/www.startlap.hu\/vasarlas\/uploads\/2020\/11\/etel-rendeles-755x504.jpg\" alt=\"\" width=\"755\" height=\"504\" srcset=\"https:\/\/www.startlap.hu\/vasarlas\/uploads\/2020\/11\/etel-rendeles-755x504.jpg 755w, https:\/\/www.startlap.hu\/vasarlas\/uploads\/2020\/11\/etel-rendeles-525x350.jpg 525w, https:\/\/www.startlap.hu\/vasarlas\/uploads\/2020\/11\/etel-rendeles.jpg 1273w\" sizes=\"auto, (max-width: 755px) 100vw, 755px\" \/><figcaption id=\"caption-attachment-2200309\" class=\"wp-caption-text\">Illusztr\u00e1ci\u00f3: Getty Images<\/figcaption><\/figure>\n<p>\u201eJelenleg azzal sz\u00e1molunk, hogy novemberi j\u00e1rv\u00e1ny\u00fcgyi rendelkez\u00e9sek hat\u00e1s\u00e1ra a rendel\u00e9sek sz\u00e1ma \u00e9s a kos\u00e1r\u00e9rt\u00e9k mellett ism\u00e9t megugrik a rendszerhez csatlakozni k\u00edv\u00e1n\u00f3 \u00e9ttermek sz\u00e1ma is. A kisz\u00e1ll\u00edt\u00e1si szolg\u00e1ltat\u00e1s kulcsfontoss\u00e1g\u00fa lehet a t\u00fal\u00e9l\u00e9s szempontj\u00e1b\u00f3l, mivel j\u00f3 lehet\u0151s\u00e9g a kies\u0151 bev\u00e9telek p\u00f3tl\u00e1s\u00e1ra \u00e9s jelenleg sok m\u00falhat azon, hogy a v\u00e1llalkoz\u00e1sok hogyan tudj\u00e1k kihaszn\u00e1lni a vend\u00e9gl\u00e1t\u00e1sban hagyom\u00e1nyosan is er\u0151snek sz\u00e1m\u00edt\u00f3 \u00e9v v\u00e9gi id\u0151szakot\u201d &#8211; mondta Veres L\u00e1szl\u00f3&nbsp;\u00fcgyvezet\u0151 igazgat\u00f3.<\/p>\n<div class=\"o-widget m-readMoreWidget -readMore u-shortDecorLineAfter row widget-container _ce_measure_widget bigdata-widget read-more\" data-ce-measure-widget=\"olvass tov\u00e1bb\">\n\t<div class=\"m-readMoreWidget__imgWrapper image-wrapper col-12 col-md-4 no-p\">\n\t\t<a class=\"m-readMoreWidget__imgLink\" href=\"https:\/\/www.startlap.hu\/vasarlas\/netpincer-hazhoz-szallitas-etelrendeles\/\" >\n\t\t\t<img decoding=\"async\" src=\"https:\/\/www.startlap.hu\/vasarlas\/uploads\/2020\/03\/IMG_4726-350x285.jpg\" class=\"m-readMoreWidget__img\">\n\t\t<\/a>\n\t<\/div>\n\t<div class=\"m-readMoreWidget__titleWrapper title-wrapper col-12 col-md-8\">\n\t\t<span class=\"m-readMoreWidget__titleLabel u-shortDecorLineBefore label hidden-sm-up\">Ez is \u00e9rdekelhet:<\/span>\n\t\t<h3 class=\"m-readMoreWidget__title title\">\n\t\t\t<a class=\"m-readMoreWidget__titleLink -secondFont u-bold u-upperCase\" href=\"https:\/\/www.startlap.hu\/vasarlas\/netpincer-hazhoz-szallitas-etelrendeles\/\" >NetPinc\u00e9r: \u00cdgy v\u00e1ltoztak az \u00e9telrendel\u00e9si szok\u00e1saink az elm\u00falt h\u00f3napokban<\/a>\n\t\t<\/h3>\n\t\t<a class=\"m-readMoreWidget__btn -coloredBack u-tC link\" href=\"https:\/\/www.startlap.hu\/vasarlas\/netpincer-hazhoz-szallitas-etelrendeles\/\" >Elolvasom<\/a>\n\t<\/div>\n<\/div>\n","protected":false},"excerpt":{"rendered":"<p>A koronav\u00edrus els\u0151 hull\u00e1m\u00e1hoz hasonl\u00f3an a m\u00e1sodikban is n\u00e9pszer\u0171 az \u00e9telrendel\u00e9s &#8211; der\u00fcl ki a Falatozz.hu felm\u00e9r\u00e9s\u00e9b\u0151l.<\/p>\n","protected":false},"author":43,"featured_media":2200309,"comment_status":"open","ping_status":"open","sticky":false,"template":"","format":"standard","meta":{"footnotes":""},"categories":[8180],"tags":[13286,3718,13218],"class_list":["post-2200305","post","type-post","status-publish","format-standard","has-post-thumbnail","hentry","category-trending","tag-etelrendeles","tag-hazhoz-szallitas","tag-home-office"],"aioseo_notices":[],"_links":{"self":[{"href":"https:\/\/www.startlap.hu\/vasarlas\/wp-json\/wp\/v2\/posts\/2200305","targetHints":{"allow":["GET"]}}],"collection":[{"href":"https:\/\/www.startlap.hu\/vasarlas\/wp-json\/wp\/v2\/posts"}],"about":[{"href":"https:\/\/www.startlap.hu\/vasarlas\/wp-json\/wp\/v2\/types\/post"}],"author":[{"embeddable":true,"href":"https:\/\/www.startlap.hu\/vasarlas\/wp-json\/wp\/v2\/users\/43"}],"replies":[{"embeddable":true,"href":"https:\/\/www.startlap.hu\/vasarlas\/wp-json\/wp\/v2\/comments?post=2200305"}],"version-history":[{"count":4,"href":"https:\/\/www.startlap.hu\/vasarlas\/wp-json\/wp\/v2\/posts\/2200305\/revisions"}],"predecessor-version":[{"id":2200339,"href":"https:\/\/www.startlap.hu\/vasarlas\/wp-json\/wp\/v2\/posts\/2200305\/revisions\/2200339"}],"wp:featuredmedia":[{"embeddable":true,"href":"https:\/\/www.startlap.hu\/vasarlas\/wp-json\/wp\/v2\/media\/2200309"}],"wp:attachment":[{"href":"https:\/\/www.startlap.hu\/vasarlas\/wp-json\/wp\/v2\/media?parent=2200305"}],"wp:term":[{"taxonomy":"category","embeddable":true,"href":"https:\/\/www.startlap.hu\/vasarlas\/wp-json\/wp\/v2\/categories?post=2200305"},{"taxonomy":"post_tag","embeddable":true,"href":"https:\/\/www.startlap.hu\/vasarlas\/wp-json\/wp\/v2\/tags?post=2200305"}],"curies":[{"name":"wp","href":"https:\/\/api.w.org\/{rel}","templated":true}]}}