{"id":2200153,"date":"2020-11-14T20:52:58","date_gmt":"2020-11-14T19:52:58","guid":{"rendered":"https:\/\/www.startlap.hu\/vasarlas\/?p=2200153"},"modified":"2020-11-14T21:31:17","modified_gmt":"2020-11-14T20:31:17","slug":"oriasi-buntetest-kapott-auchan","status":"publish","type":"post","link":"https:\/\/www.startlap.hu\/vasarlas\/oriasi-buntetest-kapott-auchan\/","title":{"rendered":"\u00d3ri\u00e1si b\u00fcntet\u00e9st kapott Auchan"},"content":{"rendered":"<p>A GHV felid\u00e9zte, hogy a francia tulajdon\u00fa \u00e1ruh\u00e1zl\u00e1nc egyoldal\u00faan d\u00edjat sz\u00e1m\u00edtott fel besz\u00e1ll\u00edt\u00f3inak az\u00e9rt, hogy term\u00e9keik beker\u00fclhessenek \u00e1ruk\u00e9szlet\u00e9be.<\/p>\n<h2>Nem lett volna joguk ut\u00f3lagos \u00e1rkedvezm\u00e9ny-t\u00e1mogat\u00e1si d\u00edjat k\u00e9rni<\/h2>\n<p><strong>A k\u00f6zlem\u00e9ny szerint az \u00fcgy m\u00e9g 2015-re ny\u00falik vissza, amikor a versenyhivatal meg\u00e1llap\u00edtotta, hogy az Auchan Magyarorsz\u00e1g Kft. megs\u00e9rtette a kereskedelmi t\u00f6rv\u00e9nyt<\/strong>, mivel a nem \u00e9lelmiszer jelleg\u0171 term\u00e9kek besz\u00e1ll\u00edt\u00f3inak mintegy h\u00e1romnegyed\u00e9t\u0151l forgalomt\u00f3l f\u00fcggetlen, ut\u00f3lagos \u00e1rkedvezm\u00e9ny-t\u00e1mogat\u00e1si d\u00edjat k\u00e9rt az\u00e9rt, hogy term\u00e9keik beker\u00fclhessenek az Auchan \u00e1ruk\u00e9szlet\u00e9be.<\/p>\n<div class=\"o-widget m-readMoreWidget -readMore u-shortDecorLineAfter row widget-container _ce_measure_widget bigdata-widget read-more\" data-ce-measure-widget=\"olvass tov\u00e1bb\">\n\t<div class=\"m-readMoreWidget__imgWrapper image-wrapper col-12 col-md-4 no-p\">\n\t\t<a class=\"m-readMoreWidget__imgLink\" href=\"https:\/\/www.startlap.hu\/vasarlas\/auchan-hazhoz-szallitas-online-rendeles\/\" >\n\t\t\t<img decoding=\"async\" src=\"https:\/\/www.startlap.hu\/vasarlas\/uploads\/2020\/03\/BFALU20141227066-350x285.jpg\" class=\"m-readMoreWidget__img\">\n\t\t<\/a>\n\t<\/div>\n\t<div class=\"m-readMoreWidget__titleWrapper title-wrapper col-12 col-md-8\">\n\t\t<span class=\"m-readMoreWidget__titleLabel u-shortDecorLineBefore label hidden-sm-up\">Ez is \u00e9rdekelhet:<\/span>\n\t\t<h3 class=\"m-readMoreWidget__title title\">\n\t\t\t<a class=\"m-readMoreWidget__titleLink -secondFont u-bold u-upperCase\" href=\"https:\/\/www.startlap.hu\/vasarlas\/auchan-hazhoz-szallitas-online-rendeles\/\" >Ezent\u00fal az eg\u00e9sz orsz\u00e1g ter\u00fclet\u00e9n v\u00e1s\u00e1rolhatunk otthonr\u00f3l is az Auchanb\u00f3l<\/a>\n\t\t<\/h3>\n\t\t<a class=\"m-readMoreWidget__btn -coloredBack u-tC link\" href=\"https:\/\/www.startlap.hu\/vasarlas\/auchan-hazhoz-szallitas-online-rendeles\/\" >Elolvasom<\/a>\n\t<\/div>\n<\/div>\n<p>A jogi szab\u00e1lyoz\u00e1s tiltja a hasonl\u00f3 d\u00edjak kiszab\u00e1s\u00e1t, emellett a keresked\u0151k nem szabhatnak ki d\u00edjat a besz\u00e1ll\u00edt\u00f3 \u00e1ltal nem ig\u00e9nyelt szolg\u00e1ltat\u00e1s\u00e9rt sem.<\/p>\n<h2>Komoly b\u00edrs\u00e1got kell fizetnie az Auchannak&nbsp;<\/h2>\n<p>T\u00f6bb b\u00edr\u00f3s\u00e1gi jogorvoslati f\u00f3rumot k\u00f6vet\u0151en az \u00fcgy a K\u00faria el\u00e9 ker\u00fclt, amely fenntartotta a <a href=\"https:\/\/www.startlap.hu\/vasarlas\/a-gvh-virusjarvany-idejen-sem-pihen\/\" target=\"_blank\" rel=\"noopener noreferrer\"><strong>GVH<\/strong><\/a> hat\u00e1rozat\u00e1t. Az \u00fcgy ezzel v\u00e9gleg lez\u00e1rult, a versenyhat\u00f3s\u00e1g d\u00f6nt\u00e9se joger\u0151ss\u00e9 v\u00e1lt &#8211; hangs\u00falyozta a versenyhivatal.<\/p>\n<div class=\"o-widget m-readMoreWidget -readMore u-shortDecorLineAfter row widget-container _ce_measure_widget bigdata-widget read-more\" data-ce-measure-widget=\"olvass tov\u00e1bb\">\n\t<div class=\"m-readMoreWidget__imgWrapper image-wrapper col-12 col-md-4 no-p\">\n\t\t<a class=\"m-readMoreWidget__imgLink\" href=\"https:\/\/www.startlap.hu\/vasarlas\/lekai-kiss-ramona-stohl-andras-auchan-korzo\/\" >\n\t\t\t<img decoding=\"async\" src=\"https:\/\/www.startlap.hu\/vasarlas\/uploads\/2020\/08\/KorzoArcai_Noklapja_1200x900px_01-350x285.jpg\" class=\"m-readMoreWidget__img\">\n\t\t<\/a>\n\t<\/div>\n\t<div class=\"m-readMoreWidget__titleWrapper title-wrapper col-12 col-md-8\">\n\t\t<span class=\"m-readMoreWidget__titleLabel u-shortDecorLineBefore label hidden-sm-up\">Ez is \u00e9rdekelhet:<\/span>\n\t\t<h3 class=\"m-readMoreWidget__title title\">\n\t\t\t<a class=\"m-readMoreWidget__titleLink -secondFont u-bold u-upperCase\" href=\"https:\/\/www.startlap.hu\/vasarlas\/lekai-kiss-ramona-stohl-andras-auchan-korzo\/\" >L\u00e9kai-Kiss Ram\u00f3na \u00e9s Stohl Andr\u00e1s az Auchan Korz\u00f3 \u00faj arcai<\/a>\n\t\t<\/h3>\n\t\t<a class=\"m-readMoreWidget__btn -coloredBack u-tC link\" href=\"https:\/\/www.startlap.hu\/vasarlas\/lekai-kiss-ramona-stohl-andras-auchan-korzo\/\" >Elolvasom<\/a>\n\t<\/div>\n<\/div>\n<p>A hivatal 1 milli\u00e1rd 61 milli\u00f3 forint b\u00edrs\u00e1got szabott ki az \u00e1ruh\u00e1zl\u00e1ncra, ez id\u00e1ig Magyarorsz\u00e1gon a legmagasabb \u00f6sszeg, amelyet a versenyhat\u00f3s\u00e1g a kereskedelmi t\u00f6rv\u00e9ny alkalmaz\u00e1s\u00e1nak k\u00f6r\u00e9ben kir\u00f3tt &#8211; jelezte a GHV, hozz\u00e1t\u00e9ve, hogy az \u00e1ltaluk kiszabott b\u00edrs\u00e1gok Magyarorsz\u00e1g k\u00f6zponti k\u00f6lts\u00e9gvet\u00e9s\u00e9be ker\u00fclnek.<\/p>\n<h2>A magyar jogrenddel ellent\u00e9tes<\/h2>\n<p>Ahogy kor\u00e1bban a <a href=\"https:\/\/www.startlap.hu\/vasarlas\/spar-torokbalint-uzlet\/\" target=\"_blank\" rel=\"noopener noreferrer\"><strong>Spar<\/strong><\/a> azonos t\u00edpus\u00fa jogs\u00e9rt\u00e9se eset\u00e9ben, a K\u00faria az <a href=\"https:\/\/www.startlap.hu\/vasarlas\/visszaeles-auchan-samsung-nyeremenyjatek\/\" target=\"_blank\" rel=\"noopener noreferrer\"><strong>Auchan<\/strong><\/a> \u00fcgy\u00e9ben is meger\u0151s\u00edtette, hogy a magyar jogszab\u00e1lyokkal ellent\u00e9tes, ha a jelent\u0151s piaci er\u0151vel rendelkez\u0151 \u00e1ruh\u00e1zl\u00e1nc olyan szolg\u00e1ltat\u00e1s\u00e9rt k\u00f6vetel egyoldal\u00faan t\u00f6bbletd\u00edjat a besz\u00e1ll\u00edt\u00f3t\u00f3l, ami m\u00f6g\u00f6tt nincs val\u00f3s ellenszolg\u00e1ltat\u00e1s &#8211; h\u00edvta fel a figyelmet a versenyhat\u00f3s\u00e1g.<\/p>\n<figure id=\"attachment_2200154\" aria-describedby=\"caption-attachment-2200154\" style=\"width: 755px\" class=\"wp-caption alignnone\"><img loading=\"lazy\" decoding=\"async\" class=\"size-article-size-large-image wp-image-2200154\" src=\"https:\/\/www.startlap.hu\/vasarlas\/uploads\/2020\/11\/auchan_logo_aruhaz-755x504.jpg\" alt=\"\" width=\"755\" height=\"504\" srcset=\"https:\/\/www.startlap.hu\/vasarlas\/uploads\/2020\/11\/auchan_logo_aruhaz-755x504.jpg 755w, https:\/\/www.startlap.hu\/vasarlas\/uploads\/2020\/11\/auchan_logo_aruhaz-524x350.jpg 524w, https:\/\/www.startlap.hu\/vasarlas\/uploads\/2020\/11\/auchan_logo_aruhaz.jpg 800w\" sizes=\"auto, (max-width: 755px) 100vw, 755px\" \/><figcaption id=\"caption-attachment-2200154\" class=\"wp-caption-text\">Az Auchan \u00e1ruh\u00e1z jellegzetes log\u00f3ja egy egys\u00e9g\u00fck homlokzat\u00e1n (Artur Widak\/NurPhoto via Getty Images).<\/figcaption><\/figure>\n<p>A GVH a b\u00edr\u00f3s\u00e1gi meger\u0151s\u00edt\u00e9s f\u00e9ny\u00e9ben tov\u00e1bb folytatja a magyarorsz\u00e1gi kiskereskedelmi piacon a hazai besz\u00e1ll\u00edt\u00f3kkal szembeni vissza\u00e9l\u00e9sek felt\u00e1r\u00e1s\u00e1t \u00e9s visszaszor\u00edt\u00e1s\u00e1t, \u00e9s fell\u00e9p v\u00e9delm\u00fckben a nagy \u00e1ruh\u00e1zl\u00e1ncokkal szemben &#8211; \u00e1ll a k\u00f6zlem\u00e9nyben.<\/p>\n<p>&nbsp;<\/p>\n<p><span style=\"font-size: 12px\">(MTI)<\/span><\/p>\n","protected":false},"excerpt":{"rendered":"<p>Joger\u0151sen is pert nyert a Gazdas\u00e1gi Versenyhivatal a K\u00fari\u00e1n az Auchannal szemben.<\/p>\n","protected":false},"author":20,"featured_media":2200159,"comment_status":"open","ping_status":"open","sticky":false,"template":"","format":"standard","meta":{"footnotes":""},"categories":[8180],"tags":[1074,611],"class_list":["post-2200153","post","type-post","status-publish","format-standard","has-post-thumbnail","hentry","category-trending","tag-auchan","tag-gvh"],"aioseo_notices":[],"_links":{"self":[{"href":"https:\/\/www.startlap.hu\/vasarlas\/wp-json\/wp\/v2\/posts\/2200153","targetHints":{"allow":["GET"]}}],"collection":[{"href":"https:\/\/www.startlap.hu\/vasarlas\/wp-json\/wp\/v2\/posts"}],"about":[{"href":"https:\/\/www.startlap.hu\/vasarlas\/wp-json\/wp\/v2\/types\/post"}],"author":[{"embeddable":true,"href":"https:\/\/www.startlap.hu\/vasarlas\/wp-json\/wp\/v2\/users\/20"}],"replies":[{"embeddable":true,"href":"https:\/\/www.startlap.hu\/vasarlas\/wp-json\/wp\/v2\/comments?post=2200153"}],"version-history":[{"count":4,"href":"https:\/\/www.startlap.hu\/vasarlas\/wp-json\/wp\/v2\/posts\/2200153\/revisions"}],"predecessor-version":[{"id":2200158,"href":"https:\/\/www.startlap.hu\/vasarlas\/wp-json\/wp\/v2\/posts\/2200153\/revisions\/2200158"}],"wp:featuredmedia":[{"embeddable":true,"href":"https:\/\/www.startlap.hu\/vasarlas\/wp-json\/wp\/v2\/media\/2200159"}],"wp:attachment":[{"href":"https:\/\/www.startlap.hu\/vasarlas\/wp-json\/wp\/v2\/media?parent=2200153"}],"wp:term":[{"taxonomy":"category","embeddable":true,"href":"https:\/\/www.startlap.hu\/vasarlas\/wp-json\/wp\/v2\/categories?post=2200153"},{"taxonomy":"post_tag","embeddable":true,"href":"https:\/\/www.startlap.hu\/vasarlas\/wp-json\/wp\/v2\/tags?post=2200153"}],"curies":[{"name":"wp","href":"https:\/\/api.w.org\/{rel}","templated":true}]}}