{"id":2198282,"date":"2020-09-22T06:33:13","date_gmt":"2020-09-22T04:33:13","guid":{"rendered":"https:\/\/www.startlap.hu\/vasarlas\/?p=2198282"},"modified":"2020-09-21T16:43:01","modified_gmt":"2020-09-21T14:43:01","slug":"oszi-fali-kerti-asztali-dekoracio","status":"publish","type":"post","link":"https:\/\/www.startlap.hu\/vasarlas\/oszi-fali-kerti-asztali-dekoracio\/","title":{"rendered":"\u0150szi dekor\u00e1ci\u00f3k a lak\u00e1sba \u00e9s a kertbe"},"content":{"rendered":"<p>Hi\u00e1ba a meleg id\u0151 \u00e9s a naps\u00fct\u00e9s, itt az ideje levenni \u00e9s \u00f6sszegy\u0171jteni a ny\u00e1ri dekor\u00e1ci\u00f3kat, eltenni j\u00f6v\u0151 \u00e9vre, majd felaggatni, kirakni az \u0151szies hangulat\u00fa darabokat. Ha m\u00e9g esetleg kutatn\u00e1l a legmegfelel\u0151bb d\u00edszek ut\u00e1n, vagy a teljes garnit\u00far\u00e1t lecser\u00e9ln\u00e9d, inspir\u00e1l\u00f3dhatsz a mi kedvenceinkb\u0151l, amik szerint\u00fcnk nem hi\u00e1nyozhatnak otthonr\u00f3l.<\/p>\n<figure id=\"attachment_2198283\" aria-describedby=\"caption-attachment-2198283\" style=\"width: 755px\" class=\"wp-caption alignnone\"><img loading=\"lazy\" decoding=\"async\" class=\"size-article-size-large-image wp-image-2198283\" src=\"https:\/\/www.startlap.hu\/vasarlas\/uploads\/2020\/09\/oszi-dekoracio4.jpg-755x733.png\" alt=\"\" width=\"755\" height=\"733\" srcset=\"https:\/\/www.startlap.hu\/vasarlas\/uploads\/2020\/09\/oszi-dekoracio4.jpg-755x733.png 755w, https:\/\/www.startlap.hu\/vasarlas\/uploads\/2020\/09\/oszi-dekoracio4.jpg-360x350.png 360w, https:\/\/www.startlap.hu\/vasarlas\/uploads\/2020\/09\/oszi-dekoracio4.jpg.png 1170w\" sizes=\"auto, (max-width: 755px) 100vw, 755px\" \/><figcaption id=\"caption-attachment-2198283\" class=\"wp-caption-text\">Fot\u00f3: Startlap, Vivre<\/figcaption><\/figure>\n<p>H\u00e1rom f\u0151 kateg\u00f3ri\u00e1t \u00e1ll\u00edtottunk fel: ami a h\u00e1z belsej\u00e9t illeti, fali \u00e9s asztali dekor\u00e1ci\u00f3kat gy\u0171jt\u00f6tt\u00fcnk, ezeket els\u0151sorban a nappaliba, el\u0151szob\u00e1ba javasoljuk, de persze a kertre is gondoltunk.<\/p>\n<h2>Fali dekor\u00e1ci\u00f3k<\/h2>\n<p>Akik szeretik az \u00e9ppen aktu\u00e1lis szezonhoz dekor\u00e1lni a falat, azoknak els\u0151 k\u00f6rben k\u00e9t k\u00e9pet tudunk aj\u00e1nlani: sz\u00ednvil\u00e1g\u00e1val mindkett\u0151 megid\u00e9zi az \u0151sz hangulat\u00e1t, m\u00edg maga a l\u00e1tv\u00e1ny feleleven\u00edti a kellemes ny\u00e1ri eml\u00e9keket a kik\u00f6t\u0151ben, a cs\u00f3nak\u00e1z\u00e1st \u00e9s a term\u00e9szetben, a v\u00edz k\u00f6zel\u00e9ben t\u00f6lt\u00f6tt id\u0151t. A nosztalgikus hangulathoz az <strong>antikolt fel\u00fclet\u0171 fali\u00f3ra<\/strong> \u00e9s az \u0151szi leveleket \u00e1br\u00e1zol\u00f3 f\u00e9m fali d\u00edsz is hozz\u00e1j\u00e1tul, de az est\u00e9k elmaradhatatlan kell\u00e9ke a f\u00e9nyf\u00fcz\u00e9r, amib\u0151l egy igaz\u00e1n izgalmas, k\u00fcl\u00f6nleges darabot hoztunk &#8211; ez egy\u00e9bk\u00e9nt a k\u00e9s\u0151bbiekben, az \u00fcnnepek alatt is t\u00f6k\u00e9letes lesz.&nbsp;<\/p>\n<p>&nbsp;<\/p>\n<section class=\"numbered-recommendation\">\n            <img decoding=\"async\" src=\"https:\/\/www.startlap.hu\/vasarlas\/uploads\/2020\/09\/oszi-dekoracio2.jpg\">\n                <div class=\"links\">\n            <ul>\n                                                            <li>\n                            <span class=\"num\">1<\/span>\n                            <span>Christmas Decoration F\u00e9nyf\u00fcz\u00e9r; \u00c1r: 4590 Ft.<\/span>\n                                                        <a href=\"https:\/\/tc.tradetracker.net\/?c=28632&amp;m=12&amp;a=327813&amp;u=%2Fp-1722191%2Fchristmas_decoration_f%25C3%25A9nyf%25C3%25BCz%25C3%25A9r%3Fch_type%3D2%26ch_id%3D1\" target=\"_blank\" rel=\"noopener\">Vivre<\/a>\n                                                    <\/li>\n                                                                                <li>\n                            <span class=\"num\">2<\/span>\n                            <span>Boat Lake 3D K\u00e9p 50x70 cm; \u00c1r: 6790 Ft.<\/span>\n                                                        <a href=\"https:\/\/tc.tradetracker.net\/?c=28632&amp;m=12&amp;a=327813&amp;u=%2Fp-747044%2Fboat_lake_3d_k%25C3%25A9p%3Fch_type%3D1%26ch_id%3D27964\" target=\"_blank\" rel=\"noopener\">Vivre<\/a>\n                                                    <\/li>\n                                                                                <li>\n                            <span class=\"num\">3<\/span>\n                            <span>Beaux Arts Autumn Fali dekor\u00e1ci\u00f3; \u00c1r: 14 190 Ft.<\/span>\n                                                        <a href=\"https:\/\/tc.tradetracker.net\/?c=28632&amp;m=12&amp;a=327813&amp;u=%2Fp-928793%2Fbeaux_arts_autumn_fali_dekor%25C3%25A1ci%25C3%25B3%3Fch_type%3D1%26ch_id%3D27964\" target=\"_blank\" rel=\"noopener\">Vivre<\/a>\n                                                    <\/li>\n                                                                                <li>\n                            <span class=\"num\">4<\/span>\n                            <span>Boats K\u00e9p 40x60 cm; \u00c1r: 5890 Ft.<\/span>\n                                                        <a href=\"https:\/\/tc.tradetracker.net\/?c=28632&amp;m=12&amp;a=327813&amp;u=%2Fp-800424%2Fboats_k%25C3%25A9p%3Fch_type%3D1%26ch_id%3D27964\" target=\"_blank\" rel=\"noopener\">Vivre<\/a>\n                                                    <\/li>\n                                                                                <li>\n                            <span class=\"num\">5<\/span>\n                            <span>Antique Fali\u00f3ra; \u00c1r: 24 890 Ft.<\/span>\n                                                        <a href=\"https:\/\/tc.tradetracker.net\/?c=28632&amp;m=12&amp;a=327813&amp;u=%2Fp-962959%2Fantique_fali%25C3%25B3ra%3Fch_type%3D1%26ch_id%3D27964\" target=\"_blank\" rel=\"noopener\">Vivre<\/a>\n                                                    <\/li>\n                                                                                    <\/ul>\n        <\/div>\n    <\/section>\n\n<p>&nbsp;<\/p>\n<h2>Asztali dekor\u00e1ci\u00f3k<\/h2>\n<p>Ha \u0151sz, akkor falev\u00e9l \u00e9s m\u00e9g t\u00f6bb falev\u00e9l &#8211; a fali dekor\u00e1ci\u00f3 ut\u00e1n most egy lev\u00e9l alak\u00fa asztali d\u00edszt\u00e1rgyat aj\u00e1nlunk, ami \u00f6nmag\u00e1ban is utat\u00f3s, \u00e1m 33 centim\u00e9teres hossz\u00fas\u00e1g\u00e1val \u00e9s 32 centim\u00e9teres sz\u00e9less\u00e9g\u00e9vel haszn\u00e1lhat\u00f3 t\u00e1rol\u00e1sra is &#8211; mi p\u00e9ld\u00e1ul egy kis Potpourrit tenn\u00e9nk bele. No nem azt a feny\u0151 \u00e9s fah\u00e9j illat\u00fat, ami a lenti \u00fcvegben van, az ugyanis ebben a form\u00e1ban sz\u00e9p \u00e9s illatos d\u00edsz\u00edt\u0151eleme a nappalinak vagy az el\u0151szob\u00e1nak. Sokan mondhatj\u00e1k, hogy a feny\u0151 \u00e9s fah\u00e9j illat ink\u00e1bb t\u00e9li, kar\u00e1csonyi &#8211; nekik megs\u00fagjuk: <strong>arom\u00e1k sz\u00ednes v\u00e1laszt\u00e9ka<\/strong> v\u00e1r r\u00e1juk a Vivre oldal\u00e1n, csak gy\u0151zz\u00e9k kiv\u00e1lasztani a kedvenc\u00fcket. Mi egy\u00e9bbel lehet m\u00e9g d\u00edsz\u00edteni az asztalt? P\u00e9ld\u00e1ul az \u0151sz sz\u00edneiben pomp\u00e1z\u00f3, gr\u00e1n\u00e1talm\u00e1t form\u00e1l\u00f3 ker\u00e1mi\u00e1val, vagy a b\u00e1rsony bor\u00edt\u00e1ssal ell\u00e1tott gyertyatart\u00f3val. Igaz, a k\u00f6vetkez\u0151 term\u00e9k nem sz\u00f3 szoros \u00e9rtelemben vett dekor\u00e1ci\u00f3, viszont mutat\u00f3s \u00e9s hasznos&#8230;<\/p>\n<p>A h\u0171v\u00f6sebb napokon nincs is jobb \u00e9rz\u00e9s ann\u00e1l, mint \u00e1tf\u00e1zva egy fotelre vagy a kanap\u00e9ra bekuck\u00f3zni a kedvenc k\u00f6nyv \u00e9s egy b\u00f6gre forr\u00f3 tea t\u00e1rsas\u00e1g\u00e1ban. \u00c9s az is milyen j\u00f3, amikor nem kell kikelni a k\u00e9nyelmes helyr\u0151l, ugyanis be van k\u00e9sz\u00edtve minden a te\u00e1hoz. (T\u00f6bbek k\u00f6zt) erre tal\u00e1lt\u00e1k ki a vezet\u00e9k n\u00e9lk\u00fcli elektromos ker\u00e1mia te\u00e1skann\u00e1t, ami gyorsan felmeleg\u00edti a vizet. Forral\u00e1sn\u00e1l automatikusan kikapcsol, levehet\u0151 biztons\u00e1gi z\u00e1ras fed\u0151vel rendelkezik, emellett cs\u00fasz\u00e1sg\u00e1tl\u00f3kkal is ell\u00e1tt\u00e1k. B\u00e1rmikor, b\u00e1rhol elk\u00e9sz\u00edthet\u0151 a forr\u00f3 ital.<\/p>\n<p>&nbsp;<\/p>\n<section class=\"numbered-recommendation\">\n            <img decoding=\"async\" src=\"https:\/\/www.startlap.hu\/vasarlas\/uploads\/2020\/09\/oszi-dekoracio3.jpg\">\n                <div class=\"links\">\n            <ul>\n                                                            <li>\n                            <span class=\"num\">1<\/span>\n                            <span>Pomegranate Red D\u00edszt\u00e1rgy; \u00c1r: 1490 Ft.<\/span>\n                                                        <a href=\"https:\/\/tc.tradetracker.net\/?c=28632&amp;m=12&amp;a=327813&amp;u=%2Fp-1433608%2Fpomegranate_red_d%25C3%25ADszt%25C3%25A1rgy%3Fch_type%3D1%26ch_id%3D27964\" target=\"_blank\" rel=\"noopener\">Vivre<\/a>\n                                                    <\/li>\n                                                                                <li>\n                            <span class=\"num\">2<\/span>\n                            <span>Pine and Cinnamon Potpourri; \u00c1r: 3490 Ft.<\/span>\n                                                        <a href=\"https:\/\/tc.tradetracker.net\/?c=28632&amp;m=12&amp;a=327813&amp;u=%2Fp-1120734%2Fpine_and_cinnamon_potpourri%3Fch_type%3D2%26ch_id%3D1\" target=\"_blank\" rel=\"noopener\">Vivre<\/a>\n                                                    <\/li>\n                                                                                <li>\n                            <span class=\"num\">3<\/span>\n                            <span>Red Gyertyatart\u00f3; \u00c1r: 3090 Ft.<\/span>\n                                                        <a href=\"https:\/\/tc.tradetracker.net\/?c=28632&amp;m=12&amp;a=327813&amp;u=%2Fp-1320245%2Fred_gyertyatart%25C3%25B3%3Fch_type%3D1%26ch_id%3D27964\" target=\"_blank\" rel=\"noopener\">Vivre<\/a>\n                                                    <\/li>\n                                                                                <li>\n                            <span class=\"num\">4<\/span>\n                            <span>Black Leaf D\u00edszt\u00e1l; \u00c1r: 8090 Ft.<\/span>\n                                                        <a href=\"https:\/\/tc.tradetracker.net\/?c=28632&amp;m=12&amp;a=327813&amp;u=%2Fp-1140538%2Fblack_leaf_d%25C3%25ADszt%25C3%25A1l%3Fch_type%3D1%26ch_id%3D27964\" target=\"_blank\" rel=\"noopener\">Vivre<\/a>\n                                                    <\/li>\n                                                                                <li>\n                            <span class=\"num\">5<\/span>\n                            <span>Tea Party Elektromos teaf\u0151z\u0151 800 ml; \u00c1r: 14 190 Ft.<\/span>\n                                                        <a href=\"https:\/\/tc.tradetracker.net\/?c=28632&amp;m=12&amp;a=327813&amp;u=%2Fp-1195438%2Ftea_party_elektromos_teaf%25C5%2591z%25C5%2591_800_ml%3Fch_type%3D2%26ch_id%3D1\" target=\"_blank\" rel=\"noopener\">Vivre<\/a>\n                                                    <\/li>\n                                                                                    <\/ul>\n        <\/div>\n    <\/section>\n\n<p>&nbsp;<\/p>\n<h2>Kerti dekor\u00e1ci\u00f3k<\/h2>\n<p>B\u00e1r a kert\u00e9szked\u00e9s legink\u00e1bb tavasszal \u00e9s ny\u00e1ron zajlik, a kert csinos\u00edtgat\u00e1s\u00e1r\u00f3l \u0151sszel sem szabad megfeledkezni. Egy-egy melegebb est\u00e9n j\u00f3 \u00e9rz\u00e9s ki\u00fclni a szabadba, vagy az ablakb\u00f3l kin\u00e9zni a feld\u00edsz\u00edtett udvarra. J\u00f3pofa vir\u00e1gcserepekkel \u00e9rdemes kezdeni, p\u00e9ld\u00e1ul a makkossal, a plat\u00f3s kocsissal vagy a nyugalmat \u00e9s b\u00e9k\u00e9t \u00e1raszt\u00f3 Buddha fejessel. Ezt k\u00f6vet\u0151en aranyos kis szobrocsk\u00e1kat lehet elhelyezni &#8211; a bakancsos-kalapos kacs\u00e1k j\u00f3l visszaadj\u00e1k az \u00e9vszak feelingj\u00e9t. V\u00e9g\u00fcl napelemes l\u00e1mp\u00e1sokat akaszthatunk a f\u00e1kra, kerti berendez\u00e9sekre, amik \u00e9jszaka kellemes f\u00e9nnyel \u00e1rasztj\u00e1k el az udvart.<\/p>\n<p>&nbsp;<\/p>\n<section class=\"numbered-recommendation\">\n            <img decoding=\"async\" src=\"https:\/\/www.startlap.hu\/vasarlas\/uploads\/2020\/09\/oszi-dekoracio1.jpg\">\n                <div class=\"links\">\n            <ul>\n                                                            <li>\n                            <span class=\"num\">1<\/span>\n                            <span>Vigo Duck Black 3 db D\u00edszt\u00e1rgy; \u00c1r: 24 890 Ft.<\/span>\n                                                        <a href=\"https:\/\/tc.tradetracker.net\/?c=28632&amp;m=12&amp;a=327813&amp;u=%2Fp-1093559%2Fvigo_duck_black_3_db_d%25C3%25ADszt%25C3%25A1rgy%3Fch_type%3D1%26ch_id%3D27964\" target=\"_blank\" rel=\"noopener\">Vivre<\/a>\n                                                    <\/li>\n                                                                                <li>\n                            <span class=\"num\">2<\/span>\n                            <span>Vir\u00e1gtart\u00f3; \u00c1r: 3090 Ft.<\/span>\n                                                        <a href=\"https:\/\/tc.tradetracker.net\/?c=28632&amp;m=12&amp;a=327813&amp;u=%2Fp-1290194%2Fvir%25C3%25A1gtart%25C3%25B3%3Fch_type%3D1%26ch_id%3D27964\" target=\"_blank\" rel=\"noopener\">Vivre<\/a>\n                                                    <\/li>\n                                                                                <li>\n                            <span class=\"num\">3<\/span>\n                            <span>Mari Light Grey Vir\u00e1gcser\u00e9p; \u00c1r: 5090 Ft.<\/span>\n                                                        <a href=\"https:\/\/tc.tradetracker.net\/?c=28632&amp;m=12&amp;a=327813&amp;u=%2Fp-1386843%2Fmari_light_grey_vir%25C3%25A1gcser%25C3%25A9p%3Fch_type%3D1%26ch_id%3D27964\" target=\"_blank\" rel=\"noopener\">Vivre<\/a>\n                                                    <\/li>\n                                                                                <li>\n                            <span class=\"num\">4<\/span>\n                            <span>Lucienne Vir\u00e1gcser\u00e9p; \u00c1r: 3490 Ft.<\/span>\n                                                        <a href=\"https:\/\/tc.tradetracker.net\/?c=28632&amp;m=12&amp;a=327813&amp;u=%2Fp-1386813%2Flucienne_vir%25C3%25A1gcser%25C3%25A9p%3Fch_type%3D1%26ch_id%3D27964\" target=\"_blank\" rel=\"noopener\">Vivre<\/a>\n                                                    <\/li>\n                                                                                <li>\n                            <span class=\"num\">5<\/span>\n                            <span>Grey Flower Napelemes l\u00e1mp\u00e1s; \u00c1r: 4790 Ft.<\/span>\n                                                        <a href=\"https:\/\/tc.tradetracker.net\/?c=28632&amp;m=12&amp;a=327813&amp;u=%2Fp-833914%2Fgrey_flower_napelemes_l%25C3%25A1mp%25C3%25A1s%3Fch_type%3D1%26ch_id%3D27964\" target=\"_blank\" rel=\"noopener\">Vivre<\/a>\n                                                    <\/li>\n                                                                                    <\/ul>\n        <\/div>\n    <\/section>\n\n","protected":false},"excerpt":{"rendered":"<p>Szeptember k\u00f6zepe van &#8211; b\u00e1r az id\u0151j\u00e1r\u00e1s a v\u00e9nasszonyok nyar\u00e1ra hajaz, m\u00e9gis \u00e9rdemes \u0151szi sz\u00ednekbe \u00f6lt\u00f6ztetni a lak\u00e1st. Mutatunk n\u00e9h\u00e1ny hangulatos asztali, fali \u00e9s kerti dekor\u00e1ci\u00f3t az elk\u00f6vetkezend\u0151 hetekre, h\u00f3napokra.<\/p>\n","protected":false},"author":43,"featured_media":2198283,"comment_status":"open","ping_status":"open","sticky":false,"template":"","format":"standard","meta":{"footnotes":""},"categories":[8089],"tags":[14040,12171,9368,13316,12442,12189],"class_list":["post-2198282","post","type-post","status-publish","format-standard","has-post-thumbnail","hentry","category-otthon","tag-asztali-dekoracio","tag-fali-dekoracio","tag-fenyfuzer","tag-kerti-dekoracio","tag-oszi-dekoracio","tag-viragtarto"],"aioseo_notices":[],"_links":{"self":[{"href":"https:\/\/www.startlap.hu\/vasarlas\/wp-json\/wp\/v2\/posts\/2198282","targetHints":{"allow":["GET"]}}],"collection":[{"href":"https:\/\/www.startlap.hu\/vasarlas\/wp-json\/wp\/v2\/posts"}],"about":[{"href":"https:\/\/www.startlap.hu\/vasarlas\/wp-json\/wp\/v2\/types\/post"}],"author":[{"embeddable":true,"href":"https:\/\/www.startlap.hu\/vasarlas\/wp-json\/wp\/v2\/users\/43"}],"replies":[{"embeddable":true,"href":"https:\/\/www.startlap.hu\/vasarlas\/wp-json\/wp\/v2\/comments?post=2198282"}],"version-history":[{"count":12,"href":"https:\/\/www.startlap.hu\/vasarlas\/wp-json\/wp\/v2\/posts\/2198282\/revisions"}],"predecessor-version":[{"id":2198301,"href":"https:\/\/www.startlap.hu\/vasarlas\/wp-json\/wp\/v2\/posts\/2198282\/revisions\/2198301"}],"wp:featuredmedia":[{"embeddable":true,"href":"https:\/\/www.startlap.hu\/vasarlas\/wp-json\/wp\/v2\/media\/2198283"}],"wp:attachment":[{"href":"https:\/\/www.startlap.hu\/vasarlas\/wp-json\/wp\/v2\/media?parent=2198282"}],"wp:term":[{"taxonomy":"category","embeddable":true,"href":"https:\/\/www.startlap.hu\/vasarlas\/wp-json\/wp\/v2\/categories?post=2198282"},{"taxonomy":"post_tag","embeddable":true,"href":"https:\/\/www.startlap.hu\/vasarlas\/wp-json\/wp\/v2\/tags?post=2198282"}],"curies":[{"name":"wp","href":"https:\/\/api.w.org\/{rel}","templated":true}]}}