{"id":2198274,"date":"2020-09-17T12:19:52","date_gmt":"2020-09-17T10:19:52","guid":{"rendered":"https:\/\/www.startlap.hu\/vasarlas\/?p=2198274"},"modified":"2020-09-17T15:51:49","modified_gmt":"2020-09-17T13:51:49","slug":"veszprem-pannon-egyetem-marketing-labor","status":"publish","type":"post","link":"https:\/\/www.startlap.hu\/vasarlas\/veszprem-pannon-egyetem-marketing-labor\/","title":{"rendered":"A leend\u0151 vev\u0151 szemmozg\u00e1s\u00e1t k\u00f6vetve gy\u0171jtenek inform\u00e1ci\u00f3t Veszpr\u00e9mben"},"content":{"rendered":"<p>Marketing f\u00f3kuszlabort adtak \u00e1t cs\u00fct\u00f6rt\u00f6k\u00f6n a veszpr\u00e9mi Pannon Egyetemen. A labort <strong>egy szemmozg\u00e1st figyel\u0151 <a href=\"https:\/\/www.startlap.hu\/vasarlas\/zte-kijelzo-alatti-kamera\/\" target=\"_blank\" rel=\"noopener noreferrer\">kamer\u00e1val<\/a> szerelt\u00e9k fel<\/strong>, amely a figyelem ir\u00e1nyults\u00e1g\u00e1nak k\u00f6vet\u00e9se r\u00e9v\u00e9n hasznos inform\u00e1ci\u00f3kat k\u00f6zvet\u00edt a piaci szerepl\u0151k sz\u00e1m\u00e1ra.<\/p>\n<p>A labor \u00e1tad\u00e1sa alkalm\u00e1b\u00f3l tartott \u00fcnneps\u00e9gen Veres Zolt\u00e1n, a Marketing Int\u00e9zeti Tansz\u00e9k vezet\u0151je hangs\u00falyozta: <strong>egyed\u00fcl\u00e1ll\u00f3 a magyar fels\u0151oktat\u00e1sban ez a fejleszt\u00e9s<\/strong>, amelynek l\u00e9nyege, hogy<\/p>\n<blockquote class=\"article__extraTxt\"><p>a leend\u0151 vev\u0151 szemmozg\u00e1s\u00e1t k\u00f6vetve inform\u00e1ci\u00f3t gy\u0171jt a <a href=\"https:\/\/www.startlap.hu\/vasarlas\/qr-kod-azonnali-fizetes-webshop\/\" target=\"_blank\" rel=\"noopener noreferrer\">kereskedelem<\/a> sz\u00e1m\u00e1ra, \u00edgy seg\u00edtve az adott c\u00e9g term\u00e9kfejleszt\u00e9s\u00e9t.<\/p><\/blockquote>\n<p>Feh\u00e9rv\u00f6lgyi Be\u00e1ta, a gazdas\u00e1gtudom\u00e1nyi kar d\u00e9k\u00e1nja elmondta, hogy <strong>a hallgat\u00f3k is piackutat\u00e1st v\u00e9gezhetnek majd a laborban<\/strong>, a c\u00e9gek pedig fejleszt\u00e9si elk\u00e9pzel\u00e9sekkel \u00e9rkeznek, amelyekkel kapcsolatban a labor munkat\u00e1rsai javaslatot tesznek.<\/p>\n<p>Mint mondta, <strong>hum\u00e1ner\u0151forr\u00e1ssal kapcsolatos k\u00e9rd\u00e9sekben is seg\u00edts\u00e9get tudnak ny\u00fajtani<\/strong>, miut\u00e1n a labor elemz\u0151i megfigyelik a csoportban zajl\u00f3 folyamatokat. A munkat\u00e1rsak javaslatot tesznek arra vonatkoz\u00f3lag, hogy egy csapaton bel\u00fcl ki milyen szerepet t\u00f6lthet majd be hat\u00e9konyan.<\/p>\n<h2>Tetsz\u00e9st aratn\u00e1nak<\/h2>\n<p>Simon Attila, a Herendi Porcel\u00e1nmanufakt\u00fara Zrt. vez\u00e9rigazgat\u00f3ja kiemelte: a c\u00e9g sz\u00e1m\u00e1ra fontos az innov\u00e1ci\u00f3 a v\u00e1llalatvezet\u00e9s- \u00e9s szervez\u00e9s, valamint a technol\u00f3gia \u00e9s a kommunik\u00e1ci\u00f3 ter\u00fclet\u00e9n egyar\u00e1nt.<\/p>\n<p>Szavai szerint a Pannon Egyetem f\u00f3kuszlaborja jelent\u0151s seg\u00edts\u00e9get ny\u00fajt a term\u00e9kfejleszt\u00e9sben a c\u00e9g sz\u00e1m\u00e1ra. <strong>A tervek szerint term\u00e9ket, mot\u00edvumot, form\u00e1t tesztelnek majd<\/strong>, illetve kiv\u00e1lasztanak bizonyos c\u00e9lcsoportokat, \u00e9s a labor seg\u00edts\u00e9g\u00e9vel le tudj\u00e1k m\u00e9rni, hogy egyes csoportoknak elnyeri-e a tetsz\u00e9s\u00e9t az adott term\u00e9k.<\/p>\n<p>A l\u00e9tes\u00edtm\u00e9nyben interj\u00fatermet, megfigyel\u0151teret, st\u00fadi\u00f3t \u00e9s el\u0151k\u00e9sz\u00edt\u0151 konyh\u00e1t is kialak\u00edtottak. A 170 n\u00e9gyzetm\u00e9ter alapter\u00fclet\u0171 labor 56,5 milli\u00f3 forintb\u00f3l val\u00f3sult meg.<\/p>\n<figure id=\"attachment_2198275\" aria-describedby=\"caption-attachment-2198275\" style=\"width: 755px\" class=\"wp-caption alignnone\"><img loading=\"lazy\" decoding=\"async\" class=\"size-article-size-large-image wp-image-2198275\" src=\"https:\/\/www.startlap.hu\/vasarlas\/uploads\/2020\/09\/veszprem_pannon-egyetem-755x410.jpg\" alt=\"\" width=\"755\" height=\"410\" srcset=\"https:\/\/www.startlap.hu\/vasarlas\/uploads\/2020\/09\/veszprem_pannon-egyetem-755x410.jpg 755w, https:\/\/www.startlap.hu\/vasarlas\/uploads\/2020\/09\/veszprem_pannon-egyetem-645x350.jpg 645w, https:\/\/www.startlap.hu\/vasarlas\/uploads\/2020\/09\/veszprem_pannon-egyetem.jpg 1200w\" sizes=\"auto, (max-width: 755px) 100vw, 755px\" \/><figcaption id=\"caption-attachment-2198275\" class=\"wp-caption-text\">MTVA\/Bizom\u00e1nyosi: J\u00e1szai Csaba<\/figcaption><\/figure>\n<p>(MTI)<\/p>\n","protected":false},"excerpt":{"rendered":"<p>A kereskedelmi szerepl\u0151k term\u00e9kfejleszt\u00e9s\u00e9t seg\u00edt\u0151 marketing f\u00f3kuszlabort adtak \u00e1t a Pannon Egyetemen<\/p>\n","protected":false},"author":20,"featured_media":2198275,"comment_status":"open","ping_status":"open","sticky":false,"template":"","format":"standard","meta":{"footnotes":""},"categories":[8180],"tags":[9294,498,14039,2728],"class_list":["post-2198274","post","type-post","status-publish","format-standard","has-post-thumbnail","hentry","category-trending","tag-ertekcsokkent-termekek","tag-kereskedelem","tag-termekfejlesztes","tag-veszprem"],"aioseo_notices":[],"_links":{"self":[{"href":"https:\/\/www.startlap.hu\/vasarlas\/wp-json\/wp\/v2\/posts\/2198274","targetHints":{"allow":["GET"]}}],"collection":[{"href":"https:\/\/www.startlap.hu\/vasarlas\/wp-json\/wp\/v2\/posts"}],"about":[{"href":"https:\/\/www.startlap.hu\/vasarlas\/wp-json\/wp\/v2\/types\/post"}],"author":[{"embeddable":true,"href":"https:\/\/www.startlap.hu\/vasarlas\/wp-json\/wp\/v2\/users\/20"}],"replies":[{"embeddable":true,"href":"https:\/\/www.startlap.hu\/vasarlas\/wp-json\/wp\/v2\/comments?post=2198274"}],"version-history":[{"count":3,"href":"https:\/\/www.startlap.hu\/vasarlas\/wp-json\/wp\/v2\/posts\/2198274\/revisions"}],"predecessor-version":[{"id":2198289,"href":"https:\/\/www.startlap.hu\/vasarlas\/wp-json\/wp\/v2\/posts\/2198274\/revisions\/2198289"}],"wp:featuredmedia":[{"embeddable":true,"href":"https:\/\/www.startlap.hu\/vasarlas\/wp-json\/wp\/v2\/media\/2198275"}],"wp:attachment":[{"href":"https:\/\/www.startlap.hu\/vasarlas\/wp-json\/wp\/v2\/media?parent=2198274"}],"wp:term":[{"taxonomy":"category","embeddable":true,"href":"https:\/\/www.startlap.hu\/vasarlas\/wp-json\/wp\/v2\/categories?post=2198274"},{"taxonomy":"post_tag","embeddable":true,"href":"https:\/\/www.startlap.hu\/vasarlas\/wp-json\/wp\/v2\/tags?post=2198274"}],"curies":[{"name":"wp","href":"https:\/\/api.w.org\/{rel}","templated":true}]}}