{"id":2191549,"date":"2020-04-01T21:10:59","date_gmt":"2020-04-01T19:10:59","guid":{"rendered":"https:\/\/www.startlap.hu\/vasarlas\/?p=2191549"},"modified":"2020-04-02T13:47:20","modified_gmt":"2020-04-02T11:47:20","slug":"ezek-lehetnek-a-gazdasagi-mentocsomag-kereskedelmi-elemei","status":"publish","type":"post","link":"https:\/\/www.startlap.hu\/vasarlas\/ezek-lehetnek-a-gazdasagi-mentocsomag-kereskedelmi-elemei\/","title":{"rendered":"Ezek lehetnek a gazdas\u00e1gi ment\u0151csomag kereskedelmi elemei"},"content":{"rendered":"<p>B\u00e1r a d\u00e1tumok m\u00e9g nem biztosak, de nagyon \u00fagy n\u00e9z ki, hogy Orb\u00e1n Viktor <strong>\u00e1prilis 6-\u00e1n vagy 7-\u00e9n<\/strong> jelenti be azt a soha nem l\u00e1tott <strong>gazdas\u00e1gi ment\u0151csomagot<\/strong>, melyhez ak\u00e1r a Magyar Kereskedelmi \u00e9s Iparkamara (MKIK) is hozz\u00e1j\u00e1rulhat &#8211; \u00edrja a Portfolio.hu.&nbsp;<\/p>\n<h2>Rem\u00e9lik tan\u00e1csaik, k\u00e9r\u00e9seik beker\u00fclnek a ment\u0151csomagba&nbsp;<\/h2>\n<figure id=\"attachment_2191560\" aria-describedby=\"caption-attachment-2191560\" style=\"width: 755px\" class=\"wp-caption alignnone\"><img loading=\"lazy\" decoding=\"async\" class=\"size-article-size-large-image wp-image-2191560\" src=\"https:\/\/www.startlap.hu\/vasarlas\/uploads\/2020\/04\/aldkdfdkfdlfkdf-755x504.jpg\" alt=\"\" width=\"755\" height=\"504\" srcset=\"https:\/\/www.startlap.hu\/vasarlas\/uploads\/2020\/04\/aldkdfdkfdlfkdf-755x504.jpg 755w, https:\/\/www.startlap.hu\/vasarlas\/uploads\/2020\/04\/aldkdfdkfdlfkdf-524x350.jpg 524w, https:\/\/www.startlap.hu\/vasarlas\/uploads\/2020\/04\/aldkdfdkfdlfkdf.jpg 800w\" sizes=\"auto, (max-width: 755px) 100vw, 755px\" \/><figcaption id=\"caption-attachment-2191560\" class=\"wp-caption-text\">Fot\u00f3: Getty Images<\/figcaption><\/figure>\n<p>A port\u00e1l szerint az MKIK munkacsoportok fel\u00e1ll\u00edt\u00e1sa mellett d\u00f6nt\u00f6tt, hogy t\u00e9maspecifikusan tudjon foglalkozni a k\u00fcl\u00f6nb\u00f6z\u0151 \u00e1gazatokban (kereskedelem, logisztika, \u00e9lelmiszergazdas\u00e1g, ipar, turizmus, p\u00e9nz\u00fcgy) a koronav\u00edrus-j\u00e1rv\u00e1ny hat\u00e1s\u00e1ra kialakult probl\u00e9m\u00e1kkal.<\/p>\n<p>Mivel a tagjaik k\u00f6zvetlen\u00fcl \u00e9rintettek a j\u00e1rv\u00e1ny okozta v\u00e1ls\u00e1ghelyzetben, illetve szak\u00e9rt\u0151kkel dolgoznak, ez\u00e9rt nagy a val\u00f3sz\u00edn\u0171s\u00e9ge annak, hogy a kamara javaslatai visszak\u00f6sz\u00f6nnek a korm\u00e1nyzati akci\u00f3tervben.<\/p>\n<h2>Mindenre kiterjed\u0151 a lista<\/h2>\n<p>Ilyen lehet a kifejezetten a hazai kereskedelemre f\u00f3kusz\u00e1l\u00f3 <strong>kr\u00edziscsomag<\/strong>, mely 23 f\u0151bb pontb\u00f3l, \u00e9s sz\u00e1mos kapcsol\u00f3d\u00f3 r\u00e9szb\u0151l \u00e1ll. Ezeket a Korm\u00e1nyzat, illetve az Orsz\u00e1ggy\u0171l\u00e9s fel\u00e9 k\u00e9r\u00e9sk\u00e9nt fogalmazt\u00e1k meg.<\/p>\n<p>Ennek jelent\u0151s elemei k\u00f6zt szerepel a v\u00e1s\u00e1rl\u00f3kkal k\u00f6zvetlen kapcsolatot tart\u00f3k kiemelt fontoss\u00e1g\u00fa szem\u00e9lyekk\u00e9 t\u00f6rt\u00e9n\u0151 nyilv\u00e1n\u00edt\u00e1sa, valamint a munkav\u00e1llal\u00f3k \u00e9s munk\u00e1ltat\u00f3k megv\u00e1ltozott jogaira \u00e9s k\u00f6teless\u00e9geire vonatkoz\u00f3 ir\u00e1nymutat\u00e1sok konkretiz\u00e1l\u00e1sa is.&nbsp;Az otthonelhagy\u00e1si tilalom miatt pedig&nbsp;\u00e1thalad\u00e1si enged\u00e9lyeket k\u00e9rn\u00e9nek az \u00e9lelmiszerell\u00e1t\u00e1sban r\u00e9sztvev\u0151k sz\u00e1m\u00e1ra (gy\u00e1rt\u00e1s, sz\u00e1ll\u00edt\u00e1s, kereskedelem).<\/p>\n<h2>Egys\u00e9ges nyitvatart\u00e1s, p\u00e9nz\u00fcgyi alap, v\u00e9d\u0151eszk\u00f6z\u00f6k azonnali biztos\u00edt\u00e1sa<\/h2>\n<figure id=\"attachment_2191558\" aria-describedby=\"caption-attachment-2191558\" style=\"width: 755px\" class=\"wp-caption alignnone\"><img loading=\"lazy\" decoding=\"async\" class=\"size-article-size-large-image wp-image-2191558\" src=\"https:\/\/www.startlap.hu\/vasarlas\/uploads\/2020\/04\/asdlkdfldkfdlkf-755x503.jpg\" alt=\"\" width=\"755\" height=\"503\" srcset=\"https:\/\/www.startlap.hu\/vasarlas\/uploads\/2020\/04\/asdlkdfldkfdlkf-755x503.jpg 755w, https:\/\/www.startlap.hu\/vasarlas\/uploads\/2020\/04\/asdlkdfldkfdlkf-525x350.jpg 525w, https:\/\/www.startlap.hu\/vasarlas\/uploads\/2020\/04\/asdlkdfldkfdlkf.jpg 800w\" sizes=\"auto, (max-width: 755px) 100vw, 755px\" \/><figcaption id=\"caption-attachment-2191558\" class=\"wp-caption-text\">Fot\u00f3: Thomas Kronsteiner\/Getty Images<\/figcaption><\/figure>\n<p>Kit\u00e9rtek tov\u00e1bb\u00e1 a forgalomkies\u00e9sek miatt az \u00fczlethelyis\u00e9gekkel kapcsolatos szerz\u0151d\u00e9sek m\u00f3dos\u00edt\u00e1s\u00e1ra, hiszen p\u00e9ld\u00e1ul a bev\u00e1s\u00e1rl\u00f3k\u00f6zpontokban gyakorlatilag z\u00e9r\u00f3 k\u00f6zeliv\u00e9 v\u00e1lt a kimutathat\u00f3 forgalom.&nbsp; Ugyan\u00edgy a hitelszerz\u0151d\u00e9sek fel\u00fclb\u00edr\u00e1lat\u00e1t is k\u00e9rt\u00e9k, valamint a kereskedelmi \u00e1gazat k\u00e1rosultjainak egy p\u00e9nz\u00fcgyi alap l\u00e9trehoz\u00e1s\u00e1t s\u00fcrgett\u00e9k.<\/p>\n<p>A kamara sz\u00fcks\u00e9gesnek l\u00e1tja m\u00e9g t\u00f6bbek k\u00f6z\u00f6tt <strong>a munkaer\u0151 \u00e1tir\u00e1ny\u00edt\u00e1s\u00e1t, a mindenhol egys\u00e9ges nyitvatart\u00e1s&nbsp; &#8211; id\u0151vel ak\u00e1r r\u00f6vid\u00edtett, egy m\u0171szakos rendszer &#8211; bevezet\u00e9s\u00e9t.<\/strong><\/p>\n<p>Ragaszkodnak tov\u00e1bb\u00e1 <strong>az&nbsp;\u00e9lelmiszereket \u00e1rus\u00edt\u00f3 dolgoz\u00f3k r\u00e9sz\u00e9re v\u00e9d\u0151eszk\u00f6z\u00f6k \u00e9s fert\u0151tlen\u00edt\u0151k megfelel\u0151 sz\u00e1m\u00fa biztos\u00edt\u00e1s\u00e1hoz<\/strong>, mert a&nbsp;Magyar Kereskedelmi \u00e9s Iparkamara szerint jelenleg ezeket csak k\u00fcl\u00f6nleges kapcsolatok r\u00e9v\u00e9n lehets\u00e9ges beszerezni.<\/p>\n<p>A kamara teljes, a kereskedelemre vonatkoz\u00f3 kr\u00edziscsomagja &#8211; mely rem\u00e9lhet\u0151leg helyet kap majd Orb\u00e1n Viktor \u00e9s a korm\u00e1ny akci\u00f3terv\u00e9ben &#8211; <a href=\"https:\/\/www.hirstart.hu\/site\/relocate.php?rssid=34&amp;rsspid=3&amp;ctype=rss&amp;id=18221125&amp;chk=44be96fdfda67cf7edb897213b2d5009&amp;url=https%3A%2F%2Fwww.portfolio.hu%2Fingatlan%2F20200401%2Fez-nem-trefa-megvannak-a-giga-orban-csomag-kereskedelemre-vonatkozo-javaslatai-423456%3Futm_source%3Dhirstart%26utm_medium%3Dportfolio_linkek%26utm_campaign%3Dhiraggregator\" target=\"_blank\" target=\"_blank\" rel=\"noopener\"><strong>innen \u00e9rhet\u0151 el.&nbsp;<\/strong><\/a><\/p>\n","protected":false},"excerpt":{"rendered":"<p>A kamara k\u00e9sz list\u00e1t tett le az asztalra, rengeteg r\u00e9szletekbe men\u0151 t\u00e9telt tartalmaz. <\/p>\n","protected":false},"author":20,"featured_media":2191557,"comment_status":"open","ping_status":"open","sticky":false,"template":"","format":"standard","meta":{"footnotes":""},"categories":[8180],"tags":[13295,13296,13294,13292,13293],"class_list":["post-2191549","post","type-post","status-publish","format-standard","has-post-thumbnail","hentry","category-trending","tag-gazdasagi-mentocsomag","tag-koronvirus","tag-kriziscsomag","tag-magyar-kereskedelmi-es-iparkamara","tag-mkik"],"aioseo_notices":[],"_links":{"self":[{"href":"https:\/\/www.startlap.hu\/vasarlas\/wp-json\/wp\/v2\/posts\/2191549","targetHints":{"allow":["GET"]}}],"collection":[{"href":"https:\/\/www.startlap.hu\/vasarlas\/wp-json\/wp\/v2\/posts"}],"about":[{"href":"https:\/\/www.startlap.hu\/vasarlas\/wp-json\/wp\/v2\/types\/post"}],"author":[{"embeddable":true,"href":"https:\/\/www.startlap.hu\/vasarlas\/wp-json\/wp\/v2\/users\/20"}],"replies":[{"embeddable":true,"href":"https:\/\/www.startlap.hu\/vasarlas\/wp-json\/wp\/v2\/comments?post=2191549"}],"version-history":[{"count":14,"href":"https:\/\/www.startlap.hu\/vasarlas\/wp-json\/wp\/v2\/posts\/2191549\/revisions"}],"predecessor-version":[{"id":2191568,"href":"https:\/\/www.startlap.hu\/vasarlas\/wp-json\/wp\/v2\/posts\/2191549\/revisions\/2191568"}],"wp:featuredmedia":[{"embeddable":true,"href":"https:\/\/www.startlap.hu\/vasarlas\/wp-json\/wp\/v2\/media\/2191557"}],"wp:attachment":[{"href":"https:\/\/www.startlap.hu\/vasarlas\/wp-json\/wp\/v2\/media?parent=2191549"}],"wp:term":[{"taxonomy":"category","embeddable":true,"href":"https:\/\/www.startlap.hu\/vasarlas\/wp-json\/wp\/v2\/categories?post=2191549"},{"taxonomy":"post_tag","embeddable":true,"href":"https:\/\/www.startlap.hu\/vasarlas\/wp-json\/wp\/v2\/tags?post=2191549"}],"curies":[{"name":"wp","href":"https:\/\/api.w.org\/{rel}","templated":true}]}}