{"id":2191480,"date":"2020-03-30T22:49:09","date_gmt":"2020-03-30T20:49:09","guid":{"rendered":"https:\/\/www.startlap.hu\/vasarlas\/?p=2191480"},"modified":"2020-03-30T22:51:39","modified_gmt":"2020-03-30T20:51:39","slug":"a-gvh-virusjarvany-idejen-sem-pihen","status":"publish","type":"post","link":"https:\/\/www.startlap.hu\/vasarlas\/a-gvh-virusjarvany-idejen-sem-pihen\/","title":{"rendered":"A GVH v\u00edrusj\u00e1rv\u00e1ny idej\u00e9n sem pihen"},"content":{"rendered":"<p>A <a href=\"https:\/\/www.startlap.hu\/vasarlas\/gvh-koronavirus-gyogyszer-influenszer-birsag\/\" target=\"_blank\" rel=\"noopener\">GVH<\/a> m\u00e1rcius 19-20-ai vizsg\u00e1lat\u00e1ban meg\u00e1llap\u00edtotta p\u00e9ld\u00e1ul, hogy t\u00f6bb web\u00e1ruh\u00e1z &#8222;v\u00edrus\u00f6l\u0151&#8221;, &#8222;v\u00edrusellenes&#8221;, &#8222;<strong>j\u00e1rv\u00e1nyok idej\u00e9n javasolt<\/strong>&#8222;,&#8221;t\u00fcd\u0151gyullad\u00e1s ellen hat\u00e9kony&#8221;, &#8222;eg\u00e9szs\u00e9g\u00fcgyi dolgoz\u00f3k r\u00e9sz\u00e9re k\u00e9sz\u00fclt&#8221; jelz\u0151vel illette term\u00e9keit. A hivatal szerint azonban val\u00f3sz\u00edn\u0171s\u00edthet\u0151, hogy ezek az \u00e1ll\u00edt\u00e1sok nincsenek <strong>megfelel\u0151 kutat\u00e1sokkal<\/strong> al\u00e1t\u00e1masztva.<\/p>\n<h2>Egyesek nem sz\u00e9gyell\u0151sek, ha l\u00f3d\u00edtani kell&nbsp;<\/h2>\n<figure id=\"attachment_2191484\" aria-describedby=\"caption-attachment-2191484\" style=\"width: 755px\" class=\"wp-caption alignnone\"><img loading=\"lazy\" decoding=\"async\" class=\"size-article-size-large-image wp-image-2191484\" src=\"https:\/\/www.startlap.hu\/vasarlas\/uploads\/2020\/03\/vasarlas-755x504.jpg\" alt=\"\" width=\"755\" height=\"504\" srcset=\"https:\/\/www.startlap.hu\/vasarlas\/uploads\/2020\/03\/vasarlas-755x504.jpg 755w, https:\/\/www.startlap.hu\/vasarlas\/uploads\/2020\/03\/vasarlas-524x350.jpg 524w, https:\/\/www.startlap.hu\/vasarlas\/uploads\/2020\/03\/vasarlas.jpg 800w\" sizes=\"auto, (max-width: 755px) 100vw, 755px\" \/><figcaption id=\"caption-attachment-2191484\" class=\"wp-caption-text\">Fot\u00f3: Getty<\/figcaption><\/figure>\n<p>Bizonyos oldalakn\u00e1l azt tapasztalt\u00e1k, hogy orvosnak l\u00e1tsz\u00f3 szem\u00e9lyeket jelen\u00edtettek meg (&#8222;dr.XY, illetve hat\u00f3anyag-szak\u00e9rt\u0151 aj\u00e1nl\u00e1s\u00e1val&#8221;), akik ugyanakkor nem val\u00f3sak vagy <strong>nem rendelkeznek<\/strong> orvosi diplom\u00e1val. A hat\u00f3s\u00e1g n\u00e9h\u00e1ny esetben pedig olyan megk\u00e9rd\u0151jelezhet\u0151, a term\u00e9kek egyed\u00fcl\u00e1ll\u00f3s\u00e1g\u00e1t hangs\u00falyoz\u00f3 \u00e1ll\u00edt\u00e1ssal tal\u00e1lkozott, mint p\u00e9ld\u00e1ul, hogy &#8222;<strong>a vil\u00e1gon els\u0151k\u00e9nt<\/strong>&#8222;.<\/p>\n<p>Meg\u00e1llap\u00edtott\u00e1k tov\u00e1bb\u00e1, hogy t\u00f6bb oldal a term\u00e9kk\u00e9szletek gyors fogy\u00e1s\u00e1ra utal\u00f3 \u00e1ll\u00edt\u00e1sokat alkalmaz (p\u00e9ld\u00e1ul &#8222;m\u00e1r csak 17 darab van k\u00e9szleten&#8221;), amelyek s\u00fcrgethetik a fogyaszt\u00f3 d\u00f6nt\u00e9s\u00e9t.<\/p>\n<p>K\u00f6z\u00f6lt\u00e9k, olyan eset is el\u0151fordult, hogy valamely web\u00e1ruh\u00e1z <strong>d\u00edjmentesk\u00e9nt<\/strong> k\u00edn\u00e1lt <a href=\"https:\/\/www.startlap.hu\/vasarlas\/koronavirus-es-hazhozszallitas-van-okunk-felni-a-futartol\/\" target=\"_blank\" rel=\"noopener\">h\u00e1zhozsz\u00e1ll\u00edt\u00e1st<\/a>, ezzel szemben sz\u00e1ll\u00edt\u00e1si d\u00edjat sz\u00e1molt fel az alap\u00e9rtelmezett opci\u00f3k\u00e9nt megjel\u00f6lt ut\u00e1nv\u00e9ttel t\u00f6rt\u00e9n\u0151 fizet\u00e9skor.<\/p>\n<h2>Amikor semmit sem tudni a forgalmaz\u00f3r\u00f3l<\/h2>\n<p>Az is probl\u00e9ma volt egyebek mellett, hogy t\u00f6bb esetben <strong>nem t\u00fcntett\u00e9k fel<\/strong> az oldalakon a term\u00e9kek gy\u00e1rt\u00f3it, forgalmaz\u00f3it, \u00e9s azok felkutat\u00e1sa sem vezetett eredm\u00e9nyre, a megrendel\u00e9si k\u00eds\u00e9rletn\u00e9l sem der\u00fclt ki, hogy a fogyaszt\u00f3 <strong>pontosan kit\u0151l<\/strong> v\u00e1s\u00e1roln\u00e1 meg a term\u00e9ket.<\/p>\n<p>Mindezek miatt a <strong>GVH azt k\u00e9rte<\/strong> az online \u00e1ruh\u00e1zakt\u00f3l, illetve az \u00e9rintett term\u00e9keket \u00e9rt\u00e9kes\u00edt\u0151 egy\u00e9b oldalak \u00fczemeltet\u0151it\u0151l, hogy ker\u00fclj\u00e9k ezeket a kifog\u00e1solhat\u00f3 gyakorlatokat, valamint arr\u00f3l t\u00e1j\u00e9koztatta a c\u00e9geket, hogy a jelenlegi helyzetben a <strong>v\u00edrusellenes term\u00e9kekn\u00e9l<\/strong> \u00e9s szolg\u00e1ltat\u00e1sokn\u00e1l fokozott elv\u00e1r\u00e1s a fogyaszt\u00f3k tisztess\u00e9ges t\u00e1j\u00e9koztat\u00e1sa.<\/p>\n<h2>A GVH fokozottan fog ellen\u0151rizni<\/h2>\n<p>Kiemelt\u00e9k, a hivatal a <strong>j\u00e1rv\u00e1ny ideje<\/strong> alatt folyamatosan figyelemmel k\u00f6veti javaslatinak betart\u00e1s\u00e1t. A c\u00e9gek mellett a GVH a fogyaszt\u00f3k t\u00e1j\u00e9koztat\u00e1s\u00e1ra is figyelt, sz\u00e1mukra a hivatal a honlapj\u00e1n tett k\u00f6zz\u00e9 tan\u00e1csokat a j\u00e1rv\u00e1nnyal \u00f6sszef\u00fcgg\u00e9sben: ellen\u0151rizz\u00e9k a kiv\u00e1lasztott <strong>honlap megb\u00edzhat\u00f3s\u00e1g\u00e1t<\/strong>, n\u00e9zz\u00e9k meg, milyen adatok szerepelnek rajta a m\u0171k\u00f6dtet\u0151r\u0151l \u00e9s ellen\u0151rizz\u00e9k az oldallal kapcsolatos fogyaszt\u00f3i v\u00e9lem\u00e9nyeket az egyes blogokban.<\/p>\n<p>Sz\u00e1njanak id\u0151t az \u00e1ltal\u00e1nos szerz\u0151d\u00e9si felt\u00e9telek \u00e1tn\u00e9z\u00e9s\u00e9re, valamint, t\u00e1rolj\u00e1k a v\u00e1llalkoz\u00e1ssal <strong>folytatott levelez\u00e9st.<\/strong> Tov\u00e1bb\u00e1 azt k\u00e9rt\u00e9k, a fogyaszt\u00f3k gondolj\u00e1k v\u00e9gig, val\u00f3ban minden, a v\u00e1llalkoz\u00e1s \u00e1ltal k\u00e9rt adat megad\u00e1sa sz\u00fcks\u00e9ges-e a szolg\u00e1ltat\u00e1s biztos\u00edt\u00e1s\u00e1hoz, illetve, tudatos\u00edts\u00e1k, hogy a h\u00e1zhozsz\u00e1ll\u00edt\u00e1sokn\u00e1l is \u00e9rv\u00e9nyes\u00fclnie kell p\u00e9ld\u00e1ul a <strong>14 napos<\/strong> el\u00e1ll\u00e1si jognak.<\/p>\n<p>&nbsp;<\/p>\n<p>(MTI)<\/p>\n","protected":false},"excerpt":{"rendered":"<p>A Gazdas\u00e1gi Versenyhivatal munkat\u00e1rsai kifog\u00e1solhat\u00f3 gyakorlatokat tal\u00e1ltak a v\u00edrusellenes term\u00e9kek internetes \u00e1rus\u00edt\u00e1s\u00e1n\u00e1l.<\/p>\n","protected":false},"author":20,"featured_media":2191483,"comment_status":"open","ping_status":"open","sticky":false,"template":"","format":"standard","meta":{"footnotes":""},"categories":[8086],"tags":[611],"class_list":["post-2191480","post","type-post","status-publish","format-standard","has-post-thumbnail","hentry","category-vasarlas","tag-gvh"],"aioseo_notices":[],"_links":{"self":[{"href":"https:\/\/www.startlap.hu\/vasarlas\/wp-json\/wp\/v2\/posts\/2191480","targetHints":{"allow":["GET"]}}],"collection":[{"href":"https:\/\/www.startlap.hu\/vasarlas\/wp-json\/wp\/v2\/posts"}],"about":[{"href":"https:\/\/www.startlap.hu\/vasarlas\/wp-json\/wp\/v2\/types\/post"}],"author":[{"embeddable":true,"href":"https:\/\/www.startlap.hu\/vasarlas\/wp-json\/wp\/v2\/users\/20"}],"replies":[{"embeddable":true,"href":"https:\/\/www.startlap.hu\/vasarlas\/wp-json\/wp\/v2\/comments?post=2191480"}],"version-history":[{"count":4,"href":"https:\/\/www.startlap.hu\/vasarlas\/wp-json\/wp\/v2\/posts\/2191480\/revisions"}],"predecessor-version":[{"id":2191486,"href":"https:\/\/www.startlap.hu\/vasarlas\/wp-json\/wp\/v2\/posts\/2191480\/revisions\/2191486"}],"wp:featuredmedia":[{"embeddable":true,"href":"https:\/\/www.startlap.hu\/vasarlas\/wp-json\/wp\/v2\/media\/2191483"}],"wp:attachment":[{"href":"https:\/\/www.startlap.hu\/vasarlas\/wp-json\/wp\/v2\/media?parent=2191480"}],"wp:term":[{"taxonomy":"category","embeddable":true,"href":"https:\/\/www.startlap.hu\/vasarlas\/wp-json\/wp\/v2\/categories?post=2191480"},{"taxonomy":"post_tag","embeddable":true,"href":"https:\/\/www.startlap.hu\/vasarlas\/wp-json\/wp\/v2\/tags?post=2191480"}],"curies":[{"name":"wp","href":"https:\/\/api.w.org\/{rel}","templated":true}]}}