{"id":2184241,"date":"2019-07-28T07:35:56","date_gmt":"2019-07-28T05:35:56","guid":{"rendered":"https:\/\/www.startlap.hu\/vasarlas\/?p=2184241"},"modified":"2019-07-31T16:20:49","modified_gmt":"2019-07-31T14:20:49","slug":"a-legmutatosabb-fali-es-logo-viragtartok","status":"publish","type":"post","link":"https:\/\/www.startlap.hu\/vasarlas\/a-legmutatosabb-fali-es-logo-viragtartok\/","title":{"rendered":"A legmutat\u00f3sabb fali \u00e9s l\u00f3g\u00f3 vir\u00e1gtart\u00f3k"},"content":{"rendered":"<p>\u00dagy \u00e9rzed, ideje lenne feldobnod az otthonodat vagy a <a href=\"https:\/\/www.startlap.hu\/vasarlas\/5-mutatos-es-praktikus-zsamoly-a-teraszra-vagy-kertbe\/\" target=\"_blank\" rel=\"noopener\">kertedet, teraszodat<\/a> valamivel? Adj a cserepes n\u00f6v\u00e9nyeidnek n\u00e9mi \u00faj k\u00fcls\u0151t! A <a href=\"https:\/\/www.startlap.hu\/vasarlas\/5-hasznos-es-mutatos-fali-dekoracio\/\" target=\"_blank\" rel=\"noopener\">fali<\/a> \u00e9s l\u00f3g\u00f3 vir\u00e1gtart\u00f3k nemcsak az\u00e9rt nagyon j\u00f3k, mert mutat\u00f3sak, hanem az\u00e9rt is, mert helyet sp\u00f3rolsz vel\u00fck. Megmutatjuk, nek\u00fcnk melyek tetszenek a legjobban.<\/p>\n<h2>Fali tart\u00f3k<\/h2>\n<section class=\"numbered-recommendation\">\n            <img decoding=\"async\" src=\"https:\/\/www.startlap.hu\/vasarlas\/uploads\/2019\/07\/kaspok_vasarlas.jpg\">\n                <div class=\"links\">\n            <ul>\n                                                            <li>\n                            <span class=\"num\">1<\/span>\n                            <span>Fali vir\u00e1gtart\u00f3 - 890 Ft<\/span>\n                                                        <a href=\"https:\/\/www.kosarfutar.hu\/Fali-viragtarto\" target=\"_blank\" rel=\"noopener\">Kos\u00e1rfut\u00e1r<\/a>\n                                                    <\/li>\n                                                                                <li>\n                            <span class=\"num\">2<\/span>\n                            <span>Galen fali \u00f6nt\u00f6ttvas vir\u00e1gcser\u00e9p tart\u00f3 - 6690 Ft<\/span>\n                                                        <a href=\"http:\/\/www.trendotthon.hu\/galen_fali_ontottvas_viragcserep_tarto_3503?utm_source=arukereso&amp;utm_medium=cpp&amp;utm_campaign=direct_link\" target=\"_blank\" rel=\"noopener\">Trendotthon.hu<\/a>\n                                                    <\/li>\n                                                                                <li>\n                            <span class=\"num\">3<\/span>\n                            <span>Fali vir\u00e1gtart\u00f3 - 9990 Ft<\/span>\n                                                        <a href=\"https:\/\/www.kertesotthonbolt.hu\/termekek\/Viragtartok-115\/Fali-viragtarto--L\" target=\"_blank\" rel=\"noopener\">Kertesotthonbolt.hu<\/a>\n                                                    <\/li>\n                                                                                <li>\n                            <span class=\"num\">4<\/span>\n                            <span>Fali vir\u00e1gtart\u00f3 - 8900 Ft<\/span>\n                                                        <a href=\"https:\/\/szerelvenyfutar.hu\/Fali-viragatarto\" target=\"_blank\" rel=\"noopener\">Szerelv\u00e9nyfut\u00e1r<\/a>\n                                                    <\/li>\n                                                                                                                        <\/ul>\n        <\/div>\n    <\/section>\n\n<h2>1. Fonott<\/h2>\n<p>Kezdj\u00fck egy egyszer\u0171, de minden\u00fctt mutat\u00f3s darabbal, a fonott, r\u00e1csos vir\u00e1gtart\u00f3val. Term\u00e9szetes \u00e9s nagyon bar\u00e1ts\u00e1gos, otthonos, s\u0151t: hagyom\u00e1ny\u0151rz\u0151, &#8222;vid\u00e9ki&#8221; hat\u00e1st kelt. Sokan vagyunk, akikb\u0151l eg\u00e9szen nosztalgikus \u00e9rz\u00e9seket is kiv\u00e1lthat egy-egy fonott haszn\u00e1lati t\u00e1rgy l\u00e1tv\u00e1nya. A f\u0171zvessz\u0151b\u0151l font tart\u00f3&nbsp;m\u00e9rete 32 x 32cm-es. Ez azt jelenti, hogy egy kisebb cserepet tudsz belehelyezni.&nbsp;<\/p>\n<p><strong>Nem aj\u00e1nlott olyan helyre rakni, ahol \u00e1lland\u00f3an \u00e9rheti az es\u0151, ink\u00e1bb fed\u00e9sben legyen.<\/strong><\/p>\n<h2>2. Biciklikos\u00e1r<\/h2>\n<p>A k\u00f6vetkez\u0151, amibe mi nagyon belehabarodtunk, a biciklikosarat form\u00e1z\u00f3, falra szerelhet\u0151 v\u00e1ltozat. \u00d6nt\u00f6ttvasb\u00f3l k\u00e9sz\u00fclt, teh\u00e1t j\u00f3val sz\u00edv\u00f3sabb&nbsp; a vessz\u0151n\u00e9l. A sz\u00edne, b\u00e1r a k\u00e9pen feket\u00e9nek t\u0171nhet, val\u00f3j\u00e1ban s\u00f6t\u00e9tbarna. Egy darab, 13 centim\u00e9ter \u00e1tm\u00e9r\u0151j\u0171 cser\u00e9p f\u00e9r bele, egy\u00e9bk\u00e9nt a m\u00e9retei:&nbsp;35 x 23,5 cm. A m\u00e9lys\u00e9ge 17 cm. <strong>Vigy\u00e1zz arra, hogy legfeljebb 5 kilogrammnyi s\u00fallyal terheld!<\/strong><\/p>\n<h2>3. Nagym\u00e9ret\u0171, r\u00e9gies<\/h2>\n<p>A harmadik, amit m\u00e1r a nagyobb m\u00e9ret\u0171 cserepekhez javaslunk, a r\u00e9gies hat\u00e1s\u00fa tart\u00f3, ami antik z\u00f6ld sz\u00ednben hoz mediterr\u00e1n hangulatot az otthonodba. F\u00e9mb\u0151l k\u00e9sz\u00fclt, \u00e9s ink\u00e1bb k\u00fclt\u00e9rben mutat j\u00f3l, mint bent.&nbsp;<\/p>\n<blockquote class=\"article__extraTxt\"><p>Tart\u00f3j\u00e1nak fel\u00fclet\u00e9t sz\u00e1nd\u00e9kosan \u00e9rdesre csiszolt\u00e1k, mintha az id\u0151 m\u00e1r kicsit megkoptatta volna.<\/p><\/blockquote>\n<p>M\u00e9rete: 33,8 x 32 cm, m\u00e9lys\u00e9ge 17 cm. A s\u00falya kevesebb mint egy kil\u00f3, ez\u00e9rt nem lesz v\u00e9szesen neh\u00e9z a vir\u00e1ggal egy\u00fctt sem (persze ez az\u00e9rt a n\u00f6v\u00e9ny s\u0171r\u0171s\u00e9g\u00e9t\u0151l is f\u00fcgg).<\/p>\n<h2>4. Egyf\u00e9l\u00e9b\u0151l t\u00f6bbf\u00e9le<\/h2>\n<p>Term\u00e9szetesen olyan tart\u00f3t is kerest\u00fcnk, amin t\u00f6bb cser\u00e9p is elf\u00e9r, \u00e9s a fenti d\u00edszes v\u00e1ltozatot b\u00e1tran aj\u00e1nljuk. <strong>\u00d6nt\u00f6ttvasb\u00f3l k\u00e9sz\u00fclt, \u00e9s \u00f6nmag\u00e1ban egy sz\u00e1rny is k\u00e9pes helyet adni k\u00e9t 10 cm \u00e1tm\u00e9r\u0151j\u0171 kasp\u00f3nak.<\/strong> \u00c1m ez m\u00e9g nem minden, ugyanis h\u00e1romf\u00e9le alakzattal gy\u00e1rtj\u00e1k, vagyis ha sz\u00fcks\u00e9ged van m\u00e9g t\u00f6bbre, akkor ezekb\u0151l b\u00e1rmennyit rendelhetsz, \u00e9s \u00fagy v\u00e1logathatod \u00f6ssze \u0151ket, ahogy kedved tartja. J\u00f3l n\u00e9znek ki egym\u00e1s mellett, de \u00fagy is, ha elsz\u00f3rtan helyezed fel \u0151ket a falra. (Ha \u00e9pp nincs valamelyik alakzatb\u00f3l, akkor \u00e9rdekl\u0151dj a gy\u00e1rt\u00f3n\u00e1l, mikor tudj\u00e1k beszerezni.)<\/p>\n<p>Egy tart\u00f3 m\u00e9retei: 45 x 28 cm, m\u00e9lys\u00e9ge 16 cm. A s\u00faly 3 kil\u00f3, sz\u00f3val ennek m\u00e1r az\u00e9rt er\u0151s akaszt\u00f3ra van sz\u00fcks\u00e9ge.<\/p>\n<h2>L\u00f3g\u00f3 tart\u00f3k<\/h2>\n<section class=\"numbered-recommendation\">\n            <img decoding=\"async\" src=\"https:\/\/www.startlap.hu\/vasarlas\/uploads\/2019\/07\/kaspok2_vasarlas.jpg\">\n                <div class=\"links\">\n            <ul>\n                                                            <li>\n                            <span class=\"num\">1<\/span>\n                            <span>F\u00fcgg\u0151 k\u00f3kusz kasp\u00f3 - 8790 Ft<\/span>\n                                                        <a href=\"http:\/\/www.tiptopotthon.hu\/fuggo_kokusz_kaspo_30cm?utm_source=arukereso\" target=\"_blank\" rel=\"noopener\">Tiptopotthon.hu<\/a>\n                                                    <\/li>\n                                                                                <li>\n                            <span class=\"num\">2<\/span>\n                            <span>Hanging sphere planter vir\u00e1gtart\u00f3 - 2590 Ft<\/span>\n                                                        <a href=\"https:\/\/www.butorpiac.hu\/HANGING_SPHERE_PLANTER_Gomb_alaku_viragtarto_Barna\" target=\"_blank\" rel=\"noopener\">B\u00fatorpiac<\/a>\n                                                    <\/li>\n                                                                                <li>\n                            <span class=\"num\">3<\/span>\n                            <span>Cuore Da Appendere f\u00fcgg\u0151 vir\u00e1gtart\u00f3 - 5199 Ft<\/span>\n                                                        <a href=\"https:\/\/www.bonami.hu\/p\/cuore-da-appendere-fuggo-viragtarto-mauro-ferretti\" target=\"_blank\" rel=\"noopener\">Bonami.hu<\/a>\n                                                    <\/li>\n                                                                                <li>\n                            <span class=\"num\">4<\/span>\n                            <span>Koponya kasp\u00f3 - 6000 Ft<\/span>\n                                                        <a href=\"https:\/\/www.meska.hu\/t2254809-koponya-kaspo-makrame\" target=\"_blank\" rel=\"noopener\">Meska<\/a>\n                                                    <\/li>\n                                                                                                                        <\/ul>\n        <\/div>\n    <\/section>\n\n<h2>1. K\u00f3kusz<\/h2>\n<p>Menj\u00fcnk \u00e1t a plafonr\u00f3l l\u00f3gathat\u00f3 tart\u00f3kra, amik j\u00f3 es\u00e9llyel m\u00e9g l\u00e1tv\u00e1nyosabbak, mint a falra szerelhet\u0151ek. Ami tuti biztosan j\u00f3l \u00e1ll minden lak\u00e1snak \u00e9s erk\u00e9lynek, az a k\u00f3kuszdi\u00f3b\u00f3l k\u00e9sz\u00fclt tart\u00f3. Eg\u00e9sz pontosan f\u00e9m kosarakr\u00f3l van sz\u00f3, amelyeket f\u00e9lbe v\u00e1gott k\u00f3kuszdi\u00f3kkal raktak meg, ez\u00e1ltal lesz nagyon mutat\u00f3s az eg\u00e9sz koncepci\u00f3. Mi mindenk\u00e9pp az itt felt\u00fcntetett h\u00e1rom darabos kiszerel\u00e9st aj\u00e1nljuk, hiszen jobban meg\u00e9ri, m\u00e9g akkor is, ha egyel\u0151re csak egyet vagy kett\u0151t tervezel haszn\u00e1latba venni.&nbsp;<\/p>\n<p>Egy kos\u00e1r \u0171rtartalma 7 liter, s\u00falya alig t\u00f6bb mint f\u00e9l kil\u00f3. A kamp\u00f3ig, a l\u00e1ncokkal egy\u00fctt 65, maga a kos\u00e1r 17 cm magas, a sz\u00e9less\u00e9ge \u00e9s a m\u00e9lys\u00e9ge pedig egyar\u00e1nt 30 centi.&nbsp;<\/p>\n<p><strong>Tipp: haszn\u00e1lhatod gy\u00fcm\u00f6lcstart\u00f3nak is!<\/strong><\/p>\n<h2>2. G\u00f6mb<\/h2>\n<p>Er\u0151s, rozsdamentes ac\u00e9lb\u00f3l k\u00e9sz\u00fclt l\u00e1ncokon l\u00f3g\u00f3, s\u00f6t\u00e9t sz\u00edn\u0171, rattan hat\u00e1s\u00fa g\u00f6mb. Modern \u00e9s nagyon j\u00f3l n\u00e9z ki, r\u00e1ad\u00e1sul b\u00e1rmilyen k\u00f6rnyezetbe j\u00f3l belepasszol.&nbsp;<\/p>\n<p>Persze a lehet\u0151 legmen\u0151bb az, ha rattan hat\u00e1s\u00fa <a href=\"https:\/\/www.startlap.hu\/vasarlas\/a-legjobb-kerti-pihenoszettek-90-ezer-alatt\/\" target=\"_blank\" rel=\"noopener\">kerti b\u00fatorok<\/a> f\u00f6l\u00e9 akasztod, de akkor sincs gond, ha net\u00e1n retro st\u00edlusban rendezted be a teraszodat; egy-k\u00e9t ilyen g\u00f6mb azt is kiv\u00e1l\u00f3an feldobja.<\/p>\n<p>8,6 literes, 35 x 22 centis, a m\u00e9lys\u00e9ge szint\u00e9n 35 centi. <strong>Legfeljebb 15 kil\u00f3val terheld.<\/strong><\/p>\n<h2>3. Sz\u00edvecske<\/h2>\n<p>Ezt a vasb\u00f3l k\u00e9sz\u00fclt vir\u00e1gtart\u00f3t nemcsak magadnak, hanem aj\u00e1nd\u00e9kba is nagyon j\u00f3 \u00f6tlet megvenni! Im\u00e1dni val\u00f3 a sz\u00edv alak\u00fa keret, m\u00e9gsem t\u00falz\u00f3 vagy csics\u00e1s. <strong>Egy kisebb m\u00e9ret\u0171 kasp\u00f3nak enged helyet, z\u00f6ld sz\u00edne pedig csod\u00e1s, term\u00e9szetes \u00e9s nyugtat\u00f3 hat\u00e1st kelt &#8211; kicsit olyan, mintha hajl\u00e9kony, z\u00f6ld \u00e1gakb\u00f3l k\u00e9sz\u00edtett\u00e9k volna.<\/strong><\/p>\n<p>M\u00e9retei:&nbsp;33.5&nbsp;x&nbsp;60.5&nbsp;x&nbsp;21&nbsp;cm (hossz x magass\u00e1g x sz\u00e9less\u00e9g). S\u00falya f\u00e9l kil\u00f3. Ha egy kicsit \u00fcgyeskedsz, akkor a magasabbra n\u0151tt vir\u00e1gokat \u00fcgyesen \u00e1tb\u00fajtathatod a sz\u00edv tetej\u00e9n, a r\u00e9sek k\u00f6z\u00f6tt, \u00edgy nem k\u00e9nyszer\u00fclsz r\u00e1, hogy mindenk\u00e9pp alacsony vir\u00e1gokat rakj a tart\u00f3ba.<\/p>\n<h2>4. Koponya<\/h2>\n<p>V\u00e9gezet\u00fcl pedig egy extr\u00e9m darab, amit k\u00e9ptelenek vagyunk kihagyni a sorb\u00f3l: a koponya alak\u00fa tart\u00f3!<\/p>\n<blockquote class=\"article__extraTxt\"><p>\u00c9rtelemszer\u0171en ez vagy nagyon tetszik valakinek, vagy nagyon nem; szerint\u00fcnk a hagyom\u00e1nyost\u00f3l elt\u00e9r\u0151 gondolkod\u00e1s\u00fa, l\u00e1zadni szeret\u0151 emberek, vagy ak\u00e1r rockerek, r\u00e9g\u00e9szek, esetleg \u00f6nmagukat boszork\u00e1nynak \u00e9s spiritu\u00e1lis szem\u00e9lynek tart\u00f3 szem\u00e9lyek otthon\u00e1ban nagyszer\u0171 d\u00edszelem lehet.&nbsp;<\/p><\/blockquote>\n<p>A gipszb\u0151l \u00e9s m\u0171gyant\u00e1b\u00f3l k\u00e9sz\u00fclt koponya ridegs\u00e9g\u00e9t szuper\u00fcl tov\u00e1bb k\u00f6lti a makram\u00e9 zsineg &#8211; egy kicsit kannib\u00e1l-hat\u00e1st ad neki. A kasp\u00f3 m\u00e9rete 15 x 20 cm, a makram\u00e9\u00e9 pedig 50-60 cm.&nbsp;<\/p>\n<p>Az az \u00e9rdekes ebben a vir\u00e1gtart\u00f3ban, hogy els\u0151re csak \u00fagy n\u00e9zt\u00fck: micsoda po\u00e9n, persze mi sose venn\u00e9nk ilyet. Azt\u00e1n, ahogy egyre t\u00f6bbet n\u00e9zegett\u00fck, m\u00e1r-m\u00e1r oda jutottunk: mi\u00e9rt is ne l\u00f3ghatna egy ilyen po\u00e9nos darab valahol az otthonunkban?<\/p>\n<p>Neked is azt aj\u00e1nljuk, hogy merj a szok\u00e1sos k\u00f6r\u00f6d\u00f6n k\u00edv\u00fcl is gondolkodni!<\/p>\n","protected":false},"excerpt":{"rendered":"<p>Kertbe, teraszra, erk\u00e9lyre, vagy a nappaliba &#8211; ezek a vir\u00e1gtart\u00f3k m\u00e9g akkor is j\u00f3l feldobj\u00e1k az \u00f6sszk\u00e9pet, ha csak egy teljesen egyszer\u0171 z\u00f6ld n\u00f6v\u00e9ny van benn\u00fck.<\/p>\n","protected":false},"author":21,"featured_media":2184406,"comment_status":"open","ping_status":"open","sticky":false,"template":"","format":"standard","meta":{"footnotes":""},"categories":[8089],"tags":[12191,11257,12192,6592,1762,12190,12189],"class_list":["post-2184241","post","type-post","status-publish","format-standard","has-post-thumbnail","hentry","category-otthon","tag-kaspo","tag-kerti-butor","tag-kokusz","tag-online-vasarlas","tag-vasarlas","tag-viragcserep","tag-viragtarto"],"aioseo_notices":[],"_links":{"self":[{"href":"https:\/\/www.startlap.hu\/vasarlas\/wp-json\/wp\/v2\/posts\/2184241","targetHints":{"allow":["GET"]}}],"collection":[{"href":"https:\/\/www.startlap.hu\/vasarlas\/wp-json\/wp\/v2\/posts"}],"about":[{"href":"https:\/\/www.startlap.hu\/vasarlas\/wp-json\/wp\/v2\/types\/post"}],"author":[{"embeddable":true,"href":"https:\/\/www.startlap.hu\/vasarlas\/wp-json\/wp\/v2\/users\/21"}],"replies":[{"embeddable":true,"href":"https:\/\/www.startlap.hu\/vasarlas\/wp-json\/wp\/v2\/comments?post=2184241"}],"version-history":[{"count":6,"href":"https:\/\/www.startlap.hu\/vasarlas\/wp-json\/wp\/v2\/posts\/2184241\/revisions"}],"predecessor-version":[{"id":2184545,"href":"https:\/\/www.startlap.hu\/vasarlas\/wp-json\/wp\/v2\/posts\/2184241\/revisions\/2184545"}],"wp:featuredmedia":[{"embeddable":true,"href":"https:\/\/www.startlap.hu\/vasarlas\/wp-json\/wp\/v2\/media\/2184406"}],"wp:attachment":[{"href":"https:\/\/www.startlap.hu\/vasarlas\/wp-json\/wp\/v2\/media?parent=2184241"}],"wp:term":[{"taxonomy":"category","embeddable":true,"href":"https:\/\/www.startlap.hu\/vasarlas\/wp-json\/wp\/v2\/categories?post=2184241"},{"taxonomy":"post_tag","embeddable":true,"href":"https:\/\/www.startlap.hu\/vasarlas\/wp-json\/wp\/v2\/tags?post=2184241"}],"curies":[{"name":"wp","href":"https:\/\/api.w.org\/{rel}","templated":true}]}}