{"id":2183944,"date":"2019-07-13T07:35:43","date_gmt":"2019-07-13T05:35:43","guid":{"rendered":"https:\/\/www.startlap.hu\/vasarlas\/?p=2183944"},"modified":"2019-07-11T15:17:59","modified_gmt":"2019-07-11T13:17:59","slug":"5-hasznos-es-mutatos-fali-dekoracio","status":"publish","type":"post","link":"https:\/\/www.startlap.hu\/vasarlas\/5-hasznos-es-mutatos-fali-dekoracio\/","title":{"rendered":"5 hasznos \u00e9s mutat\u00f3s fali dekor\u00e1ci\u00f3"},"content":{"rendered":"<p>Nemcsak az\u00e9rt \u00e9rdemes id\u0151nk\u00e9nt \u00faj\u00edtanod egy kicsit az otthonodon, mert mondjuk megkopott valahol a fest\u00e9k, vagy kiment a divatb\u00f3l egy b\u00fator. A berendez\u00e9s meg\u00faj\u00edt\u00e1s\u00e1nak igazi l\u00e9lekfriss\u00edt\u0151 hat\u00e1sa is van, na \u00e9s persze v\u00e9gk\u00e9pp indokolt a csere, ha az \u00faj cucc m\u00e9g praktikus is valamilyen szempontb\u00f3l, \u00e9s megk\u00f6nny\u00edti az \u00e9letedet.<\/p>\n<p>De aj\u00e1nd\u00e9kba is rendk\u00edv\u00fcl j\u00f3 v\u00e1laszt\u00e1s lehet az al\u00e1bbiak k\u00f6z\u00fcl valamelyik holmi.<\/p>\n<h2>3D-s fali\u00f3ra<\/h2>\n<section class=\"m-ratingRecommendation rating-recommendation\">\n            <div class=\"m-ratingRecommendation__wrap -imageWrap panel image\">\n            <img decoding=\"async\" class=\"m-ratingRecommendation__img\" src=\"https:\/\/www.startlap.hu\/vasarlas\/uploads\/2019\/07\/faliora2_vasarlas-360x350.jpg\">\n        <\/div>\n        <div class=\"m-ratingRecommendation__wrap -infoWrap panel info\">\n        <h3 class=\"m-ratingRecommendation__title title\">3D hat\u00e1s\u00fa design fali\u00f3ra<\/h3>\n        \n                    <p class=\"m-ratingRecommendation__description description\">8990 Ft-t\u00f3l<\/p>\n        \n                    <div class=\"m-ratingRecommendation__linkWrap links\">\n                <p class=\"m-ratingRecommendation__subTitle\">Itt is kaphatod:<\/p>\n                                            <a class=\"m-ratingRecommendation__btn recommendation-button\" href=\"https:\/\/tc.tradetracker.net\/?c=27592&amp;m=12&amp;a=327813&amp;r=fali%C3%B3ra&amp;u=https%3A%2F%2Fpandapiac.hu%2Ftermek%2F3d-hatasu-design-faliora%2F\" target=\"_blank\">Pandapiac<\/a>\n                                <\/div>\n            <\/div>\n    <span class=\"m-ratingRecommendation__advTxt adv\">Hirdet\u00e9s<\/span>\n<\/section>\n\n<p>&nbsp;<\/p>\n<p><strong>R\u00e9szletek<\/strong><\/p>\n<ul>\n<li>K\u00fcls\u0151 \u00e1tm\u00e9r\u0151: 50 cm<\/li>\n<li>\u00d3ra sz\u00e1mlap \u00e1tm\u00e9r\u0151: 13,5 cm<\/li>\n<li>Energiaell\u00e1t\u00e1s: 1 x 1,5V AA elem (nem tartoz\u00e9k)<\/li>\n<\/ul>\n<p><strong>Mi\u00e9rt szeretj\u00fck?<\/strong><\/p>\n<p>Alum\u00ednium fel\u00fclet\u0171, akril krist\u00e1lyokkal d\u00edsz\u00edtett fali\u00f3ra.<\/p>\n<p>Ami igaz\u00e1n j\u00f3 benne, hogy anyag\u00e1n\u00e1l fogva j\u00f3l passzol gyakorlatilag b\u00e1rmilyen st\u00edlus\u00fa szob\u00e1hoz (a nagyon r\u00e9gies, vintage st\u00edlus\u00fan k\u00edv\u00fcl).&nbsp;<\/p>\n<p><strong>Felt\u0171n\u0151 t\u00e1rgy, \u00edgy akkor v\u00e1laszd, ha az extravaganci\u00e1t vagy a boh\u00e9m hat\u00e1st szeretn\u00e9d el\u0151hozni a t\u00e1rgyaidb\u00f3l.<\/strong><\/p>\n<p><strong>H\u00e1tr\u00e1nyok<\/strong><\/p>\n<p>Nem t\u00fal nagy a sz\u00e1mlapja, \u00e9s sz\u00e1mok sincsenek rajta, ez\u00e9rt adotts\u00e1gokt\u00f3l f\u00fcgg, hogy a haszn\u00e1l\u00f3ja mennyire gyorsan tudja leolvasni r\u00f3la az id\u0151t.<\/p>\n<p>&nbsp;<\/p>\n<h2>Kreat\u00edv fali\u00f3ra<\/h2>\n<section class=\"m-ratingRecommendation rating-recommendation\">\n            <div class=\"m-ratingRecommendation__wrap -imageWrap panel image\">\n            <img decoding=\"async\" class=\"m-ratingRecommendation__img\" src=\"https:\/\/www.startlap.hu\/vasarlas\/uploads\/2019\/07\/faliora_vasarlas-361x350.jpg\">\n        <\/div>\n        <div class=\"m-ratingRecommendation__wrap -infoWrap panel info\">\n        <h3 class=\"m-ratingRecommendation__title title\">Kreat\u00edv design fali\u00f3ra<\/h3>\n        \n                    <p class=\"m-ratingRecommendation__description description\">8990 Ft-t\u00f3l<\/p>\n        \n                    <div class=\"m-ratingRecommendation__linkWrap links\">\n                <p class=\"m-ratingRecommendation__subTitle\">Itt is kaphatod:<\/p>\n                                            <a class=\"m-ratingRecommendation__btn recommendation-button\" href=\"https:\/\/tc.tradetracker.net\/?c=27592&amp;m=12&amp;a=327813&amp;r=fali%C3%B3ra&amp;u=https%3A%2F%2Fpandapiac.hu%2Ftermek%2Fkreativ-design-faliora%2F\" target=\"_blank\">Pandapiac<\/a>\n                                <\/div>\n            <\/div>\n    <span class=\"m-ratingRecommendation__advTxt adv\">Hirdet\u00e9s<\/span>\n<\/section>\n\n<p>&nbsp;<\/p>\n<p><strong>R\u00e9szletek<\/strong><\/p>\n<ul>\n<li>Rozsdamentes ac\u00e9l\u00f3ra f\u0151egys\u00e9g \u2013 \u00e1tm\u00e9r\u0151 12 cm<\/li>\n<li>Az \u00f3ra teljes \u00e1tm\u00e9r\u0151je: 70cm \u2013 130cm<\/li>\n<li>A mutat\u00f3k hossza: 31,5 cm \u00e9s 39,5 cm<\/li>\n<li>T\u00e1pell\u00e1t\u00e1s: 1x 1,5 V AA elem (nem tartoz\u00e9k)<\/li>\n<li>Akril t\u00fckr\u00f6z\u0151d\u0151 bevonat<\/li>\n<li>\u00d6ntapad\u00f3 elemek<\/li>\n<\/ul>\n<p><strong>Mi\u00e9rt szeretj\u00fck?<\/strong><\/p>\n<p>A m\u00e1sik fali\u00f3ra, ami kreat\u00edvan feldobja a szob\u00e1dat. Annyiban jobb az els\u0151n\u00e9l, hogy l\u00e9nyegesen k\u00f6nnyebben lehet leolvasni r\u00f3la az id\u0151t. <strong>R\u00e1ad\u00e1sul sokf\u00e9le m\u00e9retben rendelheted: 70 centis \u00e1tm\u00e9r\u0151t\u0151l eg\u00e9szen 130 centis \u00e1tm\u00e9r\u0151ig, ami m\u00e1r eg\u00e9szen nagy falter\u00fcletet bet\u00f6lt\u0151 m\u00e9ret.<\/strong> A modern st\u00edlus egyik legkifejez\u0151bb form\u00e1ja.<\/p>\n<p><strong>H\u00e1tr\u00e1nyok<\/strong><\/p>\n<p>Az akril bevonat id\u0151vel kop\u00e1snak indulhat (de lehet venni k\u00fcl\u00f6n akrilfest\u00e9ket is, amivel r\u00e1jav\u00edthatsz).<\/p>\n<p>&nbsp;<\/p>\n<h2>Fali tart\u00f3k<\/h2>\n<section class=\"m-ratingRecommendation rating-recommendation\">\n            <div class=\"m-ratingRecommendation__wrap -imageWrap panel image\">\n            <img decoding=\"async\" class=\"m-ratingRecommendation__img\" src=\"https:\/\/www.startlap.hu\/vasarlas\/uploads\/2019\/07\/fali_tarto_vasarlas-361x350.jpg\">\n        <\/div>\n        <div class=\"m-ratingRecommendation__wrap -infoWrap panel info\">\n        <h3 class=\"m-ratingRecommendation__title title\">Sz\u00ednes fali tart\u00f3<\/h3>\n        \n                    <p class=\"m-ratingRecommendation__description description\">3490 Ft-t\u00f3l<\/p>\n        \n                    <div class=\"m-ratingRecommendation__linkWrap links\">\n                <p class=\"m-ratingRecommendation__subTitle\">Itt is kaphatod:<\/p>\n                                            <a class=\"m-ratingRecommendation__btn recommendation-button\" href=\"https:\/\/tc.tradetracker.net\/?c=27592&amp;m=12&amp;a=327813&amp;r=fali%C3%B3ra&amp;u=https%3A%2F%2Fpandapiac.hu%2Ftermek%2Ffali-tarto%2F\" target=\"_blank\">Pandapiac<\/a>\n                                <\/div>\n            <\/div>\n    <span class=\"m-ratingRecommendation__advTxt adv\">Hirdet\u00e9s<\/span>\n<\/section>\n\n<p>&nbsp;<\/p>\n<p><strong>R\u00e9szletek<\/strong><\/p>\n<ul>\n<li>Tapad\u00f3koronggal r\u00f6gz\u00edthet\u0151<\/li>\n<li>4 sz\u00edn: feh\u00e9r, z\u00f6ld, k\u00e9k \u00e9s r\u00f3zsasz\u00edn<\/li>\n<li>Anyag: m\u0171anyag<\/li>\n<li>M\u00e9ret: kb. 11 x 5 x 10.8cm<\/li>\n<li>S\u00faly: kb. 60g<\/li>\n<li>Bel\u00fcl h\u00e1rom k\u00fcl\u00f6n\u00e1ll\u00f3 r\u00e9sz<\/li>\n<\/ul>\n<p><strong>Mi\u00e9rt szeretj\u00fck?<\/strong><\/p>\n<p>Enn\u00e9l aligha tal\u00e1lsz vonz\u00f3bb opci\u00f3t a falon val\u00f3 t\u00e1rol\u00e1sra! Ezek a kis, sz\u00ednes buciszer\u0171s\u00e9gek igazi m\u00f3kafelel\u0151s\u00f6kk\u00e9nt dobj\u00e1k fel a szob\u00e1d \u00f6sszk\u00e9p\u00e9t, mik\u00f6zben a szem\u00fcvegedt\u0151l a tollaidon \u00e1t a telefont\u00f6lt\u0151dig rengeteg mindent tarthatsz benn\u00fck! S\u0151t: ki mondta, hogy csak a szob\u00e1dban lehetnek? <strong>A f\u00fcrd\u0151szob\u00e1ban is egy csom\u00f3 helyet felszabad\u00edthatsz az\u00e1ltal, hogy ilyeneket er\u0151s\u00edtesz a falra fogkefe-, fogkr\u00e9m-vagy f\u00e9s\u0171tart\u00f3nak.<\/strong> Vagy \u00e9pp a konyh\u00e1ban is j\u00f3l j\u00f6hetnek fakan\u00e1ltart\u00f3nak!<\/p>\n<p><strong>H\u00e1tr\u00e1nyok<\/strong><\/p>\n<p>Nem hatalmasak, \u00edgy ak\u00e1rmit az\u00e9rt nem tarthatsz benn\u00fck. A tapad\u00f3korong pedig esetleg leszedheti a vakolatot.<\/p>\n<p>&nbsp;<\/p>\n<h2>Dekor\u00e1ci\u00f3s t\u00fck\u00f6r<\/h2>\n<section class=\"m-ratingRecommendation rating-recommendation\">\n            <div class=\"m-ratingRecommendation__wrap -imageWrap panel image\">\n            <img decoding=\"async\" class=\"m-ratingRecommendation__img\" src=\"https:\/\/www.startlap.hu\/vasarlas\/uploads\/2019\/07\/tukor_vasarlas-360x350.jpg\">\n        <\/div>\n        <div class=\"m-ratingRecommendation__wrap -infoWrap panel info\">\n        <h3 class=\"m-ratingRecommendation__title title\">Geometriai dekor\u00e1ci\u00f3s t\u00fck\u00f6r<\/h3>\n        \n                    <p class=\"m-ratingRecommendation__description description\">5490 Ft-t\u00f3l<\/p>\n        \n                    <div class=\"m-ratingRecommendation__linkWrap links\">\n                <p class=\"m-ratingRecommendation__subTitle\">Itt is kaphatod:<\/p>\n                                            <a class=\"m-ratingRecommendation__btn recommendation-button\" href=\"https:\/\/tc.tradetracker.net\/?c=27592&amp;m=12&amp;a=327813&amp;r=illatos%C3%ADt%C3%B3&amp;u=https%3A%2F%2Fpandapiac.hu%2Ftermek%2Fgeometrikus-dekoracios-tukor%2F\" target=\"_blank\">Pandapiac<\/a>\n                                <\/div>\n            <\/div>\n    <span class=\"m-ratingRecommendation__advTxt adv\">Hirdet\u00e9s<\/span>\n<\/section>\n\n<p>&nbsp;<\/p>\n<p><strong>R\u00e9szletek<\/strong><\/p>\n<ul>\n<li>Tartalma: 7 t\u00fck\u00f6r \u00e9s k\u00e9toldal\u00fa ragaszt\u00f3 a r\u00f6gz\u00edt\u00e9shez<\/li>\n<li>K\u00fcl\u00f6nb\u00f6z\u0151 kivitelez\u00e9sek<\/li>\n<li>N\u00e9gysz\u00f6glet\u0171: 3 db 10 x 10 cm, 3 db 15 x 15 cm \u00e9s 1 db 25 x 25 cm<\/li>\n<li>Kerek: 3 db \u00d8 7 cm, 3 db \u00d8 14 cm \u00e9s 1 db \u00d8 21 cm<\/li>\n<li>Hatsz\u00f6glet\u0171: 3 db 10 x 10 cm, 3 db 15 x 15 cm \u00e9s 1 db 25 x 25 cm<\/li>\n<\/ul>\n<p><strong>Mi\u00e9rt szeretj\u00fck?<\/strong><\/p>\n<p>T\u00f6k snassz, ha a faladon csak a r\u00e9gi, j\u00f3l ismert n\u00e9gyzet alak\u00fa vagy ov\u00e1lis t\u00fck\u00f6r van fenn. Egy ilyen t\u00fck\u00f6regy\u00fcttessel viszont m\u00e1r eg\u00e9szen m\u00e1s a helyzet! <strong>N\u00e9gyzet \u00e9s k\u00f6r alak\u00fa szett is van, amiket olyan elrendez\u00e9sben \u00e9s olyan t\u00e1vols\u00e1gokban pakolgathatsz fel a falra, ahogyan csak tetszik.<\/strong> T\u00e1g\u00edtj\u00e1k a teret, diz\u00e1jnos d\u00edszk\u00e9nt szolg\u00e1lnak, mik\u00f6zben bet\u00f6ltik a funkci\u00f3jukat.<\/p>\n<p><strong>H\u00e1tr\u00e1nyok<\/strong><\/p>\n<p>Ezek nem alkalmasak eg\u00e9sz alakos sz\u00e9p\u00edtkez\u00e9sre.<\/p>\n<p>&nbsp;<\/p>\n<h2>Teafilter tart\u00f3<\/h2>\n<section class=\"m-ratingRecommendation rating-recommendation\">\n            <div class=\"m-ratingRecommendation__wrap -imageWrap panel image\">\n            <img decoding=\"async\" class=\"m-ratingRecommendation__img\" src=\"https:\/\/www.startlap.hu\/vasarlas\/uploads\/2019\/07\/teafilter_tarto_vasarlas-361x350.jpg\">\n        <\/div>\n        <div class=\"m-ratingRecommendation__wrap -infoWrap panel info\">\n        <h3 class=\"m-ratingRecommendation__title title\">Teafilter tart\u00f3<\/h3>\n        \n                    <p class=\"m-ratingRecommendation__description description\">1390 Ft-t\u00f3l<\/p>\n        \n                    <div class=\"m-ratingRecommendation__linkWrap links\">\n                <p class=\"m-ratingRecommendation__subTitle\">Itt is kaphatod:<\/p>\n                                            <a class=\"m-ratingRecommendation__btn recommendation-button\" href=\"https:\/\/csabazar.hu\/termek\/90224269:teafilter_tarto_fali_-_3_rekeszes_23x9x21_cm\" target=\"_blank\">csabazar.hu<\/a>\n                                <\/div>\n            <\/div>\n    <span class=\"m-ratingRecommendation__advTxt adv\">Hirdet\u00e9s<\/span>\n<\/section>\n\n<p>&nbsp;<\/p>\n<p><strong>R\u00e9szletek<\/strong><\/p>\n<ul>\n<li>3 rekeszes teafilter tart\u00f3 doboz<\/li>\n<li>Anyaga: nat\u00far fa<\/li>\n<li>M\u00e9rete: 23 x 9 x 21 cm<\/li>\n<\/ul>\n<p><strong>Mi\u00e9rt szeretj\u00fck?<\/strong><\/p>\n<p>Ennek a javaslatsorunknak a z\u00e1r\u00e1sak\u00e9nt &#8211; de <a href=\"https:\/\/www.startlap.hu\/vasarlas\/tiz-otletes-targy-a-nappalidba\/\" target=\"_blank\" rel=\"noopener\">nem ez az egyetlen otthonsz\u00e9p\u00edt\u0151 \u00f6tletsorunk<\/a>! &#8211; a te\u00e1k szerelmeseinek aj\u00e1nlunk egy rendk\u00edv\u00fcl mutat\u00f3s \u00e9s praktikus cuccot. <strong>Ez a falra szerelhet\u0151 tart\u00f3 mindenekel\u0151tt felszabad\u00edtja mindazt a helyet a polcodon vagy a konyhapultodon, amit a sok-sok te\u00e1s doboz foglal el.<\/strong> M\u00e1sfel\u0151l sokkal k\u00f6nnyebb\u00e9 teszi az \u00e9letedet, hiszen itt egyb\u0151l a teljes teav\u00e1laszt\u00e9k \u00e1ll rendelkez\u00e9sedre &#8211; azt is egy r\u00e1pillant\u00e1ssal meg tudod \u00e1llap\u00edtani, ha valamelyik fajta fogy\u00f3ban van -, \u00e9s el\u00e9g csak kih\u00faznod bel\u0151le azt a filtert, amelyikre \u00e9pp sz\u00fcks\u00e9ged van.<\/p>\n<p><strong>H\u00e1tr\u00e1nyok<\/strong><\/p>\n<p>Ha alul rendetlenn\u00e9 v\u00e1lik, akkor ki kell szedni bel\u0151le az \u00f6sszes filtert a rendbe t\u00e9telhez.&nbsp;<\/p>\n<p>&nbsp;<\/p>\n<p>Szereted az otthoni illatos\u00edt\u00f3kat? Akkor n\u00e9zd meg <a href=\"https:\/\/www.startlap.hu\/vasarlas\/6-ellenallhatatlan-otthoni-illatosito-ajandeknak-is-kivaloak\/\" target=\"_blank\" rel=\"noopener\">ezeket is<\/a>!<\/p>\n","protected":false},"excerpt":{"rendered":"<p>Praktikusak, j\u00f3l n\u00e9znek ki, feldobj\u00e1k a lak\u00e1st.<\/p>\n","protected":false},"author":21,"featured_media":2184050,"comment_status":"open","ping_status":"open","sticky":false,"template":"","format":"standard","meta":{"footnotes":""},"categories":[8089],"tags":[12171,1727,6592,1015,12144,12145,1762],"class_list":["post-2183944","post","type-post","status-publish","format-standard","has-post-thumbnail","hentry","category-otthon","tag-fali-dekoracio","tag-lakberendezes","tag-online-vasarlas","tag-otthon","tag-polc","tag-tarto","tag-vasarlas"],"aioseo_notices":[],"_links":{"self":[{"href":"https:\/\/www.startlap.hu\/vasarlas\/wp-json\/wp\/v2\/posts\/2183944","targetHints":{"allow":["GET"]}}],"collection":[{"href":"https:\/\/www.startlap.hu\/vasarlas\/wp-json\/wp\/v2\/posts"}],"about":[{"href":"https:\/\/www.startlap.hu\/vasarlas\/wp-json\/wp\/v2\/types\/post"}],"author":[{"embeddable":true,"href":"https:\/\/www.startlap.hu\/vasarlas\/wp-json\/wp\/v2\/users\/21"}],"replies":[{"embeddable":true,"href":"https:\/\/www.startlap.hu\/vasarlas\/wp-json\/wp\/v2\/comments?post=2183944"}],"version-history":[{"count":7,"href":"https:\/\/www.startlap.hu\/vasarlas\/wp-json\/wp\/v2\/posts\/2183944\/revisions"}],"predecessor-version":[{"id":2184128,"href":"https:\/\/www.startlap.hu\/vasarlas\/wp-json\/wp\/v2\/posts\/2183944\/revisions\/2184128"}],"wp:featuredmedia":[{"embeddable":true,"href":"https:\/\/www.startlap.hu\/vasarlas\/wp-json\/wp\/v2\/media\/2184050"}],"wp:attachment":[{"href":"https:\/\/www.startlap.hu\/vasarlas\/wp-json\/wp\/v2\/media?parent=2183944"}],"wp:term":[{"taxonomy":"category","embeddable":true,"href":"https:\/\/www.startlap.hu\/vasarlas\/wp-json\/wp\/v2\/categories?post=2183944"},{"taxonomy":"post_tag","embeddable":true,"href":"https:\/\/www.startlap.hu\/vasarlas\/wp-json\/wp\/v2\/tags?post=2183944"}],"curies":[{"name":"wp","href":"https:\/\/api.w.org\/{rel}","templated":true}]}}