{"id":1079801,"date":"2018-11-19T10:02:19","date_gmt":"2018-11-19T09:02:19","guid":{"rendered":"https:\/\/www.startlap.hu\/?p=1079801"},"modified":"2018-12-14T12:27:10","modified_gmt":"2018-12-14T11:27:10","slug":"milyen-napelemes-toltot-valasszunk","status":"publish","type":"post","link":"https:\/\/www.startlap.hu\/vasarlas\/milyen-napelemes-toltot-valasszunk\/","title":{"rendered":"Milyen napelemes t\u00f6lt\u0151t v\u00e1lasszunk?"},"content":{"rendered":"<p>Amikor azonban sokat j\u00f6v\u00fcnk-megy\u00fcnk \u00e9s a mozg\u00e1ster\u00fcnk kiterjedhet olyan k\u00f6rnyezetre is, ahol nem felt\u00e9tlen\u00fcl van konnektor, akkor nagy sz\u00fcks\u00e9g\u00fcnk lehet valamilyen alternat\u00edv \u00e1ramforr\u00e1sra, amelyet p\u00e9ld\u00e1ul egy erd\u0151 k\u00f6zep\u00e9n valamilyen hordozhat\u00f3 akkumul\u00e1tor (<strong>powerbank<\/strong>) vagy<strong> napelemes t\u00f6lt\u0151<\/strong> jelenthet.<\/p>\n<blockquote class=\"article__extraTxt\"><p>Vagyis a napelem alkalmaz\u00e1sa nem kiz\u00e1r\u00f3lag, mint \u201ez\u00f6ld megold\u00e1s\u201d vagy a hagyom\u00e1nyos energiaforr\u00e1sok alternat\u00edv\u00e1ja j\u00f6het sz\u00f3ba, hanem mint olyan lehet\u0151s\u00e9g, amely naps\u00fct\u00e9ses id\u0151ben j\u00f3 es\u00e9llyel b\u00e1rhol el\u00e9rhet\u0151 \u00e9s hasznos\u00edthat\u00f3, felt\u00e9ve, ha megvannak hozz\u00e1 az eszk\u00f6zeink.<\/p><\/blockquote>\n<p>&nbsp;<\/p>\n<figure id=\"attachment_1084983\" aria-describedby=\"caption-attachment-1084983\" style=\"width: 1273px\" class=\"wp-caption alignnone\"><img loading=\"lazy\" decoding=\"async\" class=\"size-full wp-image-1084983\" src=\"https:\/\/www.startlap.hu\/uploads\/2018\/11\/ThinkstockPhotos-1002596078.jpg\" alt=\"\" width=\"1273\" height=\"849\" srcset=\"https:\/\/www.startlap.hu\/vasarlas\/uploads\/2018\/11\/ThinkstockPhotos-1002596078.jpg 1273w, https:\/\/www.startlap.hu\/vasarlas\/uploads\/2018\/11\/ThinkstockPhotos-1002596078-300x200.jpg 300w, https:\/\/www.startlap.hu\/vasarlas\/uploads\/2018\/11\/ThinkstockPhotos-1002596078-768x512.jpg 768w, https:\/\/www.startlap.hu\/vasarlas\/uploads\/2018\/11\/ThinkstockPhotos-1002596078-1024x683.jpg 1024w, https:\/\/www.startlap.hu\/vasarlas\/uploads\/2018\/11\/ThinkstockPhotos-1002596078-160x107.jpg 160w, https:\/\/www.startlap.hu\/vasarlas\/uploads\/2018\/11\/ThinkstockPhotos-1002596078-320x213.jpg 320w, https:\/\/www.startlap.hu\/vasarlas\/uploads\/2018\/11\/ThinkstockPhotos-1002596078-480x320.jpg 480w, https:\/\/www.startlap.hu\/vasarlas\/uploads\/2018\/11\/ThinkstockPhotos-1002596078-660x440.jpg 660w, https:\/\/www.startlap.hu\/vasarlas\/uploads\/2018\/11\/ThinkstockPhotos-1002596078-800x534.jpg 800w, https:\/\/www.startlap.hu\/vasarlas\/uploads\/2018\/11\/ThinkstockPhotos-1002596078-1200x800.jpg 1200w\" sizes=\"auto, (max-width: 1273px) 100vw, 1273px\" \/><figcaption id=\"caption-attachment-1084983\" class=\"wp-caption-text\">Fot\u00f3: Thinkstock<\/figcaption><\/figure>\n<p>&nbsp;<\/p>\n<h2>Egyre kisebb m\u00e9ret, egyre nagyobb teljes\u00edtm\u00e9ny<\/h2>\n<p>A napelem m\u00e1r \u00e9vtizedek \u00f3ta el\u00e9rhet\u0151 energiaforr\u00e1s, ami\u00f3ta piacra ker\u00fclt, folyamatosan fejlesztik. N\u0151 a teljes\u00edtm\u00e9nye, cs\u00f6kken a m\u00e9rete \u00e9s a s\u00falya, s\u0151t el\u00e9rhet\u0151ek m\u00e1r olyan t\u00edpusok is, amelyek hajl\u00e9konyak, ellen\u00e1llnak a fizikai behat\u00e1soknak (lees\u00e9s, r\u00e1l\u00e9p\u00e9s), \u00edgy alkalmass\u00e1 v\u00e1ltak arra, hogy magunkkal hordozzuk \u0151ket.<\/p>\n<blockquote class=\"article__extraTxt\"><p>A modern napelemes t\u00f6lt\u0151k a h\u00e1tizs\u00e1kunkra akasztva ak\u00e1r eg\u00e9sz kir\u00e1ndul\u00e1s alatt gy\u0171jthetik sz\u00e1munkra az energi\u00e1t, amelyet azt\u00e1n nem csak a k\u00fcty\u00fck t\u00f6lt\u00e9s\u00e9re haszn\u00e1lhatunk fel, hanem m\u0171k\u00f6dtethet\u00fcnk vele ventil\u00e1tort, mini h\u0171t\u0151t, vil\u00e1g\u00edt\u00e1st, f\u00e9nyforr\u00e1st is.<\/p><\/blockquote>\n<p>Ehhez azonban nem csak a t\u00f6lt\u0151re van sz\u00fcks\u00e9g, hanem egy olyan mobil akkumul\u00e1torra is (kaphat\u00f3k m\u00e1r napelemes bor\u00edt\u00e1ssal rendelkez\u0151 powerbankek is), amely k\u00e9pes elt\u00e1rolni az \u00f6sszegy\u0171jt\u00f6tt energi\u00e1t, hiszen \u00f6nmag\u00e1ban a napelemes t\u00f6lt\u0151 csak a napf\u00e9ny \u00e1ramm\u00e1 alak\u00edt\u00e1s\u00e1ra alkalmas, \u00e9s arra, hogy azt tov\u00e1bb\u00edtsa a megfelel\u0151 k\u00e9sz\u00fcl\u00e9k fel\u00e9.<\/p>\n<p>A napelemes t\u00f6lt\u0151 kiv\u00e1laszt\u00e1s\u00e1n\u00e1l \u00fcgyelj\u00fcnk arra, hogy milyen kimeneteket tartalmaz a kiv\u00e1lasztott t\u00edpus, illetve milyen fesz\u00fclts\u00e9g \u00e1tad\u00e1s\u00e1ra alkalmas, hiszen csak akkor lesz k\u00e9pes a k\u00e9sz\u00fcl\u00e9keinket felt\u00f6lteni, ha a param\u00e9tereiben illeszkedik ahhoz.<\/p>\n","protected":false},"excerpt":{"rendered":"<p>Sz\u00e1mtalan k\u00fcty\u00fc teszi k\u00f6nnyebb\u00e9 az \u00e9let\u00fcnket, \u00e9s bizony \u201eciviliz\u00e1lt k\u00f6rnyezetben\u201d bele se gondolunk, hogy ezek elektromoss\u00e1ggal m\u0171k\u00f6dnek. Legfeljebb akkor, ha abba a k\u00e9nyelmetlens\u00e9gbe \u00fctk\u00f6z\u00fcnk, hogy ha nap k\u00f6zben t\u00f6lteni kell, akkor a mobilit\u00e1suk a madzag hossz\u00e1ig terjed csak.<\/p>\n","protected":false},"author":20,"featured_media":1084983,"comment_status":"open","ping_status":"open","sticky":false,"template":"","format":"standard","meta":{"footnotes":""},"categories":[8088,8086],"tags":[8185,8774,8706,4877,8170,8186],"class_list":["post-1079801","post","type-post","status-publish","format-standard","has-post-thumbnail","hentry","category-kutyu","category-vasarlas","tag-mobitelefon","tag-napelemes-tolto","tag-okostelefon-kiegeszitok","tag-powerbank","tag-telefontolto","tag-zoldenergia"],"aioseo_notices":[],"_links":{"self":[{"href":"https:\/\/www.startlap.hu\/vasarlas\/wp-json\/wp\/v2\/posts\/1079801","targetHints":{"allow":["GET"]}}],"collection":[{"href":"https:\/\/www.startlap.hu\/vasarlas\/wp-json\/wp\/v2\/posts"}],"about":[{"href":"https:\/\/www.startlap.hu\/vasarlas\/wp-json\/wp\/v2\/types\/post"}],"author":[{"embeddable":true,"href":"https:\/\/www.startlap.hu\/vasarlas\/wp-json\/wp\/v2\/users\/20"}],"replies":[{"embeddable":true,"href":"https:\/\/www.startlap.hu\/vasarlas\/wp-json\/wp\/v2\/comments?post=1079801"}],"version-history":[{"count":7,"href":"https:\/\/www.startlap.hu\/vasarlas\/wp-json\/wp\/v2\/posts\/1079801\/revisions"}],"predecessor-version":[{"id":1234663,"href":"https:\/\/www.startlap.hu\/vasarlas\/wp-json\/wp\/v2\/posts\/1079801\/revisions\/1234663"}],"wp:featuredmedia":[{"embeddable":true,"href":"https:\/\/www.startlap.hu\/vasarlas\/wp-json\/wp\/v2\/media\/1084983"}],"wp:attachment":[{"href":"https:\/\/www.startlap.hu\/vasarlas\/wp-json\/wp\/v2\/media?parent=1079801"}],"wp:term":[{"taxonomy":"category","embeddable":true,"href":"https:\/\/www.startlap.hu\/vasarlas\/wp-json\/wp\/v2\/categories?post=1079801"},{"taxonomy":"post_tag","embeddable":true,"href":"https:\/\/www.startlap.hu\/vasarlas\/wp-json\/wp\/v2\/tags?post=1079801"}],"curies":[{"name":"wp","href":"https:\/\/api.w.org\/{rel}","templated":true}]}}