{"id":99875,"date":"2025-12-16T15:03:54","date_gmt":"2025-12-16T14:03:54","guid":{"rendered":"https:\/\/www.startlap.hu\/utazas\/?p=99875"},"modified":"2025-12-16T11:22:04","modified_gmt":"2025-12-16T10:22:04","slug":"roma-trevi-kut-belepodij-olaszorszag","status":"publish","type":"post","link":"https:\/\/www.startlap.hu\/utazas\/roma-trevi-kut-belepodij-olaszorszag\/","title":{"rendered":"Fizetn\u00fcnk kell egy \u00fajabb ikonikus l\u00e1tv\u00e1nyoss\u00e1g\u00e9rt &#8211; a magyarok egyik kedvenc f\u0151v\u00e1rosa meghozta a d\u00f6nt\u00e9st"},"content":{"rendered":"<p>Janu\u00e1r 7-t\u0151l a turist\u00e1knak <strong>k\u00e9teur\u00f3s bel\u00e9p\u0151jegyet<\/strong> kell v\u00e1ltaniuk Olaszorsz\u00e1gban a <a href=\"https:\/\/www.startlap.hu\/utazas\/trevi-kut-olaszorszag-roma-nyitas-korlatozas\/\" target=\"_blank\" rel=\"noopener\">Trevi-k\u00fathoz<\/a> is, a r\u00f3maiak azonban tov\u00e1bbra is ingyen l\u00e1togathatj\u00e1k a h\u00edres m\u0171eml\u00e9ket &#8211; sz\u00e1molt be r\u00f3la kedden a Corriere della Sera olasz napilap.<\/p>\n<div class=\"o-widget m-readMoreWidget -readMore u-shortDecorLineAfter row widget-container _ce_measure_widget bigdata-widget read-more\" data-ce-measure-widget=\"olvass tov\u00e1bb\">\n\t<div class=\"m-readMoreWidget__imgWrapper image-wrapper col-12 col-md-4 no-p\">\n\t\t<a class=\"m-readMoreWidget__imgLink\" href=\"https:\/\/www.startlap.hu\/utazas\/top10-rangsor-eletminoseg-luxemburg-oman\/\" >\n\t\t\t<img decoding=\"async\" src=\"https:\/\/www.startlap.hu\/utazas\/uploads\/sites\/3\/2025\/11\/luxemburg_11zon-350x285.jpg\" class=\"m-readMoreWidget__img\">\n\t\t<\/a>\n\t<\/div>\n\t<div class=\"m-readMoreWidget__titleWrapper title-wrapper col-12 col-md-8\">\n\t\t<span class=\"m-readMoreWidget__titleLabel u-shortDecorLineBefore label hidden-sm-up\">Ez is \u00e9rdekelhet:<\/span>\n\t\t<h3 class=\"m-readMoreWidget__title title\">\n\t\t\t<a class=\"m-readMoreWidget__titleLink -secondFont u-bold u-upperCase\" href=\"https:\/\/www.startlap.hu\/utazas\/top10-rangsor-eletminoseg-luxemburg-oman\/\" >Sem Sv\u00e1jc, sem Norv\u00e9gia: az \u00e9letmin\u0151s\u00e9g ebben az eur\u00f3pai orsz\u00e1gban a legmagasabb<\/a>\n\t\t<\/h3>\n\t\t<a class=\"m-readMoreWidget__btn -coloredBack u-tC link\" href=\"https:\/\/www.startlap.hu\/utazas\/top10-rangsor-eletminoseg-luxemburg-oman\/\" >Elolvasom<\/a>\n\t<\/div>\n<\/div>\n<p>A <a href=\"https:\/\/www.startlap.hu\/utazas\/roma-lakotorony-osszeomlas-torre-dei-conti\/\" target=\"_blank\" rel=\"noopener\">v\u00e1ros<\/a> vezet\u00e9se jelent\u0151s bev\u00e9telt rem\u00e9l a l\u00e9p\u00e9st\u0151l. A Trevi-k\u00fatn\u00e1l egy \u00e9ve m\u00e1r korl\u00e1tozt\u00e1k a l\u00e1togat\u00f3sz\u00e1mot a nagy forgalomra tekintettel: egyszerre csak 400 l\u00e1togat\u00f3t engedtek a k\u00f6zel\u00e9be.<\/p>\n<blockquote class=\"article__extraTxt\"><p>Janu\u00e1rt\u00f3l k\u00e9t bej\u00e1ratot alak\u00edtanak ki, egyet a turist\u00e1knak, egyet pedig a r\u00f3maiaknak.<\/p><\/blockquote>\n<p>A k\u00e9teur\u00f3s (770 forintos) jegyet k\u00e9szp\u00e9nzben vagy bankk\u00e1rty\u00e1val is ki lehet majd fizetni. Alessandro Onorato, a f\u0151v\u00e1ros idegenforgalmi illet\u00e9kese elmondta, hogy a bel\u00e9p\u0151jegy bevezet\u00e9s\u00e9vel a h\u00edres m\u0171eml\u00e9ket, Niccolo Salvi 17. sz\u00e1zadi barokk alkot\u00e1s\u00e1t is v\u00e9deni akarj\u00e1k. A jegybev\u00e9telb\u0151l pedig a fejleszt\u00e9seket \u00e9s szolg\u00e1ltat\u00e1sokat fogj\u00e1k finansz\u00edrozni.<\/p>\n<p>A v\u00e1ros az els\u0151 f\u00e9l\u00e9vben mintegy 5,3 milli\u00f3 l\u00e1togat\u00f3val sz\u00e1mol, ezzel a Trevi-k\u00fat a <a href=\"https:\/\/www.startlap.hu\/utazas\/oriasi-leleplezes-romaban-elve-tavozott-mind-a-16-turista-a-colosseumbol-ahol-teljesen-titokban-tartottak-gladiatorjatekokat\/\" target=\"_blank\" rel=\"noopener\">Colosseum<\/a> ut\u00e1n R\u00f3ma m\u00e1sodik legl\u00e1togatottabb m\u0171eml\u00e9ke lehet.<\/p>\n<figure id=\"attachment_99879\" aria-describedby=\"caption-attachment-99879\" style=\"width: 755px\" class=\"wp-caption alignnone\"><a href=\"https:\/\/www.startlap.hu\/utazas\/uploads\/sites\/3\/2025\/12\/roma-trevi-kut-turistak.jpg\"><img loading=\"lazy\" decoding=\"async\" class=\"size-article-size-large-image wp-image-99879\" src=\"https:\/\/www.startlap.hu\/utazas\/uploads\/sites\/3\/2025\/12\/roma-trevi-kut-turistak-755x474.jpg\" alt=\"\" width=\"755\" height=\"474\" srcset=\"https:\/\/www.startlap.hu\/utazas\/uploads\/sites\/3\/2025\/12\/roma-trevi-kut-turistak-755x474.jpg 755w, https:\/\/www.startlap.hu\/utazas\/uploads\/sites\/3\/2025\/12\/roma-trevi-kut-turistak-1536x964.jpg 1536w, https:\/\/www.startlap.hu\/utazas\/uploads\/sites\/3\/2025\/12\/roma-trevi-kut-turistak-558x350.jpg 558w, https:\/\/www.startlap.hu\/utazas\/uploads\/sites\/3\/2025\/12\/roma-trevi-kut-turistak.jpg 1600w\" sizes=\"auto, (max-width: 755px) 100vw, 755px\" \/><\/a><figcaption id=\"caption-attachment-99879\" class=\"wp-caption-text\">AFP<\/figcaption><\/figure>\n<p>A Trevi-kutat <strong>Federico Fellini Az \u00e9des \u00e9let c\u00edm\u0171 filmje tette vil\u00e1gh\u00edr\u0171v\u00e9<\/strong>, amelyben Anita Ekberg f\u00fcrd\u00f6tt \u00e9jszaka a sz\u00f6k\u0151k\u00fatban. Egy hiedelem szerint, aki vissza akar t\u00e9rni R\u00f3m\u00e1ba, annak v\u00e1lla felett egy \u00e9rm\u00e9t kell beledobnia a sz\u00f6k\u0151k\u00fat viz\u00e9be. Sok turista a tilalom ellen\u00e9re meg is akar m\u00e1rt\u00f3zni a k\u00fat viz\u00e9ben, amit a helyi hat\u00f3s\u00e1gok 450 eur\u00f3s (173 ezer forintos) b\u00edrs\u00e1ggal pr\u00f3b\u00e1lnak megakad\u00e1lyozni.<\/p>\n<p>Kor\u00e1bban <a href=\"https:\/\/www.startlap.hu\/utazas\/julia-erkelye-verona-fizetos\/\" target=\"_blank\" rel=\"noopener\">meg\u00edrtuk<\/a>, hogy Verona v\u00e1ros \u00f6nkorm\u00e1nyzat\u00e1nak d\u00f6nt\u00e9se alapj\u00e1n janu\u00e1r 6-\u00e1ig el\u0151zetes helyfoglal\u00e1s \u00e9s jegyv\u00e1s\u00e1rl\u00e1s sz\u00fcks\u00e9ges a J\u00falia erk\u00e9lyek\u00e9nt ismert turistal\u00e1tv\u00e1nyoss\u00e1g megl\u00e1togat\u00e1s\u00e1hoz. Arr\u00f3l is <a href=\"https:\/\/www.startlap.hu\/utazas\/etna-vulkan-silvestri-kraterek-belepodij-szicilia\/\" target=\"_blank\" rel=\"noopener\">besz\u00e1moltunk<\/a>, hogy a vil\u00e1g egyik legismertebb t\u0171zh\u00e1ny\u00f3j\u00e1n\u00e1l, az Etn\u00e1n\u00e1l is \u00faj korszak kezd\u0151dik: a legend\u00e1s Silvestri-kr\u00e1terekhez bel\u00e9p\u0151d\u00edjat vezetnek be. Szint\u00e9n p\u00e1r hete <a href=\"https:\/\/www.startlap.hu\/utazas\/velence-belepodij-ar-novekedes-10-euro\/\" target=\"_blank\" rel=\"noopener\">jelentett\u00e9k be<\/a>, hogy j\u00f6v\u0151re emelik a Velenc\u00e9ben m\u00e1r \u00e9vek \u00f3ta szedett bel\u00e9p\u0151d\u00edjat.<\/p>\n<div class=\"o-widget m-readMoreWidget -readMore u-shortDecorLineAfter row widget-container _ce_measure_widget bigdata-widget read-more\" data-ce-measure-widget=\"olvass tov\u00e1bb\">\n\t<div class=\"m-readMoreWidget__imgWrapper image-wrapper col-12 col-md-4 no-p\">\n\t\t<a class=\"m-readMoreWidget__imgLink\" href=\"https:\/\/www.startlap.hu\/utazas\/argentina-vizalattivaros-kiserteties-latvanyossag-fotok\/\" >\n\t\t\t<img decoding=\"async\" src=\"https:\/\/www.startlap.hu\/utazas\/uploads\/sites\/3\/2025\/12\/075_peretti-floodedv221009_npHjB-350x285.jpg\" class=\"m-readMoreWidget__img\">\n\t\t<\/a>\n\t<\/div>\n\t<div class=\"m-readMoreWidget__titleWrapper title-wrapper col-12 col-md-8\">\n\t\t<span class=\"m-readMoreWidget__titleLabel u-shortDecorLineBefore label hidden-sm-up\">Ez is \u00e9rdekelhet:<\/span>\n\t\t<h3 class=\"m-readMoreWidget__title title\">\n\t\t\t<a class=\"m-readMoreWidget__titleLink -secondFont u-bold u-upperCase\" href=\"https:\/\/www.startlap.hu\/utazas\/argentina-vizalattivaros-kiserteties-latvanyossag-fotok\/\" >K\u00e9peken az egykor vir\u00e1gz\u00f3 \u00fcd\u00fcl\u0151v\u00e1ros, amelyet elnyelt a v\u00edz, azt\u00e1n szellemv\u00e1rosk\u00e9nt bukkant fel ism\u00e9t<\/a>\n\t\t<\/h3>\n\t\t<a class=\"m-readMoreWidget__btn -coloredBack u-tC link\" href=\"https:\/\/www.startlap.hu\/utazas\/argentina-vizalattivaros-kiserteties-latvanyossag-fotok\/\" >Elolvasom<\/a>\n\t<\/div>\n<\/div>\n","protected":false},"excerpt":{"rendered":"<p>J\u00f6v\u0151re a turist\u00e1knak bel\u00e9p\u0151jegyet kell v\u00e1ltaniuk Olaszorsz\u00e1gban a Trevi-k\u00fathoz is. Az int\u00e9zked\u00e9ssel a h\u00edres m\u0171eml\u00e9ket, Niccolo Salvi 17. sz\u00e1zadi barokk alkot\u00e1s\u00e1t is v\u00e9deni akarj\u00e1k.<\/p>\n","protected":false},"author":7,"featured_media":99879,"comment_status":"closed","ping_status":"closed","sticky":false,"template":"","format":"standard","meta":{"footnotes":""},"categories":[70],"tags":[7512,784,1127],"class_list":["post-99875","post","type-post","status-publish","format-standard","has-post-thumbnail","hentry","category-vilag","tag-belepodij","tag-roma","tag-trevi-kut"],"aioseo_notices":[],"_links":{"self":[{"href":"https:\/\/www.startlap.hu\/utazas\/wp-json\/wp\/v2\/posts\/99875","targetHints":{"allow":["GET"]}}],"collection":[{"href":"https:\/\/www.startlap.hu\/utazas\/wp-json\/wp\/v2\/posts"}],"about":[{"href":"https:\/\/www.startlap.hu\/utazas\/wp-json\/wp\/v2\/types\/post"}],"author":[{"embeddable":true,"href":"https:\/\/www.startlap.hu\/utazas\/wp-json\/wp\/v2\/users\/7"}],"replies":[{"embeddable":true,"href":"https:\/\/www.startlap.hu\/utazas\/wp-json\/wp\/v2\/comments?post=99875"}],"version-history":[{"count":4,"href":"https:\/\/www.startlap.hu\/utazas\/wp-json\/wp\/v2\/posts\/99875\/revisions"}],"predecessor-version":[{"id":99881,"href":"https:\/\/www.startlap.hu\/utazas\/wp-json\/wp\/v2\/posts\/99875\/revisions\/99881"}],"wp:featuredmedia":[{"embeddable":true,"href":"https:\/\/www.startlap.hu\/utazas\/wp-json\/wp\/v2\/media\/99879"}],"wp:attachment":[{"href":"https:\/\/www.startlap.hu\/utazas\/wp-json\/wp\/v2\/media?parent=99875"}],"wp:term":[{"taxonomy":"category","embeddable":true,"href":"https:\/\/www.startlap.hu\/utazas\/wp-json\/wp\/v2\/categories?post=99875"},{"taxonomy":"post_tag","embeddable":true,"href":"https:\/\/www.startlap.hu\/utazas\/wp-json\/wp\/v2\/tags?post=99875"}],"curies":[{"name":"wp","href":"https:\/\/api.w.org\/{rel}","templated":true}]}}