{"id":99838,"date":"2025-12-16T10:54:17","date_gmt":"2025-12-16T09:54:17","guid":{"rendered":"https:\/\/www.startlap.hu\/utazas\/?p=99838"},"modified":"2025-12-16T10:54:17","modified_gmt":"2025-12-16T09:54:17","slug":"argentina-vizalattivaros-kiserteties-latvanyossag-fotok","status":"publish","type":"post","link":"https:\/\/www.startlap.hu\/utazas\/argentina-vizalattivaros-kiserteties-latvanyossag-fotok\/","title":{"rendered":"K\u00e9peken az egykor vir\u00e1gz\u00f3 \u00fcd\u00fcl\u0151v\u00e1ros, amelyet elnyelt a v\u00edz, azt\u00e1n szellemv\u00e1rosk\u00e9nt bukkant fel ism\u00e9t"},"content":{"rendered":"<p>Az egykor vir\u00e1gz\u00f3 \u00fcd\u00fcl\u0151v\u00e1ros, amely modern Atlantiszk\u00e9nt t\u0171nt el, ma teljesen elhagyatott. A f\u00e9nykor\u00e1ban mintegy 1500 lakosnak otthont ad\u00f3 telep\u00fcl\u00e9s m\u00e1ra \u00fcresen \u00e1ll.<\/p>\n\n\t<div id=\"cegPostCnt_1\" class=\"o-cegPostCnt -inContent\" data-title=\"K\u00e9peken az egykor vir\u00e1gz\u00f3 \u00fcd\u00fcl\u0151v\u00e1ros, amelyet elnyelt a v\u00edz, azt\u00e1n szellemv\u00e1rosk\u00e9nt bukkant fel ism\u00e9t\">\n\t\t<a class=\"o-cegPostCnt__opener m-cegOpener _ce_measure_widget _ce_measure_link\" data-ce-measure-widget=\"gallery-open\"\n   href=\"?gallery=1\/1\/075_peretti-floodedv221009_npQ0O\">\n\t<img decoding=\"async\" src=\"https:\/\/www.startlap.hu\/utazas\/uploads\/sites\/3\/2025\/12\/075_peretti-floodedv221009_npQ0O.jpg\" class=\"m-cegOpener__image\" alt=\"Villa Epecu\u00e9n l\u00e9pcs\u0151 a semmibe\" sizes=\"(max-width: 991px) 100vw, (max-width: 1039px) 66vw, 684px\" srcset=\"https:\/\/www.startlap.hu\/utazas\/uploads\/sites\/3\/2025\/12\/075_peretti-floodedv221009_npQ0O.jpg 1024w, https:\/\/www.startlap.hu\/utazas\/uploads\/sites\/3\/2025\/12\/075_peretti-floodedv221009_npQ0O-755x503.jpg 755w, https:\/\/www.startlap.hu\/utazas\/uploads\/sites\/3\/2025\/12\/075_peretti-floodedv221009_npQ0O-526x350.jpg 526w\" \/>\t<div class=\"m-cegOpener__btn\"><i class=\"far fa-clone\"><\/i><\/div>\n<\/a>\n<div class=\"o-cegPostCnt__layer m-cegLayer _ce_measure_widget\" data-ce-measure-widget=\"gallery-layer\" style=\"display: none\">\n\t<div class=\"m-cegLayer__top m-cegHeader _ce_measure_widget\" data-ce-measure-widget=\"gallery-header\">\n\t\t\t\t\t<span class=\"m-cegHeader__logo\"><span class=\"a-cegLogo\"><\/span><\/span>\n\t\t\t\t<div class=\"m-cegHeader__imgCnt\">\n\t\t\t<img decoding=\"async\" src=\"https:\/\/www.startlap.hu\/utazas\/uploads\/sites\/3\/2025\/12\/075_peretti-floodedv221009_npQ0O.jpg\" class=\"m-cegHeader__imgOpener\" alt=\"Villa Epecu\u00e9n l\u00e9pcs\u0151 a semmibe\" \/>\t\t<\/div>\n\t\t<h2 class=\"m-cegHeader__title a-cegGalleryTitle\"><i class=\"fa fa-angle-left\"><\/i>K\u00e9peken az egykor vir\u00e1gz\u00f3 \u00fcd\u00fcl\u0151v\u00e1ros, amelyet elnyelt a v\u00edz, azt\u00e1n szellemv\u00e1rosk\u00e9nt bukkant fel ism\u00e9t<\/h2>\n\t\t<div class=\"m-cegHeader__pagination a-cegPagination\"><\/div>\n\t\t<div class=\"m-cegHeader__closeBtn close-button nlc-icon-close _ce_measure_link _ce_measure_widget\" data-ce-measure-widget=\"gallery-close-btn\"><i class=\"fa fa-times\" aria-hidden=\"true\"><\/i><\/div>\n\t<\/div>\n\t<div class=\"m-cegLayer__screen\">\n\t\t<div class=\"m-cegLayer__carousel m-cegCarousel\">\n\t\t\t\t\t\t\t\n\t\t\t\t<div\n\t\t\t\t\tclass=\"m-cegCarousel__item\"\n\t\t\t\t\tdata-type=\"image\"\n\t\t\t\t\tdata-id=\"1\/1\/075_peretti-floodedv221009_npQ0O\"\n\t\t\t\t\tdata-image-url=\"https:\/\/www.startlap.hu\/utazas\/uploads\/sites\/3\/2025\/12\/075_peretti-floodedv221009_npQ0O.jpg\"\n\t\t\t\t\tdata-title=\"vizalattivaros\"\n\t\t\t\t\tdata-desc=\"Mag\u00e1nyosan \u00e1ll\u00f3 \u00e9p\u00fclettorz\u00f3k magasodnak a s\u00edk vid\u00e9ken, mintha egy elt\u0171nt v\u00e1ros \u0151rei lenn\u00e9nek. Fot\u00f3: Federico Peretti \/ NurPhoto via AFPtc\">\n\n\t\t\t\t\t<!-- image -->\n\t\t\t\t\t<div class=\"m-cegCarousel__floatingCnt\">\n\t\t\t\t\t\t<img decoding=\"async\" src=\"https:\/\/www.startlap.hu\/utazas\/uploads\/sites\/3\/2025\/12\/075_peretti-floodedv221009_npQ0O.jpg\" class=\"m-cegCarousel__image\" alt=\"Villa Epecu\u00e9n l\u00e9pcs\u0151 a semmibe\" \/>\t\t\t\t\t\t<span class=\"fa m-cegCarousel__zoom _ce_measure_link _ce_measure_widget\" data-ce-measure-widget=\"gallery-zoom-btn\"><\/span>\n\t\t\t\t\t<\/div>\n\n\t\t\t\t\t<!-- thumb icon \/ counter, caption  -->\n\t\t\t\t\t<div class=\"m-cegCarousel__captionCnt m-cegCaption\">\n\t\t\t\t\t\t<span class=\"m-cegCaption__thumbIcon a-cegThumbIcon _ce_measure_widget _ce_measure_link\"\n\t\t\t\t\t\t\t  data-ce-measure-widget=\"thumbnails-btn\"\n\t\t\t\t\t\t\t  data-ce-measure-widget=\"gallery-thumbnails\"><i class=\" fa fa-th-large\"><\/i><\/span>\n\t\t\t\t\t\t<span class=\"m-cegCaption__pagination a-cegPagination\">\n\t\t\t\t\t\t\t<span class=\"a-cegPagination__current\">1<\/span>\/6\t\t\t\t\t\t<\/span>\n\t\t\t\t\t\t<span class=\"m-cegCaption__caption\">vizalattivaros<\/span>\n\t\t\t\t\t<\/div>\n\n\t\t\t\t\t<!-- Image description -->\n\t\t\t\t\t<div class=\"m-cegCarousel__desc a-cegDesc\">Mag\u00e1nyosan \u00e1ll\u00f3 \u00e9p\u00fclettorz\u00f3k magasodnak a s\u00edk vid\u00e9ken, mintha egy elt\u0171nt v\u00e1ros \u0151rei lenn\u00e9nek. Fot\u00f3: Federico Peretti \/ NurPhoto via AFPtc<\/div>\n\n\t\t\t\t\t<!-- Image social share icons -->\n\t\t\t\t\t<div class=\"m-cegCarousel__socialCnt m-cegSocial\">\n\t\t\t\t\t\t<span class=\"m-cegSocial__text\">Fot\u00f3 megoszt\u00e1sa:<\/span><span class=\"m-cegSocial__iconWrap\"><span class=\"m-cegSocial__icon -facebook _ce_measure_link _ce_measure_widget\" data-ce-measure-widget=\"facebookGallery-btn\"><i class=\"fab fa-facebook-f\"><\/i><\/span><span class=\"m-cegSocial__icon -pinterest _ce_measure_link _ce_measure_widget\" data-ce-measure-widget=\"printeresGallery-btn\"><i class=\"fab fa-pinterest-p\"><\/i><\/span><span class=\"m-cegSocial__icon -email _ce_measure_link _ce_measure_widget\" data-ce-measure-widget=\"emailGallery-btn\"><i class=\"far fa-envelope\"><\/i><\/span><span class=\"m-cegSocial__icon -clipboard _ce_measure_link _ce_measure_widget\" data-ce-measure-widget=\"clipboardGallery-btn\"><i class=\"fa fa-link\"><\/i><\/span><\/span>\t\t\t\t\t<\/div>\n\t\t\t\t<\/div>\n\t\t\t\t\t\t\t\n\t\t\t\t<div\n\t\t\t\t\tclass=\"m-cegCarousel__item\"\n\t\t\t\t\tdata-type=\"image\"\n\t\t\t\t\tdata-id=\"1\/2\/075_peretti-floodedv221009_np2K8\"\n\t\t\t\t\tdata-image-url=\"https:\/\/www.startlap.hu\/utazas\/uploads\/sites\/3\/2025\/12\/075_peretti-floodedv221009_np2K8.jpg\"\n\t\t\t\t\tdata-title=\"vizalattivaros\"\n\t\t\t\t\tdata-desc=\"A v\u00edz, amely egykor elnyelte a v\u00e1rost, \u00f6r\u00f6kre megv\u00e1ltoztatta Villa Epecu\u00e9n sors\u00e1t. Fot\u00f3: Federico Peretti \/ NurPhoto via AFP\">\n\n\t\t\t\t\t<!-- image -->\n\t\t\t\t\t<div class=\"m-cegCarousel__floatingCnt\">\n\t\t\t\t\t\t<img decoding=\"async\" src=\"https:\/\/www.startlap.hu\/utazas\/uploads\/sites\/3\/2025\/12\/075_peretti-floodedv221009_np2K8.jpg\" class=\"m-cegCarousel__image\" alt=\"Villa Epecu\u00e9n v\u00edz kacs\u00e1kkal\" \/>\t\t\t\t\t\t<span class=\"fa m-cegCarousel__zoom _ce_measure_link _ce_measure_widget\" data-ce-measure-widget=\"gallery-zoom-btn\"><\/span>\n\t\t\t\t\t<\/div>\n\n\t\t\t\t\t<!-- thumb icon \/ counter, caption  -->\n\t\t\t\t\t<div class=\"m-cegCarousel__captionCnt m-cegCaption\">\n\t\t\t\t\t\t<span class=\"m-cegCaption__thumbIcon a-cegThumbIcon _ce_measure_widget _ce_measure_link\"\n\t\t\t\t\t\t\t  data-ce-measure-widget=\"thumbnails-btn\"\n\t\t\t\t\t\t\t  data-ce-measure-widget=\"gallery-thumbnails\"><i class=\" fa fa-th-large\"><\/i><\/span>\n\t\t\t\t\t\t<span class=\"m-cegCaption__pagination a-cegPagination\">\n\t\t\t\t\t\t\t<span class=\"a-cegPagination__current\">2<\/span>\/6\t\t\t\t\t\t<\/span>\n\t\t\t\t\t\t<span class=\"m-cegCaption__caption\">vizalattivaros<\/span>\n\t\t\t\t\t<\/div>\n\n\t\t\t\t\t<!-- Image description -->\n\t\t\t\t\t<div class=\"m-cegCarousel__desc a-cegDesc\">A v\u00edz, amely egykor elnyelte a v\u00e1rost, \u00f6r\u00f6kre megv\u00e1ltoztatta Villa Epecu\u00e9n sors\u00e1t. Fot\u00f3: Federico Peretti \/ NurPhoto via AFP<\/div>\n\n\t\t\t\t\t<!-- Image social share icons -->\n\t\t\t\t\t<div class=\"m-cegCarousel__socialCnt m-cegSocial\">\n\t\t\t\t\t\t<span class=\"m-cegSocial__text\">Fot\u00f3 megoszt\u00e1sa:<\/span><span class=\"m-cegSocial__iconWrap\"><span class=\"m-cegSocial__icon -facebook _ce_measure_link _ce_measure_widget\" data-ce-measure-widget=\"facebookGallery-btn\"><i class=\"fab fa-facebook-f\"><\/i><\/span><span class=\"m-cegSocial__icon -pinterest _ce_measure_link _ce_measure_widget\" data-ce-measure-widget=\"printeresGallery-btn\"><i class=\"fab fa-pinterest-p\"><\/i><\/span><span class=\"m-cegSocial__icon -email _ce_measure_link _ce_measure_widget\" data-ce-measure-widget=\"emailGallery-btn\"><i class=\"far fa-envelope\"><\/i><\/span><span class=\"m-cegSocial__icon -clipboard _ce_measure_link _ce_measure_widget\" data-ce-measure-widget=\"clipboardGallery-btn\"><i class=\"fa fa-link\"><\/i><\/span><\/span>\t\t\t\t\t<\/div>\n\t\t\t\t<\/div>\n\t\t\t\t\t\t\t\n\t\t\t\t<div\n\t\t\t\t\tclass=\"m-cegCarousel__item\"\n\t\t\t\t\tdata-type=\"image\"\n\t\t\t\t\tdata-id=\"1\/3\/075_peretti-floodedv221009_npHjB\"\n\t\t\t\t\tdata-image-url=\"https:\/\/www.startlap.hu\/utazas\/uploads\/sites\/3\/2025\/12\/075_peretti-floodedv221009_npHjB.jpg\"\n\t\t\t\t\tdata-title=\"vizalattivaros\"\n\t\t\t\t\tdata-desc=\"Feh\u00e9r \u00e9s sz\u00fcrke s\u00f3val bevont h\u00e1zfalak eml\u00e9keztetnek az egykori gy\u00f3gyt\u00f3 puszt\u00edt\u00f3 erej\u00e9re. Fot\u00f3: Federico Peretti \/ NurPhoto via AFP\">\n\n\t\t\t\t\t<!-- image -->\n\t\t\t\t\t<div class=\"m-cegCarousel__floatingCnt\">\n\t\t\t\t\t\t<img decoding=\"async\" src=\"https:\/\/www.startlap.hu\/utazas\/uploads\/sites\/3\/2025\/12\/075_peretti-floodedv221009_npHjB.jpg\" class=\"m-cegCarousel__image\" alt=\"Villa Epecu\u00e9n romos h\u00e1z\" \/>\t\t\t\t\t\t<span class=\"fa m-cegCarousel__zoom _ce_measure_link _ce_measure_widget\" data-ce-measure-widget=\"gallery-zoom-btn\"><\/span>\n\t\t\t\t\t<\/div>\n\n\t\t\t\t\t<!-- thumb icon \/ counter, caption  -->\n\t\t\t\t\t<div class=\"m-cegCarousel__captionCnt m-cegCaption\">\n\t\t\t\t\t\t<span class=\"m-cegCaption__thumbIcon a-cegThumbIcon _ce_measure_widget _ce_measure_link\"\n\t\t\t\t\t\t\t  data-ce-measure-widget=\"thumbnails-btn\"\n\t\t\t\t\t\t\t  data-ce-measure-widget=\"gallery-thumbnails\"><i class=\" fa fa-th-large\"><\/i><\/span>\n\t\t\t\t\t\t<span class=\"m-cegCaption__pagination a-cegPagination\">\n\t\t\t\t\t\t\t<span class=\"a-cegPagination__current\">3<\/span>\/6\t\t\t\t\t\t<\/span>\n\t\t\t\t\t\t<span class=\"m-cegCaption__caption\">vizalattivaros<\/span>\n\t\t\t\t\t<\/div>\n\n\t\t\t\t\t<!-- Image description -->\n\t\t\t\t\t<div class=\"m-cegCarousel__desc a-cegDesc\">Feh\u00e9r \u00e9s sz\u00fcrke s\u00f3val bevont h\u00e1zfalak eml\u00e9keztetnek az egykori gy\u00f3gyt\u00f3 puszt\u00edt\u00f3 erej\u00e9re. Fot\u00f3: Federico Peretti \/ NurPhoto via AFP<\/div>\n\n\t\t\t\t\t<!-- Image social share icons -->\n\t\t\t\t\t<div class=\"m-cegCarousel__socialCnt m-cegSocial\">\n\t\t\t\t\t\t<span class=\"m-cegSocial__text\">Fot\u00f3 megoszt\u00e1sa:<\/span><span class=\"m-cegSocial__iconWrap\"><span class=\"m-cegSocial__icon -facebook _ce_measure_link _ce_measure_widget\" data-ce-measure-widget=\"facebookGallery-btn\"><i class=\"fab fa-facebook-f\"><\/i><\/span><span class=\"m-cegSocial__icon -pinterest _ce_measure_link _ce_measure_widget\" data-ce-measure-widget=\"printeresGallery-btn\"><i class=\"fab fa-pinterest-p\"><\/i><\/span><span class=\"m-cegSocial__icon -email _ce_measure_link _ce_measure_widget\" data-ce-measure-widget=\"emailGallery-btn\"><i class=\"far fa-envelope\"><\/i><\/span><span class=\"m-cegSocial__icon -clipboard _ce_measure_link _ce_measure_widget\" data-ce-measure-widget=\"clipboardGallery-btn\"><i class=\"fa fa-link\"><\/i><\/span><\/span>\t\t\t\t\t<\/div>\n\t\t\t\t<\/div>\n\t\t\t\t\t\t\t\t\t\t\t\t<div\n\t\t\t\t\t\tclass=\"m-cegCarousel__item -banner\"\n\t\t\t\t\t\tdata-type=\"banner\"\n\t\t\t\t\t\tdata-id=\"1\/4\/banner\"\n\t\t\t\t\t\tdata-image-url=\"\"\n\t\t\t\t\t\tdata-title=\"\"\n\t\t\t\t\t\tdata-desc=\"\">\n\n\t\t\t\t\t\t<div class=\"m-cegCarousel__floatingCnt banner-container gallery-content010\"><\/div>\n\n\t\t\t\t\t<\/div>\n\t\t\t\t\t\t\t\t\t\n\t\t\t\t<div\n\t\t\t\t\tclass=\"m-cegCarousel__item\"\n\t\t\t\t\tdata-type=\"image\"\n\t\t\t\t\tdata-id=\"1\/5\/075_peretti-floodedv221009_npSfN\"\n\t\t\t\t\tdata-image-url=\"https:\/\/www.startlap.hu\/utazas\/uploads\/sites\/3\/2025\/12\/075_peretti-floodedv221009_npSfN.jpg\"\n\t\t\t\t\tdata-title=\"vizalattivaros\"\n\t\t\t\t\tdata-desc=\"A Lago Epecu\u00e9n vize \u00e9vtizedekre nyelte el a v\u00e1rost, modern Atlantiszk\u00e9nt t\u00fcntetve el a telep\u00fcl\u00e9st. Fot\u00f3: Federico Peretti \/ NurPhoto via AFP\">\n\n\t\t\t\t\t<!-- image -->\n\t\t\t\t\t<div class=\"m-cegCarousel__floatingCnt\">\n\t\t\t\t\t\t<img decoding=\"async\" src=\"https:\/\/www.startlap.hu\/utazas\/uploads\/sites\/3\/2025\/12\/075_peretti-floodedv221009_npSfN.jpg\" class=\"m-cegCarousel__image\" alt=\"Villa Epecu\u00e9n f\u00e1k\" \/>\t\t\t\t\t\t<span class=\"fa m-cegCarousel__zoom _ce_measure_link _ce_measure_widget\" data-ce-measure-widget=\"gallery-zoom-btn\"><\/span>\n\t\t\t\t\t<\/div>\n\n\t\t\t\t\t<!-- thumb icon \/ counter, caption  -->\n\t\t\t\t\t<div class=\"m-cegCarousel__captionCnt m-cegCaption\">\n\t\t\t\t\t\t<span class=\"m-cegCaption__thumbIcon a-cegThumbIcon _ce_measure_widget _ce_measure_link\"\n\t\t\t\t\t\t\t  data-ce-measure-widget=\"thumbnails-btn\"\n\t\t\t\t\t\t\t  data-ce-measure-widget=\"gallery-thumbnails\"><i class=\" fa fa-th-large\"><\/i><\/span>\n\t\t\t\t\t\t<span class=\"m-cegCaption__pagination a-cegPagination\">\n\t\t\t\t\t\t\t<span class=\"a-cegPagination__current\">5<\/span>\/6\t\t\t\t\t\t<\/span>\n\t\t\t\t\t\t<span class=\"m-cegCaption__caption\">vizalattivaros<\/span>\n\t\t\t\t\t<\/div>\n\n\t\t\t\t\t<!-- Image description -->\n\t\t\t\t\t<div class=\"m-cegCarousel__desc a-cegDesc\">A Lago Epecu\u00e9n vize \u00e9vtizedekre nyelte el a v\u00e1rost, modern Atlantiszk\u00e9nt t\u00fcntetve el a telep\u00fcl\u00e9st. Fot\u00f3: Federico Peretti \/ NurPhoto via AFP<\/div>\n\n\t\t\t\t\t<!-- Image social share icons -->\n\t\t\t\t\t<div class=\"m-cegCarousel__socialCnt m-cegSocial\">\n\t\t\t\t\t\t<span class=\"m-cegSocial__text\">Fot\u00f3 megoszt\u00e1sa:<\/span><span class=\"m-cegSocial__iconWrap\"><span class=\"m-cegSocial__icon -facebook _ce_measure_link _ce_measure_widget\" data-ce-measure-widget=\"facebookGallery-btn\"><i class=\"fab fa-facebook-f\"><\/i><\/span><span class=\"m-cegSocial__icon -pinterest _ce_measure_link _ce_measure_widget\" data-ce-measure-widget=\"printeresGallery-btn\"><i class=\"fab fa-pinterest-p\"><\/i><\/span><span class=\"m-cegSocial__icon -email _ce_measure_link _ce_measure_widget\" data-ce-measure-widget=\"emailGallery-btn\"><i class=\"far fa-envelope\"><\/i><\/span><span class=\"m-cegSocial__icon -clipboard _ce_measure_link _ce_measure_widget\" data-ce-measure-widget=\"clipboardGallery-btn\"><i class=\"fa fa-link\"><\/i><\/span><\/span>\t\t\t\t\t<\/div>\n\t\t\t\t<\/div>\n\t\t\t\t\t\t\t\n\t\t\t\t<div\n\t\t\t\t\tclass=\"m-cegCarousel__item\"\n\t\t\t\t\tdata-type=\"image\"\n\t\t\t\t\tdata-id=\"1\/6\/075_peretti-floodedv221009_npPIj\"\n\t\t\t\t\tdata-image-url=\"https:\/\/www.startlap.hu\/utazas\/uploads\/sites\/3\/2025\/12\/075_peretti-floodedv221009_npPIj.jpg\"\n\t\t\t\t\tdata-title=\"vizalattivaros\"\n\t\t\t\t\tdata-desc=\"Az egykori \u00fcd\u00fcl\u0151v\u00e1rost ma vastag s\u00f3r\u00e9teg bor\u00edtja.Fot\u00f3: Federico Peretti \/ NurPhoto via AFP\">\n\n\t\t\t\t\t<!-- image -->\n\t\t\t\t\t<div class=\"m-cegCarousel__floatingCnt\">\n\t\t\t\t\t\t<img decoding=\"async\" src=\"https:\/\/www.startlap.hu\/utazas\/uploads\/sites\/3\/2025\/12\/075_peretti-floodedv221009_npPIj.jpg\" class=\"m-cegCarousel__image\" alt=\"Villa Epecu\u00e9n romok\" \/>\t\t\t\t\t\t<span class=\"fa m-cegCarousel__zoom _ce_measure_link _ce_measure_widget\" data-ce-measure-widget=\"gallery-zoom-btn\"><\/span>\n\t\t\t\t\t<\/div>\n\n\t\t\t\t\t<!-- thumb icon \/ counter, caption  -->\n\t\t\t\t\t<div class=\"m-cegCarousel__captionCnt m-cegCaption\">\n\t\t\t\t\t\t<span class=\"m-cegCaption__thumbIcon a-cegThumbIcon _ce_measure_widget _ce_measure_link\"\n\t\t\t\t\t\t\t  data-ce-measure-widget=\"thumbnails-btn\"\n\t\t\t\t\t\t\t  data-ce-measure-widget=\"gallery-thumbnails\"><i class=\" fa fa-th-large\"><\/i><\/span>\n\t\t\t\t\t\t<span class=\"m-cegCaption__pagination a-cegPagination\">\n\t\t\t\t\t\t\t<span class=\"a-cegPagination__current\">6<\/span>\/6\t\t\t\t\t\t<\/span>\n\t\t\t\t\t\t<span class=\"m-cegCaption__caption\">vizalattivaros<\/span>\n\t\t\t\t\t<\/div>\n\n\t\t\t\t\t<!-- Image description -->\n\t\t\t\t\t<div class=\"m-cegCarousel__desc a-cegDesc\">Az egykori \u00fcd\u00fcl\u0151v\u00e1rost ma vastag s\u00f3r\u00e9teg bor\u00edtja.Fot\u00f3: Federico Peretti \/ NurPhoto via AFP<\/div>\n\n\t\t\t\t\t<!-- Image social share icons -->\n\t\t\t\t\t<div class=\"m-cegCarousel__socialCnt m-cegSocial\">\n\t\t\t\t\t\t<span class=\"m-cegSocial__text\">Fot\u00f3 megoszt\u00e1sa:<\/span><span class=\"m-cegSocial__iconWrap\"><span class=\"m-cegSocial__icon -facebook _ce_measure_link _ce_measure_widget\" data-ce-measure-widget=\"facebookGallery-btn\"><i class=\"fab fa-facebook-f\"><\/i><\/span><span class=\"m-cegSocial__icon -pinterest _ce_measure_link _ce_measure_widget\" data-ce-measure-widget=\"printeresGallery-btn\"><i class=\"fab fa-pinterest-p\"><\/i><\/span><span class=\"m-cegSocial__icon -email _ce_measure_link _ce_measure_widget\" data-ce-measure-widget=\"emailGallery-btn\"><i class=\"far fa-envelope\"><\/i><\/span><span class=\"m-cegSocial__icon -clipboard _ce_measure_link _ce_measure_widget\" data-ce-measure-widget=\"clipboardGallery-btn\"><i class=\"fa fa-link\"><\/i><\/span><\/span>\t\t\t\t\t<\/div>\n\t\t\t\t<\/div>\n\t\t\t\t\t\t\t\t<\/div>\n\t\t<div class=\"m-cegLayer__thumbnails m-cegThumbList _ce_measure_widget\" data-ce-measure-widget=\"gallery-thumb-list\">\n\t\t\t\t\t\t\t\t\t\t\t<div class=\"m-cegThumbList__item\"\n\t\t\t\t\tdata-id=\"1\/1\/075_peretti-floodedv221009_npQ0O\"\n\t\t\t\t\tdata-index=\"0\">\n\t\t\t\t\t<img decoding=\"async\" src=\"https:\/\/www.startlap.hu\/utazas\/uploads\/sites\/3\/2025\/12\/075_peretti-floodedv221009_npQ0O.jpg\" class=\"m-cegThumbList__image _ce_measure_link\" alt=\"Villa Epecu\u00e9n l\u00e9pcs\u0151 a semmibe\" \/>\t\t\t\t<\/div>\n\t\t\t\t\t\t\t\t\t\t\t<div class=\"m-cegThumbList__item\"\n\t\t\t\t\tdata-id=\"1\/2\/075_peretti-floodedv221009_np2K8\"\n\t\t\t\t\tdata-index=\"1\">\n\t\t\t\t\t<img decoding=\"async\" src=\"https:\/\/www.startlap.hu\/utazas\/uploads\/sites\/3\/2025\/12\/075_peretti-floodedv221009_np2K8.jpg\" class=\"m-cegThumbList__image _ce_measure_link\" alt=\"Villa Epecu\u00e9n v\u00edz kacs\u00e1kkal\" \/>\t\t\t\t<\/div>\n\t\t\t\t\t\t\t\t\t\t\t<div class=\"m-cegThumbList__item\"\n\t\t\t\t\tdata-id=\"1\/3\/075_peretti-floodedv221009_npHjB\"\n\t\t\t\t\tdata-index=\"2\">\n\t\t\t\t\t<img decoding=\"async\" src=\"https:\/\/www.startlap.hu\/utazas\/uploads\/sites\/3\/2025\/12\/075_peretti-floodedv221009_npHjB.jpg\" class=\"m-cegThumbList__image _ce_measure_link\" alt=\"Villa Epecu\u00e9n romos h\u00e1z\" \/>\t\t\t\t<\/div>\n\t\t\t\t\t\t\t\t\t\t\t\t\t\t\t<div class=\"m-cegThumbList__item\"\n\t\t\t\t\tdata-id=\"1\/5\/075_peretti-floodedv221009_npSfN\"\n\t\t\t\t\tdata-index=\"4\">\n\t\t\t\t\t<img decoding=\"async\" src=\"https:\/\/www.startlap.hu\/utazas\/uploads\/sites\/3\/2025\/12\/075_peretti-floodedv221009_npSfN.jpg\" class=\"m-cegThumbList__image _ce_measure_link\" alt=\"Villa Epecu\u00e9n f\u00e1k\" \/>\t\t\t\t<\/div>\n\t\t\t\t\t\t\t\t\t\t\t<div class=\"m-cegThumbList__item\"\n\t\t\t\t\tdata-id=\"1\/6\/075_peretti-floodedv221009_npPIj\"\n\t\t\t\t\tdata-index=\"5\">\n\t\t\t\t\t<img decoding=\"async\" src=\"https:\/\/www.startlap.hu\/utazas\/uploads\/sites\/3\/2025\/12\/075_peretti-floodedv221009_npPIj.jpg\" class=\"m-cegThumbList__image _ce_measure_link\" alt=\"Villa Epecu\u00e9n romok\" \/>\t\t\t\t<\/div>\n\t\t\t\t\t<\/div>\n\t<\/div>\n\t<div class=\"m-cegLayer__sidebar m-cegSidebar _ce_measure_widget\" data-ce-measure-widget=\"gallery-sidebar\">\n\n\t\t<div class=\"m-cegSidebar__desc a-cegDesc _ce_measure_widget\" data-ce-measure-widget=\"gallery-desc\"><\/div>\n\n\t\t<div class=\"m-cegSidebar__socialCnt m-cegSocial -sidebar _ce_measure_widget\" data-ce-measure-widget=\"gallery-social\">\n\t\t\t<span class=\"m-cegSocial__text\">Fot\u00f3 megoszt\u00e1sa:<\/span><span class=\"m-cegSocial__iconWrap\"><span class=\"m-cegSocial__icon -facebook _ce_measure_link _ce_measure_widget\" data-ce-measure-widget=\"facebookGallery-btn\"><i class=\"fab fa-facebook-f\"><\/i><\/span><span class=\"m-cegSocial__icon -pinterest _ce_measure_link _ce_measure_widget\" data-ce-measure-widget=\"printeresGallery-btn\"><i class=\"fab fa-pinterest-p\"><\/i><\/span><span class=\"m-cegSocial__icon -email _ce_measure_link _ce_measure_widget\" data-ce-measure-widget=\"emailGallery-btn\"><i class=\"far fa-envelope\"><\/i><\/span><span class=\"m-cegSocial__icon -clipboard _ce_measure_link _ce_measure_widget\" data-ce-measure-widget=\"clipboardGallery-btn\"><i class=\"fa fa-link\"><\/i><\/span><\/span>\t\t<\/div>\n\n\t\t<div class=\"gallery-right010 banner-container\"><\/div>\n\t\t<div class=\"gallery-right020 banner-container\"><\/div>\n\n\t<\/div>\n<\/div>\n\t<\/div>\n\n\t<script>\n\t\tjQuery(function () {\n\t\t\tvar id = '#cegPostCnt_1';\n\t\t\tjQuery( id ).articleGallery({\n\t\t\t\tonChanged: function (event) {\n\t\t\t\t\t\tthis.renderSidebarCTS( 'gallery-right010' );\n\t\t\t\t\t\tthis.renderSidebarCTS( 'gallery-right020' );\n\t\t\t\t\t\tthis.renderBannerSlideCTS(  event,\n\t\t\t\t\t\t\t\t\t\t\t\t\t[\n\t\t\t\t\t\t\t\t\t\t\t\t\t\t'gallery-content010',\n\t\t\t\t\t\t\t\t\t\t\t\t\t\t'gallery-content020',\n\t\t\t\t\t\t\t\t\t\t\t\t\t\t'gallery-content030'\n\t\t\t\t\t\t\t\t\t\t\t\t\t]);\n\t\t\t\t}\n\t\t\t});\n\t\t});\n\t<\/script>\t\n<p>Villa Epecu\u00e9n, az egykori n\u00e9pszer\u0171 t\u00f3parti \u00fcd\u00fcl\u0151hely <a href=\"https:\/\/www.startlap.hu\/utazas\/teli-etelek-amerika\/\" target=\"_blank\" rel=\"noopener\">Argent\u00edn\u00e1ban<\/a>, ma n\u00e9ma k\u00eds\u00e9rtetv\u00e1rosk\u00e9nt l\u00e9tezik tov\u00e1bb, mind\u00f6ssze mintegy hat kilom\u00e9terre Carhu\u00e9 v\u00e1ros\u00e1t\u00f3l, Buenos Aires tartom\u00e1nyban. A telep\u00fcl\u00e9st az 1920-as \u00e9vek elej\u00e9n alap\u00edtott\u00e1k, \u00e9s vas\u00faton is \u00f6sszek\u00f6ttet\u00e9sben \u00e1llt az argentin f\u0151v\u00e1rossal.<\/p>\n<div class=\"o-widget m-readMoreWidget -readMore u-shortDecorLineAfter row widget-container _ce_measure_widget bigdata-widget read-more\" data-ce-measure-widget=\"olvass tov\u00e1bb\">\n\t<div class=\"m-readMoreWidget__imgWrapper image-wrapper col-12 col-md-4 no-p\">\n\t\t<a class=\"m-readMoreWidget__imgLink\" href=\"https:\/\/www.startlap.hu\/utazas\/teljes-napfogyatkozas-2027-augusztus-hat-perces-rekord\/\" >\n\t\t\t<img decoding=\"async\" src=\"https:\/\/www.startlap.hu\/utazas\/uploads\/sites\/3\/2024\/04\/napfogyatkozas-01-350x285.jpg\" class=\"m-readMoreWidget__img\">\n\t\t<\/a>\n\t<\/div>\n\t<div class=\"m-readMoreWidget__titleWrapper title-wrapper col-12 col-md-8\">\n\t\t<span class=\"m-readMoreWidget__titleLabel u-shortDecorLineBefore label hidden-sm-up\">Ez is \u00e9rdekelhet:<\/span>\n\t\t<h3 class=\"m-readMoreWidget__title title\">\n\t\t\t<a class=\"m-readMoreWidget__titleLink -secondFont u-bold u-upperCase\" href=\"https:\/\/www.startlap.hu\/utazas\/teljes-napfogyatkozas-2027-augusztus-hat-perces-rekord\/\" >Hat percre els\u00f6t\u00e9t\u00fcl az \u00e9g nappal: m\u00e1r foglalj\u00e1k a sz\u00e1llod\u00e1kat a ritka napfogyatkoz\u00e1sra &#8211; ami ezut\u00e1n csak 2114-ben lesz l\u00e1that\u00f3<\/a>\n\t\t<\/h3>\n\t\t<a class=\"m-readMoreWidget__btn -coloredBack u-tC link\" href=\"https:\/\/www.startlap.hu\/utazas\/teljes-napfogyatkozas-2027-augusztus-hat-perces-rekord\/\" >Elolvasom<\/a>\n\t<\/div>\n<\/div>\n<p>A v\u00e1ros k\u00f6zponti vonzerej\u00e9t a s\u00f3s viz\u0171 Lago Epecu\u00e9n jelentette, amelynek gy\u00f3gyhat\u00e1st tulajdon\u00edtottak, \u00e9s ezt akt\u00edvan hirdett\u00e9k is. A t\u00f3 \u00e9s a k\u00f6r\u00e9 \u00e9p\u00fclt \u00fcd\u00fcl\u0151v\u00e1ros k\u00fcl\u00f6n\u00f6sen n\u00e9pszer\u0171 volt a <a href=\"https:\/\/www.startlap.hu\/utazas\/vilag-leghosszabb-repulojarata-kina-argentina-china-eastern\/\" target=\"_blank\" rel=\"noopener\">Buenos Airesb\u0151l<\/a> \u00e9rkez\u0151 nyaral\u00f3k k\u00f6r\u00e9ben. A helyiek sz\u00e1m\u00e1ra t\u00f6bb mint hatvan \u00e9ven \u00e1t nyugodt, kiegyens\u00falyozott \u00e9letet biztos\u00edtott a telep\u00fcl\u00e9s \u2013 eg\u00e9szen 1985-ig.<\/p>\n<blockquote class=\"article__extraTxt\"><p>Ekkor november 6-\u00e1n egy ritka id\u0151j\u00e1r\u00e1si jelens\u00e9g k\u00f6vetkezt\u00e9ben kialakult \u00fagynevezett szeiche, vagyis \u00e1ll\u00f3hull\u00e1m \u00e1tszak\u00edtott egy k\u00f6zeli g\u00e1tat.<\/p><\/blockquote>\n<p>Az Epecu\u00e9nt v\u00e9d\u0151 t\u00f6lt\u00e9s nem b\u00edrta a terhel\u00e9st, \u00e9s a v\u00edz el\u00e1rasztotta a v\u00e1rost.<strong> A v\u00edzszint v\u00e9g\u00fcl 1993-ban \u00e9rte el a cs\u00facspontj\u00e1t: ekkor m\u00e1r mintegy 10 m\u00e9terrel bor\u00edtotta be az egykori utc\u00e1kat \u00e9s \u00e9p\u00fcleteket.<\/strong> A telep\u00fcl\u00e9s lakhatatlann\u00e1 v\u00e1lt, \u00e9s soha nem \u00e9p\u00edtett\u00e9k \u00fajj\u00e1.<\/p>\n<p>A v\u00e1ros <a href=\"https:\/\/www.startlap.hu\/utazas\/kevesbe-ismert-izgalmas-romok-europaban\/\" target=\"_blank\" rel=\"noopener\">romjai<\/a> ma is j\u00f3l l\u00e1that\u00f3k: sok \u00e9p\u00fcletet vastag, feh\u00e9r \u00e9s sz\u00fcrke s\u00f3r\u00e9teg bor\u00edt be, amely a t\u00f3 viz\u00e9b\u0151l rak\u00f3dott le. A f\u00e9nykora idej\u00e9n Epecu\u00e9nben mintegy 280 v\u00e1llalkoz\u00e1s m\u0171k\u00f6d\u00f6tt \u2013 panzi\u00f3k, vend\u00e9gh\u00e1zak, sz\u00e1llod\u00e1k \u00e9s k\u00fcl\u00f6nf\u00e9le \u00fczletek. Az 1950-es \u00e9s 1970-es \u00e9vek k\u00f6z\u00f6tt, november \u00e9s m\u00e1rcius k\u00f6z\u00f6tt \u00e9vente k\u00f6r\u00fclbel\u00fcl 25 ezer turista kereste fel a v\u00e1rost.<\/p>\n<h2>A v\u00edz m\u00e1ra visszah\u00faz\u00f3dott<\/h2>\n<p>Az id\u0151j\u00e1r\u00e1s k\u00e9s\u0151bb megv\u00e1ltozott, \u00e9s 2009-ben a v\u00edz lassan visszah\u00faz\u00f3dott, felt\u00e1rva egy k\u00fcl\u00f6n\u00f6s, szinte apokaliptikus t\u00e1jat. A romok k\u00f6z\u00fcl el\u0151bukkantak az egykori h\u00e1zak maradv\u00e1nyai, rozsd\u00e1s \u00e1gykeretek, elhalt f\u00e1k \u00e9s f\u00e9lig \u00f6sszeomlott \u00e9p\u00fcletek, amelyek k\u00eds\u00e9rteties m\u00f3don magasodnak a s\u00edk vid\u00e9ken.<\/p>\n<p><strong>Ekkor t\u00e9rt vissza a v\u00e1rosba Pablo Novak is, aki 1930-ban sz\u00fcletett, \u00e9s egykor Epecu\u00e9n lak\u00f3ja volt.<\/strong> A v\u00edz visszah\u00faz\u00f3d\u00e1sa ut\u00e1n nosztalgi\u00e1b\u00f3l k\u00f6lt\u00f6z\u00f6tt vissza r\u00e9gi otthon\u00e1ba. Az id\u0151s f\u00e9rfi \u00e9let\u00e9t \u00e9s mindennapjait a 2013-ban bemutatott Pablo\u2019s Villa c\u00edm\u0171 dokumentumfilm \u00f6r\u00f6k\u00edtette meg. Pablo Novak 2024. janu\u00e1r 22-\u00e9n hunyt el, \u00e9s hal\u00e1l\u00e1ig a romok k\u00f6z\u00f6tt \u00e9lt \u2013 \u0151 volt az egyetlen eredeti lakos, aki visszat\u00e9rt, hogy \u00e9lete utols\u00f3 \u00e9veit a pusztul\u00f3 telep\u00fcl\u00e9sen t\u00f6ltse. Hal\u00e1l\u00e1t k\u00f6vet\u0151en a v\u00e1ros ism\u00e9t teljesen eln\u00e9ptelenedett.&nbsp;<\/p>\n<p>Villa Epecu\u00e9n t\u00f6rt\u00e9nete egyszerre leny\u0171g\u00f6z\u0151 \u00e9s h\u00e1tborzongat\u00f3 \u2013 egy v\u00e1ros, amelyet a term\u00e9szet ereje t\u00f6r\u00f6lt el, majd \u00e9vtizedekkel k\u00e9s\u0151bb visszaadott a felsz\u00ednnek, hogy n\u00e9ma mement\u00f3k\u00e9nt eml\u00e9keztessen az elm\u00fal\u00e1sra.<\/p>\n<p><a href=\"https:\/\/www.express.co.uk\/travel\/america\/2078110\/ghost-town-villa-Epecuen-argentina\" target=\"_blank\" target=\"_blank\" rel=\"noopener\"><strong>via<\/strong><\/a><\/p>\n<div class=\"o-widget m-readMoreWidget -readMore u-shortDecorLineAfter row widget-container _ce_measure_widget bigdata-widget read-more\" data-ce-measure-widget=\"olvass tov\u00e1bb\">\n\t<div class=\"m-readMoreWidget__imgWrapper image-wrapper col-12 col-md-4 no-p\">\n\t\t<a class=\"m-readMoreWidget__imgLink\" href=\"https:\/\/www.startlap.hu\/utazas\/balatonfured-jegpalya-jegfolyoso-korcsolya-tel-fotok\/\" >\n\t\t\t<img decoding=\"async\" src=\"https:\/\/www.startlap.hu\/utazas\/uploads\/sites\/3\/2025\/12\/balatonfuredi-jegpalya5-350x285.jpg\" class=\"m-readMoreWidget__img\">\n\t\t<\/a>\n\t<\/div>\n\t<div class=\"m-readMoreWidget__titleWrapper title-wrapper col-12 col-md-8\">\n\t\t<span class=\"m-readMoreWidget__titleLabel u-shortDecorLineBefore label hidden-sm-up\">Ez is \u00e9rdekelhet:<\/span>\n\t\t<h3 class=\"m-readMoreWidget__title title\">\n\t\t\t<a class=\"m-readMoreWidget__titleLink -secondFont u-bold u-upperCase\" href=\"https:\/\/www.startlap.hu\/utazas\/balatonfured-jegpalya-jegfolyoso-korcsolya-tel-fotok\/\" >Dr\u00f3nfot\u00f3kon a Balaton legnagyobb t\u00e9li attrakci\u00f3ja: megny\u00edlt a j\u00e9gfolyos\u00f3<\/a>\n\t\t<\/h3>\n\t\t<a class=\"m-readMoreWidget__btn -coloredBack u-tC link\" href=\"https:\/\/www.startlap.hu\/utazas\/balatonfured-jegpalya-jegfolyoso-korcsolya-tel-fotok\/\" >Elolvasom<\/a>\n\t<\/div>\n<\/div>\n","protected":false},"excerpt":{"rendered":"<p>Egykor t\u00f6bb ezer turist\u00e1t vonz\u00f3, \u00e9l\u00e9nk \u00fcd\u00fcl\u0151hely volt, ma azonban csak romok \u00e9s csend maradt ut\u00e1na. Villa Epecu\u00e9n t\u00f6rt\u00e9nete h\u00e1tborzongat\u00f3 p\u00e9ld\u00e1ja annak, hogyan t\u0171nhet el egy eg\u00e9sz v\u00e1ros a v\u00edz alatt \u2013 majd bukkanhat el\u0151 \u00fajra szellemk\u00e9nt.<\/p>\n","protected":false},"author":64,"featured_media":99842,"comment_status":"closed","ping_status":"closed","sticky":false,"template":"","format":"standard","meta":{"footnotes":""},"categories":[70],"tags":[764,4742],"class_list":["post-99838","post","type-post","status-publish","format-standard","has-post-thumbnail","hentry","category-vilag","tag-argentina","tag-viz-alatti-varos"],"aioseo_notices":[],"_links":{"self":[{"href":"https:\/\/www.startlap.hu\/utazas\/wp-json\/wp\/v2\/posts\/99838","targetHints":{"allow":["GET"]}}],"collection":[{"href":"https:\/\/www.startlap.hu\/utazas\/wp-json\/wp\/v2\/posts"}],"about":[{"href":"https:\/\/www.startlap.hu\/utazas\/wp-json\/wp\/v2\/types\/post"}],"author":[{"embeddable":true,"href":"https:\/\/www.startlap.hu\/utazas\/wp-json\/wp\/v2\/users\/64"}],"replies":[{"embeddable":true,"href":"https:\/\/www.startlap.hu\/utazas\/wp-json\/wp\/v2\/comments?post=99838"}],"version-history":[{"count":4,"href":"https:\/\/www.startlap.hu\/utazas\/wp-json\/wp\/v2\/posts\/99838\/revisions"}],"predecessor-version":[{"id":99872,"href":"https:\/\/www.startlap.hu\/utazas\/wp-json\/wp\/v2\/posts\/99838\/revisions\/99872"}],"wp:featuredmedia":[{"embeddable":true,"href":"https:\/\/www.startlap.hu\/utazas\/wp-json\/wp\/v2\/media\/99842"}],"wp:attachment":[{"href":"https:\/\/www.startlap.hu\/utazas\/wp-json\/wp\/v2\/media?parent=99838"}],"wp:term":[{"taxonomy":"category","embeddable":true,"href":"https:\/\/www.startlap.hu\/utazas\/wp-json\/wp\/v2\/categories?post=99838"},{"taxonomy":"post_tag","embeddable":true,"href":"https:\/\/www.startlap.hu\/utazas\/wp-json\/wp\/v2\/tags?post=99838"}],"curies":[{"name":"wp","href":"https:\/\/api.w.org\/{rel}","templated":true}]}}