{"id":99795,"date":"2025-12-14T19:50:24","date_gmt":"2025-12-14T18:50:24","guid":{"rendered":"https:\/\/www.startlap.hu\/utazas\/?p=99795"},"modified":"2025-12-14T19:50:24","modified_gmt":"2025-12-14T18:50:24","slug":"balatonfured-jegpalya-jegfolyoso-korcsolya-tel-fotok","status":"publish","type":"post","link":"https:\/\/www.startlap.hu\/utazas\/balatonfured-jegpalya-jegfolyoso-korcsolya-tel-fotok\/","title":{"rendered":"Dr\u00f3nfot\u00f3kon a Balaton legnagyobb t\u00e9li attrakci\u00f3ja: megny\u00edlt a j\u00e9gfolyos\u00f3"},"content":{"rendered":"<p>Balatonf\u00fcred h\u00e9tv\u00e9g\u00e9n megny\u00edlt j\u00e9gp\u00e1lya nem egy klasszikus, kis k\u00f6r alak\u00fa korcsolyap\u00e1lya: h\u00e1rom j\u00e9gfel\u00fcletet \u00e9s egy csaknem 1 km hossz\u00fa j\u00e9gfolyos\u00f3t foglal mag\u00e1ban. <strong>Vagyis a Z\u00e1konyi utcai, a Vitorl\u00e1s t\u00e9ri, \u00e9s a Tagore s\u00e9t\u00e1nyon \u00e1ll\u00f3 p\u00e1ly\u00e1kat k\u00f6ti \u00f6ssze<\/strong>, \u00edgy a <strong><a href=\"https:\/\/www.startlap.hu\/utazas\/balaton-osz-utoszezon-programok-uti-cel-ajanlo-2025\/\" target=\"_blank\" rel=\"noopener\">Balaton<\/a><\/strong> partj\u00e1n, fest\u0151i panor\u00e1ma mellett siklani k\u00fcl\u00f6nleges \u00e9lm\u00e9nyt jelent.<\/p>\n\n\t<div id=\"cegPostCnt_1\" class=\"o-cegPostCnt -inContent\" data-title=\"Dr\u00f3nfot\u00f3kon a Balaton legnagyobb t\u00e9li attrakci\u00f3ja: megny\u00edlt a j\u00e9gfolyos\u00f3\">\n\t\t<a class=\"o-cegPostCnt__opener m-cegOpener _ce_measure_widget _ce_measure_link\" data-ce-measure-widget=\"gallery-open\"\n   href=\"?gallery=1\/1\/balatonfuredi-jegpalya-scaled\">\n\t<img decoding=\"async\" src=\"https:\/\/www.startlap.hu\/utazas\/uploads\/sites\/3\/2025\/12\/balatonfuredi-jegpalya-scaled.jpg\" class=\"m-cegOpener__image\" alt=\"A dr\u00f3nnal k\u00e9sz\u00fclt felv\u00e9telen a balatonf\u00fcredi j\u00e9gp\u00e1lya a megnyit\u00e1s napj\u00e1n\" sizes=\"(max-width: 991px) 100vw, (max-width: 1039px) 66vw, 684px\" srcset=\"https:\/\/www.startlap.hu\/utazas\/uploads\/sites\/3\/2025\/12\/balatonfuredi-jegpalya-scaled.jpg 2560w, https:\/\/www.startlap.hu\/utazas\/uploads\/sites\/3\/2025\/12\/balatonfuredi-jegpalya-1536x1024.jpg 1536w, https:\/\/www.startlap.hu\/utazas\/uploads\/sites\/3\/2025\/12\/balatonfuredi-jegpalya-2048x1365.jpg 2048w, https:\/\/www.startlap.hu\/utazas\/uploads\/sites\/3\/2025\/12\/balatonfuredi-jegpalya-755x503.jpg 755w, https:\/\/www.startlap.hu\/utazas\/uploads\/sites\/3\/2025\/12\/balatonfuredi-jegpalya-525x350.jpg 525w\" \/>\t<div class=\"m-cegOpener__btn\"><i class=\"far fa-clone\"><\/i><\/div>\n<\/a>\n<div class=\"o-cegPostCnt__layer m-cegLayer _ce_measure_widget\" data-ce-measure-widget=\"gallery-layer\" style=\"display: none\">\n\t<div class=\"m-cegLayer__top m-cegHeader _ce_measure_widget\" data-ce-measure-widget=\"gallery-header\">\n\t\t\t\t\t<span class=\"m-cegHeader__logo\"><span class=\"a-cegLogo\"><\/span><\/span>\n\t\t\t\t<div class=\"m-cegHeader__imgCnt\">\n\t\t\t<img decoding=\"async\" src=\"https:\/\/www.startlap.hu\/utazas\/uploads\/sites\/3\/2025\/12\/balatonfuredi-jegpalya-scaled.jpg\" class=\"m-cegHeader__imgOpener\" alt=\"A dr\u00f3nnal k\u00e9sz\u00fclt felv\u00e9telen a balatonf\u00fcredi j\u00e9gp\u00e1lya a megnyit\u00e1s napj\u00e1n\" \/>\t\t<\/div>\n\t\t<h2 class=\"m-cegHeader__title a-cegGalleryTitle\"><i class=\"fa fa-angle-left\"><\/i>Dr\u00f3nfot\u00f3kon a Balaton legnagyobb t\u00e9li attrakci\u00f3ja: megny\u00edlt a j\u00e9gfolyos\u00f3<\/h2>\n\t\t<div class=\"m-cegHeader__pagination a-cegPagination\"><\/div>\n\t\t<div class=\"m-cegHeader__closeBtn close-button nlc-icon-close _ce_measure_link _ce_measure_widget\" data-ce-measure-widget=\"gallery-close-btn\"><i class=\"fa fa-times\" aria-hidden=\"true\"><\/i><\/div>\n\t<\/div>\n\t<div class=\"m-cegLayer__screen\">\n\t\t<div class=\"m-cegLayer__carousel m-cegCarousel\">\n\t\t\t\t\t\t\t\n\t\t\t\t<div\n\t\t\t\t\tclass=\"m-cegCarousel__item\"\n\t\t\t\t\tdata-type=\"image\"\n\t\t\t\t\tdata-id=\"1\/1\/balatonfuredi-jegpalya-scaled\"\n\t\t\t\t\tdata-image-url=\"https:\/\/www.startlap.hu\/utazas\/uploads\/sites\/3\/2025\/12\/balatonfuredi-jegpalya-scaled.jpg\"\n\t\t\t\t\tdata-title=\"balatonfuredi-jegpalya\"\n\t\t\t\t\tdata-desc=\"A dr\u00f3nnal k\u00e9sz\u00fclt felv\u00e9telen a balatonf\u00fcredi j\u00e9gp\u00e1lya a megnyit\u00e1s napj\u00e1n, 2025. december 13-\u00e1n. Fot\u00f3: MTI\/Vasv\u00e1ri Tam\u00e1s\">\n\n\t\t\t\t\t<!-- image -->\n\t\t\t\t\t<div class=\"m-cegCarousel__floatingCnt\">\n\t\t\t\t\t\t<img decoding=\"async\" src=\"https:\/\/www.startlap.hu\/utazas\/uploads\/sites\/3\/2025\/12\/balatonfuredi-jegpalya-scaled.jpg\" class=\"m-cegCarousel__image\" alt=\"A dr\u00f3nnal k\u00e9sz\u00fclt felv\u00e9telen a balatonf\u00fcredi j\u00e9gp\u00e1lya a megnyit\u00e1s napj\u00e1n\" \/>\t\t\t\t\t\t<span class=\"fa m-cegCarousel__zoom _ce_measure_link _ce_measure_widget\" data-ce-measure-widget=\"gallery-zoom-btn\"><\/span>\n\t\t\t\t\t<\/div>\n\n\t\t\t\t\t<!-- thumb icon \/ counter, caption  -->\n\t\t\t\t\t<div class=\"m-cegCarousel__captionCnt m-cegCaption\">\n\t\t\t\t\t\t<span class=\"m-cegCaption__thumbIcon a-cegThumbIcon _ce_measure_widget _ce_measure_link\"\n\t\t\t\t\t\t\t  data-ce-measure-widget=\"thumbnails-btn\"\n\t\t\t\t\t\t\t  data-ce-measure-widget=\"gallery-thumbnails\"><i class=\" fa fa-th-large\"><\/i><\/span>\n\t\t\t\t\t\t<span class=\"m-cegCaption__pagination a-cegPagination\">\n\t\t\t\t\t\t\t<span class=\"a-cegPagination__current\">1<\/span>\/8\t\t\t\t\t\t<\/span>\n\t\t\t\t\t\t<span class=\"m-cegCaption__caption\">balatonfuredi-jegpalya<\/span>\n\t\t\t\t\t<\/div>\n\n\t\t\t\t\t<!-- Image description -->\n\t\t\t\t\t<div class=\"m-cegCarousel__desc a-cegDesc\">A dr\u00f3nnal k\u00e9sz\u00fclt felv\u00e9telen a balatonf\u00fcredi j\u00e9gp\u00e1lya a megnyit\u00e1s napj\u00e1n, 2025. december 13-\u00e1n. Fot\u00f3: MTI\/Vasv\u00e1ri Tam\u00e1s<\/div>\n\n\t\t\t\t\t<!-- Image social share icons -->\n\t\t\t\t\t<div class=\"m-cegCarousel__socialCnt m-cegSocial\">\n\t\t\t\t\t\t<span class=\"m-cegSocial__text\">Fot\u00f3 megoszt\u00e1sa:<\/span><span class=\"m-cegSocial__iconWrap\"><span class=\"m-cegSocial__icon -facebook _ce_measure_link _ce_measure_widget\" data-ce-measure-widget=\"facebookGallery-btn\"><i class=\"fab fa-facebook-f\"><\/i><\/span><span class=\"m-cegSocial__icon -pinterest _ce_measure_link _ce_measure_widget\" data-ce-measure-widget=\"printeresGallery-btn\"><i class=\"fab fa-pinterest-p\"><\/i><\/span><span class=\"m-cegSocial__icon -email _ce_measure_link _ce_measure_widget\" data-ce-measure-widget=\"emailGallery-btn\"><i class=\"far fa-envelope\"><\/i><\/span><span class=\"m-cegSocial__icon -clipboard _ce_measure_link _ce_measure_widget\" data-ce-measure-widget=\"clipboardGallery-btn\"><i class=\"fa fa-link\"><\/i><\/span><\/span>\t\t\t\t\t<\/div>\n\t\t\t\t<\/div>\n\t\t\t\t\t\t\t\n\t\t\t\t<div\n\t\t\t\t\tclass=\"m-cegCarousel__item\"\n\t\t\t\t\tdata-type=\"image\"\n\t\t\t\t\tdata-id=\"1\/2\/balatonfuredi-jegpalya2-scaled\"\n\t\t\t\t\tdata-image-url=\"https:\/\/www.startlap.hu\/utazas\/uploads\/sites\/3\/2025\/12\/balatonfuredi-jegpalya2-scaled.jpg\"\n\t\t\t\t\tdata-title=\"balatonfuredi-jegpalya2\"\n\t\t\t\t\tdata-desc=\"A dr\u00f3nnal k\u00e9sz\u00fclt felv\u00e9telen a balatonf\u00fcredi j\u00e9gp\u00e1lya a megnyit\u00e1s napj\u00e1n, 2025. december 13-\u00e1n. Fot\u00f3: MTI\/Vasv\u00e1ri Tam\u00e1s\">\n\n\t\t\t\t\t<!-- image -->\n\t\t\t\t\t<div class=\"m-cegCarousel__floatingCnt\">\n\t\t\t\t\t\t<img decoding=\"async\" src=\"https:\/\/www.startlap.hu\/utazas\/uploads\/sites\/3\/2025\/12\/balatonfuredi-jegpalya2-scaled.jpg\" class=\"m-cegCarousel__image\" alt=\"A dr\u00f3nnal k\u00e9sz\u00fclt felv\u00e9telen a balatonf\u00fcredi j\u00e9gp\u00e1lya a megnyit\u00e1s napj\u00e1n\" \/>\t\t\t\t\t\t<span class=\"fa m-cegCarousel__zoom _ce_measure_link _ce_measure_widget\" data-ce-measure-widget=\"gallery-zoom-btn\"><\/span>\n\t\t\t\t\t<\/div>\n\n\t\t\t\t\t<!-- thumb icon \/ counter, caption  -->\n\t\t\t\t\t<div class=\"m-cegCarousel__captionCnt m-cegCaption\">\n\t\t\t\t\t\t<span class=\"m-cegCaption__thumbIcon a-cegThumbIcon _ce_measure_widget _ce_measure_link\"\n\t\t\t\t\t\t\t  data-ce-measure-widget=\"thumbnails-btn\"\n\t\t\t\t\t\t\t  data-ce-measure-widget=\"gallery-thumbnails\"><i class=\" fa fa-th-large\"><\/i><\/span>\n\t\t\t\t\t\t<span class=\"m-cegCaption__pagination a-cegPagination\">\n\t\t\t\t\t\t\t<span class=\"a-cegPagination__current\">2<\/span>\/8\t\t\t\t\t\t<\/span>\n\t\t\t\t\t\t<span class=\"m-cegCaption__caption\">balatonfuredi-jegpalya2<\/span>\n\t\t\t\t\t<\/div>\n\n\t\t\t\t\t<!-- Image description -->\n\t\t\t\t\t<div class=\"m-cegCarousel__desc a-cegDesc\">A dr\u00f3nnal k\u00e9sz\u00fclt felv\u00e9telen a balatonf\u00fcredi j\u00e9gp\u00e1lya a megnyit\u00e1s napj\u00e1n, 2025. december 13-\u00e1n. Fot\u00f3: MTI\/Vasv\u00e1ri Tam\u00e1s<\/div>\n\n\t\t\t\t\t<!-- Image social share icons -->\n\t\t\t\t\t<div class=\"m-cegCarousel__socialCnt m-cegSocial\">\n\t\t\t\t\t\t<span class=\"m-cegSocial__text\">Fot\u00f3 megoszt\u00e1sa:<\/span><span class=\"m-cegSocial__iconWrap\"><span class=\"m-cegSocial__icon -facebook _ce_measure_link _ce_measure_widget\" data-ce-measure-widget=\"facebookGallery-btn\"><i class=\"fab fa-facebook-f\"><\/i><\/span><span class=\"m-cegSocial__icon -pinterest _ce_measure_link _ce_measure_widget\" data-ce-measure-widget=\"printeresGallery-btn\"><i class=\"fab fa-pinterest-p\"><\/i><\/span><span class=\"m-cegSocial__icon -email _ce_measure_link _ce_measure_widget\" data-ce-measure-widget=\"emailGallery-btn\"><i class=\"far fa-envelope\"><\/i><\/span><span class=\"m-cegSocial__icon -clipboard _ce_measure_link _ce_measure_widget\" data-ce-measure-widget=\"clipboardGallery-btn\"><i class=\"fa fa-link\"><\/i><\/span><\/span>\t\t\t\t\t<\/div>\n\t\t\t\t<\/div>\n\t\t\t\t\t\t\t\n\t\t\t\t<div\n\t\t\t\t\tclass=\"m-cegCarousel__item\"\n\t\t\t\t\tdata-type=\"image\"\n\t\t\t\t\tdata-id=\"1\/3\/balatonfuredi-jegpalya3-scaled\"\n\t\t\t\t\tdata-image-url=\"https:\/\/www.startlap.hu\/utazas\/uploads\/sites\/3\/2025\/12\/balatonfuredi-jegpalya3-scaled.jpg\"\n\t\t\t\t\tdata-title=\"balatonfuredi-jegpalya3\"\n\t\t\t\t\tdata-desc=\"A dr\u00f3nnal k\u00e9sz\u00fclt felv\u00e9telen a balatonf\u00fcredi j\u00e9gp\u00e1lya a megnyit\u00e1s napj\u00e1n, 2025. december 13-\u00e1n. Fot\u00f3: MTI\/Vasv\u00e1ri Tam\u00e1s\">\n\n\t\t\t\t\t<!-- image -->\n\t\t\t\t\t<div class=\"m-cegCarousel__floatingCnt\">\n\t\t\t\t\t\t<img decoding=\"async\" src=\"https:\/\/www.startlap.hu\/utazas\/uploads\/sites\/3\/2025\/12\/balatonfuredi-jegpalya3-scaled.jpg\" class=\"m-cegCarousel__image\" alt=\"A dr\u00f3nnal k\u00e9sz\u00fclt felv\u00e9telen a balatonf\u00fcredi j\u00e9gp\u00e1lya a megnyit\u00e1s napj\u00e1n\" \/>\t\t\t\t\t\t<span class=\"fa m-cegCarousel__zoom _ce_measure_link _ce_measure_widget\" data-ce-measure-widget=\"gallery-zoom-btn\"><\/span>\n\t\t\t\t\t<\/div>\n\n\t\t\t\t\t<!-- thumb icon \/ counter, caption  -->\n\t\t\t\t\t<div class=\"m-cegCarousel__captionCnt m-cegCaption\">\n\t\t\t\t\t\t<span class=\"m-cegCaption__thumbIcon a-cegThumbIcon _ce_measure_widget _ce_measure_link\"\n\t\t\t\t\t\t\t  data-ce-measure-widget=\"thumbnails-btn\"\n\t\t\t\t\t\t\t  data-ce-measure-widget=\"gallery-thumbnails\"><i class=\" fa fa-th-large\"><\/i><\/span>\n\t\t\t\t\t\t<span class=\"m-cegCaption__pagination a-cegPagination\">\n\t\t\t\t\t\t\t<span class=\"a-cegPagination__current\">3<\/span>\/8\t\t\t\t\t\t<\/span>\n\t\t\t\t\t\t<span class=\"m-cegCaption__caption\">balatonfuredi-jegpalya3<\/span>\n\t\t\t\t\t<\/div>\n\n\t\t\t\t\t<!-- Image description -->\n\t\t\t\t\t<div class=\"m-cegCarousel__desc a-cegDesc\">A dr\u00f3nnal k\u00e9sz\u00fclt felv\u00e9telen a balatonf\u00fcredi j\u00e9gp\u00e1lya a megnyit\u00e1s napj\u00e1n, 2025. december 13-\u00e1n. Fot\u00f3: MTI\/Vasv\u00e1ri Tam\u00e1s<\/div>\n\n\t\t\t\t\t<!-- Image social share icons -->\n\t\t\t\t\t<div class=\"m-cegCarousel__socialCnt m-cegSocial\">\n\t\t\t\t\t\t<span class=\"m-cegSocial__text\">Fot\u00f3 megoszt\u00e1sa:<\/span><span class=\"m-cegSocial__iconWrap\"><span class=\"m-cegSocial__icon -facebook _ce_measure_link _ce_measure_widget\" data-ce-measure-widget=\"facebookGallery-btn\"><i class=\"fab fa-facebook-f\"><\/i><\/span><span class=\"m-cegSocial__icon -pinterest _ce_measure_link _ce_measure_widget\" data-ce-measure-widget=\"printeresGallery-btn\"><i class=\"fab fa-pinterest-p\"><\/i><\/span><span class=\"m-cegSocial__icon -email _ce_measure_link _ce_measure_widget\" data-ce-measure-widget=\"emailGallery-btn\"><i class=\"far fa-envelope\"><\/i><\/span><span class=\"m-cegSocial__icon -clipboard _ce_measure_link _ce_measure_widget\" data-ce-measure-widget=\"clipboardGallery-btn\"><i class=\"fa fa-link\"><\/i><\/span><\/span>\t\t\t\t\t<\/div>\n\t\t\t\t<\/div>\n\t\t\t\t\t\t\t\t\t\t\t\t<div\n\t\t\t\t\t\tclass=\"m-cegCarousel__item -banner\"\n\t\t\t\t\t\tdata-type=\"banner\"\n\t\t\t\t\t\tdata-id=\"1\/4\/banner\"\n\t\t\t\t\t\tdata-image-url=\"\"\n\t\t\t\t\t\tdata-title=\"\"\n\t\t\t\t\t\tdata-desc=\"\">\n\n\t\t\t\t\t\t<div class=\"m-cegCarousel__floatingCnt banner-container gallery-content010\"><\/div>\n\n\t\t\t\t\t<\/div>\n\t\t\t\t\t\t\t\t\t\n\t\t\t\t<div\n\t\t\t\t\tclass=\"m-cegCarousel__item\"\n\t\t\t\t\tdata-type=\"image\"\n\t\t\t\t\tdata-id=\"1\/5\/balatonfuredi-jegpalya4-scaled\"\n\t\t\t\t\tdata-image-url=\"https:\/\/www.startlap.hu\/utazas\/uploads\/sites\/3\/2025\/12\/balatonfuredi-jegpalya4-scaled.jpg\"\n\t\t\t\t\tdata-title=\"balatonfuredi-jegpalya4\"\n\t\t\t\t\tdata-desc=\"A dr\u00f3nnal k\u00e9sz\u00fclt felv\u00e9telen a balatonf\u00fcredi j\u00e9gp\u00e1lya a megnyit\u00e1s napj\u00e1n, 2025. december 13-\u00e1n. Fot\u00f3: MTI\/Vasv\u00e1ri Tam\u00e1s\">\n\n\t\t\t\t\t<!-- image -->\n\t\t\t\t\t<div class=\"m-cegCarousel__floatingCnt\">\n\t\t\t\t\t\t<img decoding=\"async\" src=\"https:\/\/www.startlap.hu\/utazas\/uploads\/sites\/3\/2025\/12\/balatonfuredi-jegpalya4-scaled.jpg\" class=\"m-cegCarousel__image\" alt=\"A dr\u00f3nnal k\u00e9sz\u00fclt felv\u00e9telen a balatonf\u00fcredi j\u00e9gp\u00e1lya a megnyit\u00e1s napj\u00e1n\" \/>\t\t\t\t\t\t<span class=\"fa m-cegCarousel__zoom _ce_measure_link _ce_measure_widget\" data-ce-measure-widget=\"gallery-zoom-btn\"><\/span>\n\t\t\t\t\t<\/div>\n\n\t\t\t\t\t<!-- thumb icon \/ counter, caption  -->\n\t\t\t\t\t<div class=\"m-cegCarousel__captionCnt m-cegCaption\">\n\t\t\t\t\t\t<span class=\"m-cegCaption__thumbIcon a-cegThumbIcon _ce_measure_widget _ce_measure_link\"\n\t\t\t\t\t\t\t  data-ce-measure-widget=\"thumbnails-btn\"\n\t\t\t\t\t\t\t  data-ce-measure-widget=\"gallery-thumbnails\"><i class=\" fa fa-th-large\"><\/i><\/span>\n\t\t\t\t\t\t<span class=\"m-cegCaption__pagination a-cegPagination\">\n\t\t\t\t\t\t\t<span class=\"a-cegPagination__current\">5<\/span>\/8\t\t\t\t\t\t<\/span>\n\t\t\t\t\t\t<span class=\"m-cegCaption__caption\">balatonfuredi-jegpalya4<\/span>\n\t\t\t\t\t<\/div>\n\n\t\t\t\t\t<!-- Image description -->\n\t\t\t\t\t<div class=\"m-cegCarousel__desc a-cegDesc\">A dr\u00f3nnal k\u00e9sz\u00fclt felv\u00e9telen a balatonf\u00fcredi j\u00e9gp\u00e1lya a megnyit\u00e1s napj\u00e1n, 2025. december 13-\u00e1n. Fot\u00f3: MTI\/Vasv\u00e1ri Tam\u00e1s<\/div>\n\n\t\t\t\t\t<!-- Image social share icons -->\n\t\t\t\t\t<div class=\"m-cegCarousel__socialCnt m-cegSocial\">\n\t\t\t\t\t\t<span class=\"m-cegSocial__text\">Fot\u00f3 megoszt\u00e1sa:<\/span><span class=\"m-cegSocial__iconWrap\"><span class=\"m-cegSocial__icon -facebook _ce_measure_link _ce_measure_widget\" data-ce-measure-widget=\"facebookGallery-btn\"><i class=\"fab fa-facebook-f\"><\/i><\/span><span class=\"m-cegSocial__icon -pinterest _ce_measure_link _ce_measure_widget\" data-ce-measure-widget=\"printeresGallery-btn\"><i class=\"fab fa-pinterest-p\"><\/i><\/span><span class=\"m-cegSocial__icon -email _ce_measure_link _ce_measure_widget\" data-ce-measure-widget=\"emailGallery-btn\"><i class=\"far fa-envelope\"><\/i><\/span><span class=\"m-cegSocial__icon -clipboard _ce_measure_link _ce_measure_widget\" data-ce-measure-widget=\"clipboardGallery-btn\"><i class=\"fa fa-link\"><\/i><\/span><\/span>\t\t\t\t\t<\/div>\n\t\t\t\t<\/div>\n\t\t\t\t\t\t\t\n\t\t\t\t<div\n\t\t\t\t\tclass=\"m-cegCarousel__item\"\n\t\t\t\t\tdata-type=\"image\"\n\t\t\t\t\tdata-id=\"1\/6\/balatonfuredi-jegpalya5-scaled\"\n\t\t\t\t\tdata-image-url=\"https:\/\/www.startlap.hu\/utazas\/uploads\/sites\/3\/2025\/12\/balatonfuredi-jegpalya5-scaled.jpg\"\n\t\t\t\t\tdata-title=\"balatonfuredi-jegpalya5\"\n\t\t\t\t\tdata-desc=\"A dr\u00f3nnal k\u00e9sz\u00fclt felv\u00e9telen a balatonf\u00fcredi j\u00e9gp\u00e1lya a megnyit\u00e1s napj\u00e1n, 2025. december 13-\u00e1n. Fot\u00f3: MTI\/Vasv\u00e1ri Tam\u00e1s\">\n\n\t\t\t\t\t<!-- image -->\n\t\t\t\t\t<div class=\"m-cegCarousel__floatingCnt\">\n\t\t\t\t\t\t<img decoding=\"async\" src=\"https:\/\/www.startlap.hu\/utazas\/uploads\/sites\/3\/2025\/12\/balatonfuredi-jegpalya5-scaled.jpg\" class=\"m-cegCarousel__image\" alt=\"A dr\u00f3nnal k\u00e9sz\u00fclt felv\u00e9telen a balatonf\u00fcredi j\u00e9gp\u00e1lya a megnyit\u00e1s napj\u00e1n\" \/>\t\t\t\t\t\t<span class=\"fa m-cegCarousel__zoom _ce_measure_link _ce_measure_widget\" data-ce-measure-widget=\"gallery-zoom-btn\"><\/span>\n\t\t\t\t\t<\/div>\n\n\t\t\t\t\t<!-- thumb icon \/ counter, caption  -->\n\t\t\t\t\t<div class=\"m-cegCarousel__captionCnt m-cegCaption\">\n\t\t\t\t\t\t<span class=\"m-cegCaption__thumbIcon a-cegThumbIcon _ce_measure_widget _ce_measure_link\"\n\t\t\t\t\t\t\t  data-ce-measure-widget=\"thumbnails-btn\"\n\t\t\t\t\t\t\t  data-ce-measure-widget=\"gallery-thumbnails\"><i class=\" fa fa-th-large\"><\/i><\/span>\n\t\t\t\t\t\t<span class=\"m-cegCaption__pagination a-cegPagination\">\n\t\t\t\t\t\t\t<span class=\"a-cegPagination__current\">6<\/span>\/8\t\t\t\t\t\t<\/span>\n\t\t\t\t\t\t<span class=\"m-cegCaption__caption\">balatonfuredi-jegpalya5<\/span>\n\t\t\t\t\t<\/div>\n\n\t\t\t\t\t<!-- Image description -->\n\t\t\t\t\t<div class=\"m-cegCarousel__desc a-cegDesc\">A dr\u00f3nnal k\u00e9sz\u00fclt felv\u00e9telen a balatonf\u00fcredi j\u00e9gp\u00e1lya a megnyit\u00e1s napj\u00e1n, 2025. december 13-\u00e1n. Fot\u00f3: MTI\/Vasv\u00e1ri Tam\u00e1s<\/div>\n\n\t\t\t\t\t<!-- Image social share icons -->\n\t\t\t\t\t<div class=\"m-cegCarousel__socialCnt m-cegSocial\">\n\t\t\t\t\t\t<span class=\"m-cegSocial__text\">Fot\u00f3 megoszt\u00e1sa:<\/span><span class=\"m-cegSocial__iconWrap\"><span class=\"m-cegSocial__icon -facebook _ce_measure_link _ce_measure_widget\" data-ce-measure-widget=\"facebookGallery-btn\"><i class=\"fab fa-facebook-f\"><\/i><\/span><span class=\"m-cegSocial__icon -pinterest _ce_measure_link _ce_measure_widget\" data-ce-measure-widget=\"printeresGallery-btn\"><i class=\"fab fa-pinterest-p\"><\/i><\/span><span class=\"m-cegSocial__icon -email _ce_measure_link _ce_measure_widget\" data-ce-measure-widget=\"emailGallery-btn\"><i class=\"far fa-envelope\"><\/i><\/span><span class=\"m-cegSocial__icon -clipboard _ce_measure_link _ce_measure_widget\" data-ce-measure-widget=\"clipboardGallery-btn\"><i class=\"fa fa-link\"><\/i><\/span><\/span>\t\t\t\t\t<\/div>\n\t\t\t\t<\/div>\n\t\t\t\t\t\t\t\n\t\t\t\t<div\n\t\t\t\t\tclass=\"m-cegCarousel__item\"\n\t\t\t\t\tdata-type=\"image\"\n\t\t\t\t\tdata-id=\"1\/7\/balatonfuredi-jegpalya6-scaled\"\n\t\t\t\t\tdata-image-url=\"https:\/\/www.startlap.hu\/utazas\/uploads\/sites\/3\/2025\/12\/balatonfuredi-jegpalya6-scaled.jpg\"\n\t\t\t\t\tdata-title=\"balatonfuredi-jegpalya6\"\n\t\t\t\t\tdata-desc=\"A dr\u00f3nnal k\u00e9sz\u00fclt felv\u00e9telen a balatonf\u00fcredi j\u00e9gp\u00e1lya a megnyit\u00e1s napj\u00e1n, 2025. december 13-\u00e1n. Fot\u00f3: MTI\/Vasv\u00e1ri Tam\u00e1s\">\n\n\t\t\t\t\t<!-- image -->\n\t\t\t\t\t<div class=\"m-cegCarousel__floatingCnt\">\n\t\t\t\t\t\t<img decoding=\"async\" src=\"https:\/\/www.startlap.hu\/utazas\/uploads\/sites\/3\/2025\/12\/balatonfuredi-jegpalya6-scaled.jpg\" class=\"m-cegCarousel__image\" alt=\"A dr\u00f3nnal k\u00e9sz\u00fclt felv\u00e9telen a balatonf\u00fcredi j\u00e9gp\u00e1lya a megnyit\u00e1s napj\u00e1n\" \/>\t\t\t\t\t\t<span class=\"fa m-cegCarousel__zoom _ce_measure_link _ce_measure_widget\" data-ce-measure-widget=\"gallery-zoom-btn\"><\/span>\n\t\t\t\t\t<\/div>\n\n\t\t\t\t\t<!-- thumb icon \/ counter, caption  -->\n\t\t\t\t\t<div class=\"m-cegCarousel__captionCnt m-cegCaption\">\n\t\t\t\t\t\t<span class=\"m-cegCaption__thumbIcon a-cegThumbIcon _ce_measure_widget _ce_measure_link\"\n\t\t\t\t\t\t\t  data-ce-measure-widget=\"thumbnails-btn\"\n\t\t\t\t\t\t\t  data-ce-measure-widget=\"gallery-thumbnails\"><i class=\" fa fa-th-large\"><\/i><\/span>\n\t\t\t\t\t\t<span class=\"m-cegCaption__pagination a-cegPagination\">\n\t\t\t\t\t\t\t<span class=\"a-cegPagination__current\">7<\/span>\/8\t\t\t\t\t\t<\/span>\n\t\t\t\t\t\t<span class=\"m-cegCaption__caption\">balatonfuredi-jegpalya6<\/span>\n\t\t\t\t\t<\/div>\n\n\t\t\t\t\t<!-- Image description -->\n\t\t\t\t\t<div class=\"m-cegCarousel__desc a-cegDesc\">A dr\u00f3nnal k\u00e9sz\u00fclt felv\u00e9telen a balatonf\u00fcredi j\u00e9gp\u00e1lya a megnyit\u00e1s napj\u00e1n, 2025. december 13-\u00e1n. Fot\u00f3: MTI\/Vasv\u00e1ri Tam\u00e1s<\/div>\n\n\t\t\t\t\t<!-- Image social share icons -->\n\t\t\t\t\t<div class=\"m-cegCarousel__socialCnt m-cegSocial\">\n\t\t\t\t\t\t<span class=\"m-cegSocial__text\">Fot\u00f3 megoszt\u00e1sa:<\/span><span class=\"m-cegSocial__iconWrap\"><span class=\"m-cegSocial__icon -facebook _ce_measure_link _ce_measure_widget\" data-ce-measure-widget=\"facebookGallery-btn\"><i class=\"fab fa-facebook-f\"><\/i><\/span><span class=\"m-cegSocial__icon -pinterest _ce_measure_link _ce_measure_widget\" data-ce-measure-widget=\"printeresGallery-btn\"><i class=\"fab fa-pinterest-p\"><\/i><\/span><span class=\"m-cegSocial__icon -email _ce_measure_link _ce_measure_widget\" data-ce-measure-widget=\"emailGallery-btn\"><i class=\"far fa-envelope\"><\/i><\/span><span class=\"m-cegSocial__icon -clipboard _ce_measure_link _ce_measure_widget\" data-ce-measure-widget=\"clipboardGallery-btn\"><i class=\"fa fa-link\"><\/i><\/span><\/span>\t\t\t\t\t<\/div>\n\t\t\t\t<\/div>\n\t\t\t\t\t\t\t\t\t\t\t\t<div\n\t\t\t\t\t\tclass=\"m-cegCarousel__item -banner\"\n\t\t\t\t\t\tdata-type=\"banner\"\n\t\t\t\t\t\tdata-id=\"1\/8\/banner\"\n\t\t\t\t\t\tdata-image-url=\"\"\n\t\t\t\t\t\tdata-title=\"\"\n\t\t\t\t\t\tdata-desc=\"\">\n\n\t\t\t\t\t\t<div class=\"m-cegCarousel__floatingCnt banner-container gallery-content020\"><\/div>\n\n\t\t\t\t\t<\/div>\n\t\t\t\t\t\t\t\t\t\t<\/div>\n\t\t<div class=\"m-cegLayer__thumbnails m-cegThumbList _ce_measure_widget\" data-ce-measure-widget=\"gallery-thumb-list\">\n\t\t\t\t\t\t\t\t\t\t\t<div class=\"m-cegThumbList__item\"\n\t\t\t\t\tdata-id=\"1\/1\/balatonfuredi-jegpalya-scaled\"\n\t\t\t\t\tdata-index=\"0\">\n\t\t\t\t\t<img decoding=\"async\" src=\"https:\/\/www.startlap.hu\/utazas\/uploads\/sites\/3\/2025\/12\/balatonfuredi-jegpalya-scaled.jpg\" class=\"m-cegThumbList__image _ce_measure_link\" alt=\"A dr\u00f3nnal k\u00e9sz\u00fclt felv\u00e9telen a balatonf\u00fcredi j\u00e9gp\u00e1lya a megnyit\u00e1s napj\u00e1n\" \/>\t\t\t\t<\/div>\n\t\t\t\t\t\t\t\t\t\t\t<div class=\"m-cegThumbList__item\"\n\t\t\t\t\tdata-id=\"1\/2\/balatonfuredi-jegpalya2-scaled\"\n\t\t\t\t\tdata-index=\"1\">\n\t\t\t\t\t<img decoding=\"async\" src=\"https:\/\/www.startlap.hu\/utazas\/uploads\/sites\/3\/2025\/12\/balatonfuredi-jegpalya2-scaled.jpg\" class=\"m-cegThumbList__image _ce_measure_link\" alt=\"A dr\u00f3nnal k\u00e9sz\u00fclt felv\u00e9telen a balatonf\u00fcredi j\u00e9gp\u00e1lya a megnyit\u00e1s napj\u00e1n\" \/>\t\t\t\t<\/div>\n\t\t\t\t\t\t\t\t\t\t\t<div class=\"m-cegThumbList__item\"\n\t\t\t\t\tdata-id=\"1\/3\/balatonfuredi-jegpalya3-scaled\"\n\t\t\t\t\tdata-index=\"2\">\n\t\t\t\t\t<img decoding=\"async\" src=\"https:\/\/www.startlap.hu\/utazas\/uploads\/sites\/3\/2025\/12\/balatonfuredi-jegpalya3-scaled.jpg\" class=\"m-cegThumbList__image _ce_measure_link\" alt=\"A dr\u00f3nnal k\u00e9sz\u00fclt felv\u00e9telen a balatonf\u00fcredi j\u00e9gp\u00e1lya a megnyit\u00e1s napj\u00e1n\" \/>\t\t\t\t<\/div>\n\t\t\t\t\t\t\t\t\t\t\t\t\t\t\t<div class=\"m-cegThumbList__item\"\n\t\t\t\t\tdata-id=\"1\/5\/balatonfuredi-jegpalya4-scaled\"\n\t\t\t\t\tdata-index=\"4\">\n\t\t\t\t\t<img decoding=\"async\" src=\"https:\/\/www.startlap.hu\/utazas\/uploads\/sites\/3\/2025\/12\/balatonfuredi-jegpalya4-scaled.jpg\" class=\"m-cegThumbList__image _ce_measure_link\" alt=\"A dr\u00f3nnal k\u00e9sz\u00fclt felv\u00e9telen a balatonf\u00fcredi j\u00e9gp\u00e1lya a megnyit\u00e1s napj\u00e1n\" \/>\t\t\t\t<\/div>\n\t\t\t\t\t\t\t\t\t\t\t<div class=\"m-cegThumbList__item\"\n\t\t\t\t\tdata-id=\"1\/6\/balatonfuredi-jegpalya5-scaled\"\n\t\t\t\t\tdata-index=\"5\">\n\t\t\t\t\t<img decoding=\"async\" src=\"https:\/\/www.startlap.hu\/utazas\/uploads\/sites\/3\/2025\/12\/balatonfuredi-jegpalya5-scaled.jpg\" class=\"m-cegThumbList__image _ce_measure_link\" alt=\"A dr\u00f3nnal k\u00e9sz\u00fclt felv\u00e9telen a balatonf\u00fcredi j\u00e9gp\u00e1lya a megnyit\u00e1s napj\u00e1n\" \/>\t\t\t\t<\/div>\n\t\t\t\t\t\t\t\t\t\t\t<div class=\"m-cegThumbList__item\"\n\t\t\t\t\tdata-id=\"1\/7\/balatonfuredi-jegpalya6-scaled\"\n\t\t\t\t\tdata-index=\"6\">\n\t\t\t\t\t<img decoding=\"async\" src=\"https:\/\/www.startlap.hu\/utazas\/uploads\/sites\/3\/2025\/12\/balatonfuredi-jegpalya6-scaled.jpg\" class=\"m-cegThumbList__image _ce_measure_link\" alt=\"A dr\u00f3nnal k\u00e9sz\u00fclt felv\u00e9telen a balatonf\u00fcredi j\u00e9gp\u00e1lya a megnyit\u00e1s napj\u00e1n\" \/>\t\t\t\t<\/div>\n\t\t\t\t\t\t\t\t\t<\/div>\n\t<\/div>\n\t<div class=\"m-cegLayer__sidebar m-cegSidebar _ce_measure_widget\" data-ce-measure-widget=\"gallery-sidebar\">\n\n\t\t<div class=\"m-cegSidebar__desc a-cegDesc _ce_measure_widget\" data-ce-measure-widget=\"gallery-desc\"><\/div>\n\n\t\t<div class=\"m-cegSidebar__socialCnt m-cegSocial -sidebar _ce_measure_widget\" data-ce-measure-widget=\"gallery-social\">\n\t\t\t<span class=\"m-cegSocial__text\">Fot\u00f3 megoszt\u00e1sa:<\/span><span class=\"m-cegSocial__iconWrap\"><span class=\"m-cegSocial__icon -facebook _ce_measure_link _ce_measure_widget\" data-ce-measure-widget=\"facebookGallery-btn\"><i class=\"fab fa-facebook-f\"><\/i><\/span><span class=\"m-cegSocial__icon -pinterest _ce_measure_link _ce_measure_widget\" data-ce-measure-widget=\"printeresGallery-btn\"><i class=\"fab fa-pinterest-p\"><\/i><\/span><span class=\"m-cegSocial__icon -email _ce_measure_link _ce_measure_widget\" data-ce-measure-widget=\"emailGallery-btn\"><i class=\"far fa-envelope\"><\/i><\/span><span class=\"m-cegSocial__icon -clipboard _ce_measure_link _ce_measure_widget\" data-ce-measure-widget=\"clipboardGallery-btn\"><i class=\"fa fa-link\"><\/i><\/span><\/span>\t\t<\/div>\n\n\t\t<div class=\"gallery-right010 banner-container\"><\/div>\n\t\t<div class=\"gallery-right020 banner-container\"><\/div>\n\n\t<\/div>\n<\/div>\n\t<\/div>\n\n\t<script>\n\t\tjQuery(function () {\n\t\t\tvar id = '#cegPostCnt_1';\n\t\t\tjQuery( id ).articleGallery({\n\t\t\t\tonChanged: function (event) {\n\t\t\t\t\t\tthis.renderSidebarCTS( 'gallery-right010' );\n\t\t\t\t\t\tthis.renderSidebarCTS( 'gallery-right020' );\n\t\t\t\t\t\tthis.renderBannerSlideCTS(  event,\n\t\t\t\t\t\t\t\t\t\t\t\t\t[\n\t\t\t\t\t\t\t\t\t\t\t\t\t\t'gallery-content010',\n\t\t\t\t\t\t\t\t\t\t\t\t\t\t'gallery-content020',\n\t\t\t\t\t\t\t\t\t\t\t\t\t\t'gallery-content030'\n\t\t\t\t\t\t\t\t\t\t\t\t\t]);\n\t\t\t\t}\n\t\t\t});\n\t\t});\n\t<\/script>\t\n<h2>Praktikus tudnival\u00f3k: a balatonf\u00fcredi j\u00e9gp\u00e1lya nyitvatart\u00e1sa, jegyek<\/h2>\n<p>A j\u00e9gp\u00e1lya eg\u00e9szen 2026. janu\u00e1r 31-ig v\u00e1rja a l\u00e1togat\u00f3kat minden nap, k\u00fcl\u00f6nb\u00f6z\u0151 id\u0151intervallumokban. H\u00e9tf\u0151t\u0151l-p\u00e9ntekig \u00e9s vas\u00e1rnap 9-11.30, 13-15.30, \u00e9s 17-20 \u00f3ra k\u00f6z\u00f6tt, m\u00edg szombaton 10-12.30, 14-16.30, \u00e9s 18-21 \u00f3ra k\u00f6z\u00f6tt haszn\u00e1lhat\u00f3 a j\u00e9gp\u00e1lya a folyamatos karbantart\u00e1s mellett.<\/p>\n<p><strong>A helysz\u00ednen korcsolyak\u00f6lcs\u00f6nz\u00e9s \u00e9s egy\u00e9b szolg\u00e1ltat\u00e1sok is rendelkez\u00e9sre \u00e1llnak<\/strong>. &nbsp;A biztons\u00e1g \u00e9rdek\u00e9ben ez\u00fattal gyereksisakokat is lehet k\u00f6lcs\u00f6n\u00f6zni. Fedett s\u00e1torban van m\u00f3d az \u00e1t\u00f6lt\u00f6z\u00e9sre \u00e9s itt kapott helyet az \u00e9rt\u00e9kmeg\u0151rz\u0151 is &#8211; \u00edrja a <a href=\"https:\/\/balatonfured.hu\/2025\/12\/13\/fured-korcsolyazas-jegpalya\/\" target=\"_blank\" target=\"_blank\" rel=\"noopener\">balatonfured.hu<\/a>. Mint megjegyzik, id\u00e9n is t\u00f6bb, a j\u00e9gr\u0151l is megk\u00f6zel\u00edthet\u0151 vend\u00e9gl\u00e1t\u00f3hely kapcsol\u00f3dik a j\u00e9gp\u00e1ly\u00e1hoz, \u00fajra l\u00e1togathat\u00f3k az igluk,<\/p>\n<blockquote class=\"article__extraTxt\"><p>a v\u00edzparti s\u00e9t\u00e1nyhoz val\u00f3 k\u00f6nnyebb lejut\u00e1st pedig k\u00e9t \u00e1tj\u00e1r\u00f3 h\u00edd biztos\u00edtja, egy a Vitorl\u00e1s t\u00e9ren, egy pedig a Z\u00e1konyi utc\u00e1n\u00e1l.<\/p><\/blockquote>\n<p><strong>Jegy\u00e1rak<\/strong><\/p>\n<p>A feln\u0151tt bel\u00e9p\u0151&nbsp;2900 forintba ker\u00fcl, a di\u00e1kok \u00e9s nyugd\u00edjasok 2200, m\u00edg a 3-6 \u00e9ves gyerekek 1300 forint\u00e9rt haszn\u00e1lhatj\u00e1k a p\u00e1ly\u00e1t. A f\u00fcredi lakosok ebben az \u00e9vben is kedvezm\u00e9nyesen korcsoly\u00e1zhatnak a p\u00e1ly\u00e1n.<\/p>\n<h2>T\u00e9li balatoni program a csal\u00e1doknak<\/h2>\n<p>Ha id\u00e9n t\u00e9len is szeretn\u00e9l egy kicsit elt\u00e9rni a klasszikus adventi v\u00e1s\u00e1rok vagy wellness-programok vil\u00e1g\u00e1t\u00f3l, a balatonf\u00fcredi j\u00e9gp\u00e1lya t\u00f6k\u00e9letes v\u00e1laszt\u00e1s lehet. A Balaton partj\u00e1n korcsoly\u00e1zni nemcsak sport, hanem \u00e9lm\u00e9ny is: mik\u00f6zben siklasz a j\u00e9gen, a t\u00e9li f\u00e9nyek \u00e9s a t\u00f3 l\u00e1tv\u00e1nya igaz\u00e1n k\u00fcl\u00f6nleges hangulatot ad a napnak.<\/p>\n<div class=\"o-widget m-readMoreWidget -readMore u-shortDecorLineAfter row widget-container _ce_measure_widget bigdata-widget read-more\" data-ce-measure-widget=\"olvass tov\u00e1bb\">\n\t<div class=\"m-readMoreWidget__imgWrapper image-wrapper col-12 col-md-4 no-p\">\n\t\t<a class=\"m-readMoreWidget__imgLink\" href=\"https:\/\/www.startlap.hu\/utazas\/vietnam-hanoi-legjobb-uti-cel-egyedul-utazoknak-olcso\/\" >\n\t\t\t<img decoding=\"async\" src=\"https:\/\/www.startlap.hu\/utazas\/uploads\/sites\/3\/2025\/11\/hanoi4-350x285.jpg\" class=\"m-readMoreWidget__img\">\n\t\t<\/a>\n\t<\/div>\n\t<div class=\"m-readMoreWidget__titleWrapper title-wrapper col-12 col-md-8\">\n\t\t<span class=\"m-readMoreWidget__titleLabel u-shortDecorLineBefore label hidden-sm-up\">Ez is \u00e9rdekelhet:<\/span>\n\t\t<h3 class=\"m-readMoreWidget__title title\">\n\t\t\t<a class=\"m-readMoreWidget__titleLink -secondFont u-bold u-upperCase\" href=\"https:\/\/www.startlap.hu\/utazas\/vietnam-hanoi-legjobb-uti-cel-egyedul-utazoknak-olcso\/\" >300 forint egy kors\u00f3 s\u00f6r, t\u00e9len 23 fok: a turistaparadicsom, ahol magyark\u00e9nt gazdagnak \u00e9rezheted magad<\/a>\n\t\t<\/h3>\n\t\t<a class=\"m-readMoreWidget__btn -coloredBack u-tC link\" href=\"https:\/\/www.startlap.hu\/utazas\/vietnam-hanoi-legjobb-uti-cel-egyedul-utazoknak-olcso\/\" >Elolvasom<\/a>\n\t<\/div>\n<\/div>\n","protected":false},"excerpt":{"rendered":"<p>Hivatalosan is megnyitotta kapuit a Balatonf\u00fcredi j\u00e9gp\u00e1lya a h\u00e9tv\u00e9g\u00e9n, ahol a korcsoly\u00e1z\u00e1s \u00e9lm\u00e9nye a Balaton fest\u0151i partj\u00e1n v\u00e1r mindenkit.<\/p>\n","protected":false},"author":45,"featured_media":99800,"comment_status":"closed","ping_status":"closed","sticky":false,"template":"","format":"standard","meta":{"footnotes":""},"categories":[7],"tags":[909,7548],"class_list":["post-99795","post","type-post","status-publish","format-standard","has-post-thumbnail","hentry","category-belfold-utazas","tag-balatonfured","tag-jegpalya"],"aioseo_notices":[],"_links":{"self":[{"href":"https:\/\/www.startlap.hu\/utazas\/wp-json\/wp\/v2\/posts\/99795","targetHints":{"allow":["GET"]}}],"collection":[{"href":"https:\/\/www.startlap.hu\/utazas\/wp-json\/wp\/v2\/posts"}],"about":[{"href":"https:\/\/www.startlap.hu\/utazas\/wp-json\/wp\/v2\/types\/post"}],"author":[{"embeddable":true,"href":"https:\/\/www.startlap.hu\/utazas\/wp-json\/wp\/v2\/users\/45"}],"replies":[{"embeddable":true,"href":"https:\/\/www.startlap.hu\/utazas\/wp-json\/wp\/v2\/comments?post=99795"}],"version-history":[{"count":1,"href":"https:\/\/www.startlap.hu\/utazas\/wp-json\/wp\/v2\/posts\/99795\/revisions"}],"predecessor-version":[{"id":99802,"href":"https:\/\/www.startlap.hu\/utazas\/wp-json\/wp\/v2\/posts\/99795\/revisions\/99802"}],"wp:featuredmedia":[{"embeddable":true,"href":"https:\/\/www.startlap.hu\/utazas\/wp-json\/wp\/v2\/media\/99800"}],"wp:attachment":[{"href":"https:\/\/www.startlap.hu\/utazas\/wp-json\/wp\/v2\/media?parent=99795"}],"wp:term":[{"taxonomy":"category","embeddable":true,"href":"https:\/\/www.startlap.hu\/utazas\/wp-json\/wp\/v2\/categories?post=99795"},{"taxonomy":"post_tag","embeddable":true,"href":"https:\/\/www.startlap.hu\/utazas\/wp-json\/wp\/v2\/tags?post=99795"}],"curies":[{"name":"wp","href":"https:\/\/api.w.org\/{rel}","templated":true}]}}