{"id":99775,"date":"2025-12-13T09:56:09","date_gmt":"2025-12-13T08:56:09","guid":{"rendered":"https:\/\/www.startlap.hu\/utazas\/?p=99775"},"modified":"2025-12-13T09:56:09","modified_gmt":"2025-12-13T08:56:09","slug":"ausztria-vasuti-alagut","status":"publish","type":"post","link":"https:\/\/www.startlap.hu\/utazas\/ausztria-vasuti-alagut\/","title":{"rendered":"Gigantikus alagutat adtak \u00e1t a szomsz\u00e9dban, te is \u00e1tvonatozhatsz rajta"},"content":{"rendered":"<p><strong>A vil\u00e1g egyik leghosszabb<\/strong>, a Koralpe-hegy alatt fut\u00f3 vas\u00fati alag\u00fatj\u00e1t mag\u00e1ba foglal\u00f3 \u00faj vas\u00fatvonalat avattak fel p\u00e9nteken Ausztri\u00e1ban k\u00e9t tartom\u00e1nyi sz\u00e9khely, a st\u00e1jerorsz\u00e1gi Graz \u00e9s a karintiai Klagenfurt k\u00f6z\u00f6tt.<\/p>\n<div class=\"o-widget m-readMoreWidget -readMore u-shortDecorLineAfter row widget-container _ce_measure_widget bigdata-widget read-more\" data-ce-measure-widget=\"olvass tov\u00e1bb\">\n\t<div class=\"m-readMoreWidget__imgWrapper image-wrapper col-12 col-md-4 no-p\">\n\t\t<a class=\"m-readMoreWidget__imgLink\" href=\"https:\/\/www.startlap.hu\/utazas\/vietnam-hanoi-legjobb-uti-cel-egyedul-utazoknak-olcso\/\" >\n\t\t\t<img decoding=\"async\" src=\"https:\/\/www.startlap.hu\/utazas\/uploads\/sites\/3\/2025\/11\/hanoi4-350x285.jpg\" class=\"m-readMoreWidget__img\">\n\t\t<\/a>\n\t<\/div>\n\t<div class=\"m-readMoreWidget__titleWrapper title-wrapper col-12 col-md-8\">\n\t\t<span class=\"m-readMoreWidget__titleLabel u-shortDecorLineBefore label hidden-sm-up\">Ez is \u00e9rdekelhet:<\/span>\n\t\t<h3 class=\"m-readMoreWidget__title title\">\n\t\t\t<a class=\"m-readMoreWidget__titleLink -secondFont u-bold u-upperCase\" href=\"https:\/\/www.startlap.hu\/utazas\/vietnam-hanoi-legjobb-uti-cel-egyedul-utazoknak-olcso\/\" >300 forint egy kors\u00f3 s\u00f6r, t\u00e9len 23 fok: a turistaparadicsom, ahol magyark\u00e9nt gazdagnak \u00e9rezheted magad<\/a>\n\t\t<\/h3>\n\t\t<a class=\"m-readMoreWidget__btn -coloredBack u-tC link\" href=\"https:\/\/www.startlap.hu\/utazas\/vietnam-hanoi-legjobb-uti-cel-egyedul-utazoknak-olcso\/\" >Elolvasom<\/a>\n\t<\/div>\n<\/div>\n<p><strong>A 33 kilom\u00e9teres Koralm-alag\u00fat 41 percre r\u00f6vid\u00edti le a k\u00e9t v\u00e1ros k\u00f6zti menetid\u0151t<\/strong>, amely vonattal eddig h\u00e1rom, busszal pedig k\u00e9t \u00f3r\u00e1ig tartott &#8211; k\u00f6z\u00f6lte az \u00d6BB osztr\u00e1k vas\u00fatt\u00e1rsas\u00e1g. A 130 kilom\u00e9teres Koralm-vas\u00fat jav\u00edtja az \u00f6sszek\u00f6ttet\u00e9st <strong><a href=\"https:\/\/www.startlap.hu\/utazas\/europa-svajc-genf-luxus-fotok\/\" target=\"_blank\" rel=\"noopener\">Eur\u00f3pa<\/a><\/strong> d\u00e9li \u00e9s \u00e9szaki r\u00e9sze, Lengyelorsz\u00e1g \u00e9s Olaszorsz\u00e1g k\u00f6z\u00f6tt is.<\/p>\n<figure id=\"attachment_99777\" aria-describedby=\"caption-attachment-99777\" style=\"width: 755px\" class=\"wp-caption alignnone\"><img loading=\"lazy\" decoding=\"async\" class=\"size-article-size-large-image wp-image-99777\" src=\"https:\/\/www.startlap.hu\/utazas\/uploads\/sites\/3\/2025\/12\/alagut_vasuti_-755x503.jpg\" alt=\"Vas\u00fati alag\u00fat\" width=\"755\" height=\"503\" srcset=\"https:\/\/www.startlap.hu\/utazas\/uploads\/sites\/3\/2025\/12\/alagut_vasuti_-755x503.jpg 755w, https:\/\/www.startlap.hu\/utazas\/uploads\/sites\/3\/2025\/12\/alagut_vasuti_-525x350.jpg 525w, https:\/\/www.startlap.hu\/utazas\/uploads\/sites\/3\/2025\/12\/alagut_vasuti_.jpg 1200w\" sizes=\"auto, (max-width: 755px) 100vw, 755px\" \/><figcaption id=\"caption-attachment-99777\" class=\"wp-caption-text\">Fot\u00f3: Getty Images<\/figcaption><\/figure>\n<p>A balti- \u00e9s az adriai-tengeri kik\u00f6t\u0151ket \u00f6sszek\u00f6t\u0151 \u00e9szak-d\u00e9li k\u00f6zleked\u00e9si folyos\u00f3 r\u00e9sz\u00e9t k\u00e9pez\u0151 p\u00e1lyaszakaszon \u00f6sszesen 50 kilom\u00e9ternyi utat tesznek meg alag\u00fatban a szerelv\u00e9nyek \u00e9s t\u00f6bb mint 100 h\u00eddon haladnak \u00e1t. A leggyorsabb j\u00e1ratok az \u00f3r\u00e1nk\u00e9nti 250 kilom\u00e9teres sebess\u00e9get is el\u00e9rik az \u00faj p\u00e1lyaszakaszon.<\/p>\n<p>Az 5,9 milli\u00e1rd eur\u00f3s beruh\u00e1z\u00e1sb\u00f3l 600 milli\u00f3 eur\u00f3t az Eur\u00f3pai Uni\u00f3 fedezett. Az EU-nak a p\u00e9nteki grazi avat\u00f3\u00fcnneps\u00e9gen jelenl\u00e9v\u0151 illet\u00e9kese azt mondta, hogy a Koralm-vas\u00fat <strong>&#8222;az \u00e9vsz\u00e1zad projektje nemcsak Ausztria, hanem Eur\u00f3pa sz\u00e1m\u00e1ra is&#8221;.<\/strong><\/p>\n<p>A Koralm-vas\u00fat haszna teljes eg\u00e9sz\u00e9ben akkor \u00e9rv\u00e9nyes\u00fcl, amikor elk\u00e9sz\u00fclnek a projekthez kapcsol\u00f3d\u00f3 m\u00e1s, m\u00e1r folyamatban l\u00e9v\u0151 nagyberuh\u00e1z\u00e1sok is, k\u00f6zt\u00fck a Grazot B\u00e9ccsel \u00f6sszek\u00f6t\u0151 Semmering-alag\u00fat &#8211; k\u00f6z\u00f6lte az \u00d6BB.<\/p>\n<p>(MTI)<\/p>\n<div class=\"o-widget m-readMoreWidget -readMore u-shortDecorLineAfter row widget-container _ce_measure_widget bigdata-widget read-more\" data-ce-measure-widget=\"olvass tov\u00e1bb\">\n\t<div class=\"m-readMoreWidget__imgWrapper image-wrapper col-12 col-md-4 no-p\">\n\t\t<a class=\"m-readMoreWidget__imgLink\" href=\"https:\/\/www.startlap.hu\/utazas\/marokko-uticel-nyugodt-ajanlo\/\" >\n\t\t\t<img decoding=\"async\" src=\"https:\/\/www.startlap.hu\/utazas\/uploads\/sites\/3\/2025\/12\/GettyImages-982105760_11zon-350x285.jpg\" class=\"m-readMoreWidget__img\">\n\t\t<\/a>\n\t<\/div>\n\t<div class=\"m-readMoreWidget__titleWrapper title-wrapper col-12 col-md-8\">\n\t\t<span class=\"m-readMoreWidget__titleLabel u-shortDecorLineBefore label hidden-sm-up\">Ez is \u00e9rdekelhet:<\/span>\n\t\t<h3 class=\"m-readMoreWidget__title title\">\n\t\t\t<a class=\"m-readMoreWidget__titleLink -secondFont u-bold u-upperCase\" href=\"https:\/\/www.startlap.hu\/utazas\/marokko-uticel-nyugodt-ajanlo\/\" >Marokk\u00f3 legtitkosabb kincse: 18 \u00b0C-os t\u00e9li \u00fcd\u00fcl\u00e9s saj\u00e1t \u201emini Hollywooddal\u201d<\/a>\n\t\t<\/h3>\n\t\t<a class=\"m-readMoreWidget__btn -coloredBack u-tC link\" href=\"https:\/\/www.startlap.hu\/utazas\/marokko-uticel-nyugodt-ajanlo\/\" >Elolvasom<\/a>\n\t<\/div>\n<\/div>\n","protected":false},"excerpt":{"rendered":"<p>A 33 kilom\u00e9teres Koralm-alag\u00fat 41 percre r\u00f6vid\u00edti le k\u00e9t v\u00e1ros k\u00f6z\u00f6tt a menetid\u0151t, amely vonattal eddig h\u00e1rom, busszal pedig k\u00e9t \u00f3r\u00e1ig tartott.<\/p>\n","protected":false},"author":8,"featured_media":99777,"comment_status":"closed","ping_status":"closed","sticky":false,"template":"","format":"standard","meta":{"footnotes":""},"categories":[70],"tags":[1793,307,3559],"class_list":["post-99775","post","type-post","status-publish","format-standard","has-post-thumbnail","hentry","category-vilag","tag-alagut","tag-ausztria","tag-gyorsvonat"],"aioseo_notices":[],"_links":{"self":[{"href":"https:\/\/www.startlap.hu\/utazas\/wp-json\/wp\/v2\/posts\/99775","targetHints":{"allow":["GET"]}}],"collection":[{"href":"https:\/\/www.startlap.hu\/utazas\/wp-json\/wp\/v2\/posts"}],"about":[{"href":"https:\/\/www.startlap.hu\/utazas\/wp-json\/wp\/v2\/types\/post"}],"author":[{"embeddable":true,"href":"https:\/\/www.startlap.hu\/utazas\/wp-json\/wp\/v2\/users\/8"}],"replies":[{"embeddable":true,"href":"https:\/\/www.startlap.hu\/utazas\/wp-json\/wp\/v2\/comments?post=99775"}],"version-history":[{"count":2,"href":"https:\/\/www.startlap.hu\/utazas\/wp-json\/wp\/v2\/posts\/99775\/revisions"}],"predecessor-version":[{"id":99778,"href":"https:\/\/www.startlap.hu\/utazas\/wp-json\/wp\/v2\/posts\/99775\/revisions\/99778"}],"wp:featuredmedia":[{"embeddable":true,"href":"https:\/\/www.startlap.hu\/utazas\/wp-json\/wp\/v2\/media\/99777"}],"wp:attachment":[{"href":"https:\/\/www.startlap.hu\/utazas\/wp-json\/wp\/v2\/media?parent=99775"}],"wp:term":[{"taxonomy":"category","embeddable":true,"href":"https:\/\/www.startlap.hu\/utazas\/wp-json\/wp\/v2\/categories?post=99775"},{"taxonomy":"post_tag","embeddable":true,"href":"https:\/\/www.startlap.hu\/utazas\/wp-json\/wp\/v2\/tags?post=99775"}],"curies":[{"name":"wp","href":"https:\/\/api.w.org\/{rel}","templated":true}]}}