{"id":99468,"date":"2025-12-07T12:10:09","date_gmt":"2025-12-07T11:10:09","guid":{"rendered":"https:\/\/www.startlap.hu\/utazas\/?p=99468"},"modified":"2025-12-07T12:10:09","modified_gmt":"2025-12-07T11:10:09","slug":"megorulnek-a-csehek-egy-satnya-pragai-karacsonyfaert","status":"publish","type":"post","link":"https:\/\/www.startlap.hu\/utazas\/megorulnek-a-csehek-egy-satnya-pragai-karacsonyfaert\/","title":{"rendered":"Meg\u0151r\u00fclnek a csehek egy satnya pr\u00e1gai kar\u00e1csonyf\u00e1\u00e9rt"},"content":{"rendered":"<p>Pr\u00e1ga egyik v\u00e1rosr\u00e9sz\u00e9ben, Hloub\u011bt\u00ednban \u00e1ll az a szerencs\u00e9tlen k\u00fclsej\u0171 kar\u00e1csonyfa, ami feny\u0151f\u00e1nak is satnya, nemhogy kar\u00e1csonyf\u00e1nak. A cs\u00fany\u00e1cska fa m\u00e9gis komoly rajong\u00f3t\u00e1bort szerzett mag\u00e1nak az interneten &#8211; sz\u00e1molt be&nbsp;a <strong><a href=\"https:\/\/www.prahain.cz\/zivot-ve-meste\/vanocni-stromecek-z-hloubetina-bori-internet-25596.html\" target=\"_blank\" target=\"_blank\" rel=\"noopener\">Praha IN<\/a>.<\/strong><\/p>\n<figure id=\"attachment_99470\" aria-describedby=\"caption-attachment-99470\" style=\"width: 755px\" class=\"wp-caption alignnone\"><img loading=\"lazy\" decoding=\"async\" class=\"size-article-size-large-image wp-image-99470\" src=\"https:\/\/www.startlap.hu\/utazas\/uploads\/sites\/3\/2025\/12\/praga-755x501.jpg\" alt=\"Pr\u00e1ga l\u00e1tk\u00e9pe t\u00e9len\" width=\"755\" height=\"501\" srcset=\"https:\/\/www.startlap.hu\/utazas\/uploads\/sites\/3\/2025\/12\/praga-755x501.jpg 755w, https:\/\/www.startlap.hu\/utazas\/uploads\/sites\/3\/2025\/12\/praga-250x165.jpg 250w, https:\/\/www.startlap.hu\/utazas\/uploads\/sites\/3\/2025\/12\/praga-528x350.jpg 528w, https:\/\/www.startlap.hu\/utazas\/uploads\/sites\/3\/2025\/12\/praga.jpg 1280w\" sizes=\"auto, (max-width: 755px) 100vw, 755px\" \/><figcaption id=\"caption-attachment-99470\" class=\"wp-caption-text\">Fot\u00f3: Getty Images<\/figcaption><\/figure>\n<div class=\"o-widget m-readMoreWidget -readMore u-shortDecorLineAfter row widget-container _ce_measure_widget bigdata-widget read-more\" data-ce-measure-widget=\"olvass tov\u00e1bb\">\n\t<div class=\"m-readMoreWidget__imgWrapper image-wrapper col-12 col-md-4 no-p\">\n\t\t<a class=\"m-readMoreWidget__imgLink\" href=\"https:\/\/www.startlap.hu\/utazas\/la-graciosa-tel-kanariszigetek-uticel-meleg\/\" >\n\t\t\t<img decoding=\"async\" src=\"https:\/\/www.startlap.hu\/utazas\/uploads\/sites\/3\/2025\/12\/GettyImages-870096324_11zon-350x285.jpg\" class=\"m-readMoreWidget__img\">\n\t\t<\/a>\n\t<\/div>\n\t<div class=\"m-readMoreWidget__titleWrapper title-wrapper col-12 col-md-8\">\n\t\t<span class=\"m-readMoreWidget__titleLabel u-shortDecorLineBefore label hidden-sm-up\">Ez is \u00e9rdekelhet:<\/span>\n\t\t<h3 class=\"m-readMoreWidget__title title\">\n\t\t\t<a class=\"m-readMoreWidget__titleLink -secondFont u-bold u-upperCase\" href=\"https:\/\/www.startlap.hu\/utazas\/la-graciosa-tel-kanariszigetek-uticel-meleg\/\" >Decemberben is 22 fok, nyugalom: Eur\u00f3pa idilli szigete, ahol nincs aszfaltozott \u00fat<\/a>\n\t\t<\/h3>\n\t\t<a class=\"m-readMoreWidget__btn -coloredBack u-tC link\" href=\"https:\/\/www.startlap.hu\/utazas\/la-graciosa-tel-kanariszigetek-uticel-meleg\/\" >Elolvasom<\/a>\n\t<\/div>\n<\/div>\n<p>A k\u00e9k-feh\u00e9r d\u00edszekkel megrakott fa fot\u00f3ja egy helyi <strong><a href=\"https:\/\/www.facebook.com\/groups\/374328107037228?multi_permalinks=1612032883266738&amp;hoisted_section_header_type=recently_seen\" target=\"_blank\" target=\"_blank\" rel=\"noopener\">Facebook-csoportban<\/a><\/strong> t\u0171nt fel.&nbsp;\u201eHloub\u011bt\u00ednben, a Penny melletti t\u00e9ren igaz\u00e1n gy\u00f6ny\u00f6r\u0171 kar\u00e1csonyf\u00e1nk van\u201d \u2013 \u00edrt\u00e1k a f\u00e9nyk\u00e9p mell\u00e9. A r\u00f6vid bejegyz\u00e9st k\u00e9t fot\u00f3 k\u00eds\u00e9rte a szomor\u00faan kin\u00e9z\u0151 f\u00e1r\u00f3l, ami nemcsak v\u00e9zna, hanem er\u0151sen barnul is.<\/p>\n<p>El\u0151nytelen k\u00fclseje ellen\u00e9re tarol a k\u00f6z\u00f6ss\u00e9gi m\u00e9di\u00e1ban, a fa fot\u00f3i m\u00e1s platformokon is felt\u0171ntek, \u00e9s az\u00f3ta <strong>meg\u00e1ll\u00edthatatlanul gy\u0171jti a sz\u00edvecsk\u00e9ket, l\u00e1jkokat, kommenteket \u00e9s megoszt\u00e1sokat<\/strong>. A legt\u00f6bb embert meghatotta az unortodox kar\u00e1csonyfa, \u00e9s egy\u00fctt \u00e9reznek vele \u201eAmikor megl\u00e1ttam a f\u00e1t, s\u00edrtam, nem k\u00f6z\u00f6mb\u00f6s sz\u00e1momra. Sajn\u00e1lom, hogy ilyen nyomorult \u00e1llapotban van, hogy eg\u00e9sz \u00e9vben magasr\u00f3l tesznek r\u00e1, most meg \u00fagy csin\u00e1lnak, mintha sz\u00e9pen feld\u00edsz\u00edten\u00e9k!\u201d \u2013 \u00edrta a hloub\u011bt\u00edni lak\u00f3kat t\u00f6m\u00f6r\u00edt\u0151 Facebook-csoport egyik tagja.<\/p>\n<figure id=\"attachment_99469\" aria-describedby=\"caption-attachment-99469\" style=\"width: 755px\" class=\"wp-caption alignnone\"><img loading=\"lazy\" decoding=\"async\" class=\"size-article-size-large-image wp-image-99469\" src=\"https:\/\/www.startlap.hu\/utazas\/uploads\/sites\/3\/2025\/12\/592746447_10214239522377640_8060222979048342549_n-755x1341.jpg\" alt=\"Hloub\u011bt\u00edn feny\u0151f\u00e1ja\" width=\"755\" height=\"1341\" srcset=\"https:\/\/www.startlap.hu\/utazas\/uploads\/sites\/3\/2025\/12\/592746447_10214239522377640_8060222979048342549_n-755x1341.jpg 755w, https:\/\/www.startlap.hu\/utazas\/uploads\/sites\/3\/2025\/12\/592746447_10214239522377640_8060222979048342549_n-865x1536.jpg 865w, https:\/\/www.startlap.hu\/utazas\/uploads\/sites\/3\/2025\/12\/592746447_10214239522377640_8060222979048342549_n-197x350.jpg 197w, https:\/\/www.startlap.hu\/utazas\/uploads\/sites\/3\/2025\/12\/592746447_10214239522377640_8060222979048342549_n.jpg 1153w\" sizes=\"auto, (max-width: 755px) 100vw, 755px\" \/><figcaption id=\"caption-attachment-99469\" class=\"wp-caption-text\">Fot\u00f3: Hloub\u011bt\u00edn &#8211; m\u016fj domov\/Facebook<\/figcaption><\/figure>\n<p>T\u00f6bb kommentel\u0151 becenevet adott a f\u00e1nak, \u00e9s volt, aki saj\u00e1t mag\u00e1hoz hasonl\u00edtotta a feny\u0151t.<\/p>\n<blockquote><p>Pont \u00fagy n\u00e9z ki, mint \u00e9n \u00faj\u00e9vkor. Egyed\u00fcl \u00e9s k\u00f3cosan<\/p><\/blockquote>\n<p>&#8211; \u00edrt\u00e1k.<\/p>\n<h2>A ker\u00fclet is megsz\u00f3lalt a v\u00e9zna kar\u00e1csonyf\u00e1r\u00f3l<\/h2>\n<p>Vita t\u00e1rgy\u00e1t k\u00e9pezte, hogy a fa feld\u00edsz\u00edt\u00e9s\u00e9\u00e9rt a hloub\u011bt\u00edni \u00f6nkorm\u00e1nyzat felel-e, vagy valaki saj\u00e1t szak\u00e1ll\u00e1ra d\u00edsz\u00edtett. \u201eA Pr\u00e1ga 14 v\u00e1rosr\u00e9sz id\u00e9n nem d\u00edsz\u00edtett <strong><a href=\"https:\/\/www.startlap.hu\/utazas\/orszag-karacsonyfaja-2025-kossuth-ter-advent-fotok\/\" target=\"_blank\" rel=\"noopener\">kar\u00e1csonyf\u00e1t<\/a><\/strong> a Hloub\u011bt\u00edn t\u00e9ren, \u00edgy<\/p>\n<blockquote><p>mag\u00e1nkezdem\u00e9nyez\u00e9sr\u0151l van sz\u00f3. A t\u00e9ren csak k\u00e9t vil\u00e1g\u00edt\u00f3 angyalt helyezt\u00fcnk el<\/p><\/blockquote>\n<p>\u2013 k\u00f6z\u00f6lte a lappal Veronika Bern\u00e1, a Pr\u00e1ga 14 v\u00e1rosr\u00e9sz sz\u00f3viv\u0151je, ahov\u00e1 Hloub\u011bt\u00edn t\u00falnyom\u00f3 r\u00e9sze tartozik.<\/p>\n<p>A ker\u00fclet hivatalos kar\u00e1csonyf\u00e1ja a Rajsk\u00e1 zahrad\u00e1n tal\u00e1lhat\u00f3. A f\u00e9nyek \u00fcnnep\u00e9lyes felkapcsol\u00e1sa december 1-j\u00e9n, h\u00e9tf\u0151n t\u00f6rt\u00e9nt, t\u00f6bb sz\u00e1z l\u00e1togat\u00f3 k\u00eds\u00e9ret\u00e9ben. \u00c9s az a fa eg\u00e9szen m\u00e1shogy n\u00e9z ki, mint a Penny el\u0151tti t\u00e9ren \u00e1ll\u00f3, csenev\u00e9sz feny\u0151.<\/p>\n<div class=\"o-widget m-readMoreWidget -readMore u-shortDecorLineAfter row widget-container _ce_measure_widget bigdata-widget read-more\" data-ce-measure-widget=\"olvass tov\u00e1bb\">\n\t<div class=\"m-readMoreWidget__imgWrapper image-wrapper col-12 col-md-4 no-p\">\n\t\t<a class=\"m-readMoreWidget__imgLink\" href=\"https:\/\/www.startlap.hu\/utazas\/london-karacsony-szalloda-hotel-advent\/\" >\n\t\t\t<img decoding=\"async\" src=\"https:\/\/www.startlap.hu\/utazas\/uploads\/sites\/3\/2025\/12\/GettyImages-158696402-350x285.jpg\" class=\"m-readMoreWidget__img\">\n\t\t<\/a>\n\t<\/div>\n\t<div class=\"m-readMoreWidget__titleWrapper title-wrapper col-12 col-md-8\">\n\t\t<span class=\"m-readMoreWidget__titleLabel u-shortDecorLineBefore label hidden-sm-up\">Ez is \u00e9rdekelhet:<\/span>\n\t\t<h3 class=\"m-readMoreWidget__title title\">\n\t\t\t<a class=\"m-readMoreWidget__titleLink -secondFont u-bold u-upperCase\" href=\"https:\/\/www.startlap.hu\/utazas\/london-karacsony-szalloda-hotel-advent\/\" >Eur\u00f3pa legkar\u00e1csonyibb sz\u00e1llod\u00e1j\u00e1t Londonban tal\u00e1lod<\/a>\n\t\t<\/h3>\n\t\t<a class=\"m-readMoreWidget__btn -coloredBack u-tC link\" href=\"https:\/\/www.startlap.hu\/utazas\/london-karacsony-szalloda-hotel-advent\/\" >Elolvasom<\/a>\n\t<\/div>\n<\/div>\n","protected":false},"excerpt":{"rendered":"<p>A cseh k\u00f6z\u00f6ss\u00e9gi m\u00e9di\u00e1t ellept\u00e9k egy kicsi, ferde, kar\u00e1csonyi d\u00edszbe \u00f6lt\u00f6z\u00f6tt feny\u0151 f\u00e9nyk\u00e9pei, ami nagy \u00e9rzelmeket v\u00e1ltott ki az emberekb\u0151l.<\/p>\n","protected":false},"author":14,"featured_media":99470,"comment_status":"closed","ping_status":"closed","sticky":false,"template":"","format":"standard","meta":{"footnotes":""},"categories":[70],"tags":[874,1054,327],"class_list":["post-99468","post","type-post","status-publish","format-standard","has-post-thumbnail","hentry","category-vilag","tag-karacsony","tag-karacsonyfa","tag-praga"],"aioseo_notices":[],"_links":{"self":[{"href":"https:\/\/www.startlap.hu\/utazas\/wp-json\/wp\/v2\/posts\/99468","targetHints":{"allow":["GET"]}}],"collection":[{"href":"https:\/\/www.startlap.hu\/utazas\/wp-json\/wp\/v2\/posts"}],"about":[{"href":"https:\/\/www.startlap.hu\/utazas\/wp-json\/wp\/v2\/types\/post"}],"author":[{"embeddable":true,"href":"https:\/\/www.startlap.hu\/utazas\/wp-json\/wp\/v2\/users\/14"}],"replies":[{"embeddable":true,"href":"https:\/\/www.startlap.hu\/utazas\/wp-json\/wp\/v2\/comments?post=99468"}],"version-history":[{"count":1,"href":"https:\/\/www.startlap.hu\/utazas\/wp-json\/wp\/v2\/posts\/99468\/revisions"}],"predecessor-version":[{"id":99471,"href":"https:\/\/www.startlap.hu\/utazas\/wp-json\/wp\/v2\/posts\/99468\/revisions\/99471"}],"wp:featuredmedia":[{"embeddable":true,"href":"https:\/\/www.startlap.hu\/utazas\/wp-json\/wp\/v2\/media\/99470"}],"wp:attachment":[{"href":"https:\/\/www.startlap.hu\/utazas\/wp-json\/wp\/v2\/media?parent=99468"}],"wp:term":[{"taxonomy":"category","embeddable":true,"href":"https:\/\/www.startlap.hu\/utazas\/wp-json\/wp\/v2\/categories?post=99468"},{"taxonomy":"post_tag","embeddable":true,"href":"https:\/\/www.startlap.hu\/utazas\/wp-json\/wp\/v2\/tags?post=99468"}],"curies":[{"name":"wp","href":"https:\/\/api.w.org\/{rel}","templated":true}]}}