{"id":99456,"date":"2025-12-06T19:56:56","date_gmt":"2025-12-06T18:56:56","guid":{"rendered":"https:\/\/www.startlap.hu\/utazas\/?p=99456"},"modified":"2025-12-06T19:58:07","modified_gmt":"2025-12-06T18:58:07","slug":"harom-wizz-air-jarat-is-ujraindul-ide-repulhetsz-megint-rengeteg-magyart-erint","status":"publish","type":"post","link":"https:\/\/www.startlap.hu\/utazas\/harom-wizz-air-jarat-is-ujraindul-ide-repulhetsz-megint-rengeteg-magyart-erint\/","title":{"rendered":"H\u00e1rom Wizz Air j\u00e1rat is \u00fajraindul, ide rep\u00fclhetsz megint &#8211; rengeteg magyart \u00e9rint"},"content":{"rendered":"<p>A Wizz Air a 2026-os ny\u00e1ri menetrendben visszahozza a Tel-Avivba, Eindhovenbe \u00e9s Isztambulba tart\u00f3 debreceni j\u00e1ratokat &#8211; \u00edrja a <a href=\"https:\/\/www.hirstart.hu\/site\/relocate.php?rssid=71&amp;rsspid=3&amp;ctype=rss&amp;id=42350972&amp;chk=740a7a5be9d585383494b49798a9e998&amp;url=https%3A%2F%2Fwww.blikk.hu%2Feletmod%2Futazas%2Fwizz-air-jarat-magyarorszag-eindhoven-isztambul%2Fdg7qj8e%3Futm_source%3Dhirstart%26utm_medium%3Dcpc%26utm_campaign%3Dblikk-hirstart\" target=\"_blank\" target=\"_blank\" rel=\"noopener\">Blikk.hu<\/a> az Airportalra hivatkozva.&nbsp;<\/p>\n<div class=\"o-widget m-readMoreWidget -readMore u-shortDecorLineAfter row widget-container _ce_measure_widget bigdata-widget read-more\" data-ce-measure-widget=\"olvass tov\u00e1bb\">\n\t<div class=\"m-readMoreWidget__imgWrapper image-wrapper col-12 col-md-4 no-p\">\n\t\t<a class=\"m-readMoreWidget__imgLink\" href=\"https:\/\/www.startlap.hu\/utazas\/vilag-legjobb-varosa\/\" >\n\t\t\t<img decoding=\"async\" src=\"https:\/\/www.startlap.hu\/utazas\/uploads\/sites\/3\/2025\/11\/london-metro-350x285.jpg\" class=\"m-readMoreWidget__img\">\n\t\t<\/a>\n\t<\/div>\n\t<div class=\"m-readMoreWidget__titleWrapper title-wrapper col-12 col-md-8\">\n\t\t<span class=\"m-readMoreWidget__titleLabel u-shortDecorLineBefore label hidden-sm-up\">Ez is \u00e9rdekelhet:<\/span>\n\t\t<h3 class=\"m-readMoreWidget__title title\">\n\t\t\t<a class=\"m-readMoreWidget__titleLink -secondFont u-bold u-upperCase\" href=\"https:\/\/www.startlap.hu\/utazas\/vilag-legjobb-varosa\/\" >11 \u00e9ve ugyanaz a vil\u00e1g legjobb v\u00e1rosa: lehet tippelni, melyik az<\/a>\n\t\t<\/h3>\n\t\t<a class=\"m-readMoreWidget__btn -coloredBack u-tC link\" href=\"https:\/\/www.startlap.hu\/utazas\/vilag-legjobb-varosa\/\" >Elolvasom<\/a>\n\t<\/div>\n<\/div>\n<p><strong>Tel-Aviv m\u00e1rcius 31-t\u0151l<\/strong> ism\u00e9t el\u00e9rhet\u0151v\u00e9 v\u00e1lik Debrecenb\u0151l, heti h\u00e1rom j\u00e1rattal: kedden, cs\u00fct\u00f6rt\u00f6k\u00f6n \u00e9s szombaton. <strong>Eindhoven m\u00e1jus 2-t\u00f3l \u00fajra<\/strong> megk\u00f6zel\u00edthet\u0151 lesz, a Wizz Air heti k\u00e9t j\u00e1ratot \u00fczemeltet: kedden \u00e9s szombaton.<\/p>\n<figure id=\"attachment_90530\" aria-describedby=\"caption-attachment-90530\" style=\"width: 755px\" class=\"wp-caption alignnone\"><img loading=\"lazy\" decoding=\"async\" class=\"size-article-size-large-image wp-image-90530\" src=\"https:\/\/www.startlap.hu\/utazas\/uploads\/sites\/3\/2025\/06\/wizzair-3_11zon-755x503.jpg\" alt=\"Wizzair rep\u00fcl\u0151g\u00e9p felsz\u00e1ll\u00e1s k\u00f6zben\" width=\"755\" height=\"503\" srcset=\"https:\/\/www.startlap.hu\/utazas\/uploads\/sites\/3\/2025\/06\/wizzair-3_11zon-755x503.jpg 755w, https:\/\/www.startlap.hu\/utazas\/uploads\/sites\/3\/2025\/06\/wizzair-3_11zon-1536x1024.jpg 1536w, https:\/\/www.startlap.hu\/utazas\/uploads\/sites\/3\/2025\/06\/wizzair-3_11zon-525x350.jpg 525w, https:\/\/www.startlap.hu\/utazas\/uploads\/sites\/3\/2025\/06\/wizzair-3_11zon.jpg 1696w\" sizes=\"auto, (max-width: 755px) 100vw, 755px\" \/><figcaption id=\"caption-attachment-90530\" class=\"wp-caption-text\">Fot\u00f3: Getty Images<\/figcaption><\/figure>\n<p><strong>Isztambul j\u00faniust\u00f3l <\/strong>ker\u00fcl vissza a menetrendbe, heti h\u00e1rom indul\u00e1ssal: h\u00e9tf\u0151n, szerd\u00e1n \u00e9s p\u00e9nteken.<\/p>\n<p>A Wizz Air <strong>Nagyv\u00e1radr\u00f3l is \u00faj j\u00e1ratokat ind\u00edt<\/strong> 2026 nyar\u00e1n: Bergam\u00f3ba m\u00e1rcius v\u00e9g\u00e9t\u0151l heti k\u00e9t j\u00e1rat, Dortmundba \u00e9s R\u00f3m\u00e1ba pedig j\u00fanius v\u00e9g\u00e9t\u0151l heti k\u00e9t-k\u00e9t j\u00e1rat k\u00f6zlekedik.<\/p>\n<h2>Ez\u00e9rt \u00e1lltak le a j\u00e1ratok Debrecenb\u0151l<\/h2>\n<p>A Wizz Air 2023 okt\u00f3ber\u00e9ben felf\u00fcggesztette a Debrecen\u2013Tel-Aviv j\u00e1rat\u00e1t, <strong>miut\u00e1n Izrael elleni s\u00falyos t\u00e1mad\u00e1sok t\u00f6rt\u00e9ntek.<\/strong><\/p>\n<p>A l\u00e9git\u00e1rsas\u00e1g biztons\u00e1gi okokra hivatkozva azonnal t\u00f6r\u00f6lte a j\u00e1ratokat, egyeztetve a helyi \u00e9s nemzetk\u00f6zi hat\u00f3s\u00e1gokkal.<\/p>\n<p>Emellett a debreceni b\u00e1zisg\u00e9peinek \u00e1tcsoportos\u00edt\u00e1sa, valamint a <strong>j\u00e1ratok kihaszn\u00e1latlans\u00e1ga miatt<\/strong> 2024 \u0151sz\u00e9n a Wizz Air a Debrecen\u2013Eindhoven \u00e9s Debrecen\u2013Isztambul viszonylatokat is felf\u00fcggesztette.<\/p>\n<h2>\u00daj j\u00e1ratok ind\u00edt\u00e1sa&nbsp;<\/h2>\n<p>B\u00e1r nem a Debrecenb\u0151l, de \u00faj j\u00e1ratokat ind\u00edt a <strong><a href=\"https:\/\/www.startlap.hu\/utazas\/teli-olimpia-olaszorszag-sieles-szallas-arak\/\" target=\"_blank\" rel=\"noopener\">Wizz Air<\/a><\/strong>, m\u00e9ghozz\u00e1 Budapestr\u0151l, melyeket november 18-\u00e1n jelentett be a fapados c\u00e9g.&nbsp;<\/p>\n<p data-mrf-recirculation=\"[Article Startlap] Inline links\">A bejelent\u00e9s szerint&nbsp;<\/p>\n<ul>\n<li>&nbsp;<strong>Tallinba<\/strong>&nbsp;december 11-t\u0151l,<\/li>\n<li><strong>Billundba<\/strong>&nbsp;2026. m\u00e1rcius 29-t\u0151l,<\/li>\n<li>&nbsp;<strong>Szkopj\u00e9ba<\/strong>&nbsp;2026. m\u00e1rcius 30-t\u00f3l,<\/li>\n<li>&nbsp;<strong>Bergenbe<\/strong>&nbsp;szint\u00e9n 2026. m\u00e1rcius 30-t\u00f3l,<\/li>\n<li><strong>Lamezie Term\u00e9be<\/strong>&nbsp;2026. \u00e1prilis 30-t\u00f3l,<\/li>\n<li><strong>Riminibe<\/strong>&nbsp;2026. j\u00fanius 8-t\u00f3l indulnak j\u00e1ratok.<\/li>\n<\/ul>\n<div class=\"o-widget m-readMoreWidget -readMore u-shortDecorLineAfter row widget-container _ce_measure_widget bigdata-widget read-more\" data-ce-measure-widget=\"olvass tov\u00e1bb\">\n\t<div class=\"m-readMoreWidget__imgWrapper image-wrapper col-12 col-md-4 no-p\">\n\t\t<a class=\"m-readMoreWidget__imgLink\" href=\"https:\/\/www.startlap.hu\/utazas\/teli-olimpia-olaszorszag-sieles-szallas-arak\/\" >\n\t\t\t<img decoding=\"async\" src=\"https:\/\/www.startlap.hu\/utazas\/uploads\/sites\/3\/2025\/12\/GettyImages-501926221_11zon-350x285.jpg\" class=\"m-readMoreWidget__img\">\n\t\t<\/a>\n\t<\/div>\n\t<div class=\"m-readMoreWidget__titleWrapper title-wrapper col-12 col-md-8\">\n\t\t<span class=\"m-readMoreWidget__titleLabel u-shortDecorLineBefore label hidden-sm-up\">Ez is \u00e9rdekelhet:<\/span>\n\t\t<h3 class=\"m-readMoreWidget__title title\">\n\t\t\t<a class=\"m-readMoreWidget__titleLink -secondFont u-bold u-upperCase\" href=\"https:\/\/www.startlap.hu\/utazas\/teli-olimpia-olaszorszag-sieles-szallas-arak\/\" >Brut\u00e1lis dr\u00e1gul\u00e1s v\u00e1r, ha Olaszorsz\u00e1gban s\u00edeln\u00e9l<\/a>\n\t\t<\/h3>\n\t\t<a class=\"m-readMoreWidget__btn -coloredBack u-tC link\" href=\"https:\/\/www.startlap.hu\/utazas\/teli-olimpia-olaszorszag-sieles-szallas-arak\/\" >Elolvasom<\/a>\n\t<\/div>\n<\/div>\n","protected":false},"excerpt":{"rendered":"<p>Remek h\u00edrt jelentett be a magyar fapados l\u00e9git\u00e1rsas\u00e1g: h\u00e1rom olyan j\u00e1rat is \u00fajraindul, amiket eddig k\u00e9nyszer\u0171 m\u00f3don felf\u00fcggesztettek. <\/p>\n","protected":false},"author":8,"featured_media":90530,"comment_status":"closed","ping_status":"closed","sticky":false,"template":"","format":"standard","meta":{"footnotes":""},"categories":[70],"tags":[914,7342,447],"class_list":["post-99456","post","type-post","status-publish","format-standard","has-post-thumbnail","hentry","category-vilag","tag-debrecen","tag-legijarat","tag-wizz-air"],"aioseo_notices":[],"_links":{"self":[{"href":"https:\/\/www.startlap.hu\/utazas\/wp-json\/wp\/v2\/posts\/99456","targetHints":{"allow":["GET"]}}],"collection":[{"href":"https:\/\/www.startlap.hu\/utazas\/wp-json\/wp\/v2\/posts"}],"about":[{"href":"https:\/\/www.startlap.hu\/utazas\/wp-json\/wp\/v2\/types\/post"}],"author":[{"embeddable":true,"href":"https:\/\/www.startlap.hu\/utazas\/wp-json\/wp\/v2\/users\/8"}],"replies":[{"embeddable":true,"href":"https:\/\/www.startlap.hu\/utazas\/wp-json\/wp\/v2\/comments?post=99456"}],"version-history":[{"count":7,"href":"https:\/\/www.startlap.hu\/utazas\/wp-json\/wp\/v2\/posts\/99456\/revisions"}],"predecessor-version":[{"id":99463,"href":"https:\/\/www.startlap.hu\/utazas\/wp-json\/wp\/v2\/posts\/99456\/revisions\/99463"}],"wp:featuredmedia":[{"embeddable":true,"href":"https:\/\/www.startlap.hu\/utazas\/wp-json\/wp\/v2\/media\/90530"}],"wp:attachment":[{"href":"https:\/\/www.startlap.hu\/utazas\/wp-json\/wp\/v2\/media?parent=99456"}],"wp:term":[{"taxonomy":"category","embeddable":true,"href":"https:\/\/www.startlap.hu\/utazas\/wp-json\/wp\/v2\/categories?post=99456"},{"taxonomy":"post_tag","embeddable":true,"href":"https:\/\/www.startlap.hu\/utazas\/wp-json\/wp\/v2\/tags?post=99456"}],"curies":[{"name":"wp","href":"https:\/\/api.w.org\/{rel}","templated":true}]}}