{"id":99366,"date":"2025-12-05T16:33:21","date_gmt":"2025-12-05T15:33:21","guid":{"rendered":"https:\/\/www.startlap.hu\/utazas\/?p=99366"},"modified":"2025-12-05T17:30:57","modified_gmt":"2025-12-05T16:30:57","slug":"tenefire-kanari-szigetek-karacsony-vasar-enyhe-tel","status":"publish","type":"post","link":"https:\/\/www.startlap.hu\/utazas\/tenefire-kanari-szigetek-karacsony-vasar-enyhe-tel\/","title":{"rendered":"20 fok decemberben: p\u00f3l\u00f3ban j\u00e1rhatod be a kev\u00e9ss\u00e9 ismert kar\u00e1csonyi v\u00e1s\u00e1rt"},"content":{"rendered":"<p>A <strong><a href=\"https:\/\/www.startlap.hu\/utazas\/kanari-szigetek-legmelegebb-varosok-teli-utazas\/\" target=\"_blank\" rel=\"noopener\">Kan\u00e1ri-szigetek<\/a><\/strong> legnagyobbik tagja, <strong><a href=\"https:\/\/www.startlap.hu\/utazas\/tenerife-osz-szezon-alacsony-arak-meleg-idojaras-tengerpart\/\" target=\"_blank\" rel=\"noopener\">Tenerife<\/a><\/strong> nem csak ny\u00e1ron vonzza a turist\u00e1kat. A t\u00e9l is kellemesen enyhe, \u00edgy a sziget t\u00f6k\u00e9letes menek\u00fcl\u0151\u00fat a magyarorsz\u00e1gi hideg el\u0151l. B\u00e1r f\u00fcrdeni nem felt\u00e9tlen\u00fcl lehet, t\u00far\u00e1zni, v\u00e1rost n\u00e9zni \u00e9s teraszon pihenni ann\u00e1l ink\u00e1bb.<\/p>\n<div style=\"position:relative;overflow:hidden;padding-bottom:56.25%\"><iframe loading=\"lazy\" src=\"https:\/\/cdn.jwplayer.com\/players\/FlMQFOzg-iYlkNzym.html\" width=\"100%\" height=\"100%\" frameborder=\"0\" scrolling=\"auto\" title=\"20 fok decemberben: p\u00f3l\u00f3ban j\u00e1rhatod be a kev\u00e9ss\u00e9 ismert kar\u00e1csonyi v\u00e1s\u00e1rt\" style=\"position:absolute;\" allowfullscreen><\/iframe><\/div>\n<h2>San Crist\u00f3bal de La Laguna: kar\u00e1csonyi v\u00e1s\u00e1r egy var\u00e1zslatos helysz\u00ednen<\/h2>\n<p>A sziget \u00fcnnepi hangulat\u00e1r\u00f3l a San Crist\u00f3bal de La Laguna-i kar\u00e1csonyi v\u00e1s\u00e1r gondoskodik, ami <strong>december 10-t\u0151l eg\u00e9szen szilveszterig v\u00e1rja a vend\u00e9geket<\/strong>. A v\u00e1s\u00e1r mindent k\u00edn\u00e1l, amit csak elk\u00e9pzel\u00fcnk: k\u00e9zm\u0171ves standok sokas\u00e1g\u00e1t, ahol vulkanikus k\u0151b\u0151l k\u00e9sz\u00fclt t\u00e1rgyak, ban\u00e1nrostb\u00f3l sz\u0151tt term\u00e9kek \u00e9s hagyom\u00e1nyos kan\u00e1ri h\u00edmz\u00e9sek k\u00f6z\u00fcl lehet v\u00e1logatni.<\/p>\n<p>A kar\u00e1csonyi eml\u00e9kt\u00e1rgyak k\u00f6z\u00f6tt igazi k\u00fcl\u00f6nlegess\u00e9g a <strong>belenes<\/strong>, vagyis a helyi betlehem, ami a sziget egyedi t\u00e1jait is megid\u00e9zi.<\/p>\n<p>A mes\u00e9s adventi v\u00e1s\u00e1r Tenerife <strong><a href=\"https:\/\/www.startlap.hu\/utazas\/unesco-vilagorokseg-helyszinek-bovule-lista\/\" target=\"_blank\" rel=\"noopener\">UNESCO<\/a><\/strong> \u00e1ltal v\u00e9dett v\u00e1ros\u00e1ban kap helyet, ami hangulatos, kanyarg\u00f3s utc\u00e1ival \u00e9s p\u00e9nzt\u00e1rcabar\u00e1t \u00e9ttermeivel csalogatja a vend\u00e9geket &#8211; \u00edrja a <a href=\"https:\/\/www.mirror.co.uk\/travel\/europe\/little-known-christmas-market-beautiful-36310004\" target=\"_blank\" target=\"_blank\" rel=\"noopener\">Mirror<\/a>.<\/p>\n<p>Az \u00fcnnepi forgatagban a klasszikus helyi fog\u00e1sok sem maradnak ki:<\/p>\n<ul>\n<li><strong>bienmesabe<\/strong> &#8211; mandul\u00e1s \u00e9dess\u00e9g, a sziget egyik ikonikus desszertje<\/li>\n<li><strong>papas arrugadas<\/strong> mojo sz\u00f3sszal &#8211; azaz apr\u00f3, h\u00e9jas, s\u00f3s v\u00edzben f\u0151z\u00f6tt krumpli, ami r\u00e1ncos, s\u00f3s k\u00e9rget kap<\/li>\n<li><strong>\u00fcnnepi gofrifagyi<\/strong><\/li>\n<\/ul>\n<blockquote class=\"article__extraTxt\"><p>\u00c9s igen, Tenerif\u00e9n teljesen elfogadott napf\u00e9nyben forralt bort inni.<\/p><\/blockquote>\n<h2>Magyarorsz\u00e1gr\u00f3l k\u00f6zvetlen j\u00e1rattal is el\u00e9rhet\u0151<\/h2>\n<p>Tenerif\u00e9re Magyarorsz\u00e1gr\u00f3l a legk\u00f6nnyebb rep\u00fcl\u0151vel utazni, Budapestr\u0151l a sziget \u00e1tlagosan 6-7 \u00f3ra utaz\u00e1ssal el\u00e9rhet\u0151, \u00fatvonalt\u00f3l f\u00fcgg\u0151en.<\/p>\n<p>\u00c1tsz\u00e1ll\u00e1ssal: Madridon vagy Barcelon\u00e1n kereszt\u00fcl a Ryanair, Iberia, <strong><a href=\"https:\/\/www.startlap.hu\/utazas\/wizz-air-budapest-uj-jaratok-olaszorszag-rimini\/\" target=\"_blank\" rel=\"noopener\">Wizz Air<\/a><\/strong> kombin\u00e1ci\u00f3ival. De k\u00f6zvetlen j\u00e1ratok is indulnak a magyar f\u0151v\u00e1rosb\u00f3l &#8211; Wizz Air vagy Ryanair is -, amikkel \u00e1tlagosan k\u00f6r\u00fclbel\u00fcl 5 \u00f3ra 30 perc a rep\u00fcl\u00e9si id\u0151.<\/p>\n<p>Aki egy laz\u00e1bb, napf\u00e9nyes kar\u00e1csonyi id\u0151szakra v\u00e1gyik, annak Tenerife ide\u00e1lis v\u00e1laszt\u00e1s lehet.<\/p>\n<figure id=\"attachment_99384\" aria-describedby=\"caption-attachment-99384\" style=\"width: 755px\" class=\"wp-caption alignnone\"><a href=\"https:\/\/www.startlap.hu\/utazas\/uploads\/sites\/3\/2025\/12\/tenerife-karacsonyi-vasar.jpg\"><img loading=\"lazy\" decoding=\"async\" class=\"size-article-size-large-image wp-image-99384\" src=\"https:\/\/www.startlap.hu\/utazas\/uploads\/sites\/3\/2025\/12\/tenerife-karacsonyi-vasar-755x503.jpg\" alt=\"Kar\u00e1csonyi d\u00edsz\u00edt\u00e9s Tenerife utc\u00e1j\u00e1n.\" width=\"755\" height=\"503\" srcset=\"https:\/\/www.startlap.hu\/utazas\/uploads\/sites\/3\/2025\/12\/tenerife-karacsonyi-vasar-755x503.jpg 755w, https:\/\/www.startlap.hu\/utazas\/uploads\/sites\/3\/2025\/12\/tenerife-karacsonyi-vasar-1536x1024.jpg 1536w, https:\/\/www.startlap.hu\/utazas\/uploads\/sites\/3\/2025\/12\/tenerife-karacsonyi-vasar-2048x1365.jpg 2048w, https:\/\/www.startlap.hu\/utazas\/uploads\/sites\/3\/2025\/12\/tenerife-karacsonyi-vasar-525x350.jpg 525w\" sizes=\"auto, (max-width: 755px) 100vw, 755px\" \/><\/a><figcaption id=\"caption-attachment-99384\" class=\"wp-caption-text\">Fot\u00f3: Getty Images<\/figcaption><\/figure>\n<h2>Milyen \u00e1rak vannak Tenerif\u00e9n?<\/h2>\n<ul>\n<li>Tenerife nem a legdr\u00e1g\u00e1bb egzotikus \u00fati c\u00e9l, de nem is olcs\u00f3 &#8211; nagyj\u00e1b\u00f3l a magyar f\u0151v\u00e1rosi \u00e1rakra lehet sz\u00e1m\u00edtani\/ plusz 15-20 sz\u00e1zal\u00e9kkal dr\u00e1g\u00e1bbakra a forgalmasabb helyeken.<\/li>\n<li>K\u00f6z\u00e9pkateg\u00f3ri\u00e1s hotelben\/apartmanban 24 ezer forintt\u00f3l 50 ezer forintig tal\u00e1lni sz\u00e1ll\u00e1sokat\/\u00e9j.<\/li>\n<li>A kar\u00e1csonyi id\u0151szak picit fel\u00e1ras, f\u0151leg sz\u00e1ll\u00e1s \u00e9s aut\u00f3b\u00e9rl\u00e9s ter\u00e9n.<\/li>\n<li>Ami viszont olcs\u00f3bb, mint Magyarorsz\u00e1gon: gy\u00fcm\u00f6lcs, ban\u00e1n, egyes \u00e9lelmiszerek, s\u00f6r, \u00e9s sokszor a buszk\u00f6zleked\u00e9s is.<\/li>\n<li>\u00c9ttermekben a f\u0151\u00e9telek \u00e1ra nagyon hasonl\u00f3 a budapestihez.<\/li>\n<\/ul>\n<h2>Mit \u00e9rdemes megn\u00e9zni Tenerif\u00e9n a kar\u00e1csonyi v\u00e1s\u00e1r mellett?<\/h2>\n<p>A <strong>La Laguna-i<\/strong> kar\u00e1csonyi v\u00e1s\u00e1r \u00f6nmag\u00e1ban is k\u00fcl\u00f6nleges \u00e9lm\u00e9ny, de ha m\u00e1r Tenerif\u00e9n j\u00e1rsz, \u00e9rdemes id\u0151t sz\u00e1nni a k\u00f6rny\u00e9k felfedez\u00e9s\u00e9re is. A v\u00e1ros k\u00f6r\u00fcl ugyanis sz\u00e1mos olyan l\u00e1tnival\u00f3 tal\u00e1lhat\u00f3, ami miatt sok utaz\u00f3 \u00e9vente visszat\u00e9r a szigetre.<\/p>\n<p>A UNESCO-vil\u00e1g\u00f6r\u00f6ks\u00e9g r\u00e9sz\u00e9t k\u00e9pez\u0151 \u00f3v\u00e1ros hangulatos, sz\u00ednes \u00e9p\u00fcleteivel \u00e9s kanyarg\u00f3s utc\u00e1ival ide\u00e1lis egy lass\u00fa, r\u00e1\u00e9r\u0151s s\u00e9t\u00e1hoz. Innen n\u00e9h\u00e1ny perc alatt eljuthatsz az <strong>Anaga-hegys\u00e9gbe<\/strong>, amely Tenerife egyik legz\u00f6ldebb, legmisztikusabb vid\u00e9ke: \u0151si bab\u00e9rerd\u0151k, kil\u00e1t\u00f3k \u00e9s felh\u0151k f\u00f6l\u00f6tt kanyarg\u00f3 utak v\u00e1rnak. Ha ink\u00e1bb v\u00e1rosn\u00e9z\u00e9sre v\u00e1gysz, \u00e9rdemes \u00e1tugrani <strong>Santa Cruzba<\/strong>, a sziget f\u0151v\u00e1ros\u00e1ba, ahol modern tengerparti s\u00e9t\u00e1ny \u00e9s pezsg\u0151 belv\u00e1rosi \u00e9let fogad.<\/p>\n<p>A sziget nyugati oldal\u00e1n tal\u00e1lhat\u00f3 a l\u00e1tv\u00e1nyos <strong>Teide Nemzeti Park<\/strong>, ahol egy holdb\u00e9li, vulkanikus t\u00e1jon s\u00e9t\u00e1lhatsz, vagy ak\u00e1r felvon\u00f3val is feljuthatsz a cs\u00facs k\u00f6zel\u00e9be.<\/p>\n<blockquote class=\"article__extraTxt\"><p>A t\u00e9li h\u00f3napokban k\u00fcl\u00f6nleges \u00e9lm\u00e9ny a naps\u00fct\u00e9sben m\u00e1szk\u00e1lni \u00fagy, hogy k\u00f6zben a 3715 m\u00e9teres vulk\u00e1nt ak\u00e1r m\u00e9g h\u00f3 is bor\u00edtja.<\/p><\/blockquote>\n<p>Aki ink\u00e1bb a tengerpart hangulat\u00e1t keresi, annak <strong>Puerto de la Cruz<\/strong> \u00e9s <strong>Los Cristianos<\/strong> v\u00e1rosai k\u00edn\u00e1lnak kellemes s\u00e9t\u00e1nyokat, k\u00e1v\u00e9z\u00f3kat \u00e9s t\u00e9len is ny\u00fczsg\u0151 tengerparti \u00e9letet. Itt tal\u00e1lhat\u00f3 a h\u00edres <strong>Loro Parque \u00e1llatkert<\/strong> is, amely Eur\u00f3pa egyik legkedveltebb \u00e1llatparkja.<\/p>\n<h2>Kar\u00e1csony ut\u00e1n j\u00f6n a bolondok napja Tenerif\u00e9n<\/h2>\n<p>Ha december 28-\u00e1n is a szigeten vagy, k\u00e9sz\u00fclj fel: a helyiek ezt a napot egyfajta bolondok napjak\u00e9nt \u00fcnneplik. Ilyenkor a turist\u00e1kat sem k\u00edm\u00e9lik, a helyi \u00fajs\u00e1gok \u00e9s boltok is besz\u00e1llnak a tr\u00e9f\u00e1kba, sz\u00f3val ilyenkor semmit ne vegy\u00e9l k\u00e9szp\u00e9nznek.<\/p>\n<p data-mrf-recirculation=\"[Article Startlap] Inline links\"><em>A vide\u00f3 AI alap\u00fa tartalomk\u00e9sz\u00edt\u0151vel k\u00e9sz\u00fclt.<\/em><\/p>\n<div class=\"o-widget m-readMoreWidget -readMore u-shortDecorLineAfter row widget-container _ce_measure_widget bigdata-widget read-more\" data-ce-measure-widget=\"olvass tov\u00e1bb\">\n\t<div class=\"m-readMoreWidget__imgWrapper image-wrapper col-12 col-md-4 no-p\">\n\t\t<a class=\"m-readMoreWidget__imgLink\" href=\"https:\/\/www.startlap.hu\/utazas\/vietnam-hanoi-legjobb-uti-cel-egyedul-utazoknak-olcso\/\" >\n\t\t\t<img decoding=\"async\" src=\"https:\/\/www.startlap.hu\/utazas\/uploads\/sites\/3\/2025\/11\/hanoi4-350x285.jpg\" class=\"m-readMoreWidget__img\">\n\t\t<\/a>\n\t<\/div>\n\t<div class=\"m-readMoreWidget__titleWrapper title-wrapper col-12 col-md-8\">\n\t\t<span class=\"m-readMoreWidget__titleLabel u-shortDecorLineBefore label hidden-sm-up\">Ez is \u00e9rdekelhet:<\/span>\n\t\t<h3 class=\"m-readMoreWidget__title title\">\n\t\t\t<a class=\"m-readMoreWidget__titleLink -secondFont u-bold u-upperCase\" href=\"https:\/\/www.startlap.hu\/utazas\/vietnam-hanoi-legjobb-uti-cel-egyedul-utazoknak-olcso\/\" >300 forint egy kors\u00f3 s\u00f6r, t\u00e9len 23 fok: a turistaparadicsom, ahol magyark\u00e9nt gazdagnak \u00e9rezheted magad<\/a>\n\t\t<\/h3>\n\t\t<a class=\"m-readMoreWidget__btn -coloredBack u-tC link\" href=\"https:\/\/www.startlap.hu\/utazas\/vietnam-hanoi-legjobb-uti-cel-egyedul-utazoknak-olcso\/\" >Elolvasom<\/a>\n\t<\/div>\n<\/div>\n","protected":false},"excerpt":{"rendered":"<p>Ha unod a hideget, de nem mondan\u00e1l le a kar\u00e1csonyi hangulatr\u00f3l, Eur\u00f3pa egzotikus sziget\u00e9n k\u00fcl\u00f6nleges \u00e9lm\u00e9ny v\u00e1r. Gy\u00f6ny\u00f6r\u0171 adventi forgatagban s\u00e9t\u00e1lhatsz a 20-24 fokban.<\/p>\n","protected":false},"author":45,"featured_media":99384,"comment_status":"closed","ping_status":"closed","sticky":false,"template":"","format":"standard","meta":{"footnotes":""},"categories":[70],"tags":[394,944,393],"class_list":["post-99366","post","type-post","status-publish","format-standard","has-post-thumbnail","hentry","category-vilag","tag-kanari-szigetek","tag-karacsonyi-vasar","tag-tenerife"],"aioseo_notices":[],"_links":{"self":[{"href":"https:\/\/www.startlap.hu\/utazas\/wp-json\/wp\/v2\/posts\/99366","targetHints":{"allow":["GET"]}}],"collection":[{"href":"https:\/\/www.startlap.hu\/utazas\/wp-json\/wp\/v2\/posts"}],"about":[{"href":"https:\/\/www.startlap.hu\/utazas\/wp-json\/wp\/v2\/types\/post"}],"author":[{"embeddable":true,"href":"https:\/\/www.startlap.hu\/utazas\/wp-json\/wp\/v2\/users\/45"}],"replies":[{"embeddable":true,"href":"https:\/\/www.startlap.hu\/utazas\/wp-json\/wp\/v2\/comments?post=99366"}],"version-history":[{"count":8,"href":"https:\/\/www.startlap.hu\/utazas\/wp-json\/wp\/v2\/posts\/99366\/revisions"}],"predecessor-version":[{"id":99432,"href":"https:\/\/www.startlap.hu\/utazas\/wp-json\/wp\/v2\/posts\/99366\/revisions\/99432"}],"wp:featuredmedia":[{"embeddable":true,"href":"https:\/\/www.startlap.hu\/utazas\/wp-json\/wp\/v2\/media\/99384"}],"wp:attachment":[{"href":"https:\/\/www.startlap.hu\/utazas\/wp-json\/wp\/v2\/media?parent=99366"}],"wp:term":[{"taxonomy":"category","embeddable":true,"href":"https:\/\/www.startlap.hu\/utazas\/wp-json\/wp\/v2\/categories?post=99366"},{"taxonomy":"post_tag","embeddable":true,"href":"https:\/\/www.startlap.hu\/utazas\/wp-json\/wp\/v2\/tags?post=99366"}],"curies":[{"name":"wp","href":"https:\/\/api.w.org\/{rel}","templated":true}]}}