{"id":99061,"date":"2025-11-28T14:33:58","date_gmt":"2025-11-28T13:33:58","guid":{"rendered":"https:\/\/www.startlap.hu\/utazas\/?p=99061"},"modified":"2025-11-28T13:19:09","modified_gmt":"2025-11-28T12:19:09","slug":"europa-legszebb-karacsonyi-korcsolyapalyaja-debrecen-advent","status":"publish","type":"post","link":"https:\/\/www.startlap.hu\/utazas\/europa-legszebb-karacsonyi-korcsolyapalyaja-debrecen-advent\/","title":{"rendered":"Magyar v\u00e1ros\u00e9 Eur\u00f3pa legszebb kar\u00e1csonyi korcsolyap\u00e1ly\u00e1ja 2025-ben"},"content":{"rendered":"<p>Debrecen kiemelked\u0151 nemzetk\u00f6zi elismer\u00e9st kapott: az European Best Destinations hivatalos \u00e9rtes\u00edt\u00e9se szerint <strong>a v\u00e1ros Eur\u00f3pa TOP 5 kar\u00e1csonyi v\u00e1s\u00e1ra k\u00f6z\u00e9 ker\u00fclt <\/strong>&#8211; t\u00e1j\u00e9koztatta a helyi F\u0151nix Rendezv\u00e9nyszervez\u0151 Kft. sajt\u00f3szolg\u00e1lata cs\u00fct\u00f6rt\u00f6k\u00f6n az MTI-t. A rangos szakmai zs\u0171ri \u00e9s az utaz\u00f3k\u00f6z\u00f6ns\u00e9g d\u00f6nt\u00e9se alapj\u00e1n Debrecen nem csup\u00e1n bemutatkozott a versenyben, hanem r\u00f6gt\u00f6n a kontinens legkiemelked\u0151bb \u00fcnnepi \u00fati c\u00e9ljai k\u00f6z\u00e9 emelkedett &#8211; \u00edrt\u00e1k k\u00f6zlem\u00e9ny\u00fckben.<\/p>\n<div class=\"o-widget m-readMoreWidget -readMore u-shortDecorLineAfter row widget-container _ce_measure_widget bigdata-widget read-more\" data-ce-measure-widget=\"olvass tov\u00e1bb\">\n\t<div class=\"m-readMoreWidget__imgWrapper image-wrapper col-12 col-md-4 no-p\">\n\t\t<a class=\"m-readMoreWidget__imgLink\" href=\"https:\/\/www.startlap.hu\/utazas\/top10-rangsor-eletminoseg-luxemburg-oman\/\" >\n\t\t\t<img decoding=\"async\" src=\"https:\/\/www.startlap.hu\/utazas\/uploads\/sites\/3\/2025\/11\/luxemburg_11zon-350x285.jpg\" class=\"m-readMoreWidget__img\">\n\t\t<\/a>\n\t<\/div>\n\t<div class=\"m-readMoreWidget__titleWrapper title-wrapper col-12 col-md-8\">\n\t\t<span class=\"m-readMoreWidget__titleLabel u-shortDecorLineBefore label hidden-sm-up\">Ez is \u00e9rdekelhet:<\/span>\n\t\t<h3 class=\"m-readMoreWidget__title title\">\n\t\t\t<a class=\"m-readMoreWidget__titleLink -secondFont u-bold u-upperCase\" href=\"https:\/\/www.startlap.hu\/utazas\/top10-rangsor-eletminoseg-luxemburg-oman\/\" >Sem Sv\u00e1jc, sem Norv\u00e9gia: az \u00e9letmin\u0151s\u00e9g ebben az eur\u00f3pai orsz\u00e1gban a legmagasabb<\/a>\n\t\t<\/h3>\n\t\t<a class=\"m-readMoreWidget__btn -coloredBack u-tC link\" href=\"https:\/\/www.startlap.hu\/utazas\/top10-rangsor-eletminoseg-luxemburg-oman\/\" >Elolvasom<\/a>\n\t<\/div>\n<\/div>\n<p>A zs\u0171ri \u00e9rt\u00e9kel\u00e9se alapj\u00e1n Debrecen bel\u00e9pett Eur\u00f3pa \u00fcnnepi \u00e9lvonal\u00e1ba,<\/p>\n<blockquote class=\"article__extraTxt\"><p>a debreceni advent j\u00e9gp\u00e1ly\u00e1ja pedig elnyerte az Eur\u00f3pa legszebb kar\u00e1csonyi korcsolyap\u00e1ly\u00e1ja 2025 d\u00edjat.<\/p><\/blockquote>\n<p><iframe loading=\"lazy\" width=\"720\" height=\"314\" frameborder=\"0\" src=\"https:\/\/www.facebook.com\/plugins\/video.php?height=314&amp;href=https%3A%2F%2Fwww.facebook.com%2Freel%2F880410011094599%2F&amp;show_text=false&amp;width=720&amp;t=0\"><\/iframe><\/p>\n<p>A verseny hivatalos tr\u00f3fe\u00e1ja hamarosan meg\u00e9rkezik Belgiumb\u00f3l, Debrecen pedig tov\u00e1bbra is azon dolgozik, hogy minden \u00e9vben m\u00e9g sz\u00ednesebb, m\u00e9g k\u00fcl\u00f6nlegesebb \u00e9s m\u00e9g szerethet\u0151bb \u00fcnnepi \u00e9lm\u00e9nyt ny\u00fajtson mindenkinek, aki ell\u00e1togat a v\u00e1rosba &#8211; \u00edrt\u00e1k a szervez\u0151k.<\/p>\n<p><em><span style=\"font-size: 14px\">C\u00edmlapk\u00e9p: Debrecen v\u00e1rosa \/ Facebook<\/span><\/em><\/p>\n<div class=\"o-widget m-readMoreWidget -readMore u-shortDecorLineAfter row widget-container _ce_measure_widget bigdata-widget read-more\" data-ce-measure-widget=\"olvass tov\u00e1bb\">\n\t<div class=\"m-readMoreWidget__imgWrapper image-wrapper col-12 col-md-4 no-p\">\n\t\t<a class=\"m-readMoreWidget__imgLink\" href=\"https:\/\/www.startlap.hu\/utazas\/montenegro-spanyolorszag-mediterran-olcso\/\" >\n\t\t\t<img decoding=\"async\" src=\"https:\/\/www.startlap.hu\/utazas\/uploads\/sites\/3\/2025\/09\/montenegro-350x285.jpg\" class=\"m-readMoreWidget__img\">\n\t\t<\/a>\n\t<\/div>\n\t<div class=\"m-readMoreWidget__titleWrapper title-wrapper col-12 col-md-8\">\n\t\t<span class=\"m-readMoreWidget__titleLabel u-shortDecorLineBefore label hidden-sm-up\">Ez is \u00e9rdekelhet:<\/span>\n\t\t<h3 class=\"m-readMoreWidget__title title\">\n\t\t\t<a class=\"m-readMoreWidget__titleLink -secondFont u-bold u-upperCase\" href=\"https:\/\/www.startlap.hu\/utazas\/montenegro-spanyolorszag-mediterran-olcso\/\" >Hihetetlen: ez a kis eur\u00f3pai orsz\u00e1g lek\u00f6r\u00f6zi Spanyolorsz\u00e1got, Olaszorsz\u00e1got!<\/a>\n\t\t<\/h3>\n\t\t<a class=\"m-readMoreWidget__btn -coloredBack u-tC link\" href=\"https:\/\/www.startlap.hu\/utazas\/montenegro-spanyolorszag-mediterran-olcso\/\" >Elolvasom<\/a>\n\t<\/div>\n<\/div>\n","protected":false},"excerpt":{"rendered":"<p>A Debrecen f\u0151ter\u00e9n, a Reform\u00e1tus Nagytemplom el\u0151tt kialak\u00edtott j\u00e9gp\u00e1lya elnyerte az Eur\u00f3pa legszebb kar\u00e1csonyi korcsolyap\u00e1ly\u00e1ja 2025 c\u00edmet.<\/p>\n","protected":false},"author":7,"featured_media":99064,"comment_status":"closed","ping_status":"closed","sticky":false,"template":"","format":"standard","meta":{"footnotes":""},"categories":[7],"tags":[945,914,7548],"class_list":["post-99061","post","type-post","status-publish","format-standard","has-post-thumbnail","hentry","category-belfold-utazas","tag-advent","tag-debrecen","tag-jegpalya"],"aioseo_notices":[],"_links":{"self":[{"href":"https:\/\/www.startlap.hu\/utazas\/wp-json\/wp\/v2\/posts\/99061","targetHints":{"allow":["GET"]}}],"collection":[{"href":"https:\/\/www.startlap.hu\/utazas\/wp-json\/wp\/v2\/posts"}],"about":[{"href":"https:\/\/www.startlap.hu\/utazas\/wp-json\/wp\/v2\/types\/post"}],"author":[{"embeddable":true,"href":"https:\/\/www.startlap.hu\/utazas\/wp-json\/wp\/v2\/users\/7"}],"replies":[{"embeddable":true,"href":"https:\/\/www.startlap.hu\/utazas\/wp-json\/wp\/v2\/comments?post=99061"}],"version-history":[{"count":3,"href":"https:\/\/www.startlap.hu\/utazas\/wp-json\/wp\/v2\/posts\/99061\/revisions"}],"predecessor-version":[{"id":99065,"href":"https:\/\/www.startlap.hu\/utazas\/wp-json\/wp\/v2\/posts\/99061\/revisions\/99065"}],"wp:featuredmedia":[{"embeddable":true,"href":"https:\/\/www.startlap.hu\/utazas\/wp-json\/wp\/v2\/media\/99064"}],"wp:attachment":[{"href":"https:\/\/www.startlap.hu\/utazas\/wp-json\/wp\/v2\/media?parent=99061"}],"wp:term":[{"taxonomy":"category","embeddable":true,"href":"https:\/\/www.startlap.hu\/utazas\/wp-json\/wp\/v2\/categories?post=99061"},{"taxonomy":"post_tag","embeddable":true,"href":"https:\/\/www.startlap.hu\/utazas\/wp-json\/wp\/v2\/tags?post=99061"}],"curies":[{"name":"wp","href":"https:\/\/api.w.org\/{rel}","templated":true}]}}