{"id":99028,"date":"2025-11-29T18:33:59","date_gmt":"2025-11-29T17:33:59","guid":{"rendered":"https:\/\/www.startlap.hu\/utazas\/?p=99028"},"modified":"2025-11-29T02:16:51","modified_gmt":"2025-11-29T01:16:51","slug":"europa-legdragabb-varos-zurich-vilag","status":"publish","type":"post","link":"https:\/\/www.startlap.hu\/utazas\/europa-legdragabb-varos-zurich-vilag\/","title":{"rendered":"Eur\u00f3pa legdr\u00e1g\u00e1bb v\u00e1rosa a szomsz\u00e9dban van: 800 ezer forint egy havi b\u00e9rleti d\u00edj"},"content":{"rendered":"<p data-start=\"74\" data-end=\"455\">A vil\u00e1g harmadik legdr\u00e1g\u00e1bb v\u00e1rosa Eur\u00f3p\u00e1ban van, nem is olyan messze <a href=\"https:\/\/www.startlap.hu\/utazas\/kviz-varosok-varmegye\/\" target=\"_blank\" rel=\"noopener\">Magyarorsz\u00e1gt\u00f3l<\/a>: az alig f\u00e9lmilli\u00f3s lakoss\u00e1g \u00e1tlagkeresete k\u00e9tszer annyi, mint az ausztriai dolgoz\u00f3k\u00e9, ami felhajtja a meg\u00e9lhet\u00e9si k\u00f6lts\u00e9geket. A <strong>Cond\u00e9 Nast Traveller<\/strong> t\u00f6bb nemzetk\u00f6zi lakhat\u00e1si \u00e9s meg\u00e9lhet\u00e9si kutat\u00e1st \u00f6sszevetve \u00f6ssze\u00e1ll\u00edtotta a vil\u00e1g legdr\u00e1g\u00e1bb v\u00e1rosainak rangsor\u00e1t: n\u00e9zz\u00fck, mely v\u00e1rosok v\u00e9geztek az \u00e9len!<\/p>\n<p data-start=\"74\" data-end=\"455\"><div class=\"o-widget m-readMoreWidget -readMore u-shortDecorLineAfter row widget-container _ce_measure_widget bigdata-widget read-more\" data-ce-measure-widget=\"olvass tov\u00e1bb\">\n\t<div class=\"m-readMoreWidget__imgWrapper image-wrapper col-12 col-md-4 no-p\">\n\t\t<a class=\"m-readMoreWidget__imgLink\" href=\"https:\/\/www.startlap.hu\/utazas\/vietnam-hanoi-legjobb-uti-cel-egyedul-utazoknak-olcso\/\" >\n\t\t\t<img decoding=\"async\" src=\"https:\/\/www.startlap.hu\/utazas\/uploads\/sites\/3\/2025\/11\/hanoi4-350x285.jpg\" class=\"m-readMoreWidget__img\">\n\t\t<\/a>\n\t<\/div>\n\t<div class=\"m-readMoreWidget__titleWrapper title-wrapper col-12 col-md-8\">\n\t\t<span class=\"m-readMoreWidget__titleLabel u-shortDecorLineBefore label hidden-sm-up\">Ez is \u00e9rdekelhet:<\/span>\n\t\t<h3 class=\"m-readMoreWidget__title title\">\n\t\t\t<a class=\"m-readMoreWidget__titleLink -secondFont u-bold u-upperCase\" href=\"https:\/\/www.startlap.hu\/utazas\/vietnam-hanoi-legjobb-uti-cel-egyedul-utazoknak-olcso\/\" >300 forint egy kors\u00f3 s\u00f6r, t\u00e9len 23 fok: a turistaparadicsom, ahol magyark\u00e9nt gazdagnak \u00e9rezheted magad<\/a>\n\t\t<\/h3>\n\t\t<a class=\"m-readMoreWidget__btn -coloredBack u-tC link\" href=\"https:\/\/www.startlap.hu\/utazas\/vietnam-hanoi-legjobb-uti-cel-egyedul-utazoknak-olcso\/\" >Elolvasom<\/a>\n\t<\/div>\n<\/div>\n<h2 data-start=\"74\" data-end=\"455\">Ez az eur\u00f3pai orsz\u00e1g k\u00fcl\u00f6n\u00f6sen dr\u00e1ga<\/h2>\n<p data-start=\"74\" data-end=\"455\">A felm\u00e9r\u00e9sb\u0151l kider\u00fcl, hogy Eur\u00f3pa legk\u00f6lts\u00e9gesebb v\u00e1rosa nem <a href=\"https:\/\/www.startlap.hu\/utazas\/airbnb-gronland-szallas-csendes-vakacio\/\" target=\"_blank\" rel=\"noopener\">Skandin\u00e1vi\u00e1ban<\/a> vagy Nyugat-Eur\u00f3p\u00e1ban tal\u00e1lhat\u00f3, hanem Sv\u00e1jc k\u00f6zep\u00e9n: <strong>Z\u00fcrich<\/strong> nemcsak a kontinens els\u0151 hely\u00e9t szerzi meg, hanem vil\u00e1gviszonylatban is a harmadik legdr\u00e1g\u00e1bb v\u00e1rosnak sz\u00e1m\u00edt.<\/p>\n<blockquote class=\"article__extraTxt\">\n<p data-start=\"457\" data-end=\"849\">A sv\u00e1jci nagyv\u00e1rosban egy egyszob\u00e1s belv\u00e1rosi lak\u00e1s havi \u00e1tlagos b\u00e9rleti d\u00edja 2 318 eur\u00f3, azaz 880 ezer forint<\/p>\n<\/blockquote>\n<p data-start=\"457\" data-end=\"849\">\u2013 ez jelent\u0151sen meghaladja a legt\u00f6bb eur\u00f3pai v\u00e1ros \u00e1tlagos b\u00e9rleti k\u00f6lts\u00e9g\u00e9t. A rangsor \u00e9lboly\u00e1ban t\u00f6bb m\u00e1s sv\u00e1jci v\u00e1ros is szerepel: <strong>Genf a vil\u00e1g 4. legdr\u00e1g\u00e1bb v\u00e1rosa 2 037 eur\u00f3s (770 ezer forintos) \u00e1tlag\u00e9rt\u00e9k\u00e9vel<\/strong>, m\u00edg <strong>B\u00e1zel az 5. helyen \u00e1ll 1 689 eur\u00f3val (644 ezer forint)<\/strong>. Bern ugyancsak az \u00e9lmez\u0151nyben tal\u00e1lhat\u00f3, a 6. helyet foglalja el hasonl\u00f3 b\u00e9rleti d\u00edjakkal.<\/p>\n<figure id=\"attachment_91244\" aria-describedby=\"caption-attachment-91244\" style=\"width: 755px\" class=\"wp-caption alignnone\"><a href=\"https:\/\/www.startlap.hu\/utazas\/uploads\/sites\/3\/2025\/07\/zurich_11zon.jpg\"><img loading=\"lazy\" decoding=\"async\" class=\"size-article-size-large-image wp-image-91244\" src=\"https:\/\/www.startlap.hu\/utazas\/uploads\/sites\/3\/2025\/07\/zurich_11zon-755x506.jpg\" alt=\"Zurich v\u00e1rosk\u00e9p a magasb\u00f3l\" width=\"755\" height=\"506\" srcset=\"https:\/\/www.startlap.hu\/utazas\/uploads\/sites\/3\/2025\/07\/zurich_11zon-755x506.jpg 755w, https:\/\/www.startlap.hu\/utazas\/uploads\/sites\/3\/2025\/07\/zurich_11zon-1536x1029.jpg 1536w, https:\/\/www.startlap.hu\/utazas\/uploads\/sites\/3\/2025\/07\/zurich_11zon-522x350.jpg 522w, https:\/\/www.startlap.hu\/utazas\/uploads\/sites\/3\/2025\/07\/zurich_11zon.jpg 1692w\" sizes=\"auto, (max-width: 755px) 100vw, 755px\" \/><\/a><figcaption id=\"caption-attachment-91244\" class=\"wp-caption-text\">Z\u00fcrich. Fot\u00f3: Getty Images<\/figcaption><\/figure>\n<p data-start=\"851\" data-end=\"1224\">A sv\u00e1jci v\u00e1rosok dominanci\u00e1ja t\u00f6bb t\u00e9nyez\u0151re vezethet\u0151 vissza: a t\u00e9rs\u00e9gben rendk\u00edv\u00fcl magas az \u00e1tlagfizet\u00e9s, p\u00e9ld\u00e1ul<\/p>\n<blockquote class=\"article__extraTxt\">\n<p data-start=\"851\" data-end=\"1224\">a Z\u00fcrichben \u00e9s B\u00e1zelben a dolgoz\u00f3k majdnem k\u00e9tszer annyit keresnek, mint Ausztri\u00e1ban.<\/p>\n<\/blockquote>\n<p data-start=\"851\" data-end=\"1224\">Emellett a <strong>korl\u00e1tozottan be\u00e9p\u00edthet\u0151 ter\u00fclet<\/strong> \u00e9s az <strong>ingatlanfejleszt\u00e9si korl\u00e1toz\u00e1sok<\/strong> is tov\u00e1bb n\u00f6velik az \u00e1rakat, \u00edgy a b\u00e9rleti d\u00edjak \u00e9s a szolg\u00e1ltat\u00e1sok k\u00f6lts\u00e9gei is kiugr\u00f3an magasak.<\/p>\n<h2 data-start=\"851\" data-end=\"1224\">\u00c1zsia az ellent\u00e9tek kontinense<\/h2>\n<blockquote class=\"article__extraTxt\">\n<p data-start=\"1226\" data-end=\"1615\">A <strong>vil\u00e1g legdr\u00e1g\u00e1bb v\u00e1rosainak list\u00e1j\u00e1n \u00c1zsia vezet: Hongkong<\/strong>, ahol egy garzonlak\u00e1s havi \u00e1tlag\u00e1ra 2 070 eur\u00f3, az els\u0151 helyen v\u00e9gzett.<\/p>\n<\/blockquote>\n<p data-start=\"1226\" data-end=\"1615\">A k\u00ednai nagyv\u00e1ros az\u00e9rt vezeti a rangsort, mert nemcsak a lakhat\u00e1s, hanem <strong>az \u00f6sszes meg\u00e9lhet\u00e9si k\u00f6lts\u00e9g \u2013 az \u00e9lelmiszert\u0151l a k\u00f6zleked\u00e9sig \u2013 kiugr\u00f3an magas<\/strong>, amit a rendk\u00edv\u00fcl s\u0171r\u0171 be\u00e9p\u00edt\u00e9s \u00e9s a sz\u0171k\u00f6s lak\u00f3ter\u00fclet tov\u00e1bb dr\u00e1g\u00edt. \u00cdgy \u00f6sszess\u00e9g\u00e9ben j\u00f3val k\u00f6lts\u00e9gesebb ott \u00e9lni, m\u00e9g akkor is, ha bizonyos b\u00e9rleti d\u00edjak Z\u00fcrichben magasabbak. A m\u00e1sodik helyet a rendk\u00edv\u00fcl importf\u00fcgg\u0151 \u00e9s dr\u00e1ga k\u00f6zleked\u00e9ssel rendelkez\u0151 <strong>Szingap\u00far<\/strong> szerezte meg, ahol a lak\u00e1sb\u00e9rl\u00e9s m\u00e9g Hongkongn\u00e1l is k\u00f6lts\u00e9gesebb. <strong>New York<\/strong> az USA legdr\u00e1g\u00e1bb v\u00e1rosa, a 7. helyet foglalja el a glob\u00e1lis list\u00e1n, m\u00edg <strong>London<\/strong> a 8. helyen \u00e1ll.<\/p>\n<p data-start=\"1617\" data-end=\"1921\">A rangsor v\u00e9g\u00e9n f\u0151k\u00e9nt indiai \u00e9s pakiszt\u00e1ni v\u00e1rosok szerepelnek, ahol a meg\u00e9lhet\u00e9s j\u00f3val olcs\u00f3bb, mint a vil\u00e1g nagyv\u00e1rosaiban. Az olyan telep\u00fcl\u00e9seken, mint <strong>Kojambutt\u00far<\/strong>, <strong>Lahore<\/strong>, <strong>Karacsi<\/strong> vagy <strong>Lakhnau<\/strong>, az alacsony b\u00e9rek \u00e9s a kedvez\u0151 ingatlan\u00e1rak miatt a mindennapi \u00e9let k\u00f6lts\u00e9gei is jelent\u0151sen alacsonyabbak. Ezek a v\u00e1rosok sz\u00e1m\u00edtanak jelenleg a vil\u00e1g legmegfizethet\u0151bb helyeinek.<\/p>\n<p data-start=\"1617\" data-end=\"1921\">via <a href=\"https:\/\/www.oe24.at\/reiselust24\/welt\/die-teuerste-stadt-europas-liegt-im-nachbarland\/657611662\" target=\"_blank\" target=\"_blank\" rel=\"noopener\">Oe24.at<\/a><\/p>\n<p data-start=\"1617\" data-end=\"1921\"><div class=\"o-widget m-readMoreWidget -readMore u-shortDecorLineAfter row widget-container _ce_measure_widget bigdata-widget read-more\" data-ce-measure-widget=\"olvass tov\u00e1bb\">\n\t<div class=\"m-readMoreWidget__imgWrapper image-wrapper col-12 col-md-4 no-p\">\n\t\t<a class=\"m-readMoreWidget__imgLink\" href=\"https:\/\/www.startlap.hu\/utazas\/top10-rangsor-eletminoseg-luxemburg-oman\/\" >\n\t\t\t<img decoding=\"async\" src=\"https:\/\/www.startlap.hu\/utazas\/uploads\/sites\/3\/2025\/11\/luxemburg_11zon-350x285.jpg\" class=\"m-readMoreWidget__img\">\n\t\t<\/a>\n\t<\/div>\n\t<div class=\"m-readMoreWidget__titleWrapper title-wrapper col-12 col-md-8\">\n\t\t<span class=\"m-readMoreWidget__titleLabel u-shortDecorLineBefore label hidden-sm-up\">Ez is \u00e9rdekelhet:<\/span>\n\t\t<h3 class=\"m-readMoreWidget__title title\">\n\t\t\t<a class=\"m-readMoreWidget__titleLink -secondFont u-bold u-upperCase\" href=\"https:\/\/www.startlap.hu\/utazas\/top10-rangsor-eletminoseg-luxemburg-oman\/\" >Sem Sv\u00e1jc, sem Norv\u00e9gia: az \u00e9letmin\u0151s\u00e9g ebben az eur\u00f3pai orsz\u00e1gban a legmagasabb<\/a>\n\t\t<\/h3>\n\t\t<a class=\"m-readMoreWidget__btn -coloredBack u-tC link\" href=\"https:\/\/www.startlap.hu\/utazas\/top10-rangsor-eletminoseg-luxemburg-oman\/\" >Elolvasom<\/a>\n\t<\/div>\n<\/div>\n","protected":false},"excerpt":{"rendered":"<p>Az eur\u00f3pai kontinens legdr\u00e1g\u00e1bb v\u00e1rosa egyben a vil\u00e1g harmadik legdr\u00e1g\u00e1bbja: az \u00e1tlagkereset azonban hasonl\u00f3an magas, mint a lakb\u00e9r. N\u00e9zz\u00fck, melyik ez a hely!<\/p>\n","protected":false},"author":63,"featured_media":91244,"comment_status":"closed","ping_status":"closed","sticky":false,"template":"","format":"standard","meta":{"footnotes":""},"categories":[70],"tags":[38,9181,309,1614],"class_list":["post-99028","post","type-post","status-publish","format-standard","has-post-thumbnail","hentry","category-vilag","tag-europa","tag-legdragabb-varosok","tag-svajc","tag-zurich"],"aioseo_notices":[],"_links":{"self":[{"href":"https:\/\/www.startlap.hu\/utazas\/wp-json\/wp\/v2\/posts\/99028","targetHints":{"allow":["GET"]}}],"collection":[{"href":"https:\/\/www.startlap.hu\/utazas\/wp-json\/wp\/v2\/posts"}],"about":[{"href":"https:\/\/www.startlap.hu\/utazas\/wp-json\/wp\/v2\/types\/post"}],"author":[{"embeddable":true,"href":"https:\/\/www.startlap.hu\/utazas\/wp-json\/wp\/v2\/users\/63"}],"replies":[{"embeddable":true,"href":"https:\/\/www.startlap.hu\/utazas\/wp-json\/wp\/v2\/comments?post=99028"}],"version-history":[{"count":3,"href":"https:\/\/www.startlap.hu\/utazas\/wp-json\/wp\/v2\/posts\/99028\/revisions"}],"predecessor-version":[{"id":99080,"href":"https:\/\/www.startlap.hu\/utazas\/wp-json\/wp\/v2\/posts\/99028\/revisions\/99080"}],"wp:featuredmedia":[{"embeddable":true,"href":"https:\/\/www.startlap.hu\/utazas\/wp-json\/wp\/v2\/media\/91244"}],"wp:attachment":[{"href":"https:\/\/www.startlap.hu\/utazas\/wp-json\/wp\/v2\/media?parent=99028"}],"wp:term":[{"taxonomy":"category","embeddable":true,"href":"https:\/\/www.startlap.hu\/utazas\/wp-json\/wp\/v2\/categories?post=99028"},{"taxonomy":"post_tag","embeddable":true,"href":"https:\/\/www.startlap.hu\/utazas\/wp-json\/wp\/v2\/tags?post=99028"}],"curies":[{"name":"wp","href":"https:\/\/api.w.org\/{rel}","templated":true}]}}