{"id":98806,"date":"2025-11-24T11:51:34","date_gmt":"2025-11-24T10:51:34","guid":{"rendered":"https:\/\/www.startlap.hu\/utazas\/?p=98806"},"modified":"2025-11-24T11:51:34","modified_gmt":"2025-11-24T10:51:34","slug":"vilag-legnepesebb-varosa-jakarta-indonezia","status":"publish","type":"post","link":"https:\/\/www.startlap.hu\/utazas\/vilag-legnepesebb-varosa-jakarta-indonezia\/","title":{"rendered":"Sz\u00e1zb\u00f3l egy tudja csak helyesen, melyik a vil\u00e1g legn\u00e9pesebb v\u00e1rosa"},"content":{"rendered":"<p>Indon\u00e9zia f\u0151v\u00e1rosa, Jakarta csaknem <strong>42 milli\u00f3<\/strong> lak\u00f3j\u00e1val a vil\u00e1g legn\u00e9pesebb metropolisza. Jakart\u00e1t a legn\u00e9pesebb v\u00e1rosok rangsor\u00e1ban Banglades f\u0151v\u00e1rosa, <strong><a href=\"https:\/\/www.startlap.hu\/utazas\/tokio-fudzsi-eltakar-hotel-lebontas\/\" target=\"_blank\" rel=\"noopener\">Dakka k\u00f6veti 40 milli\u00f3<\/a><\/strong> lak\u00f3j\u00e1val, majd pedig Jap\u00e1n f\u0151v\u00e1rosa, <strong><a href=\"https:\/\/www.startlap.hu\/utazas\/tokio-fudzsi-eltakar-hotel-lebontas\/\" target=\"_blank\" rel=\"noopener\">Toki\u00f3<\/a> 33 milli\u00f3<\/strong> lakossal &#8211; der\u00fclt ki az ENSZ gazdas\u00e1gi \u00e9s szoci\u00e1lis \u00fcgyekkel foglalkoz\u00f3 r\u00e9szleg\u00e9nek m\u00falt h\u00e9ten New Yorkban ismertetett jelent\u00e9s\u00e9b\u0151l.&nbsp;<\/p>\n<div class=\"o-widget m-readMoreWidget -readMore u-shortDecorLineAfter row widget-container _ce_measure_widget bigdata-widget read-more\" data-ce-measure-widget=\"olvass tov\u00e1bb\">\n\t<div class=\"m-readMoreWidget__imgWrapper image-wrapper col-12 col-md-4 no-p\">\n\t\t<a class=\"m-readMoreWidget__imgLink\" href=\"https:\/\/www.startlap.hu\/utazas\/top10-rangsor-eletminoseg-luxemburg-oman\/\" >\n\t\t\t<img decoding=\"async\" src=\"https:\/\/www.startlap.hu\/utazas\/uploads\/sites\/3\/2025\/11\/luxemburg_11zon-350x285.jpg\" class=\"m-readMoreWidget__img\">\n\t\t<\/a>\n\t<\/div>\n\t<div class=\"m-readMoreWidget__titleWrapper title-wrapper col-12 col-md-8\">\n\t\t<span class=\"m-readMoreWidget__titleLabel u-shortDecorLineBefore label hidden-sm-up\">Ez is \u00e9rdekelhet:<\/span>\n\t\t<h3 class=\"m-readMoreWidget__title title\">\n\t\t\t<a class=\"m-readMoreWidget__titleLink -secondFont u-bold u-upperCase\" href=\"https:\/\/www.startlap.hu\/utazas\/top10-rangsor-eletminoseg-luxemburg-oman\/\" >Sem Sv\u00e1jc, sem Norv\u00e9gia: az \u00e9letmin\u0151s\u00e9g ebben az eur\u00f3pai orsz\u00e1gban a legmagasabb<\/a>\n\t\t<\/h3>\n\t\t<a class=\"m-readMoreWidget__btn -coloredBack u-tC link\" href=\"https:\/\/www.startlap.hu\/utazas\/top10-rangsor-eletminoseg-luxemburg-oman\/\" >Elolvasom<\/a>\n\t<\/div>\n<\/div>\n<p>A jelent\u00e9s szerint 1975 \u00f3ta nyolcr\u00f3l harminch\u00e1romra n\u0151tt, vagyis megn\u00e9gyszerez\u0151d\u00f6tt a legal\u00e1bb 10 milli\u00f3 lakos\u00fa megav\u00e1rosok sz\u00e1ma. Ezekb\u0151l 19 \u00c1zsi\u00e1ban tal\u00e1lhat\u00f3.<\/p>\n<blockquote class=\"article__extraTxt\"><p>A vil\u00e1g t\u00edz legn\u00e9pesebb v\u00e1ros k\u00f6z\u00f6tt az egyiptomi <a href=\"https:\/\/www.startlap.hu\/utazas\/egyiptom-szakkara-sirok-asatas\/\" target=\"_blank\" rel=\"noopener\">Kair\u00f3<\/a> az egyetlen, amely nem \u00c1zsi\u00e1ban van.<\/p><\/blockquote>\n<p>A besz\u00e1mol\u00f3 elk\u00e9sz\u00edt\u0151i azzal sz\u00e1molnak, hogy 2050-ig tov\u00e1bbi n\u00e9gy v\u00e1ros lakoss\u00e1ga fogja meghaladni a 10 milli\u00f3s k\u00fcsz\u00f6b\u00f6t: <strong>az eti\u00f3p f\u0151v\u00e1ros, Addisz-Abeba, a tanz\u00e1niai Dar es-Salaam, a malajziai Kuala Lumpur \u00e9s az indiai Hadzsipur<\/strong>. Ugyanakkor egyes ilyen nagyv\u00e1rosokban cs\u00f6kken a lakoss\u00e1gsz\u00e1m, \u00edgy p\u00e9ld\u00e1ul Mexik\u00f3v\u00e1rosban \u00e9s a k\u00ednai Csengtuban.<\/p>\n<figure id=\"attachment_98814\" aria-describedby=\"caption-attachment-98814\" style=\"width: 755px\" class=\"wp-caption alignnone\"><a href=\"https:\/\/www.startlap.hu\/utazas\/uploads\/sites\/3\/2025\/11\/jakarta-1.jpg\"><img loading=\"lazy\" decoding=\"async\" class=\"size-article-size-large-image wp-image-98814\" src=\"https:\/\/www.startlap.hu\/utazas\/uploads\/sites\/3\/2025\/11\/jakarta-1-755x492.jpg\" alt=\"\" width=\"755\" height=\"492\" srcset=\"https:\/\/www.startlap.hu\/utazas\/uploads\/sites\/3\/2025\/11\/jakarta-1-755x492.jpg 755w, https:\/\/www.startlap.hu\/utazas\/uploads\/sites\/3\/2025\/11\/jakarta-1-1536x1000.jpg 1536w, https:\/\/www.startlap.hu\/utazas\/uploads\/sites\/3\/2025\/11\/jakarta-1-537x350.jpg 537w, https:\/\/www.startlap.hu\/utazas\/uploads\/sites\/3\/2025\/11\/jakarta-1.jpg 1600w\" sizes=\"auto, (max-width: 755px) 100vw, 755px\" \/><\/a><figcaption id=\"caption-attachment-98814\" class=\"wp-caption-text\">Jakarta (Getty Images)<\/figcaption><\/figure>\n<h2>N\u00f6vekszik a v\u00e1rosban lak\u00f3k sz\u00e1ma<\/h2>\n<p>A jelent\u00e9s kit\u00e9r arra is, hogy jelenleg <strong>a vil\u00e1g 8,2 milli\u00e1rdos lakoss\u00e1g\u00e1nak 45 sz\u00e1zal\u00e9ka \u00e9l v\u00e1rosokban<\/strong>. 1950-ben ez az ar\u00e1ny m\u00e9g csak 20 sz\u00e1zal\u00e9k volt. El\u0151rejelz\u00e9sek szerint 2050-ig a n\u00e9pess\u00e9gn\u00f6veked\u00e9s k\u00e9tharmada a v\u00e1rosokra fog jutni. A jelent\u00e9s v\u00e1rosnak tekint minden olyan telep\u00fcl\u00e9st, amelyben legal\u00e1bb 50 ezer ember \u00e9l.<\/p>\n<p>A v\u00e1rosok sz\u00e1ma 1975 \u00e9s 2025 k\u00f6z\u00f6tt vil\u00e1gszerte t\u00f6bb mint k\u00e9tszeres\u00e9re, mintegy 12 ezerre n\u0151tt. 2050-re val\u00f3sz\u00edn\u0171leg sz\u00e1muk m\u00e1r meg fogja haladni a 15 ezret. A kisebb \u00e9s k\u00f6zepes m\u00e9ret\u0171 v\u00e1rosok a megapoliszokn\u00e1l gyorsabban n\u00f6vekednek, s \u00f6sszess\u00e9g\u00e9ben is t\u00f6bben \u00e9lnek ilyen v\u00e1rosokban.<\/p>\n<blockquote class=\"article__extraTxt\"><p>A jelenleg l\u00e9tez\u0151 mintegy 12 ezer v\u00e1ros 96 sz\u00e1zal\u00e9k\u00e1nak kevesebb mint egymilli\u00f3 lak\u00f3ja van.<\/p><\/blockquote>\n<p>A vil\u00e1g 71 orsz\u00e1g\u00e1ban a kisv\u00e1ros \u2013 amelyet legal\u00e1bb 5000 lakos\u00fa \u00e9s legal\u00e1bb 300 f\u0151\/n\u00e9gyzetkilom\u00e9ter n\u00e9pess\u00e9g\u0171 telep\u00fcl\u00e9sk\u00e9nt hat\u00e1roznak meg \u2013 tov\u00e1bbra is a legelterjedtebb, \u00edgy N\u00e9metorsz\u00e1gban, Indi\u00e1ban \u00e9s az Egyes\u00fclt \u00c1llamokban is.<\/p>\n<h2>Ahol f\u0151k\u00e9nt vid\u00e9ken \u00e9lnek<\/h2>\n<p>Azoknak az orsz\u00e1goknak a sz\u00e1ma, ahol az emberek f\u0151k\u00e9nt vid\u00e9ken \u00e9lnek, 1975 \u00f3ta 116-r\u00f3l 62-re cs\u00f6kkent, \u00e9s 2050-ig v\u00e1rhat\u00f3an tov\u00e1bb cs\u00f6kken 44-re. Ezek k\u00f6z\u00e9 tartozik jelenleg t\u00f6bbek k\u00f6z\u00f6tt <a href=\"https:\/\/www.startlap.hu\/utazas\/sieles-napijegy-80-euro-ausztria\/\" target=\"_blank\" rel=\"noopener\"><strong>Ausztria<\/strong><\/a><strong>, Finnorsz\u00e1g, Rom\u00e1nia, valamint Mozambik \u00e9s a K\u00f6z\u00e9p-afrikai K\u00f6zt\u00e1rsas\u00e1g<\/strong>&nbsp;&#8211; \u00edrt az MTI.<\/p>\n<div class=\"o-widget m-readMoreWidget -readMore u-shortDecorLineAfter row widget-container _ce_measure_widget bigdata-widget read-more\" data-ce-measure-widget=\"olvass tov\u00e1bb\">\n\t<div class=\"m-readMoreWidget__imgWrapper image-wrapper col-12 col-md-4 no-p\">\n\t\t<a class=\"m-readMoreWidget__imgLink\" href=\"https:\/\/www.startlap.hu\/utazas\/olaszorszag-europa-metro-legszebb-allomas\/\" >\n\t\t\t<img decoding=\"async\" src=\"https:\/\/www.startlap.hu\/utazas\/uploads\/sites\/3\/2025\/11\/GettyImages-472103187_11zon-350x285.jpg\" class=\"m-readMoreWidget__img\">\n\t\t<\/a>\n\t<\/div>\n\t<div class=\"m-readMoreWidget__titleWrapper title-wrapper col-12 col-md-8\">\n\t\t<span class=\"m-readMoreWidget__titleLabel u-shortDecorLineBefore label hidden-sm-up\">Ez is \u00e9rdekelhet:<\/span>\n\t\t<h3 class=\"m-readMoreWidget__title title\">\n\t\t\t<a class=\"m-readMoreWidget__titleLink -secondFont u-bold u-upperCase\" href=\"https:\/\/www.startlap.hu\/utazas\/olaszorszag-europa-metro-legszebb-allomas\/\" >Nem London, nem P\u00e1rizs: Eur\u00f3pa legszebb metr\u00f3\u00e1llom\u00e1s\u00e1t ebben a v\u00e1rosban tal\u00e1lod<\/a>\n\t\t<\/h3>\n\t\t<a class=\"m-readMoreWidget__btn -coloredBack u-tC link\" href=\"https:\/\/www.startlap.hu\/utazas\/olaszorszag-europa-metro-legszebb-allomas\/\" >Elolvasom<\/a>\n\t<\/div>\n<\/div>\n","protected":false},"excerpt":{"rendered":"<p>A v\u00e1rosok sz\u00e1ma 1975 \u00e9s 2025 k\u00f6z\u00f6tt vil\u00e1gszerte t\u00f6bb mint k\u00e9tszeres\u00e9re, mintegy 12 ezerre n\u0151tt. Jelenleg a vil\u00e1g 8,2 milli\u00e1rdos lakoss\u00e1g\u00e1nak 45 sz\u00e1zal\u00e9ka \u00e9l v\u00e1rosokban. Ha meg kellene tippelni, hogy melyik a vil\u00e1g legn\u00e9pesebb v\u00e1rosa most, sokan Toki\u00f3t vagy Sanghajt nevezn\u00e9k meg, t\u00e9vesen. Cikk\u00fcnkb\u0151l megtudhatod a helyes v\u00e1laszt. <\/p>\n","protected":false},"author":7,"featured_media":98813,"comment_status":"closed","ping_status":"closed","sticky":false,"template":"","format":"standard","meta":{"footnotes":""},"categories":[70],"tags":[3573,1553,7875],"class_list":["post-98806","post","type-post","status-publish","format-standard","has-post-thumbnail","hentry","category-vilag","tag-ensz","tag-indonezia","tag-nepesseg"],"aioseo_notices":[],"_links":{"self":[{"href":"https:\/\/www.startlap.hu\/utazas\/wp-json\/wp\/v2\/posts\/98806","targetHints":{"allow":["GET"]}}],"collection":[{"href":"https:\/\/www.startlap.hu\/utazas\/wp-json\/wp\/v2\/posts"}],"about":[{"href":"https:\/\/www.startlap.hu\/utazas\/wp-json\/wp\/v2\/types\/post"}],"author":[{"embeddable":true,"href":"https:\/\/www.startlap.hu\/utazas\/wp-json\/wp\/v2\/users\/7"}],"replies":[{"embeddable":true,"href":"https:\/\/www.startlap.hu\/utazas\/wp-json\/wp\/v2\/comments?post=98806"}],"version-history":[{"count":3,"href":"https:\/\/www.startlap.hu\/utazas\/wp-json\/wp\/v2\/posts\/98806\/revisions"}],"predecessor-version":[{"id":98817,"href":"https:\/\/www.startlap.hu\/utazas\/wp-json\/wp\/v2\/posts\/98806\/revisions\/98817"}],"wp:featuredmedia":[{"embeddable":true,"href":"https:\/\/www.startlap.hu\/utazas\/wp-json\/wp\/v2\/media\/98813"}],"wp:attachment":[{"href":"https:\/\/www.startlap.hu\/utazas\/wp-json\/wp\/v2\/media?parent=98806"}],"wp:term":[{"taxonomy":"category","embeddable":true,"href":"https:\/\/www.startlap.hu\/utazas\/wp-json\/wp\/v2\/categories?post=98806"},{"taxonomy":"post_tag","embeddable":true,"href":"https:\/\/www.startlap.hu\/utazas\/wp-json\/wp\/v2\/tags?post=98806"}],"curies":[{"name":"wp","href":"https:\/\/api.w.org\/{rel}","templated":true}]}}