{"id":98403,"date":"2025-11-15T17:02:54","date_gmt":"2025-11-15T16:02:54","guid":{"rendered":"https:\/\/www.startlap.hu\/utazas\/?p=98403"},"modified":"2025-11-15T17:02:54","modified_gmt":"2025-11-15T16:02:54","slug":"itt-a-malackak-az-urak-a-turistak-csak-masodlagosak-sot-zavaroak","status":"publish","type":"post","link":"https:\/\/www.startlap.hu\/utazas\/itt-a-malackak-az-urak-a-turistak-csak-masodlagosak-sot-zavaroak\/","title":{"rendered":"Itt a malack\u00e1k az urak, a turist\u00e1k csak m\u00e1sodlagosak, s\u0151t zavar\u00f3ak"},"content":{"rendered":"<p>Egy fest\u0151i angliai nemzeti parkban arra figyelmeztetik a l\u00e1togat\u00f3kat, hogy tartsanak tisztes t\u00e1vols\u00e1got a szabadon \u00e9l\u0151 malack\u00e1kt\u00f3l &#8211; \u00edrja a <a href=\"https:\/\/www.hirstart.hu\/site\/relocate.php?rssid=1654&amp;rsspid=3&amp;ctype=rss&amp;id=41891348&amp;chk=87bbf7544f5b7a7abdb7d498d1a9293f&amp;url=https%3A%2F%2Froadster.hu%2Fdiszno-szelfi-2%3Futm_source%3Dhirstart%26utm_medium%3Dreferral%26utm_campaign%3Dct\" target=\"_blank\" target=\"_blank\" rel=\"noopener\">Roadster.hu<\/a>.&nbsp;<\/p>\n<div class=\"o-widget m-readMoreWidget -readMore u-shortDecorLineAfter row widget-container _ce_measure_widget bigdata-widget read-more\" data-ce-measure-widget=\"olvass tov\u00e1bb\">\n\t<div class=\"m-readMoreWidget__imgWrapper image-wrapper col-12 col-md-4 no-p\">\n\t\t<a class=\"m-readMoreWidget__imgLink\" href=\"https:\/\/www.startlap.hu\/utazas\/top10-rangsor-eletminoseg-luxemburg-oman\/\" >\n\t\t\t<img decoding=\"async\" src=\"https:\/\/www.startlap.hu\/utazas\/uploads\/sites\/3\/2025\/11\/luxemburg_11zon-350x285.jpg\" class=\"m-readMoreWidget__img\">\n\t\t<\/a>\n\t<\/div>\n\t<div class=\"m-readMoreWidget__titleWrapper title-wrapper col-12 col-md-8\">\n\t\t<span class=\"m-readMoreWidget__titleLabel u-shortDecorLineBefore label hidden-sm-up\">Ez is \u00e9rdekelhet:<\/span>\n\t\t<h3 class=\"m-readMoreWidget__title title\">\n\t\t\t<a class=\"m-readMoreWidget__titleLink -secondFont u-bold u-upperCase\" href=\"https:\/\/www.startlap.hu\/utazas\/top10-rangsor-eletminoseg-luxemburg-oman\/\" >Sem Sv\u00e1jc, sem Norv\u00e9gia: az \u00e9letmin\u0151s\u00e9g ebben az eur\u00f3pai orsz\u00e1gban a legmagasabb<\/a>\n\t\t<\/h3>\n\t\t<a class=\"m-readMoreWidget__btn -coloredBack u-tC link\" href=\"https:\/\/www.startlap.hu\/utazas\/top10-rangsor-eletminoseg-luxemburg-oman\/\" >Elolvasom<\/a>\n\t<\/div>\n<\/div>\n<p>New Forest \u0151szi t\u00f6lgyeseiben minden \u00e9vben mintegy <strong>hatsz\u00e1z sert\u00e9st engednek szabadon<\/strong>, <strong>hogy \u00f6sszegy\u0171jts\u00e9k a lehullott makkokat<\/strong> \u2013 ezt a t\u00f6bb sz\u00e1z \u00e9ves hagyom\u00e1nyt m\u00e9g H\u00f3d\u00edt\u00f3 Vilmos kor\u00e1b\u00f3l \u0151rzik. A sert\u00e9sek jelenl\u00e9te \u00f6kol\u00f3giai szempontb\u00f3l is kulcsfontoss\u00e1g\u00fa, hiszen a makkok elfogyaszt\u00e1s\u00e1val megv\u00e9dik a p\u00f3nikat \u00e9s a szarvasmarh\u00e1kat a sz\u00e1mukra m\u00e9rgez\u0151 term\u00e9st\u0151l.<\/p>\n<p>A <strong><a href=\"https:\/\/www.startlap.hu\/utazas\/europai-szokasok-utazas-amerikai-turistak\/\" target=\"_blank\" rel=\"noopener\">turist\u00e1k<\/a><\/strong> azonban egyre gyakrabban mennek vesz\u00e9lyesen k\u00f6zel a diszn\u00f3khoz a l\u00e1tv\u00e1nyos felv\u00e9telek rem\u00e9ny\u00e9ben, amivel magukat \u00e9s az \u00e1llatokat is kock\u00e1zatnak teszik ki.<br \/>\nA helyiek \u00e9s a term\u00e9szetv\u00e9d\u0151k ez\u00e9rt egyre hat\u00e1rozottabban k\u00e9rik, hogy a l\u00e1togat\u00f3k ne zavarj\u00e1k a nyugalomban \u00e9l\u0151 \u00e1llatokat.<\/p>\n<figure id=\"attachment_98406\" aria-describedby=\"caption-attachment-98406\" style=\"width: 755px\" class=\"wp-caption alignnone\"><img loading=\"lazy\" decoding=\"async\" class=\"size-article-size-large-image wp-image-98406\" src=\"https:\/\/www.startlap.hu\/utazas\/uploads\/sites\/3\/2025\/11\/malac_new_forest_-755x503.jpg\" alt=\"Malacok a New Forest nemzeti parkban\" width=\"755\" height=\"503\" srcset=\"https:\/\/www.startlap.hu\/utazas\/uploads\/sites\/3\/2025\/11\/malac_new_forest_-755x503.jpg 755w, https:\/\/www.startlap.hu\/utazas\/uploads\/sites\/3\/2025\/11\/malac_new_forest_-525x350.jpg 525w, https:\/\/www.startlap.hu\/utazas\/uploads\/sites\/3\/2025\/11\/malac_new_forest_.jpg 1200w\" sizes=\"auto, (max-width: 755px) 100vw, 755px\" \/><figcaption id=\"caption-attachment-98406\" class=\"wp-caption-text\">Fot\u00f3: Getty Images<\/figcaption><\/figure>\n<p>Egyre t\u00f6bbsz\u00f6r akad olyan eset, amikor egy-egy jobb f\u00e9nyk\u00e9p rem\u00e9ny\u00e9ben m\u00e1r szab\u00e1lyosan r\u00e1ijesztenek a j\u00f3sz\u00e1gokra, ami olyan helyzeteket is eredm\u00e9nyzett, ahol a malac t\u00e1mad\u00f3v\u00e1 v\u00e1lt.&nbsp;<\/p>\n<p>A helyi k\u00f6z\u00f6ss\u00e9g vezet\u0151i hangs\u00falyozz\u00e1k, hogy a <strong>sert\u00e9sek nem turistal\u00e1tv\u00e1nyoss\u00e1gok<\/strong>, hanem a t\u00e1j term\u00e9szetes egyens\u00faly\u00e1nak r\u00e9szei, ez\u00e9rt fot\u00f3z\u00e1skor is csak t\u00e1volr\u00f3l, zoommal aj\u00e1nlott meg\u00f6r\u00f6k\u00edteni \u0151ket.<\/p>\n<p>A k\u00f6z\u00f6ss\u00e9g \u00fczenete pedig egy\u00e9rtelm\u0171: ez az id\u0151szak csak akkor marad biztons\u00e1gos, ha <strong>mindenki tiszteletben tartja az \u00e1llatok \u00e9letter\u00e9t \u00e9s viselked\u00e9s\u00e9t.<\/strong><\/p>\n<div class=\"o-widget m-readMoreWidget -readMore u-shortDecorLineAfter row widget-container _ce_measure_widget bigdata-widget read-more\" data-ce-measure-widget=\"olvass tov\u00e1bb\">\n\t<div class=\"m-readMoreWidget__imgWrapper image-wrapper col-12 col-md-4 no-p\">\n\t\t<a class=\"m-readMoreWidget__imgLink\" href=\"https:\/\/www.startlap.hu\/utazas\/budapest-karacsonyi-vasar-vorosmarty-ter-advent-bazilika-2025-fotok-arak\/\" >\n\t\t\t<img decoding=\"async\" src=\"https:\/\/www.startlap.hu\/utazas\/uploads\/sites\/3\/2025\/11\/advent-bazilika-350x285.jpg\" class=\"m-readMoreWidget__img\">\n\t\t<\/a>\n\t<\/div>\n\t<div class=\"m-readMoreWidget__titleWrapper title-wrapper col-12 col-md-8\">\n\t\t<span class=\"m-readMoreWidget__titleLabel u-shortDecorLineBefore label hidden-sm-up\">Ez is \u00e9rdekelhet:<\/span>\n\t\t<h3 class=\"m-readMoreWidget__title title\">\n\t\t\t<a class=\"m-readMoreWidget__titleLink -secondFont u-bold u-upperCase\" href=\"https:\/\/www.startlap.hu\/utazas\/budapest-karacsonyi-vasar-vorosmarty-ter-advent-bazilika-2025-fotok-arak\/\" >Megny\u00edltak Budapest ikonikus kar\u00e1csonyi v\u00e1s\u00e1rai, itt vannak az els\u0151 fot\u00f3k! 1600 forint a fix \u00e1ras \u00e9tel, a t\u00f6bbi j\u00f3val dr\u00e1g\u00e1bb<\/a>\n\t\t<\/h3>\n\t\t<a class=\"m-readMoreWidget__btn -coloredBack u-tC link\" href=\"https:\/\/www.startlap.hu\/utazas\/budapest-karacsonyi-vasar-vorosmarty-ter-advent-bazilika-2025-fotok-arak\/\" >Elolvasom<\/a>\n\t<\/div>\n<\/div>\n","protected":false},"excerpt":{"rendered":"<p>Van egy hely Nagy-Brittani\u00e1ban, ahol diszn\u00f3k t\u00f6megeit engedik szabadon egy mesebeli sz\u00e9ps\u00e9g\u0171 erd\u0151ben, hogy nagyon fontos feladatot l\u00e1ssanak el. <\/p>\n","protected":false},"author":8,"featured_media":98406,"comment_status":"closed","ping_status":"closed","sticky":false,"template":"","format":"standard","meta":{"footnotes":""},"categories":[70],"tags":[5403,368,1804],"class_list":["post-98403","post","type-post","status-publish","format-standard","has-post-thumbnail","hentry","category-vilag","tag-diszno","tag-nagy-britannia","tag-nemzeti-park"],"aioseo_notices":[],"_links":{"self":[{"href":"https:\/\/www.startlap.hu\/utazas\/wp-json\/wp\/v2\/posts\/98403","targetHints":{"allow":["GET"]}}],"collection":[{"href":"https:\/\/www.startlap.hu\/utazas\/wp-json\/wp\/v2\/posts"}],"about":[{"href":"https:\/\/www.startlap.hu\/utazas\/wp-json\/wp\/v2\/types\/post"}],"author":[{"embeddable":true,"href":"https:\/\/www.startlap.hu\/utazas\/wp-json\/wp\/v2\/users\/8"}],"replies":[{"embeddable":true,"href":"https:\/\/www.startlap.hu\/utazas\/wp-json\/wp\/v2\/comments?post=98403"}],"version-history":[{"count":5,"href":"https:\/\/www.startlap.hu\/utazas\/wp-json\/wp\/v2\/posts\/98403\/revisions"}],"predecessor-version":[{"id":98409,"href":"https:\/\/www.startlap.hu\/utazas\/wp-json\/wp\/v2\/posts\/98403\/revisions\/98409"}],"wp:featuredmedia":[{"embeddable":true,"href":"https:\/\/www.startlap.hu\/utazas\/wp-json\/wp\/v2\/media\/98406"}],"wp:attachment":[{"href":"https:\/\/www.startlap.hu\/utazas\/wp-json\/wp\/v2\/media?parent=98403"}],"wp:term":[{"taxonomy":"category","embeddable":true,"href":"https:\/\/www.startlap.hu\/utazas\/wp-json\/wp\/v2\/categories?post=98403"},{"taxonomy":"post_tag","embeddable":true,"href":"https:\/\/www.startlap.hu\/utazas\/wp-json\/wp\/v2\/tags?post=98403"}],"curies":[{"name":"wp","href":"https:\/\/api.w.org\/{rel}","templated":true}]}}