{"id":98212,"date":"2025-11-16T09:33:27","date_gmt":"2025-11-16T08:33:27","guid":{"rendered":"https:\/\/www.startlap.hu\/utazas\/?p=98212"},"modified":"2025-11-14T13:15:12","modified_gmt":"2025-11-14T12:15:12","slug":"brno-csehorszag-karacsonyi-vasarok-2025-advent-tippek","status":"publish","type":"post","link":"https:\/\/www.startlap.hu\/utazas\/brno-csehorszag-karacsonyi-vasarok-2025-advent-tippek\/","title":{"rendered":"Brno kar\u00e1csonyi v\u00e1s\u00e1rok 2025: d\u00e1tumok, helysz\u00ednek, tippek"},"content":{"rendered":"<p>Brno kar\u00e1csonykor igazi mese-v\u00e1ross\u00e1 alakul: f\u00e9ny\u00e1rban \u00fasz\u00f3 terek, g\u0151z\u00f6lg\u0151 forralt italok, zen\u00e9s programok \u00e9s k\u00f6z\u00f6ss\u00e9gi \u00e9lm\u00e9nyek v\u00e1rnak minden sarkon. A helyi k\u00e9zm\u0171vesek port\u00e9k\u00e1i, a legend\u00e1s turbomo\u0161t (forr\u00f3 almabor brandyvel) \u00e9s a bar\u00e1ts\u00e1gos morva vend\u00e9gszeretet egy\u00fctt teremtik meg azt a hangulatot, ami miatt <strong><a href=\"https:\/\/www.startlap.hu\/utazas\/hova-utazzunk-februarban-belfold-kulfold-tippek-2025\/\" target=\"_blank\" rel=\"noopener\">Brno<\/a><\/strong> az ut\u00f3bbi \u00e9vekben <strong><a href=\"https:\/\/www.startlap.hu\/utazas\/europa-utazasi-trend-szokasok-nyaralas\/\" target=\"_blank\" rel=\"noopener\">Eur\u00f3pa<\/a><\/strong> egyik legkedveltebb adventi c\u00e9lpontj\u00e1v\u00e1 v\u00e1lt.<\/p>\n<div class=\"o-widget m-readMoreWidget -readMore u-shortDecorLineAfter row widget-container _ce_measure_widget bigdata-widget read-more\" data-ce-measure-widget=\"olvass tov\u00e1bb\">\n\t<div class=\"m-readMoreWidget__imgWrapper image-wrapper col-12 col-md-4 no-p\">\n\t\t<a class=\"m-readMoreWidget__imgLink\" href=\"https:\/\/www.startlap.hu\/utazas\/becsi-karacsonyi-vasarok-advent-2025-datumok-tippek\/\" >\n\t\t\t<img decoding=\"async\" src=\"https:\/\/www.startlap.hu\/utazas\/uploads\/sites\/3\/2025\/10\/becs-5_11zon-350x285.jpg\" class=\"m-readMoreWidget__img\">\n\t\t<\/a>\n\t<\/div>\n\t<div class=\"m-readMoreWidget__titleWrapper title-wrapper col-12 col-md-8\">\n\t\t<span class=\"m-readMoreWidget__titleLabel u-shortDecorLineBefore label hidden-sm-up\">Ez is \u00e9rdekelhet:<\/span>\n\t\t<h3 class=\"m-readMoreWidget__title title\">\n\t\t\t<a class=\"m-readMoreWidget__titleLink -secondFont u-bold u-upperCase\" href=\"https:\/\/www.startlap.hu\/utazas\/becsi-karacsonyi-vasarok-advent-2025-datumok-tippek\/\" >B\u00e9csi kar\u00e1csonyi v\u00e1s\u00e1rok 2025: d\u00e1tumok, tippek \u00e9s fontos inform\u00e1ci\u00f3k egy helyen!<\/a>\n\t\t<\/h3>\n\t\t<a class=\"m-readMoreWidget__btn -coloredBack u-tC link\" href=\"https:\/\/www.startlap.hu\/utazas\/becsi-karacsonyi-vasarok-advent-2025-datumok-tippek\/\" >Elolvasom<\/a>\n\t<\/div>\n<\/div>\n<h2>Mikor nyitnak a brn\u00f3i kar\u00e1csonyi v\u00e1s\u00e1rok 2025-ben?<\/h2>\n<p>A Brn\u011bnsk\u00e9 V\u00e1noce 2025 rendezv\u00e9nysorozat november 21. \u00e9s december 23. k\u00f6z\u00f6tt v\u00e1rja a l\u00e1togat\u00f3kat. A f\u0151 helysz\u00edn a N\u00e1m\u011bst\u00ed Svobody, azaz a Szabads\u00e1g t\u00e9r, ahol a v\u00e1ros hatalmas kar\u00e1csonyf\u00e1ja \u00e9s a k\u00f6zponti sz\u00ednpad \u00e1ll. Emellett azonban t\u00f6bb m\u00e1s t\u00e9r is \u00fcnnepi d\u00edszbe \u00f6lt\u00f6zik:<\/p>\n<ul>\n<li><strong>Dominik\u00e1nsk\u00e9 n\u00e1m\u011bst\u00ed<\/strong> \u2013 meghitt, csal\u00e1dbar\u00e1t v\u00e1s\u00e1r betlehemmel \u00e9s gyermekprogramokkal<\/li>\n<li><strong>Zeln\u00fd trh<\/strong> \u2013 hagyom\u00e1nyos k\u00e9zm\u0171ves piac fafarag\u00e1sokkal, \u00fcvegt\u00e1rgyakkal, \u00e9dess\u00e9gekkel<\/li>\n<li><strong>Moravsk\u00e9 n\u00e1m\u011bst\u00ed<\/strong> \u2013 f\u00e9nyinstall\u00e1ci\u00f3kkal, j\u00e9gp\u00e1ly\u00e1val \u00e9s vid\u00e1mparki hangulattal<\/li>\n<\/ul>\n<p>A megnyit\u00f3 id\u00e9n is l\u00e1tv\u00e1nyos lesz: Krampus-show, \u00e9l\u0151 koncertek, k\u00f3rusok \u00e9s f\u00e9nyj\u00e1t\u00e9k ind\u00edtj\u00e1k az \u00fcnnepi id\u0151szakot. <strong>A v\u00e1s\u00e1rok \u00e1ltal\u00e1ban 10 \u00e9s 22 \u00f3ra k\u00f6z\u00f6tt tartanak nyitva, h\u00e9tv\u00e9g\u00e9n gyakran tov\u00e1bb is. <\/strong>&nbsp;Brn\u00f3ban az advent nem csup\u00e1n v\u00e1s\u00e1rl\u00e1sr\u00f3l sz\u00f3l: minden t\u00e9rnek saj\u00e1t karaktere van, \u00edgy \u00e9rdemes ak\u00e1r t\u00f6bb helysz\u00ednt is bej\u00e1rni egy nap alatt. A N\u00e1m\u011bst\u00ed Svobodyn zajlik a legt\u00f6bb koncert, a Dominik\u00e1nsk\u00e9 t\u00e9r a gyerekes csal\u00e1dok paradicsoma, m\u00edg a Zeln\u00fd trh \u00e9s a Moravsk\u00e9 n\u00e1m\u011bst\u00ed a gasztron\u00f3mia \u00e9s a hangulatos esti s\u00e9t\u00e1k kedvel\u0151it v\u00e1rja.<\/p>\n<figure id=\"attachment_98220\" aria-describedby=\"caption-attachment-98220\" style=\"width: 755px\" class=\"wp-caption alignnone\"><img loading=\"lazy\" decoding=\"async\" class=\"size-article-size-large-image wp-image-98220\" src=\"https:\/\/www.startlap.hu\/utazas\/uploads\/sites\/3\/2025\/11\/brno_11zon-755x503.jpg\" alt=\"Brno kar\u00e1csonyi v\u00e1s\u00e1r\" width=\"755\" height=\"503\" srcset=\"https:\/\/www.startlap.hu\/utazas\/uploads\/sites\/3\/2025\/11\/brno_11zon-755x503.jpg 755w, https:\/\/www.startlap.hu\/utazas\/uploads\/sites\/3\/2025\/11\/brno_11zon-1536x1024.jpg 1536w, https:\/\/www.startlap.hu\/utazas\/uploads\/sites\/3\/2025\/11\/brno_11zon-2048x1365.jpg 2048w, https:\/\/www.startlap.hu\/utazas\/uploads\/sites\/3\/2025\/11\/brno_11zon-525x350.jpg 525w\" sizes=\"auto, (max-width: 755px) 100vw, 755px\" \/><figcaption id=\"caption-attachment-98220\" class=\"wp-caption-text\">Fot\u00f3: Getty Images<\/figcaption><\/figure>\n<h2>N\u00e1m\u011bst\u00ed Svobody \u2013 a v\u00e1ros sz\u00edve<\/h2>\n<p>Hatalmas kar\u00e1csonyfa, zenepavilon, f\u00e9nysorok \u00e9s k\u00e9zm\u0171ves b\u00f3d\u00e9k sz\u00e1zai. Est\u00e9nk\u00e9nt \u00e9l\u0151 zene \u00e9s t\u00e1ncprogramok gondoskodnak a j\u00f3kedvr\u0151l, mik\u00f6zben a leveg\u0151ben a forralt bor, a s\u00fclt gesztenye \u00e9s a turbomo\u0161t illata keveredik.<\/p>\n<h2>Dominik\u00e1nsk\u00e9 n\u00e1m\u011bst\u00ed \u2013 a csal\u00e1dok tere<\/h2>\n<p>A v\u00e1ros egyik legb\u00e1josabb adventi helysz\u00edne, ahol f\u00e1b\u00f3l faragott betlehem, gyerekeknek sz\u00f3l\u00f3 programok, k\u00e9zm\u0171ves foglalkoz\u00e1sok \u00e9s melegebb, nyugodtabb hangulat v\u00e1r.<\/p>\n<h2>Zeln\u00fd trh \u2013 a k\u00e9zm\u0171vesek piaca<\/h2>\n<p>A t\u00f6rt\u00e9nelmi piact\u00e9r f\u00e9ny\u00e1rban \u00faszik, tele \u00fcvegm\u0171vesek, b\u0151rd\u00edszm\u0171vesek, keramikusok \u00e9s \u00e9dess\u00e9g\u00e1rusok standjaival. Itt \u00e9rdemes elid\u0151zni: minden stand egy kis t\u00f6rt\u00e9netet mes\u00e9l.<\/p>\n<h2>Moravsk\u00e9 n\u00e1m\u011bst\u00ed \u2013 j\u00e9gp\u00e1lya \u00e9s f\u00e9nyshow<\/h2>\n<p>Ez a t\u00e9r este v\u00e1lik igaz\u00e1n var\u00e1zslatoss\u00e1: korcsoly\u00e1z\u00e1s a f\u00e9nyek k\u00f6z\u00f6tt, kar\u00e1csonyi f\u00e9nyinstall\u00e1ci\u00f3k, puncspavilonok \u00e9s gasztrostandok v\u00e1rj\u00e1k a vend\u00e9geket.<\/p>\n<blockquote class=\"article__extraTxt\"><p>Nem v\u00e9letlen\u00fcl lett a v\u00e1ros Eur\u00f3pa kar\u00e1csonyi f\u0151v\u00e1rosa tavaly: a zs\u0171ri szerint a v\u00e1ros kar\u00e1csonyi v\u00e1s\u00e1rai egyszerre kreat\u00edvak, k\u00f6z\u00f6ss\u00e9g\u00e9p\u00edt\u0151k \u00e9s meghat\u00f3ak.<\/p><\/blockquote>\n<p>A szervez\u0151k minden \u00e9vben helyi zen\u00e9szeket, k\u00e9zm\u0171veseket \u00e9s diz\u00e1jnereket vonnak be, \u00edgy a v\u00e1s\u00e1r nemcsak turisztikai esem\u00e9ny, hanem val\u00f3di v\u00e1rosi \u00fcnnep. A TIC Brno, a v\u00e1ros turisztikai k\u00f6zpontja, id\u00e9n is \u00faj vizu\u00e1lis arculattal k\u00e9sz\u00fcl: a klasszikus morva mot\u00edvumokat modern grafik\u00e1val \u00f6tv\u00f6zt\u00e9k. A kar\u00e1csonyfa mellett betlehem, j\u00e9gp\u00e1lya, k\u00e9zm\u0171ves m\u0171hely \u00e9s forraltbor-pavilon is v\u00e1rja a l\u00e1togat\u00f3kat. A zenei programban t\u00f6bb mint 120 koncert szerepel, a helyi iskolai k\u00f3rusokt\u00f3l kezdve a jazz- \u00e9s folkegy\u00fcttesekig.<\/p>\n<figure id=\"attachment_98222\" aria-describedby=\"caption-attachment-98222\" style=\"width: 755px\" class=\"wp-caption alignnone\"><img loading=\"lazy\" decoding=\"async\" class=\"wp-image-98222 size-article-size-large-image\" src=\"https:\/\/www.startlap.hu\/utazas\/uploads\/sites\/3\/2025\/11\/brno2_11zon-755x503.jpg\" alt=\"\" width=\"755\" height=\"503\" srcset=\"https:\/\/www.startlap.hu\/utazas\/uploads\/sites\/3\/2025\/11\/brno2_11zon-755x503.jpg 755w, https:\/\/www.startlap.hu\/utazas\/uploads\/sites\/3\/2025\/11\/brno2_11zon-1536x1024.jpg 1536w, https:\/\/www.startlap.hu\/utazas\/uploads\/sites\/3\/2025\/11\/brno2_11zon-525x350.jpg 525w, https:\/\/www.startlap.hu\/utazas\/uploads\/sites\/3\/2025\/11\/brno2_11zon.jpg 1696w\" sizes=\"auto, (max-width: 755px) 100vw, 755px\" \/><figcaption id=\"caption-attachment-98222\" class=\"wp-caption-text\">Fot\u00f3: Getty Images<\/figcaption><\/figure>\n<h2>Hogyan juthatsz el Brn\u00f3ba?<\/h2>\n<p>Aut\u00f3val kb. 3,5\u20134 \u00f3ra alatt \u00e9rhetsz oda, a magyar hat\u00e1rt\u00f3l alig 120 km-re fekszik. Vonattal a RegioJet \u00e9s a \u010cD j\u00e1ratai k\u00e9nyelmesek, B\u00e9csen vagy <a href=\"https:\/\/www.startlap.hu\/utazas\/kviz-pozsony-budapest\/\" target=\"_blank\" rel=\"noopener\">Pozsonyon<\/a> kereszt\u00fcl is utazhatsz. Busszal a FlixBus \u00e9s m\u00e1s t\u00e1rsas\u00e1gok napi t\u00f6bb j\u00e1ratot ind\u00edtanak, \u00e1tlagosan 4\u20134,5 \u00f3r\u00e1s menetid\u0151vel.<\/p>\n<p>A belv\u00e1ros forgalma adventkor korl\u00e1tozott, ez\u00e9rt \u00e9rdemes a k\u00fcls\u0151 Park&amp;Ride parkol\u00f3kat haszn\u00e1lni, vagy a v\u00e1rosban a Domini Park \u00e9s a Jan\u00e1\u010dek Sz\u00ednh\u00e1z parkol\u00f3h\u00e1zait v\u00e1lasztani. A belv\u00e1ros gyalogosan is bej\u00e1rhat\u00f3, de a villamosh\u00e1l\u00f3zat is j\u00f3l lefedi a k\u00f6zpontot.<\/p>\n<h2>Sz\u00e1ll\u00e1s\u00e1rak Brn\u00f3ban advent idej\u00e9n<\/h2>\n<p>Advent idej\u00e9n a v\u00e1ros megtelik, ez\u00e9rt \u00e9rdemes j\u00f3 el\u0151re foglalni. \u00c1tlagos sz\u00e1ll\u00e1s\u00e1rak 2025 adventj\u00e9n:<\/p>\n<ul>\n<li><strong>Olcs\u00f3bb panzi\u00f3k, hostelek:<\/strong> 15 000\u201328 000 Ft\/\u00e9j<\/li>\n<li><strong>3\u20134 csillagos hotelek:<\/strong> 35 000\u201365 000 Ft\/\u00e9j<\/li>\n<li><strong>Pr\u00e9mium sz\u00e1llod\u00e1k:<\/strong> 80 000 Ft-t\u00f3l felfel\u00e9<\/li>\n<\/ul>\n<p>A k\u00f6zponti elhelyezked\u00e9s\u0171 hotelek hamar betelnek, k\u00fcl\u00f6n\u00f6sen a h\u00e9tv\u00e9g\u00e9ken. Ha rugalmas vagy, h\u00e9tk\u00f6znapra foglalva ak\u00e1r 20\u201330%-ot is sp\u00f3rolhatsz.<\/p>\n<section class=\"m-ratingRecommendation rating-recommendation\">\n            <div class=\"m-ratingRecommendation__wrap -imageWrap panel image\">\n            <img decoding=\"async\" class=\"m-ratingRecommendation__img\" src=\"https:\/\/www.startlap.hu\/utazas\/uploads\/sites\/3\/2025\/09\/gettyhotel-350x350.png\">\n        <\/div>\n        <div class=\"m-ratingRecommendation__wrap -infoWrap panel info\">\n        <h3 class=\"m-ratingRecommendation__title title\">Sz\u00e1ll\u00e1slehet\u0151s\u00e9gek Brnoban<\/h3>\n        \n        \n                    <div class=\"m-ratingRecommendation__linkWrap links\">\n                <p class=\"m-ratingRecommendation__subTitle\">Itt is kaphatod:<\/p>\n                                            <a class=\"m-ratingRecommendation__btn recommendation-button\" href=\"https:\/\/travelking.hu\/utazas\/?tt=35351_12_356366_&amp;r=%2F\" target=\"_blank\">Travelking<\/a>\n                                            <a class=\"m-ratingRecommendation__btn recommendation-button\" href=\"https:\/\/www.szallasguru.hu\/tt\/?tt=38293_12_356366_&amp;r=\" target=\"_blank\">Szallasguru<\/a>\n                                            <a class=\"m-ratingRecommendation__btn recommendation-button\" href=\"https:\/\/www.kqzyfj.com\/click-101130796-15603515\" target=\"_blank\">Agoda<\/a>\n                                <\/div>\n            <\/div>\n    <span class=\"m-ratingRecommendation__advTxt adv\">Hirdet\u00e9s<\/span>\n<\/section>\n\n<h2>Mit \u00e9rdemes megn\u00e9zni, ha m\u00e1r Brn\u00f3ban j\u00e1rsz?<\/h2>\n<p>Ha id\u0151d engedi, a kar\u00e1csonyi v\u00e1s\u00e1rok mellett \u00e9rdemes felfedezni a v\u00e1ros ikonikus helyeit is:<\/p>\n<ul>\n<li><strong>\u0160pilberk v\u00e1r<\/strong>: innen mes\u00e9s kil\u00e1t\u00e1s ny\u00edlik az eg\u00e9sz v\u00e1rosra<\/li>\n<li><strong>Brn\u00f3i katedr\u00e1lis<\/strong>&nbsp; \u2013 a v\u00e1ros jelk\u00e9pei<\/li>\n<li><strong>Villa Tugendhat<\/strong>, a modern \u00e9p\u00edt\u00e9szet UNESCO\u2013vil\u00e1g\u00f6r\u00f6ks\u00e9gi kincse<\/li>\n<\/ul>\n<p>Brno alatt h\u00faz\u00f3d\u00f3 alagutak \u00e9s borospinc\u00e9k \u2013 igazi k\u00fcl\u00f6nlegess\u00e9g ez a program, f\u0151leg a t\u00e9li id\u0151szakban<\/p>\n<p>Egy-egy hideg d\u00e9lut\u00e1non pedig t\u00e9rj be a Zeln\u00fd trh k\u00f6rny\u00e9ki k\u00e1v\u00e9z\u00f3k egyik\u00e9be \u2013 a forr\u00f3 csokol\u00e1d\u00e9, a helyi s\u00fctem\u00e9nyek \u00e9s a morva vend\u00e9gszeretet t\u00f6k\u00e9letesen kieg\u00e9sz\u00edtik az adventi \u00e9lm\u00e9nyt.<\/p>\n<p>Ha id\u00e9n \u00faj \u00e9lm\u00e9nyre v\u00e1gysz, de nem akarsz \u00f3r\u00e1kat utazni, Brno t\u00f6k\u00e9letes v\u00e1laszt\u00e1s: k\u00f6zeli, bar\u00e1ts\u00e1gos, \u00e9s az \u00fcnnep minden pillanat\u00e1t \u00e1thatja az a k\u00fcl\u00f6nleges morva var\u00e1zs, amit sehol m\u00e1shol nem tal\u00e1lsz meg.<\/p>\n<div class=\"o-widget m-readMoreWidget -readMore u-shortDecorLineAfter row widget-container _ce_measure_widget bigdata-widget read-more\" data-ce-measure-widget=\"olvass tov\u00e1bb\">\n\t<div class=\"m-readMoreWidget__imgWrapper image-wrapper col-12 col-md-4 no-p\">\n\t\t<a class=\"m-readMoreWidget__imgLink\" href=\"https:\/\/www.startlap.hu\/utazas\/pozsony-karacsony-vasar-advent-2025-tippek-datumok\/\" >\n\t\t\t<img decoding=\"async\" src=\"https:\/\/www.startlap.hu\/utazas\/uploads\/sites\/3\/2025\/10\/bratislava_11zon-350x285.jpg\" class=\"m-readMoreWidget__img\">\n\t\t<\/a>\n\t<\/div>\n\t<div class=\"m-readMoreWidget__titleWrapper title-wrapper col-12 col-md-8\">\n\t\t<span class=\"m-readMoreWidget__titleLabel u-shortDecorLineBefore label hidden-sm-up\">Ez is \u00e9rdekelhet:<\/span>\n\t\t<h3 class=\"m-readMoreWidget__title title\">\n\t\t\t<a class=\"m-readMoreWidget__titleLink -secondFont u-bold u-upperCase\" href=\"https:\/\/www.startlap.hu\/utazas\/pozsony-karacsony-vasar-advent-2025-tippek-datumok\/\" >Pozsonyi kar\u00e1csonyi v\u00e1s\u00e1rok 2025: d\u00e1tumok, tippek, l\u00e1tnival\u00f3k<\/a>\n\t\t<\/h3>\n\t\t<a class=\"m-readMoreWidget__btn -coloredBack u-tC link\" href=\"https:\/\/www.startlap.hu\/utazas\/pozsony-karacsony-vasar-advent-2025-tippek-datumok\/\" >Elolvasom<\/a>\n\t<\/div>\n<\/div>\n","protected":false},"excerpt":{"rendered":"<p>Ha id\u00e9n egy igaz\u00e1n meghitt, de m\u00e9gis izgalmas adventi \u00fati c\u00e9lt keresel, ne csak B\u00e9cs vagy Pr\u00e1ga jusson eszedbe. Csehorsz\u00e1g m\u00e1sodik legnagyobb v\u00e1rosa, Brno ugyanis egyre l\u00e1tv\u00e1nyosabb \u00e9s hangulatosabb kar\u00e1csonyi v\u00e1s\u00e1rokkal v\u00e1rja az \u00fcnnepre hangol\u00f3d\u00f3kat \u2013 \u00e9s mindezt alig n\u00e9h\u00e1ny \u00f3r\u00e1nyira Magyarorsz\u00e1gt\u00f3l.<\/p>\n","protected":false},"author":64,"featured_media":98220,"comment_status":"closed","ping_status":"closed","sticky":false,"template":"","format":"standard","meta":{"footnotes":""},"categories":[6],"tags":[945,4772,326,874,944],"class_list":["post-98212","post","type-post","status-publish","format-standard","has-post-thumbnail","hentry","category-tippek","tag-advent","tag-brno","tag-csehorszag","tag-karacsony","tag-karacsonyi-vasar"],"aioseo_notices":[],"_links":{"self":[{"href":"https:\/\/www.startlap.hu\/utazas\/wp-json\/wp\/v2\/posts\/98212","targetHints":{"allow":["GET"]}}],"collection":[{"href":"https:\/\/www.startlap.hu\/utazas\/wp-json\/wp\/v2\/posts"}],"about":[{"href":"https:\/\/www.startlap.hu\/utazas\/wp-json\/wp\/v2\/types\/post"}],"author":[{"embeddable":true,"href":"https:\/\/www.startlap.hu\/utazas\/wp-json\/wp\/v2\/users\/64"}],"replies":[{"embeddable":true,"href":"https:\/\/www.startlap.hu\/utazas\/wp-json\/wp\/v2\/comments?post=98212"}],"version-history":[{"count":9,"href":"https:\/\/www.startlap.hu\/utazas\/wp-json\/wp\/v2\/posts\/98212\/revisions"}],"predecessor-version":[{"id":98353,"href":"https:\/\/www.startlap.hu\/utazas\/wp-json\/wp\/v2\/posts\/98212\/revisions\/98353"}],"wp:featuredmedia":[{"embeddable":true,"href":"https:\/\/www.startlap.hu\/utazas\/wp-json\/wp\/v2\/media\/98220"}],"wp:attachment":[{"href":"https:\/\/www.startlap.hu\/utazas\/wp-json\/wp\/v2\/media?parent=98212"}],"wp:term":[{"taxonomy":"category","embeddable":true,"href":"https:\/\/www.startlap.hu\/utazas\/wp-json\/wp\/v2\/categories?post=98212"},{"taxonomy":"post_tag","embeddable":true,"href":"https:\/\/www.startlap.hu\/utazas\/wp-json\/wp\/v2\/tags?post=98212"}],"curies":[{"name":"wp","href":"https:\/\/api.w.org\/{rel}","templated":true}]}}