{"id":98006,"date":"2025-11-10T12:25:11","date_gmt":"2025-11-10T11:25:11","guid":{"rendered":"https:\/\/www.startlap.hu\/utazas\/?p=98006"},"modified":"2025-11-10T12:34:32","modified_gmt":"2025-11-10T11:34:32","slug":"fix-menu-bazilika-advetn-vasar","status":"publish","type":"post","link":"https:\/\/www.startlap.hu\/utazas\/fix-menu-bazilika-advetn-vasar\/","title":{"rendered":"Adventi v\u00e1s\u00e1r: ennyi lesz a fix men\u00fc a Bazilik\u00e1n\u00e1l"},"content":{"rendered":"<p>A belv\u00e1ros legn\u00e9pszer\u0171bb adventi esem\u00e9nyei \u2013 a V\u00f6r\u00f6smarty t\u00e9r-i \u00e9s a Szent Istv\u00e1n Bazilika el\u0151tti <strong><a href=\"https:\/\/www.startlap.hu\/utazas\/budapest-karacsonyi-vasar-nyitas-advent-bazilika-vorosmarty-classic-xmas-2025\/\" target=\"_blank\" rel=\"noopener\">kar\u00e1csonyi v\u00e1s\u00e1r<\/a><\/strong> \u2013 minden \u00e9vben <strong>\u00f3ri\u00e1si t\u00f6meget vonzanak a nyit\u00e1st\u00f3l eg\u00e9szen az utols\u00f3 napig<\/strong>. \u00cdgy nem v\u00e9letlen, hogy a standok d\u00edjai id\u00e9n el\u00e9rheti az egymilli\u00f3 forintos nagys\u00e1grendet. Ugyanakkor meglep\u0151, hogy a k\u00f6zter\u00fclet-haszn\u00e1lat d\u00edja a szervez\u0151k sz\u00e1m\u00e1ra mindk\u00e9t helyen nagym\u00e9rt\u00e9k\u0171 kedvezm\u00e9nnyel j\u00e1r.<\/p>\n<div class=\"o-widget m-readMoreWidget -readMore u-shortDecorLineAfter row widget-container _ce_measure_widget bigdata-widget read-more\" data-ce-measure-widget=\"olvass tov\u00e1bb\">\n\t<div class=\"m-readMoreWidget__imgWrapper image-wrapper col-12 col-md-4 no-p\">\n\t\t<a class=\"m-readMoreWidget__imgLink\" href=\"https:\/\/www.startlap.hu\/utazas\/eszak-ciprus-oktober-sziget-arak\/\" >\n\t\t\t<img decoding=\"async\" src=\"https:\/\/www.startlap.hu\/utazas\/uploads\/sites\/3\/2025\/10\/000_9M389N-350x285.jpg\" class=\"m-readMoreWidget__img\">\n\t\t<\/a>\n\t<\/div>\n\t<div class=\"m-readMoreWidget__titleWrapper title-wrapper col-12 col-md-8\">\n\t\t<span class=\"m-readMoreWidget__titleLabel u-shortDecorLineBefore label hidden-sm-up\">Ez is \u00e9rdekelhet:<\/span>\n\t\t<h3 class=\"m-readMoreWidget__title title\">\n\t\t\t<a class=\"m-readMoreWidget__titleLink -secondFont u-bold u-upperCase\" href=\"https:\/\/www.startlap.hu\/utazas\/eszak-ciprus-oktober-sziget-arak\/\" >20 \u00e9vvel ezel\u0151tti \u00e1rak, \u00fcres strandok v\u00e1rnak Eur\u00f3pa egyik legszebb sziget\u00e9n, ahol okt\u00f3berben is ny\u00e1r van<\/a>\n\t\t<\/h3>\n\t\t<a class=\"m-readMoreWidget__btn -coloredBack u-tC link\" href=\"https:\/\/www.startlap.hu\/utazas\/eszak-ciprus-oktober-sziget-arak\/\" >Elolvasom<\/a>\n\t<\/div>\n<\/div>\n<p>A k\u00e9t nagy kar\u00e1csonyi v\u00e1s\u00e1rnak megvan a maga b\u00e1ja, hiszen var\u00e1zslatosan biztos\u00edtj\u00e1k a <strong>adventi hangulatot az \u00fcnnepi \u00e9telekkel, finoms\u00e1gokkal<\/strong>, \u00e9s az elmaradhatatlan forralt borokkal, valamint a f\u0171szeres te\u00e1kkal. \u00cdgy nem v\u00e9letlen, hogy az idel\u00e1t\u00f3gat\u00f3kn\u00e1l k\u00f6zponti helyet foglal el, hogy mennyi\u00e9rt tudnak majd \u00e9tkezni.<\/p>\n<blockquote class=\"article__extraTxt\"><p>A Bazilik\u00e1n\u00e1l r\u00e1ad\u00e1sul most kider\u00fclt, hogy a fix men\u00fc\u00e9rt csak 1600 forintot kell majd fizetni.<\/p><\/blockquote>\n<p>Ez az \u00f6sszeg b\u00e1rmely budapesti kar\u00e1csonyi v\u00e1s\u00e1rban j\u00f3 \u00e1rnak sz\u00e1m\u00edt. Ugyanakkor m\u00e9g <strong>nem realiz\u00e1l\u00f3dott a men\u00fc v\u00e9gleges \u00f6sszet\u00e9tele<\/strong>.<\/p>\n<figure id=\"attachment_98013\" aria-describedby=\"caption-attachment-98013\" style=\"width: 755px\" class=\"wp-caption alignnone\"><img loading=\"lazy\" decoding=\"async\" class=\"size-article-size-large-image wp-image-98013\" src=\"https:\/\/www.startlap.hu\/utazas\/uploads\/sites\/3\/2025\/11\/bazilika_budapest_karacsonyi_vasar_-755x503.jpg\" alt=\"Kar\u00e1csonyi v\u00e1s\u00e1r a Szent Istv\u00e1n Bazilik\u00e1n\u00e1l Budapesten\" width=\"755\" height=\"503\" srcset=\"https:\/\/www.startlap.hu\/utazas\/uploads\/sites\/3\/2025\/11\/bazilika_budapest_karacsonyi_vasar_-755x503.jpg 755w, https:\/\/www.startlap.hu\/utazas\/uploads\/sites\/3\/2025\/11\/bazilika_budapest_karacsonyi_vasar_-525x350.jpg 525w, https:\/\/www.startlap.hu\/utazas\/uploads\/sites\/3\/2025\/11\/bazilika_budapest_karacsonyi_vasar_.jpg 1200w\" sizes=\"auto, (max-width: 755px) 100vw, 755px\" \/><figcaption id=\"caption-attachment-98013\" class=\"wp-caption-text\">Fot\u00f3: Getty Images<\/figcaption><\/figure>\n<p>Az egy\u00e9b gasztron\u00f3miai k\u00edn\u00e1latban term\u00e9szetesen megtal\u00e1lhat\u00f3ak lesznek majd a klasszikus t\u00e9li finoms\u00e1gok \u2013 a <strong>k\u00fcrt\u0151skal\u00e1cs, a s\u00fclt gesztenye, a forralt bor \u00e9s a m\u00e9zeskal\u00e1cs<\/strong> \u2013 mellett m\u00e1s k\u00fcl\u00f6nleges magyaros \u00e9s nemzetk\u00f6zi \u00e9telek is. A l\u00e1togat\u00f3k megk\u00f3stolhatj\u00e1k a frissen s\u00fclt kolb\u00e1szt, a t\u00f6lt\u00f6tt k\u00e1poszt\u00e1t, valamint a modern street food fog\u00e1sokat is.<\/p>\n<p>Az&nbsp; Advent Bazilika kar\u00e1csonyi v\u00e1s\u00e1r\u00e1t id\u00e9n <strong>15. alkalommal rendezik meg<\/strong>. Az \u00fcnnepi forgatag az \u00e9vek sor\u00e1n t\u00f6bbsz\u00f6r is elnyerte az <strong>Eur\u00f3pa legszebb kar\u00e1csonyi v\u00e1s\u00e1ra<\/strong> c\u00edmet, amivel rangot v\u00edvott ki mag\u00e1nak az adventi v\u00e1s\u00e1rok k\u00f6z\u00f6tt a kontinensen.<\/p>\n<div class=\"o-widget m-readMoreWidget -readMore u-shortDecorLineAfter row widget-container _ce_measure_widget bigdata-widget read-more\" data-ce-measure-widget=\"olvass tov\u00e1bb\">\n\t<div class=\"m-readMoreWidget__imgWrapper image-wrapper col-12 col-md-4 no-p\">\n\t\t<a class=\"m-readMoreWidget__imgLink\" href=\"https:\/\/www.startlap.hu\/utazas\/lombardia-to-olaszorszag-fotok\/\" >\n\t\t\t<img decoding=\"async\" src=\"https:\/\/www.startlap.hu\/utazas\/uploads\/sites\/3\/2025\/11\/lombardia-350x285.jpg\" class=\"m-readMoreWidget__img\">\n\t\t<\/a>\n\t<\/div>\n\t<div class=\"m-readMoreWidget__titleWrapper title-wrapper col-12 col-md-8\">\n\t\t<span class=\"m-readMoreWidget__titleLabel u-shortDecorLineBefore label hidden-sm-up\">Ez is \u00e9rdekelhet:<\/span>\n\t\t<h3 class=\"m-readMoreWidget__title title\">\n\t\t\t<a class=\"m-readMoreWidget__titleLink -secondFont u-bold u-upperCase\" href=\"https:\/\/www.startlap.hu\/utazas\/lombardia-to-olaszorszag-fotok\/\" >K\u00e9peken a mesebeli olasz t\u00f3, ahol a v\u00edzen j\u00e1rhatsz<\/a>\n\t\t<\/h3>\n\t\t<a class=\"m-readMoreWidget__btn -coloredBack u-tC link\" href=\"https:\/\/www.startlap.hu\/utazas\/lombardia-to-olaszorszag-fotok\/\" >Elolvasom<\/a>\n\t<\/div>\n<\/div>\n","protected":false},"excerpt":{"rendered":"<p>A Belv\u00e1ros\u00e1ban, mint m\u00e1sf\u00e9l \u00e9vtizede, 2025-ben is rendeznek adventi v\u00e1s\u00e1rt. B\u00e1r a forgatagban az \u00e9telek nem a legolcs\u00f3bbak, a fix men\u00fc \u00e1ra id\u00e9n is j\u00f3nak t\u0171nik. <\/p>\n","protected":false},"author":8,"featured_media":98013,"comment_status":"closed","ping_status":"closed","sticky":false,"template":"","format":"standard","meta":{"footnotes":""},"categories":[7],"tags":[6018,944,2143],"class_list":["post-98006","post","type-post","status-publish","format-standard","has-post-thumbnail","hentry","category-belfold-utazas","tag-advent-bazilika","tag-karacsonyi-vasar","tag-menu"],"aioseo_notices":[],"_links":{"self":[{"href":"https:\/\/www.startlap.hu\/utazas\/wp-json\/wp\/v2\/posts\/98006","targetHints":{"allow":["GET"]}}],"collection":[{"href":"https:\/\/www.startlap.hu\/utazas\/wp-json\/wp\/v2\/posts"}],"about":[{"href":"https:\/\/www.startlap.hu\/utazas\/wp-json\/wp\/v2\/types\/post"}],"author":[{"embeddable":true,"href":"https:\/\/www.startlap.hu\/utazas\/wp-json\/wp\/v2\/users\/8"}],"replies":[{"embeddable":true,"href":"https:\/\/www.startlap.hu\/utazas\/wp-json\/wp\/v2\/comments?post=98006"}],"version-history":[{"count":15,"href":"https:\/\/www.startlap.hu\/utazas\/wp-json\/wp\/v2\/posts\/98006\/revisions"}],"predecessor-version":[{"id":98022,"href":"https:\/\/www.startlap.hu\/utazas\/wp-json\/wp\/v2\/posts\/98006\/revisions\/98022"}],"wp:featuredmedia":[{"embeddable":true,"href":"https:\/\/www.startlap.hu\/utazas\/wp-json\/wp\/v2\/media\/98013"}],"wp:attachment":[{"href":"https:\/\/www.startlap.hu\/utazas\/wp-json\/wp\/v2\/media?parent=98006"}],"wp:term":[{"taxonomy":"category","embeddable":true,"href":"https:\/\/www.startlap.hu\/utazas\/wp-json\/wp\/v2\/categories?post=98006"},{"taxonomy":"post_tag","embeddable":true,"href":"https:\/\/www.startlap.hu\/utazas\/wp-json\/wp\/v2\/tags?post=98006"}],"curies":[{"name":"wp","href":"https:\/\/api.w.org\/{rel}","templated":true}]}}