{"id":97590,"date":"2025-11-14T09:03:00","date_gmt":"2025-11-14T08:03:00","guid":{"rendered":"https:\/\/www.startlap.hu\/utazas\/?p=97590"},"modified":"2025-11-13T18:29:36","modified_gmt":"2025-11-13T17:29:36","slug":"praga-karacsonyi-vasar-advent-2025-tippek","status":"publish","type":"post","link":"https:\/\/www.startlap.hu\/utazas\/praga-karacsonyi-vasar-advent-2025-tippek\/","title":{"rendered":"Pr\u00e1ga kar\u00e1csonyi v\u00e1s\u00e1rai 2025: d\u00e1tumok, tippek \u00e9s l\u00e1tnival\u00f3k"},"content":{"rendered":"<p>Kev\u00e9s v\u00e1ros van Eur\u00f3p\u00e1ban, amely kar\u00e1csony t\u00e1j\u00e1n olyan csod\u00e1s mesebeli d\u00edszletbe \u00f6lt\u00f6zik, mint <strong><a href=\"https:\/\/www.startlap.hu\/utazas\/csehorszag-praga-turizmus-figyelmeztetes\/\" target=\"_blank\" rel=\"noopener\">Pr\u00e1ga<\/a><\/strong>. Az aranykupol\u00e1s templomok, a d\u00edszkivil\u00e1g\u00edt\u00e1sban f\u00fcrd\u0151 t\u00f6rt\u00e9nelmi h\u00e1zak \u00e9s a frissen s\u00fclt <strong><a href=\"https:\/\/www.startlap.hu\/utazas\/kurtoskalacs-cseh-praga-eredeti-hamis\/\" target=\"_blank\" rel=\"noopener\">k\u00fcrt\u0151skal\u00e1cs<\/a><\/strong> illata minden \u00e9vben t\u00f6bb sz\u00e1zezer embert csalogat a cseh f\u0151v\u00e1rosba. A pr\u00e1gai kar\u00e1csonyi v\u00e1s\u00e1rok nem csup\u00e1n a v\u00e1s\u00e1rl\u00e1sr\u00f3l sz\u00f3lnak \u2013 ez a v\u00e1ros ilyenkor egy hatalmas, \u00e9l\u0151 adventi k\u00e9peslapp\u00e1 v\u00e1ltozik.<\/p>\n<div class=\"o-widget m-readMoreWidget -readMore u-shortDecorLineAfter row widget-container _ce_measure_widget bigdata-widget read-more\" data-ce-measure-widget=\"olvass tov\u00e1bb\">\n\t<div class=\"m-readMoreWidget__imgWrapper image-wrapper col-12 col-md-4 no-p\">\n\t\t<a class=\"m-readMoreWidget__imgLink\" href=\"https:\/\/www.startlap.hu\/utazas\/becsi-karacsonyi-vasarok-advent-2025-datumok-tippek\/\" >\n\t\t\t<img decoding=\"async\" src=\"https:\/\/www.startlap.hu\/utazas\/uploads\/sites\/3\/2025\/10\/becs-5_11zon-350x285.jpg\" class=\"m-readMoreWidget__img\">\n\t\t<\/a>\n\t<\/div>\n\t<div class=\"m-readMoreWidget__titleWrapper title-wrapper col-12 col-md-8\">\n\t\t<span class=\"m-readMoreWidget__titleLabel u-shortDecorLineBefore label hidden-sm-up\">Ez is \u00e9rdekelhet:<\/span>\n\t\t<h3 class=\"m-readMoreWidget__title title\">\n\t\t\t<a class=\"m-readMoreWidget__titleLink -secondFont u-bold u-upperCase\" href=\"https:\/\/www.startlap.hu\/utazas\/becsi-karacsonyi-vasarok-advent-2025-datumok-tippek\/\" >B\u00e9csi kar\u00e1csonyi v\u00e1s\u00e1rok 2025: d\u00e1tumok, tippek \u00e9s fontos inform\u00e1ci\u00f3k egy helyen!<\/a>\n\t\t<\/h3>\n\t\t<a class=\"m-readMoreWidget__btn -coloredBack u-tC link\" href=\"https:\/\/www.startlap.hu\/utazas\/becsi-karacsonyi-vasarok-advent-2025-datumok-tippek\/\" >Elolvasom<\/a>\n\t<\/div>\n<\/div>\n<h2>Mikor nyitnak a pr\u00e1gai kar\u00e1csonyi v\u00e1s\u00e1rok 2025-ben?<\/h2>\n<p>A pr\u00e1gai kar\u00e1csonyi v\u00e1s\u00e1rok <strong>2025-ben november 29. \u00e9s 2026. janu\u00e1r 6. k\u00f6z\u00f6tt v\u00e1rj\u00e1k a l\u00e1togat\u00f3kat<\/strong>, a v\u00e1ros t\u00f6bb pontj\u00e1n is var\u00e1zslatos adventi hangulatot teremtve. A k\u00e9t legnagyobb \u00e9s legismertebb v\u00e1s\u00e1r hagyom\u00e1nyosan az \u00d3v\u00e1rosi t\u00e9ren (Starom\u011bstsk\u00e9 n\u00e1m\u011bst\u00ed) \u00e9s a Vencel t\u00e9ren (V\u00e1clavsk\u00e9 n\u00e1m\u011bst\u00ed) kap helyet, ahol <strong>minden nap 10 \u00e9s 22 \u00f3ra k\u00f6z\u00f6tt nyitva tartanak<\/strong> a k\u00e9zm\u0171ves \u00e9s aj\u00e1nd\u00e9k\u00e1rus standok, m\u00edg az \u00e9tel- \u00e9s itals\u00e1trak \u00e9jf\u00e9lig fogadj\u00e1k a vend\u00e9geket. Emellett kisebb, de hangulatos adventi v\u00e1s\u00e1rok is m\u0171k\u00f6dnek a Republiky t\u00e9ren (november 25. \u2013 december 24.), a Tyl t\u00e9ren (november 26. \u2013 december 24.) \u00e9s a Miru t\u00e9ren (november 20. \u2013 december 24.), ahol tradicion\u00e1lis cseh \u00e9telek, forralt bor, m\u00e9zeskal\u00e1cs, k\u00e9zm\u0171ves d\u00edszek \u00e9s kar\u00e1csonyi aj\u00e1nd\u00e9kok k\u00edn\u00e1lata v\u00e1rja az \u00e9rdekl\u0151d\u0151ket. A v\u00e1s\u00e1rokat \u00fcnnepi f\u00e9nyek, kar\u00e1csonyi dallamok \u00e9s k\u00f6z\u00f6ss\u00e9gi programok teszik igaz\u00e1n k\u00fcl\u00f6nlegess\u00e9, \u00edgy Pr\u00e1ga ism\u00e9t Eur\u00f3pa egyik legvar\u00e1zslatosabb adventi \u00fati c\u00e9lj\u00e1v\u00e1 v\u00e1lik.<\/p>\n<h2>\u00d3v\u00e1ros t\u00e9r<\/h2>\n<p>Az \u00d3v\u00e1ros t\u00e9r (Starom\u011bstsk\u00e9 n\u00e1m\u011bst\u00ed) a pr\u00e1gai kar\u00e1csonyi v\u00e1s\u00e1rok legismertebb sz\u00edntere. A t\u00e9r k\u00f6zep\u00e9n \u00e1ll a v\u00e1ros hatalmas kar\u00e1csonyf\u00e1ja, k\u00f6r\u00fcl\u00f6tte fah\u00e1zak sora k\u00edn\u00e1l k\u00e9zm\u0171ves aj\u00e1nd\u00e9kokat, d\u00edszeket, gyerty\u00e1kat \u00e9s helyi specialit\u00e1sokat. &nbsp;Az \u00e1rusok k\u00edn\u00e1lat\u00e1ban szerepelnek: k\u00e9zzel k\u00e9sz\u00edtett d\u00edszek, \u00fcveg\u00e9kszerek, fa- \u00e9s ker\u00e1miat\u00e1rgyak, adventi koszor\u00fak, gyerty\u00e1k, m\u00e9zeskal\u00e1cs, forr\u00f3 italok, s\u00fclt gesztenye \u00e9s h\u00fasok is.<\/p>\n<blockquote class=\"article__extraTxt\"><p>Az \u00d3v\u00e1ros t\u00e9ren rendszeresek a kultur\u00e1lis programok: koncert, zen\u00e9s el\u0151ad\u00e1s, k\u00f3rus, \u00e9l\u0151 m\u0171sorok, t\u00e1nc.<\/p><\/blockquote>\n<h2>Vencel t\u00e9r<\/h2>\n<p>A Vencel t\u00e9r (V\u00e1clavsk\u00e9 n\u00e1m\u011bst\u00ed) kar\u00e1csonyi v\u00e1s\u00e1ra a m\u00e1sik f\u0151 helysz\u00edn, amely hossz\u00fak\u00e1s boulevard-j\u00e1val, \u00fczleteivel \u00e9s forgalmas elhelyezked\u00e9s\u00e9vel szint\u00e9n minden \u00e9vben nagyon n\u00e9pszer\u0171. &nbsp;Itt is megtal\u00e1lhat\u00f3k k\u00e9zm\u0171ves aj\u00e1nd\u00e9kt\u00e1rgyak, kar\u00e1csonyi dekor\u00e1ci\u00f3k, helyi \u00e9dess\u00e9gek \u00e9s forr\u00f3 italok (forralt bor, puncs, meleg lik\u0151r\u00f6k). T\u00f6bb tucat b\u00f3d\u00e9 k\u00edn\u00e1lja a helyi finoms\u00e1gokat \u2013 a h\u00edres pra\u017esk\u00e1 \u0161unka (pr\u00e1gai sonka), a f\u00fcst\u00f6lt kolb\u00e1sz, a g\u0151z\u00f6lg\u0151 burgony\u00e1s palacsinta vagy a forr\u00f3 cider illata bet\u00f6lti az eg\u00e9sz teret.<\/p>\n<blockquote class=\"article__extraTxt\"><p>Az \u00e1rusok mellett t\u00f6bb l\u00e1tv\u00e1nyos install\u00e1ci\u00f3 \u00e9s f\u00e9nyj\u00e1t\u00e9k is v\u00e1rja a l\u00e1togat\u00f3kat, \u00e9s gyakran \u00e9l\u0151 zene, gyermekprogramok is sz\u00ednes\u00edtik a k\u00edn\u00e1latot.<\/p><\/blockquote>\n<p>A Vencel t\u00e9r k\u00fcl\u00f6n\u00f6sen este, kivil\u00e1g\u00edtva mutatja meg igazi arc\u00e1t \u2013 a h\u00e1tt\u00e9rben az Orsz\u00e1gos M\u00fazeum \u00e9p\u00fclet\u00e9vel \u00e9s a f\u00e9nyekben \u00fasz\u00f3 sug\u00e1r\u00fattal leny\u0171g\u00f6z\u0151 l\u00e1tv\u00e1nyt ny\u00fajt.<\/p>\n<figure id=\"attachment_97593\" aria-describedby=\"caption-attachment-97593\" style=\"width: 755px\" class=\"wp-caption alignnone\"><img loading=\"lazy\" decoding=\"async\" class=\"size-article-size-large-image wp-image-97593\" src=\"https:\/\/www.startlap.hu\/utazas\/uploads\/sites\/3\/2025\/10\/praga-4_11zon-755x503.jpg\" alt=\"Pr\u00e1gai kar\u00e1csonyi v\u00e1s\u00e1r fel\u00fclr\u0151l\" width=\"755\" height=\"503\" srcset=\"https:\/\/www.startlap.hu\/utazas\/uploads\/sites\/3\/2025\/10\/praga-4_11zon-755x503.jpg 755w, https:\/\/www.startlap.hu\/utazas\/uploads\/sites\/3\/2025\/10\/praga-4_11zon-1536x1024.jpg 1536w, https:\/\/www.startlap.hu\/utazas\/uploads\/sites\/3\/2025\/10\/praga-4_11zon-525x350.jpg 525w, https:\/\/www.startlap.hu\/utazas\/uploads\/sites\/3\/2025\/10\/praga-4_11zon.jpg 1696w\" sizes=\"auto, (max-width: 755px) 100vw, 755px\" \/><figcaption id=\"caption-attachment-97593\" class=\"wp-caption-text\">Fot\u00f3: Getty Images<\/figcaption><\/figure>\n<h2>Miket k\u00f3stolj meg a kar\u00e1csonyi v\u00e1s\u00e1rban?<\/h2>\n<p>Az elmaradhatatlan Trdeln\u00edk \u2013 a fah\u00e9jas, cukros k\u00fcrt\u0151skal\u00e1cs \u2013 igazi ikonikus \u00e9dess\u00e9g a pr\u00e1gai v\u00e1s\u00e1rokban. &nbsp;De mellette ott van a szaftos cseh kolb\u00e1sz, grillezett csirke, s\u00fclt gesztenye, helyi sajtok, m\u00e9zeskal\u00e1csok, k\u00fcl\u00f6nf\u00e9le pit\u00e9k \u00e9s t\u00f6lt\u00f6tt p\u00e9ks\u00fctem\u00e9nyek. &nbsp;A forralt bor (sva\u0159\u00e1k) mellett \u00e9rdemes megk\u00f3stolni a medovin\u00e1t (m\u00e9zbort), a Becherovk\u00e1t, Csehorsz\u00e1g h\u00edres gy\u00f3gyn\u00f6v\u00e9nylik\u0151r\u00e9t, valamint a Tuzemsk\u00fd rumot, amely sok helyi s\u00fctem\u00e9ny titkos \u00f6sszetev\u0151je is. Aki pedig ink\u00e1bb s\u00f6r\u00f6zne, az ne hagyja ki a klasszikus Pilsner Urquell-t, hiszen a cseh s\u00f6r a vil\u00e1g egyik legjobbja.<\/p>\n<h2>Hol \u00e9rdemes megsz\u00e1llni Pr\u00e1g\u00e1ban?<\/h2>\n<p>Az \u00fcnnepi id\u0151szakban a sz\u00e1ll\u00e1sfoglal\u00e1s legal\u00e1bb olyan fontos, mint maga a v\u00e1s\u00e1r-l\u00e1togat\u00e1s: ha j\u00f3l v\u00e1lasztasz, akkor minden s\u00e9tat\u00e1vols\u00e1gban lesz, \u00edgy nem kell rohang\u00e1lni. A c\u00e9l, hogy k\u00f6zponti helyen foglalj, p\u00e9ld\u00e1ul a 1. ker\u00fcletben, az \u00d3v\u00e1ros vagy Vencel t\u00e9r k\u00f6zel\u00e9ben \u2013 \u00edgy ak\u00e1r reggel kil\u00e9psz a sz\u00e1ll\u00e1sr\u00f3l \u00e9s m\u00e1ris a fah\u00e1zik\u00f3k k\u00f6z\u00f6tt vagy.<\/p>\n<p>Foglalj min\u00e9l el\u0151bb \u2013 az adventi h\u00e9tv\u00e9g\u00e9kre \u00e9s december k\u00f6zep\u00e9re a helyek gyorsan kitelnek. Ha szeretn\u00e9d elker\u00fclni a legnagyobb tumultust, v\u00e1laszd a h\u00e9tk\u00f6znap est\u00e9ket ink\u00e1bb.<\/p>\n<section class=\"m-ratingRecommendation rating-recommendation\">\n            <div class=\"m-ratingRecommendation__wrap -imageWrap panel image\">\n            <img decoding=\"async\" class=\"m-ratingRecommendation__img\" src=\"https:\/\/www.startlap.hu\/utazas\/uploads\/sites\/3\/2025\/09\/hotelgetty5-350x350.png\">\n        <\/div>\n        <div class=\"m-ratingRecommendation__wrap -infoWrap panel info\">\n        <h3 class=\"m-ratingRecommendation__title title\">Pr\u00e1ga<\/h3>\n        \n                    <p class=\"m-ratingRecommendation__description description\">Sz\u00e1ll\u00e1slehet\u0151s\u00e9gek a v\u00e1rosban.<\/p>\n        \n                    <div class=\"m-ratingRecommendation__linkWrap links\">\n                <p class=\"m-ratingRecommendation__subTitle\">Itt is kaphatod:<\/p>\n                                            <a class=\"m-ratingRecommendation__btn recommendation-button\" href=\"https:\/\/www.kqzyfj.com\/click-101130796-15603515\" target=\"_blank\">Agoda<\/a>\n                                            <a class=\"m-ratingRecommendation__btn recommendation-button\" href=\"https:\/\/travelking.hu\/utazas\/?tt=35351_12_356366_&amp;r=%2F\" target=\"_blank\">Travelking<\/a>\n                                            <a class=\"m-ratingRecommendation__btn recommendation-button\" href=\"https:\/\/www.szallasguru.hu\/tt\/?tt=38293_12_356366_&amp;r=\" target=\"_blank\">Sz\u00e1ll\u00e1sguru<\/a>\n                                <\/div>\n            <\/div>\n    <span class=\"m-ratingRecommendation__advTxt adv\">Hirdet\u00e9s<\/span>\n<\/section>\n\n<h2>Kisebb kar\u00e1csonyi v\u00e1s\u00e1rok Pr\u00e1g\u00e1ban<\/h2>\n<p>B\u00e1r a k\u00e9t f\u0151 v\u00e1s\u00e1r a legismertebb, Pr\u00e1g\u00e1ban t\u00f6bb kisebb adventi v\u00e1s\u00e1r is van, amelyek csendesebbek, de legal\u00e1bb ilyen var\u00e1zslatosak.<\/p>\n<ul>\n<li><strong>N\u00e1m\u011bst\u00ed M\u00edru (B\u00e9ke t\u00e9r)<\/strong>: a helyiek kedvence, amely rendszerint m\u00e1r november 20. k\u00f6r\u00fcl megnyit. A Szent L\u00e1szl\u00f3-templom el\u0151tt \u00e1ll\u00f3 kar\u00e1csonyfa \u00e9s a templom tornyai t\u00f6k\u00e9letes h\u00e1tt\u00e9rk\u00e9nt szolg\u00e1lnak a fot\u00f3khoz.<\/li>\n<li><strong>N\u00e1m\u011bst\u00ed Republiky (K\u00f6zt\u00e1rsas\u00e1g t\u00e9r)<\/strong>: a Palladium bev\u00e1s\u00e1rl\u00f3k\u00f6zpont mellett tal\u00e1lhat\u00f3, \u00edgy a hagyom\u00e1nyos standok \u00e9s a pl\u00e1z\u00e1z\u00e1s egy helyen el\u00e9rhet\u0151ek.<\/li>\n<li><strong>Na Kamp\u011b t\u00e9r<\/strong>: a K\u00e1roly-h\u00edd alatti kis szigeten rejt\u0151zik, \u00e9s azoknak aj\u00e1nlott, akik elker\u00fcln\u00e9k a t\u00f6meget, de m\u00e9gis szeretn\u00e9nek r\u00e9szes\u00fclni a kar\u00e1csonyi hangulatb\u00f3l.<\/li>\n<\/ul>\n<h2>T\u00f6megk\u00f6zleked\u00e9s Pr\u00e1g\u00e1ban<\/h2>\n<p>Pr\u00e1ga t\u00f6megk\u00f6zleked\u00e9se kiv\u00e1l\u00f3: a metr\u00f3, villamos \u00e9s buszj\u00e1ratok s\u0171r\u0171n k\u00f6zlekednek, a v\u00e1rosk\u00f6zpontban pedig minden gyalogosan is k\u00f6nnyen bej\u00e1rhat\u00f3. Az \u00d3v\u00e1ros t\u00e9rhez legk\u00f6zelebbi meg\u00e1ll\u00f3 a Starom\u011bstsk\u00e1, a Vencel t\u00e9rhez pedig a Muzeum metr\u00f3\u00e1llom\u00e1s. Ha aut\u00f3val \u00e9rkezn\u00e9l, \u00e9rdemes parkol\u00f3h\u00e1zat keresni a k\u00fclv\u00e1rosban, \u00e9s onnan t\u00f6megk\u00f6zleked\u00e9ssel bejutni a k\u00f6zpontba. A belv\u00e1rosi parkol\u00e1s dr\u00e1ga \u00e9s neh\u00e9zkes.<\/p>\n<h2>Mit \u00e9rdemes m\u00e9g megn\u00e9zni, ha m\u00e1r Pr\u00e1g\u00e1ban vagy?<\/h2>\n<p>A kar\u00e1csonyi v\u00e1s\u00e1rokon t\u00fal Pr\u00e1ga t\u00e9len is rengeteg l\u00e1tnival\u00f3t k\u00edn\u00e1l.&nbsp; A K\u00e1roly h\u00edd ilyenkor k\u00fcl\u00f6n\u00f6sen hangulatos, a h\u00eddon v\u00e9gigs\u00e9t\u00e1lva a Moldva foly\u00f3 \u00e9s a kivil\u00e1g\u00edtott v\u00e1ros panor\u00e1m\u00e1ja igaz\u00e1n \u00fcnnepi \u00e9lm\u00e9nyt ny\u00fajt. A Pr\u00e1gai V\u00e1r sem maradhat ki a programb\u00f3l: a Szent Vitus-sz\u00e9kesegyh\u00e1z csod\u00e1s g\u00f3tikus \u00e9p\u00edt\u00e9szete \u00e9s a v\u00e1r udvar\u00e1n fel\u00e1ll\u00edtott kar\u00e1csonyfa igazi adventi l\u00e1tv\u00e1nyoss\u00e1g.&nbsp; Ha kicsit csendesebb pillanatokra v\u00e1gysz, a Mala Strana macskak\u00f6ves utc\u00e1in s\u00e9t\u00e1lva vagy a Pet\u0159\u00edn-hegy kil\u00e1t\u00f3j\u00e1b\u00f3l gy\u00f6ny\u00f6rk\u00f6dve a t\u00e9li panor\u00e1m\u00e1ban megtapasztalhatod Pr\u00e1ga b\u00e9k\u00e9sebb, romantikus oldal\u00e1t is. K\u00fcl\u00f6nleges \u00e9lm\u00e9ny a kar\u00e1csonyi<a href=\"https:\/\/www.prague-venice.cz\/hu\/\" target=\"_blank\" target=\"_blank\" rel=\"noopener\"> haj\u00f3z\u00e1s<\/a> is a Moldv\u00e1n, ahol zen\u00e9vel \u00e9s vacsor\u00e1val k\u00eds\u00e9rt s\u00e9tahaj\u00f3kon lehet gy\u00f6ny\u00f6rk\u00f6dni a kivil\u00e1g\u00edtott v\u00e1rosban.<\/p>\n<div class=\"o-widget m-readMoreWidget -readMore u-shortDecorLineAfter row widget-container _ce_measure_widget bigdata-widget read-more\" data-ce-measure-widget=\"olvass tov\u00e1bb\">\n\t<div class=\"m-readMoreWidget__imgWrapper image-wrapper col-12 col-md-4 no-p\">\n\t\t<a class=\"m-readMoreWidget__imgLink\" href=\"https:\/\/www.startlap.hu\/utazas\/pozsony-karacsony-vasar-advent-2025-tippek-datumok\/\" >\n\t\t\t<img decoding=\"async\" src=\"https:\/\/www.startlap.hu\/utazas\/uploads\/sites\/3\/2025\/10\/bratislava_11zon-350x285.jpg\" class=\"m-readMoreWidget__img\">\n\t\t<\/a>\n\t<\/div>\n\t<div class=\"m-readMoreWidget__titleWrapper title-wrapper col-12 col-md-8\">\n\t\t<span class=\"m-readMoreWidget__titleLabel u-shortDecorLineBefore label hidden-sm-up\">Ez is \u00e9rdekelhet:<\/span>\n\t\t<h3 class=\"m-readMoreWidget__title title\">\n\t\t\t<a class=\"m-readMoreWidget__titleLink -secondFont u-bold u-upperCase\" href=\"https:\/\/www.startlap.hu\/utazas\/pozsony-karacsony-vasar-advent-2025-tippek-datumok\/\" >Pozsonyi kar\u00e1csonyi v\u00e1s\u00e1rok 2025: d\u00e1tumok, tippek, l\u00e1tnival\u00f3k<\/a>\n\t\t<\/h3>\n\t\t<a class=\"m-readMoreWidget__btn -coloredBack u-tC link\" href=\"https:\/\/www.startlap.hu\/utazas\/pozsony-karacsony-vasar-advent-2025-tippek-datumok\/\" >Elolvasom<\/a>\n\t<\/div>\n<\/div>\n","protected":false},"excerpt":{"rendered":"<p>Pr\u00e1ga advent idej\u00e9n olyan, mintha a t\u00f6rt\u00e9nelmi \u00e9p\u00fcletek maguk is \u00fcnnepeln\u00e9nek: a g\u00f3tikus tornyok, keskeny utc\u00e1k \u00e9s d\u00edszes \u00e9p\u00fcletek alatt sorakoznak a fah\u00e1zak, f\u00e9nyf\u00fcz\u00e9rek vil\u00e1g\u00edtanak, a leveg\u0151ben pedig forralt bor, f\u0171szeres s\u00fctem\u00e9nyek illata keveredik. <\/p>\n","protected":false},"author":64,"featured_media":97593,"comment_status":"closed","ping_status":"closed","sticky":false,"template":"","format":"standard","meta":{"footnotes":""},"categories":[6],"tags":[945,326,944,327],"class_list":["post-97590","post","type-post","status-publish","format-standard","has-post-thumbnail","hentry","category-tippek","tag-advent","tag-csehorszag","tag-karacsonyi-vasar","tag-praga"],"aioseo_notices":[],"_links":{"self":[{"href":"https:\/\/www.startlap.hu\/utazas\/wp-json\/wp\/v2\/posts\/97590","targetHints":{"allow":["GET"]}}],"collection":[{"href":"https:\/\/www.startlap.hu\/utazas\/wp-json\/wp\/v2\/posts"}],"about":[{"href":"https:\/\/www.startlap.hu\/utazas\/wp-json\/wp\/v2\/types\/post"}],"author":[{"embeddable":true,"href":"https:\/\/www.startlap.hu\/utazas\/wp-json\/wp\/v2\/users\/64"}],"replies":[{"embeddable":true,"href":"https:\/\/www.startlap.hu\/utazas\/wp-json\/wp\/v2\/comments?post=97590"}],"version-history":[{"count":9,"href":"https:\/\/www.startlap.hu\/utazas\/wp-json\/wp\/v2\/posts\/97590\/revisions"}],"predecessor-version":[{"id":98281,"href":"https:\/\/www.startlap.hu\/utazas\/wp-json\/wp\/v2\/posts\/97590\/revisions\/98281"}],"wp:featuredmedia":[{"embeddable":true,"href":"https:\/\/www.startlap.hu\/utazas\/wp-json\/wp\/v2\/media\/97593"}],"wp:attachment":[{"href":"https:\/\/www.startlap.hu\/utazas\/wp-json\/wp\/v2\/media?parent=97590"}],"wp:term":[{"taxonomy":"category","embeddable":true,"href":"https:\/\/www.startlap.hu\/utazas\/wp-json\/wp\/v2\/categories?post=97590"},{"taxonomy":"post_tag","embeddable":true,"href":"https:\/\/www.startlap.hu\/utazas\/wp-json\/wp\/v2\/tags?post=97590"}],"curies":[{"name":"wp","href":"https:\/\/api.w.org\/{rel}","templated":true}]}}