{"id":97492,"date":"2025-11-11T09:33:50","date_gmt":"2025-11-11T08:33:50","guid":{"rendered":"https:\/\/www.startlap.hu\/utazas\/?p=97492"},"modified":"2025-11-11T00:45:10","modified_gmt":"2025-11-10T23:45:10","slug":"becsi-karacsonyi-vasarok-advent-2025-datumok-tippek","status":"publish","type":"post","link":"https:\/\/www.startlap.hu\/utazas\/becsi-karacsonyi-vasarok-advent-2025-datumok-tippek\/","title":{"rendered":"B\u00e9csi kar\u00e1csonyi v\u00e1s\u00e1rok 2025: d\u00e1tumok, tippek \u00e9s fontos inform\u00e1ci\u00f3k egy helyen!"},"content":{"rendered":"<p>B\u00e9cs <a href=\"https:\/\/wiki.startlap.hu\/advent-2025-vasarnap-unnep-jelentese-datumok\/\" target=\"_blank\" rel=\"noopener\"><strong>adventkor<\/strong><\/a> t\u00e9nyleg olyan, mint egy \u00e9l\u0151 k\u00e9peslap: f\u00e9nyf\u00fcz\u00e9rek, fah\u00e9jas puncs, barokk kulissz\u00e1k \u00e9s fah\u00e1zik\u00f3k mindenfel\u00e9. A Rathausplatz grandi\u00f3zus f\u00e9nyeit\u0151l a <a href=\"https:\/\/www.startlap.hu\/utazas\/becsben-mar-keszulodnek-ujdonsagokkal-var-a-schonbrunni-karacsonyi-vasar\/\" target=\"_blank\" rel=\"noopener\">Sch\u00f6nbrunn<\/a> eleg\u00e1ns udvar\u00e1ig \u00e9s a Spittelberg romantikus kis utc\u00e1iig minden st\u00edlusb\u00f3l kaphatsz itt egy szeletet. De miel\u0151tt belevetn\u00e9d magad az \u00fcnnepi forgatagba, \u00e9rdemes megtervezni az utat \u2014 mert a t\u00f6meg, a parkol\u00e1s \u00e9s a sz\u00e1ll\u00e1s\u00e1rak k\u00f6nnyen leh\u0171thetik a kar\u00e1csonyi lelkesed\u00e9st.<\/p>\n<div class=\"o-widget m-readMoreWidget -readMore u-shortDecorLineAfter row widget-container _ce_measure_widget bigdata-widget read-more\" data-ce-measure-widget=\"olvass tov\u00e1bb\">\n\t<div class=\"m-readMoreWidget__imgWrapper image-wrapper col-12 col-md-4 no-p\">\n\t\t<a class=\"m-readMoreWidget__imgLink\" href=\"https:\/\/www.startlap.hu\/utazas\/fix-menu-bazilika-advetn-vasar\/\" >\n\t\t\t<img decoding=\"async\" src=\"https:\/\/www.startlap.hu\/utazas\/uploads\/sites\/3\/2025\/11\/bazilika_budapest_karacsonyi_vasar_-350x285.jpg\" class=\"m-readMoreWidget__img\">\n\t\t<\/a>\n\t<\/div>\n\t<div class=\"m-readMoreWidget__titleWrapper title-wrapper col-12 col-md-8\">\n\t\t<span class=\"m-readMoreWidget__titleLabel u-shortDecorLineBefore label hidden-sm-up\">Ez is \u00e9rdekelhet:<\/span>\n\t\t<h3 class=\"m-readMoreWidget__title title\">\n\t\t\t<a class=\"m-readMoreWidget__titleLink -secondFont u-bold u-upperCase\" href=\"https:\/\/www.startlap.hu\/utazas\/fix-menu-bazilika-advetn-vasar\/\" >Adventi v\u00e1s\u00e1r: ennyi lesz a fix men\u00fc a Bazilik\u00e1n\u00e1l<\/a>\n\t\t<\/h3>\n\t\t<a class=\"m-readMoreWidget__btn -coloredBack u-tC link\" href=\"https:\/\/www.startlap.hu\/utazas\/fix-menu-bazilika-advetn-vasar\/\" >Elolvasom<\/a>\n\t<\/div>\n<\/div>\n<h2>Mikor nyitnak a b\u00e9csi kar\u00e1csonyi v\u00e1s\u00e1rok 2025-ben?<\/h2>\n<p>A nyit\u00e1si id\u0151pontok v\u00e1s\u00e1ronk\u00e9nt elt\u00e9rnek, az azonban elmondhat\u00f3, hogy <strong>november 6-t\u00f3l fokozatosan nyitnak a kapuk, november 21-re pedig az \u00f6sszes f\u0151bb adventi v\u00e1s\u00e1r m\u0171k\u00f6dni fog B\u00e9csben<\/strong>. A legt\u00f6bb forgatag december 23-ig nyitva marad, n\u00e9h\u00e1ny pedig kar\u00e1csony ut\u00e1n is v\u00e1rja a v\u00e1s\u00e1rl\u00f3kat. A sch\u00f6nbrunni kar\u00e1csonyi v\u00e1s\u00e1r \u00e9s Pr\u00e1tern\u00e9l l\u00e9v\u0151 rendezv\u00e9ny tart nyitva a legtov\u00e1bb, eg\u00e9szen 2026. janu\u00e1r 6-ig. Az adventi v\u00e1s\u00e1rok \u00e1ltal\u00e1ban 10 \u00e9s 12 \u00f3ra k\u00f6z\u00f6tt nyitnak, eg\u00e9szen este 22 \u00f3r\u00e1ig v\u00e1rj\u00e1k az \u00e9rdekl\u0151d\u0151ket.&nbsp;&nbsp;<\/p>\n<figure id=\"attachment_97504\" aria-describedby=\"caption-attachment-97504\" style=\"width: 755px\" class=\"wp-caption alignnone\"><img loading=\"lazy\" decoding=\"async\" class=\"size-article-size-large-image wp-image-97504\" src=\"https:\/\/www.startlap.hu\/utazas\/uploads\/sites\/3\/2025\/10\/becs-5_11zon-755x503.jpg\" alt=\"B\u00e9csi kar\u00e1csonyi v\u00e1s\u00e1r\" width=\"755\" height=\"503\" srcset=\"https:\/\/www.startlap.hu\/utazas\/uploads\/sites\/3\/2025\/10\/becs-5_11zon-755x503.jpg 755w, https:\/\/www.startlap.hu\/utazas\/uploads\/sites\/3\/2025\/10\/becs-5_11zon-1536x1024.jpg 1536w, https:\/\/www.startlap.hu\/utazas\/uploads\/sites\/3\/2025\/10\/becs-5_11zon-2048x1365.jpg 2048w, https:\/\/www.startlap.hu\/utazas\/uploads\/sites\/3\/2025\/10\/becs-5_11zon-525x350.jpg 525w\" sizes=\"auto, (max-width: 755px) 100vw, 755px\" \/><figcaption id=\"caption-attachment-97504\" class=\"wp-caption-text\">Fot\u00f3: Getty Images<\/figcaption><\/figure>\n<p>A V\u00e1rosh\u00e1za el\u0151tti <strong>Christkindlmarkt<\/strong> a legnagyobb \u00e9s legfot\u00f3zottabb adventi v\u00e1s\u00e1r: \u00f3ri\u00e1si kar\u00e1csonyfa, f\u00e9nyalag\u00fat, \u00f3ri\u00e1sd\u00edszek \u00e9s rengeteg&nbsp; aj\u00e1nd\u00e9k stand v\u00e1rja a turist\u00e1kat. A <strong>Sch\u00f6nbrunn<\/strong> \u00fcnnepi udvara m\u00e1r kifinomultabb, tradicion\u00e1lisabb k\u00e9zm\u0171ves k\u00edn\u00e1lattal \u00e9s gyakran janu\u00e1r elej\u00e9ig tart\u00f3 nyitvatart\u00e1ssal v\u00e1r. A <strong>Spittelberg<\/strong> a helyiek kedvence: macskak\u00f6ves utc\u00e1k, kisebb standok, meghittebb hangulat. A belv\u00e1rosban ott a <strong>Stephansplatz<\/strong>, a m\u0171v\u00e9szi <strong>Karlsplatz<\/strong>, a <strong>Belvedere el\u0151tti v\u00e1s\u00e1r<\/strong> \u00e9s a <strong>Prater Wintermarkt<\/strong> \u2014 mind m\u00e1s hangulat\u00fa, de egy nap alatt ak\u00e1r az \u00f6sszeset is megl\u00e1togathatod.<\/p>\n<h2>Sch\u00f6nbrunni kar\u00e1csonyi v\u00e1s\u00e1r 2025 &#8211; csokol\u00e1d\u00e9ki\u00e1ll\u00edt\u00e1ssal<\/h2>\n<p>A sch\u00f6nbrunni kast\u00e9ly parkj\u00e1ban 95 d\u00edszes stand, k\u00e9zm\u0171ves port\u00e9k\u00e1k, \u00ednycsikland\u00f3 region\u00e1lis \u00e9telek \u00e9s csal\u00e1di programok gondoskodnak a meghitt hangulatr\u00f3l 2025-ben. <strong>Az idei f\u0151 attrakci\u00f3 a Lindt 300 n\u00e9gyzetm\u00e9teres \u201eGolden Christmas\u201d ki\u00e1ll\u00edt\u00e1sa, ahol a sv\u00e1jci csokol\u00e1d\u00e9gy\u00e1rt\u00f3 \u00fcnnepi dekor\u00e1ci\u00f3it \u00e9s \u00e9dess\u00e9geit csod\u00e1lhatj\u00e1k meg a vend\u00e9gek.<\/strong> \u00daj l\u00e1tv\u00e1nyoss\u00e1g a szalmalabirintus is, amely j\u00e1t\u00e9kos kih\u00edv\u00e1st k\u00edn\u00e1l, k\u00f6zep\u00e9n egy meglepet\u00e9ssel. A kar\u00e1csonyi betlehemet a burgenlandi d\u00edszlettervez\u0151, Manfred Waba \u00e1lmodta meg. A kor\u00e1bbi \u00e9vek kedvelt elemei is visszat\u00e9rnek: a k\u00f6rnyezetbar\u00e1t, v\u00edz- \u00e9s energiatakar\u00e9kos <strong>Glice j\u00e9gp\u00e1lya, a curlingp\u00e1lya, a gyerekeknek sz\u00e1nt k\u00e9zm\u0171ves m\u0171hely, az \u00f3ri\u00e1sker\u00e9k \u00e9s a nosztalgikus k\u00f6rhinta<\/strong> ism\u00e9t a program r\u00e9sze lesz. Az \u00fcnnepi hangulatot t\u00f6bb mint harminc koncert, k\u00f3rusok \u00e9s f\u00fav\u00f3szenekarok fell\u00e9p\u00e9sei fokozz\u00e1k, a v\u00e1s\u00e1r kar\u00e1csonyf\u00e1ja pedig id\u00e9n a salzburgi Rauris-v\u00f6lgyb\u0151l \u00e9rkezik.<\/p>\n<h2>Rathausplatz kar\u00e1csonyi v\u00e1s\u00e1r 2025: az \u00f6r\u00f6k klasszikus<\/h2>\n<p>A b\u00e9csi kar\u00e1csonyi v\u00e1s\u00e1rok k\u00f6z\u00fcl a legismertebb k\u00e9ts\u00e9gk\u00edv\u00fcl a Rathausplatzon, a v\u00e1rosh\u00e1za el\u0151tti t\u00e9ren rendezett adventi v\u00e1s\u00e1r, amely 2025-ben november 14. \u00e9s december 26. k\u00f6z\u00f6tt v\u00e1rja a l\u00e1togat\u00f3kat. Ez nem csup\u00e1n egy piac, hanem<strong> egy igazi kar\u00e1csonyi \u00e9lm\u00e9nyvil\u00e1g<\/strong>: f\u00e9ny\u00e1rban \u00fasz\u00f3 standok, korcsolyap\u00e1lya, var\u00e1zsvonat, forr\u00f3 italok \u00e9s illatos finoms\u00e1gok teszik felejthetetlenn\u00e9 a hangulatot. A v\u00e1rosh\u00e1za impoz\u00e1ns \u00e9p\u00fclete este mesebeli h\u00e1tt\u00e9rk\u00e9nt ragyogja be a teret, \u00edgy ez az egyik legfotog\u00e9nebb helysz\u00edn B\u00e9csben az \u00fcnnepi id\u0151szakban. A Rathausplatz kar\u00e1csonyi v\u00e1s\u00e1ra t\u00f6k\u00e9letes v\u00e1laszt\u00e1s mindazoknak, akik az igazi adventi var\u00e1zst szeretn\u00e9k \u00e1t\u00e9lni.<\/p>\n<figure id=\"attachment_97508\" aria-describedby=\"caption-attachment-97508\" style=\"width: 755px\" class=\"wp-caption alignnone\"><img loading=\"lazy\" decoding=\"async\" class=\"size-article-size-large-image wp-image-97508\" src=\"https:\/\/www.startlap.hu\/utazas\/uploads\/sites\/3\/2025\/10\/GettyImages-521660054_11zon-755x503.jpg\" alt=\"B\u00e9csi kar\u00e1csonyi v\u00e1s\u00e1r\" width=\"755\" height=\"503\" srcset=\"https:\/\/www.startlap.hu\/utazas\/uploads\/sites\/3\/2025\/10\/GettyImages-521660054_11zon-755x503.jpg 755w, https:\/\/www.startlap.hu\/utazas\/uploads\/sites\/3\/2025\/10\/GettyImages-521660054_11zon-1536x1024.jpg 1536w, https:\/\/www.startlap.hu\/utazas\/uploads\/sites\/3\/2025\/10\/GettyImages-521660054_11zon-525x350.jpg 525w, https:\/\/www.startlap.hu\/utazas\/uploads\/sites\/3\/2025\/10\/GettyImages-521660054_11zon.jpg 1696w\" sizes=\"auto, (max-width: 755px) 100vw, 755px\" \/><figcaption id=\"caption-attachment-97508\" class=\"wp-caption-text\">Fot\u00f3: Getty Images<\/figcaption><\/figure>\n<h2>Spittelberg kar\u00e1csonyi v\u00e1s\u00e1r 2025 &#8211; B\u00e9cs rejtett kis piaca<\/h2>\n<p>A Spittelberg kar\u00e1csonyi v\u00e1s\u00e1r 2025-ben november 14. \u00e9s december 23. k\u00f6z\u00f6tt v\u00e1rja a l\u00e1togat\u00f3kat, m\u00e9ghozz\u00e1 a megszokott, bens\u0151s\u00e9ges hangulatban. Ez nem a hatalmas f\u00e9ny\u00e1rban \u00fasz\u00f3, monument\u00e1lis b\u00e9csi v\u00e1s\u00e1rok egyike, hanem egy meghitt, sz\u0171k utc\u00e1csk\u00e1kban megb\u00faj\u00f3 piac, ahol a l\u00e1togat\u00f3k forralt borral a kez\u00fckben s\u00e9t\u00e1lhatnak, besz\u00e9lgethetnek, \u00e9s felfedezhetik a helyi k\u00e9zm\u0171ves \u00fczleteket. A Spittelberg negyed t\u00f6rt\u00e9nelmi h\u00e1zai k\u00f6z\u00f6tt megb\u00faj\u00f3 standok igazi b\u00e9csi k\u00f6z\u00f6ss\u00e9gi \u00e9lm\u00e9nyt ny\u00fajtanak \u2013 egyszerre nosztalgikus \u00e9s modern, turist\u00e1knak \u00e9s helyieknek egyar\u00e1nt kedves. Nem v\u00e9letlen\u00fcl tartj\u00e1k sokan B\u00e9cs legk\u00fcl\u00f6nlegesebb kar\u00e1csonyi v\u00e1s\u00e1r\u00e1nak.<\/p>\n<h2>Advent 2025 a vid\u00e1mparkban<\/h2>\n<p>A Wintermarkt&nbsp; november 21. \u00e9s janu\u00e1r 6. k\u00f6z\u00f6tt v\u00e1rja a l\u00e1togat\u00f3kat. A h\u00edres \u00f3ri\u00e1sker\u00e9k, a hull\u00e1mvasutak \u00e9s a forralt bor illata egy\u00fctt teremtenek k\u00fcl\u00f6nleges \u00fcnnepi hangulatot. A v\u00e1s\u00e1r \u00f6tv\u00f6zi a hagyom\u00e1nyos adventi hangulatot \u00e9s a modern sz\u00f3rakoz\u00e1st \u2013 a k\u00e9zm\u0171ves standok \u00e9s gasztron\u00f3miai finoms\u00e1gok mellett koncertek is gondoskodnak a j\u00f3kedvr\u0151l. <strong>Szerd\u00e1t\u00f3l vas\u00e1rnapig minden este 19 \u00f3rakor \u00e9l\u0151 zen\u00e9vel t\u00f6lti meg a teret a Wintermarkt, \u00edgy a b\u00e9csi adventi id\u0151szak egyik legpezsg\u0151bb helysz\u00edn\u00e9v\u00e9 v\u00e1lik.<\/strong> Az \u00f3ri\u00e1sker\u00e9k f\u00e9nyei alatt s\u00e9t\u00e1lva k\u00f6nny\u0171 elhinni, hogy itt t\u00e9nyleg eg\u00e9sz t\u00e9len tart a var\u00e1zslat.<\/p>\n<p><blockquote class=\"instagram-media\" data-instgrm-permalink=\"https:\/\/www.instagram.com\/p\/CmZfbfWobiq\/?utm_source=ig_embed&utm_campaign=loading\" data-instgrm-version=\"14\" style=\" background:#FFF; border:0; border-radius:3px; box-shadow:0 0 1px 0 rgba(0,0,0,0.5),0 1px 10px 0 rgba(0,0,0,0.15); margin: 1px; max-width:658px; min-width:326px; padding:0; width:99.375%; width:-webkit-calc(100% - 2px); width:calc(100% - 2px);\"><div style=\"padding:16px;\"> <a href=\"https:\/\/www.instagram.com\/p\/CmZfbfWobiq\/?utm_source=ig_embed&utm_campaign=loading\" style=\" background:#FFFFFF; line-height:0; padding:0 0; text-align:center; text-decoration:none; width:100%;\" target=\"_blank\"> <div style=\" display: flex; flex-direction: row; align-items: center;\"> <div style=\"background-color: #F4F4F4; border-radius: 50%; flex-grow: 0; height: 40px; margin-right: 14px; width: 40px;\"><\/div> <div style=\"display: flex; flex-direction: column; flex-grow: 1; justify-content: center;\"> <div style=\" background-color: #F4F4F4; border-radius: 4px; flex-grow: 0; height: 14px; margin-bottom: 6px; width: 100px;\"><\/div> <div style=\" background-color: #F4F4F4; border-radius: 4px; flex-grow: 0; height: 14px; width: 60px;\"><\/div><\/div><\/div><div style=\"padding: 19% 0;\"><\/div> <div style=\"display:block; height:50px; margin:0 auto 12px; width:50px;\"><svg width=\"50px\" height=\"50px\" viewBox=\"0 0 60 60\" version=\"1.1\" xmlns=\"https:\/\/www.w3.org\/2000\/svg\" xmlns:xlink=\"https:\/\/www.w3.org\/1999\/xlink\"><g stroke=\"none\" stroke-width=\"1\" fill=\"none\" fill-rule=\"evenodd\"><g transform=\"translate(-511.000000, -20.000000)\" fill=\"#000000\"><g><path d=\"M556.869,30.41 C554.814,30.41 553.148,32.076 553.148,34.131 C553.148,36.186 554.814,37.852 556.869,37.852 C558.924,37.852 560.59,36.186 560.59,34.131 C560.59,32.076 558.924,30.41 556.869,30.41 M541,60.657 C535.114,60.657 530.342,55.887 530.342,50 C530.342,44.114 535.114,39.342 541,39.342 C546.887,39.342 551.658,44.114 551.658,50 C551.658,55.887 546.887,60.657 541,60.657 M541,33.886 C532.1,33.886 524.886,41.1 524.886,50 C524.886,58.899 532.1,66.113 541,66.113 C549.9,66.113 557.115,58.899 557.115,50 C557.115,41.1 549.9,33.886 541,33.886 M565.378,62.101 C565.244,65.022 564.756,66.606 564.346,67.663 C563.803,69.06 563.154,70.057 562.106,71.106 C561.058,72.155 560.06,72.803 558.662,73.347 C557.607,73.757 556.021,74.244 553.102,74.378 C549.944,74.521 548.997,74.552 541,74.552 C533.003,74.552 532.056,74.521 528.898,74.378 C525.979,74.244 524.393,73.757 523.338,73.347 C521.94,72.803 520.942,72.155 519.894,71.106 C518.846,70.057 518.197,69.06 517.654,67.663 C517.244,66.606 516.755,65.022 516.623,62.101 C516.479,58.943 516.448,57.996 516.448,50 C516.448,42.003 516.479,41.056 516.623,37.899 C516.755,34.978 517.244,33.391 517.654,32.338 C518.197,30.938 518.846,29.942 519.894,28.894 C520.942,27.846 521.94,27.196 523.338,26.654 C524.393,26.244 525.979,25.756 528.898,25.623 C532.057,25.479 533.004,25.448 541,25.448 C548.997,25.448 549.943,25.479 553.102,25.623 C556.021,25.756 557.607,26.244 558.662,26.654 C560.06,27.196 561.058,27.846 562.106,28.894 C563.154,29.942 563.803,30.938 564.346,32.338 C564.756,33.391 565.244,34.978 565.378,37.899 C565.522,41.056 565.552,42.003 565.552,50 C565.552,57.996 565.522,58.943 565.378,62.101 M570.82,37.631 C570.674,34.438 570.167,32.258 569.425,30.349 C568.659,28.377 567.633,26.702 565.965,25.035 C564.297,23.368 562.623,22.342 560.652,21.575 C558.743,20.834 556.562,20.326 553.369,20.18 C550.169,20.033 549.148,20 541,20 C532.853,20 531.831,20.033 528.631,20.18 C525.438,20.326 523.257,20.834 521.349,21.575 C519.376,22.342 517.703,23.368 516.035,25.035 C514.368,26.702 513.342,28.377 512.574,30.349 C511.834,32.258 511.326,34.438 511.181,37.631 C511.035,40.831 511,41.851 511,50 C511,58.147 511.035,59.17 511.181,62.369 C511.326,65.562 511.834,67.743 512.574,69.651 C513.342,71.625 514.368,73.296 516.035,74.965 C517.703,76.634 519.376,77.658 521.349,78.425 C523.257,79.167 525.438,79.673 528.631,79.82 C531.831,79.965 532.853,80.001 541,80.001 C549.148,80.001 550.169,79.965 553.369,79.82 C556.562,79.673 558.743,79.167 560.652,78.425 C562.623,77.658 564.297,76.634 565.965,74.965 C567.633,73.296 568.659,71.625 569.425,69.651 C570.167,67.743 570.674,65.562 570.82,62.369 C570.966,59.17 571,58.147 571,50 C571,41.851 570.966,40.831 570.82,37.631\"><\/path><\/g><\/g><\/g><\/svg><\/div><div style=\"padding-top: 8px;\"> <div style=\" color:#3897f0; font-family:Arial,sans-serif; font-size:14px; font-style:normal; font-weight:550; line-height:18px;\">View this post on Instagram<\/div><\/div><div style=\"padding: 12.5% 0;\"><\/div> <div style=\"display: flex; flex-direction: row; margin-bottom: 14px; align-items: center;\"><div> <div style=\"background-color: #F4F4F4; border-radius: 50%; height: 12.5px; width: 12.5px; transform: translateX(0px) translateY(7px);\"><\/div> <div style=\"background-color: #F4F4F4; height: 12.5px; transform: rotate(-45deg) translateX(3px) translateY(1px); width: 12.5px; flex-grow: 0; margin-right: 14px; margin-left: 2px;\"><\/div> <div style=\"background-color: #F4F4F4; border-radius: 50%; height: 12.5px; width: 12.5px; transform: translateX(9px) translateY(-18px);\"><\/div><\/div><div style=\"margin-left: 8px;\"> <div style=\" background-color: #F4F4F4; border-radius: 50%; flex-grow: 0; height: 20px; width: 20px;\"><\/div> <div style=\" width: 0; height: 0; border-top: 2px solid transparent; border-left: 6px solid #f4f4f4; border-bottom: 2px solid transparent; transform: translateX(16px) translateY(-4px) rotate(30deg)\"><\/div><\/div><div style=\"margin-left: auto;\"> <div style=\" width: 0px; border-top: 8px solid #F4F4F4; border-right: 8px solid transparent; transform: translateY(16px);\"><\/div> <div style=\" background-color: #F4F4F4; flex-grow: 0; height: 12px; width: 16px; transform: translateY(-4px);\"><\/div> <div style=\" width: 0; height: 0; border-top: 8px solid #F4F4F4; border-left: 8px solid transparent; transform: translateY(-4px) translateX(8px);\"><\/div><\/div><\/div> <div style=\"display: flex; flex-direction: column; flex-grow: 1; justify-content: center; margin-bottom: 24px;\"> <div style=\" background-color: #F4F4F4; border-radius: 4px; flex-grow: 0; height: 14px; margin-bottom: 6px; width: 224px;\"><\/div> <div style=\" background-color: #F4F4F4; border-radius: 4px; flex-grow: 0; height: 14px; width: 144px;\"><\/div><\/div><\/a><p style=\" color:#c9c8cd; font-family:Arial,sans-serif; font-size:14px; line-height:17px; margin-bottom:0; margin-top:8px; overflow:hidden; padding:8px 0 7px; text-align:center; text-overflow:ellipsis; white-space:nowrap;\"><a href=\"https:\/\/www.instagram.com\/p\/CmZfbfWobiq\/?utm_source=ig_embed&utm_campaign=loading\" style=\" color:#c9c8cd; font-family:Arial,sans-serif; font-size:14px; font-style:normal; font-weight:normal; line-height:17px; text-decoration:none;\" target=\"_blank\">A post shared by Ren\u00e9e (@gatt.renee)<\/a><\/p><\/div><\/blockquote>\n<script async onerror=\"var a=document.createElement('script');a.src='https:\/\/iframely.net\/files\/instagram_embed.js';document.body.appendChild(a);\" src=\"https:\/\/www.instagram.com\/embed.js\"><\/script><\/p>\n<h2>\u00cdgy juthatsz el B\u00e9csbe, az adventi v\u00e1s\u00e1rokra 2025-ben<\/h2>\n<p>Budapestr\u0151l B\u00e9csbe t\u00f6bbf\u00e9le k\u00e9nyelmes lehet\u0151s\u00e9g k\u00f6z\u00fcl v\u00e1laszthatunk. A Railjet vonatok k\u00f6r\u00fclbel\u00fcl 2 \u00f3ra 25 perc alatt \u00e9rnek a b\u00e9csi f\u0151p\u00e1lyaudvarra, m\u00edg a <a href=\"https:\/\/tc.tradetracker.net\/?c=26565&amp;m=12&amp;a=356366&amp;r=&amp;u=\" target=\"_blank\" target=\"_blank\" rel=\"noopener\">FlixBus<\/a> \u00e9s m\u00e1s buszt\u00e1rsas\u00e1gok j\u00e1ratai \u00e1tlagosan 3 \u00f3ra alatt teszik meg az utat. B\u00e1r rep\u00fcl\u0151vel is el\u00e9rhet\u0151 a v\u00e1ros, a rept\u00e9ri transzferek miatt ez az opci\u00f3 id\u0151ben kev\u00e9sb\u00e9 el\u0151ny\u00f6s, \u00edgy az adventi id\u0151szakban a vonat, busz vagy aut\u00f3 a legpraktikusabb v\u00e1laszt\u00e1s. A kar\u00e1csonyi v\u00e1s\u00e1rok t\u00f6bb helysz\u00ednen v\u00e1rj\u00e1k a l\u00e1togat\u00f3kat, ez\u00e9rt \u00e9rdemes el\u0151re megtervezni a b\u00e9csi k\u00f6zleked\u00e9st is: a Rathausplatzhoz az U2-es, a Stephansplatzhoz az U1-es \u00e9s U3-as, a sch\u00f6nbrunni v\u00e1s\u00e1rhoz pedig az U4-es metr\u00f3vonal visz el a leggyorsabban.<\/p>\n<h2>Pofonegyszer\u0171 a t\u00f6megk\u00f6zleked\u00e9s<\/h2>\n<p>B\u00e9csben ilyenkor a t\u00f6megk\u00f6zleked\u00e9s a legjobb bar\u00e1tod. A metr\u00f3 \u00e9s villamos is gyakran j\u00e1rnak, a f\u0151 v\u00e1s\u00e1rok mind el\u00e9rhet\u0151k vel\u00fck, de a belv\u00e1ros egy kiad\u00f3s s\u00e9t\u00e1t is meg\u00e9r. Aut\u00f3val is megoldhat\u00f3 az utaz\u00e1s, de a k\u00f6zpontban a parkol\u00e1s dr\u00e1ga \u00e9s vad\u00e1szni kell a helyet. A belv\u00e1rosi m\u00e9lygar\u00e1zsok d\u00edja jellemz\u0151en kb. 1 500 \u2013 1 900 Ft\/\u00f3ra, a napi d\u00edjak pedig 14 000 \u2013 18 000 Ft k\u00f6r\u00fcl alakulhatnak.<\/p>\n<h2>Sz\u00e1ll\u00e1s\u00e1rak B\u00e9csben advent idej\u00e9n: ha most foglalsz, erre sz\u00e1m\u00edts<\/h2>\n<p>Advent B\u00e9csben mindig cs\u00facsszezon, \u00edgy \u00e9rdemes gyorsnak lenni. A sz\u00e1ll\u00e1s\u00e1rak term\u00e9szetesen foglalts\u00e1gt\u00f3l \u00e9s id\u0151pontt\u00f3l f\u00fcgg\u0151en v\u00e1ltoznak, de nagyj\u00e1b\u00f3l ilyen \u00e1rakkal sz\u00e1molhatsz:<\/p>\n<p><strong>Olcs\u00f3bb hostelek, panzi\u00f3k:<\/strong> kb. 16 000 \u2013 32 000 Ft\/\u00e9j<\/p>\n<p><strong>3\u20134 csillagos hotelek:<\/strong> jellemz\u0151en 40 000 \u2013 80 000 Ft\/\u00e9j<\/p>\n<p><strong>Pr\u00e9mium, luxus sz\u00e1llod\u00e1k:<\/strong> 120 000 Ft-t\u00f3l ak\u00e1r 200 000 Ft\/\u00e9j vagy felette<\/p>\n<p>A h\u00e9tv\u00e9g\u00e9k \u00e9s az adventi cs\u00facsnapok gyorsan telnek, ez\u00e9rt \u00e9rdemes j\u00f3 el\u0151re lefoglalni, vagy rugalmas d\u00e1tumokkal keresni. Sokszor m\u00e1r p\u00e1r nap elt\u00e9r\u00e9s is jelent\u0151s \u00e1rk\u00fcl\u00f6nbs\u00e9get hoz.<\/p>\n<section class=\"m-ratingRecommendation rating-recommendation\">\n            <div class=\"m-ratingRecommendation__wrap -imageWrap panel image\">\n            <img decoding=\"async\" class=\"m-ratingRecommendation__img\" src=\"https:\/\/www.startlap.hu\/utazas\/uploads\/sites\/3\/2025\/09\/gettyhotel-350x350.png\">\n        <\/div>\n        <div class=\"m-ratingRecommendation__wrap -infoWrap panel info\">\n        <h3 class=\"m-ratingRecommendation__title title\">Sz\u00e1ll\u00e1slehet\u0151s\u00e9gek B\u00e9csben<\/h3>\n        \n        \n                    <div class=\"m-ratingRecommendation__linkWrap links\">\n                <p class=\"m-ratingRecommendation__subTitle\">Itt is kaphatod:<\/p>\n                                            <a class=\"m-ratingRecommendation__btn recommendation-button\" href=\"https:\/\/travelking.hu\/utazas\/?tt=35351_12_356366_&amp;r=%2F\" target=\"_blank\">Travelking<\/a>\n                                            <a class=\"m-ratingRecommendation__btn recommendation-button\" href=\"https:\/\/www.szallasguru.hu\/tt\/?tt=38293_12_356366_&amp;r=\" target=\"_blank\">Szallasguru<\/a>\n                                            <a class=\"m-ratingRecommendation__btn recommendation-button\" href=\"https:\/\/www.kqzyfj.com\/click-101130796-15603515\" target=\"_blank\">Agoda<\/a>\n                                <\/div>\n            <\/div>\n    <span class=\"m-ratingRecommendation__advTxt adv\">Hirdet\u00e9s<\/span>\n<\/section>\n\n<p>A v\u00e1s\u00e1rok h\u00e9tv\u00e9g\u00e9n 17 \u00f3ra ut\u00e1n megtelnek: ha elker\u00fcln\u00e9d az \u00f3ri\u00e1si tumultust, \u00e9rkezz kora d\u00e9lut\u00e1n vagy v\u00e1lassz ink\u00e1bb h\u00e9tk\u00f6znapot. A standok t\u00f6bbs\u00e9ge ma m\u00e1r elfogad bankk\u00e1rty\u00e1t, de nem mindegyik, ez\u00e9rt j\u00f3, ha van n\u00e1lad eur\u00f3, kisebb v\u00e1s\u00e1rl\u00e1sokra. A puncs \u00e9s forralt bor \u00e1ra jellemz\u0151en 1 800 \u2013 2 800 Ft\/poh\u00e1r, a klasszikus kolb\u00e1szok 2 500 \u2013 4 000 Ft k\u00f6z\u00f6tt mozognak. Az \u00e9ttermekn\u00e9l ilyenkor hosszabb sorok lehetnek, \u00edgy ha be\u00fcl\u0151s vacsor\u00e1t tervezel, foglalj asztalt.<\/p>\n<blockquote class=\"article__extraTxt\"><p>A v\u00e1rosn\u00e9z\u00e9shez \u00e9rdemes r\u00e9tegesen \u00f6lt\u00f6zni \u00e9s k\u00e9nyelmes cip\u0151t v\u00e1lasztani. A kar\u00e1csonyi v\u00e1s\u00e1rok k\u00f6zti s\u00e9ta \u00f6nmag\u00e1ban is r\u00e9sze az \u00e9lm\u00e9nynek \u2014 B\u00e9cs ilyenkor minden utcasarkon meglepet\u00e9st k\u00edn\u00e1l.<\/p><\/blockquote>\n<p>Tippek a t\u00f6k\u00e9letes b\u00e9csi adventhoz:<\/p>\n<ul>\n<li>V\u00e1lassz 2\u20133 v\u00e1s\u00e1rt egy napra, ne rohanj v\u00e9gig mindegyiken<\/li>\n<li>K\u00e9sz\u00fclj k\u00e9szp\u00e9nzzel (8\u201320 ezer Ft)<\/li>\n<li>Ha aut\u00f3val m\u00e9sz, n\u00e9zd meg a Park&amp;Ride opci\u00f3kat<\/li>\n<li>Foglalj sz\u00e1ll\u00e1st \u00e9s \u00e9ttermet j\u00f3 el\u0151re<\/li>\n<li>Ha ker\u00fcln\u00e9d a t\u00f6meget, c\u00e9lozd meg a h\u00e9tk\u00f6znap d\u00e9lut\u00e1nt<\/li>\n<\/ul>\n<h2>Mit \u00e9rdemes m\u00e9g megn\u00e9zni, ha m\u00e1r B\u00e9csben vagy?<\/h2>\n<p>Ha m\u00e1r B\u00e9csben j\u00e1rsz a kar\u00e1csonyi f\u00e9nyek miatt, \u00e9rdemes id\u0151t sz\u00e1nni a v\u00e1ros ikonikus helyeire is. A <strong>Sch\u00f6nbrunn-kast\u00e9ly<\/strong> nem csak a v\u00e1s\u00e1r miatt k\u00fcl\u00f6nleges: a kast\u00e9lypark, a <strong>Gloriette<\/strong> kil\u00e1t\u00e1sa \u00e9s a vil\u00e1g egyik legszebb \u00e1llatkertje, a <strong>Tiergarten Sch\u00f6nbrunn<\/strong> is kihagyhatatlan. A belv\u00e1rosban a<strong> Stephansdom torny\u00e1b\u00f3l<\/strong> gy\u00f6ny\u00f6r\u0171 panor\u00e1ma ny\u00edlik, az <strong>Opera<\/strong> \u00e9s <strong>a K\u00e4rtner Stra\u00dfe \u00fcnnepi f\u00e9nyei<\/strong> pedig s\u00e9t\u00e1ra cs\u00e1b\u00edtanak. Ha szeretn\u00e9l kicsit elvonulni a forgatagt\u00f3l, a <strong>Belvedere parkja<\/strong> lehet ide\u00e1lis. De bet\u00e9rhetsz egy eleg\u00e1ns k\u00e1v\u00e9h\u00e1zba is \u2014 a klasszikus Caf\u00e9 Sacher, a kifinomult Demel, vagy a patin\u00e1s Caf\u00e9 Central t\u00f6k\u00e9letes hely egy szelet Sacher\u2013tort\u00e1ra \u00e9s egy meleg melange-ra.<\/p>\n<div class=\"o-widget m-readMoreWidget -readMore u-shortDecorLineAfter row widget-container _ce_measure_widget bigdata-widget read-more\" data-ce-measure-widget=\"olvass tov\u00e1bb\">\n\t<div class=\"m-readMoreWidget__imgWrapper image-wrapper col-12 col-md-4 no-p\">\n\t\t<a class=\"m-readMoreWidget__imgLink\" href=\"https:\/\/www.startlap.hu\/utazas\/europa-teliszezon-meleg-helyek-madeira-kanari-szigetek\/\" >\n\t\t\t<img decoding=\"async\" src=\"https:\/\/www.startlap.hu\/utazas\/uploads\/sites\/3\/2025\/10\/madeira-3_11zon-350x285.jpg\" class=\"m-readMoreWidget__img\">\n\t\t<\/a>\n\t<\/div>\n\t<div class=\"m-readMoreWidget__titleWrapper title-wrapper col-12 col-md-8\">\n\t\t<span class=\"m-readMoreWidget__titleLabel u-shortDecorLineBefore label hidden-sm-up\">Ez is \u00e9rdekelhet:<\/span>\n\t\t<h3 class=\"m-readMoreWidget__title title\">\n\t\t\t<a class=\"m-readMoreWidget__titleLink -secondFont u-bold u-upperCase\" href=\"https:\/\/www.startlap.hu\/utazas\/europa-teliszezon-meleg-helyek-madeira-kanari-szigetek\/\" >Ahol t\u00e9len is meleg van Eur\u00f3p\u00e1ban: decemberi \u00e9s janu\u00e1ri naps\u00fct\u00e9ses \u00fati c\u00e9lok<\/a>\n\t\t<\/h3>\n\t\t<a class=\"m-readMoreWidget__btn -coloredBack u-tC link\" href=\"https:\/\/www.startlap.hu\/utazas\/europa-teliszezon-meleg-helyek-madeira-kanari-szigetek\/\" >Elolvasom<\/a>\n\t<\/div>\n<\/div>\n","protected":false},"excerpt":{"rendered":"<p>Ha van v\u00e1ros, ami tudja, hogyan kell \u00fcnnepelni, az B\u00e9cs. A kar\u00e1csonyi v\u00e1s\u00e1rokon minden sarkon \u00faj illat, \u00e9s \u00fcnnepi hangulat v\u00e1r.  Mutatjuk a legjobb helyeket.<\/p>\n","protected":false},"author":64,"featured_media":97504,"comment_status":"closed","ping_status":"closed","sticky":false,"template":"","format":"standard","meta":{"footnotes":""},"categories":[6],"tags":[945,946,2593,661,874,6796],"class_list":["post-97492","post","type-post","status-publish","format-standard","has-post-thumbnail","hentry","category-tippek","tag-advent","tag-adventi-vasar","tag-arak","tag-becs","tag-karacsony","tag-szallasok"],"aioseo_notices":[],"_links":{"self":[{"href":"https:\/\/www.startlap.hu\/utazas\/wp-json\/wp\/v2\/posts\/97492","targetHints":{"allow":["GET"]}}],"collection":[{"href":"https:\/\/www.startlap.hu\/utazas\/wp-json\/wp\/v2\/posts"}],"about":[{"href":"https:\/\/www.startlap.hu\/utazas\/wp-json\/wp\/v2\/types\/post"}],"author":[{"embeddable":true,"href":"https:\/\/www.startlap.hu\/utazas\/wp-json\/wp\/v2\/users\/64"}],"replies":[{"embeddable":true,"href":"https:\/\/www.startlap.hu\/utazas\/wp-json\/wp\/v2\/comments?post=97492"}],"version-history":[{"count":8,"href":"https:\/\/www.startlap.hu\/utazas\/wp-json\/wp\/v2\/posts\/97492\/revisions"}],"predecessor-version":[{"id":98063,"href":"https:\/\/www.startlap.hu\/utazas\/wp-json\/wp\/v2\/posts\/97492\/revisions\/98063"}],"wp:featuredmedia":[{"embeddable":true,"href":"https:\/\/www.startlap.hu\/utazas\/wp-json\/wp\/v2\/media\/97504"}],"wp:attachment":[{"href":"https:\/\/www.startlap.hu\/utazas\/wp-json\/wp\/v2\/media?parent=97492"}],"wp:term":[{"taxonomy":"category","embeddable":true,"href":"https:\/\/www.startlap.hu\/utazas\/wp-json\/wp\/v2\/categories?post=97492"},{"taxonomy":"post_tag","embeddable":true,"href":"https:\/\/www.startlap.hu\/utazas\/wp-json\/wp\/v2\/tags?post=97492"}],"curies":[{"name":"wp","href":"https:\/\/api.w.org\/{rel}","templated":true}]}}