{"id":94392,"date":"2025-09-04T20:06:12","date_gmt":"2025-09-04T18:06:12","guid":{"rendered":"https:\/\/www.startlap.hu\/utazas\/?p=94392"},"modified":"2025-09-05T07:25:06","modified_gmt":"2025-09-05T05:25:06","slug":"ryanair-matol-nagyobb-az-ingyenes-kezipoggyasz","status":"publish","type":"post","link":"https:\/\/www.startlap.hu\/utazas\/ryanair-matol-nagyobb-az-ingyenes-kezipoggyasz\/","title":{"rendered":"\u00d3ri\u00e1si bejelent\u00e9s a Ryanairt\u0151l, cs\u00fct\u00f6rt\u00f6kt\u0151l minden utaz\u00f3t \u00e9rint"},"content":{"rendered":"<p>A Ryanair bejelentette, hogy 2025. szeptember 4-t\u0151l <strong>minden eur\u00f3pai rep\u00fcl\u0151ter\u00e9n befejezte a nagyobb k\u00e9zipoggy\u00e1szm\u00e9r\u0151k telep\u00edt\u00e9s\u00e9t<\/strong> &#8211; \u00edrja az <strong><a href=\"https:\/\/utazomajom.hu\/ryanair-kezipoggyasz\/\" target=\"_blank\" target=\"_blank\" rel=\"noopener\">Utaz\u00f3majom.hu<\/a><\/strong>. A l\u00e9git\u00e1rsas\u00e1g ezzel egy\u00fctt \u00faj szab\u00e1lyokat vezetett be a k\u00e9zipoggy\u00e1szokra vonatkoz\u00f3an.<\/p>\n<div class=\"o-widget m-readMoreWidget -readMore u-shortDecorLineAfter row widget-container _ce_measure_widget bigdata-widget read-more\" data-ce-measure-widget=\"olvass tov\u00e1bb\">\n\t<div class=\"m-readMoreWidget__imgWrapper image-wrapper col-12 col-md-4 no-p\">\n\t\t<a class=\"m-readMoreWidget__imgLink\" href=\"https:\/\/www.startlap.hu\/utazas\/repuloter-biztonsagi-ellenorzes\/\" >\n\t\t\t<img decoding=\"async\" src=\"https:\/\/www.startlap.hu\/utazas\/uploads\/sites\/3\/2025\/08\/repuloter-350x285.jpg\" class=\"m-readMoreWidget__img\">\n\t\t<\/a>\n\t<\/div>\n\t<div class=\"m-readMoreWidget__titleWrapper title-wrapper col-12 col-md-8\">\n\t\t<span class=\"m-readMoreWidget__titleLabel u-shortDecorLineBefore label hidden-sm-up\">Ez is \u00e9rdekelhet:<\/span>\n\t\t<h3 class=\"m-readMoreWidget__title title\">\n\t\t\t<a class=\"m-readMoreWidget__titleLink -secondFont u-bold u-upperCase\" href=\"https:\/\/www.startlap.hu\/utazas\/repuloter-biztonsagi-ellenorzes\/\" >Nagy v\u00e1ltoz\u00e1sok j\u00f6nnek a reptereken szeptemberben: \u00faj szab\u00e1lyok az ellen\u0151rz\u00e9sn\u00e9l<\/a>\n\t\t<\/h3>\n\t\t<a class=\"m-readMoreWidget__btn -coloredBack u-tC link\" href=\"https:\/\/www.startlap.hu\/utazas\/repuloter-biztonsagi-ellenorzes\/\" >Elolvasom<\/a>\n\t<\/div>\n<\/div>\n<p>Az utasok mostant\u00f3l ingyenesen egy darab, <strong>40\u00d730\u00d720 centim\u00e9teres (24 liter) szem\u00e9lyes poggy\u00e1szt vihetnek magukkal<\/strong> a rep\u00fcl\u0151g\u00e9peik fed\u00e9lzet\u00e9re. Ez 20 sz\u00e1zal\u00e9kkal nagyobb, mint amekkor\u00e1t megengedett a c\u00e9g, \u00e9s 33 sz\u00e1zal\u00e9kkal t\u00f6bb az eddigi uni\u00f3s szabv\u00e1nyn\u00e1l, amely 40\u00d730\u00d715 centim\u00e9ter (18 liter). A Ryanair szerint ezzel rugalmasabb \u00e9s k\u00e9nyelmesebb utaz\u00e1st biztos\u00edtanak az utasok sz\u00e1m\u00e1ra.<\/p>\n<figure id=\"attachment_90402\" aria-describedby=\"caption-attachment-90402\" style=\"width: 755px\" class=\"wp-caption alignnone\"><img loading=\"lazy\" decoding=\"async\" class=\"size-article-size-large-image wp-image-90402\" src=\"https:\/\/www.startlap.hu\/utazas\/uploads\/sites\/3\/2025\/06\/ryanair_repulogep_leszallas_-755x566.jpg\" alt=\"A Ryanair egyik Boeing g\u00e9pe\" width=\"755\" height=\"566\" srcset=\"https:\/\/www.startlap.hu\/utazas\/uploads\/sites\/3\/2025\/06\/ryanair_repulogep_leszallas_-755x566.jpg 755w, https:\/\/www.startlap.hu\/utazas\/uploads\/sites\/3\/2025\/06\/ryanair_repulogep_leszallas_-85x65.jpg 85w, https:\/\/www.startlap.hu\/utazas\/uploads\/sites\/3\/2025\/06\/ryanair_repulogep_leszallas_-467x350.jpg 467w, https:\/\/www.startlap.hu\/utazas\/uploads\/sites\/3\/2025\/06\/ryanair_repulogep_leszallas_.jpg 1200w\" sizes=\"auto, (max-width: 755px) 100vw, 755px\" \/><figcaption id=\"caption-attachment-90402\" class=\"wp-caption-text\">Fot\u00f3: Getty Images<\/figcaption><\/figure>\n<p>A k\u00e9zipoggy\u00e1szt tov\u00e1bbra is az utas el\u0151tti \u00fcl\u00e9s al\u00e1 kell elhelyezni. Tov\u00e1bbi, nagyobb k\u00e9zipoggy\u00e1szt csak a <strong>Priority Boarding szolg\u00e1ltat\u00e1s megv\u00e1s\u00e1rl\u00e1s\u00e1val lehet a fed\u00e9lzetre vinni.<\/strong><\/p>\n<p>&#8222;Rem\u00e9lj\u00fck, \u00fcgyfeleink \u00f6r\u00f6mmel fogadj\u00e1k ezeket a nagyobb, ingyenes k\u00e9zipoggy\u00e1sz m\u00e9reteket, de minden utas, aki nem tartja be ezeket a m\u00e1r igen nagylelk\u0171 szab\u00e1lyokat, a besz\u00e1ll\u00f3kapun\u00e1l k\u00e9nytelen lesz b\u00edrs\u00e1got fizetni&#8221; &#8211; fogalmazott Dara Brady, a Ryanair marketingigazgat\u00f3ja.&nbsp;<\/p>\n<p><strong>A t\u00fals\u00falyos csomagokat kisz\u0171r\u0151 munkat\u00e1rsakat<\/strong> sz\u00edvesen jutalmazz\u00e1k tov\u00e1bbra is az \u00edgy befolyt d\u00edjak egy r\u00e9sz\u00e9vel, s\u0151t, lehet, hogy ezt az \u00f6sszeget emelni is fogj\u00e1k. Err\u0151l m\u00e9g a ny\u00e1r folyam\u00e1n besz\u00e9lt a <strong><a href=\"https:\/\/www.startlap.hu\/utazas\/ryanair-szabalyok-kezipoggyasz-tulsuly-jutalek\/\" target=\"_blank\" rel=\"noopener\">Ryanair<\/a><\/strong> vez\u00e9rigazgat\u00f3ja, Michael O\u2019Leary. Akkor \u00fagy fogalmazott: vizsg\u00e1lj\u00e1k a d\u00edj emel\u00e9s\u00e9nek lehet\u0151s\u00e9g\u00e9t annak \u00e9rdek\u00e9ben, hogy teljesen megsz\u00fcntess\u00e9k a t\u00falm\u00e9retes poggy\u00e1szokat.<\/p>\n<article class=\"text-token-text-primary w-full focus:outline-none scroll-mt-[calc(var(--header-height)+min(200px,max(70px,20svh)))]\" dir=\"auto\" data-turn-id=\"request-68b2d7b2-0360-8324-ad6e-b11729d79e85-5\" data-testid=\"conversation-turn-82\" data-scroll-anchor=\"true\" data-turn=\"assistant\">\n<div class=\"text-base my-auto mx-auto pb-10 [--thread-content-margin:--spacing(4)] @[37rem]:[--thread-content-margin:--spacing(6)] @[72rem]:[--thread-content-margin:--spacing(16)] px-(--thread-content-margin)\">\n<div class=\"[--thread-content-max-width:32rem] @[34rem]:[--thread-content-max-width:40rem] @[64rem]:[--thread-content-max-width:48rem] mx-auto max-w-(--thread-content-max-width) flex-1 group\/turn-messages focus-visible:outline-hidden relative flex w-full min-w-0 flex-col agent-turn\">\n<div class=\"flex min-h-[46px] justify-start\"><div class=\"o-widget m-readMoreWidget -readMore u-shortDecorLineAfter row widget-container _ce_measure_widget bigdata-widget read-more\" data-ce-measure-widget=\"olvass tov\u00e1bb\">\n\t<div class=\"m-readMoreWidget__imgWrapper image-wrapper col-12 col-md-4 no-p\">\n\t\t<a class=\"m-readMoreWidget__imgLink\" href=\"https:\/\/www.startlap.hu\/utazas\/algeria-turizmus\/\" >\n\t\t\t<img decoding=\"async\" src=\"https:\/\/www.startlap.hu\/utazas\/uploads\/sites\/3\/2025\/08\/GettyImages-2150316439-350x285.jpg\" class=\"m-readMoreWidget__img\">\n\t\t<\/a>\n\t<\/div>\n\t<div class=\"m-readMoreWidget__titleWrapper title-wrapper col-12 col-md-8\">\n\t\t<span class=\"m-readMoreWidget__titleLabel u-shortDecorLineBefore label hidden-sm-up\">Ez is \u00e9rdekelhet:<\/span>\n\t\t<h3 class=\"m-readMoreWidget__title title\">\n\t\t\t<a class=\"m-readMoreWidget__titleLink -secondFont u-bold u-upperCase\" href=\"https:\/\/www.startlap.hu\/utazas\/algeria-turizmus\/\" >30 cent egy k\u00e1v\u00e9, 3 eur\u00f3 egy eb\u00e9d: a zseni\u00e1lis mediterr\u00e1n \u00fati c\u00e9l, ahov\u00e1 alig j\u00e1rnak turist\u00e1k<\/a>\n\t\t<\/h3>\n\t\t<a class=\"m-readMoreWidget__btn -coloredBack u-tC link\" href=\"https:\/\/www.startlap.hu\/utazas\/algeria-turizmus\/\" >Elolvasom<\/a>\n\t<\/div>\n<\/div><\/div>\n<div class=\"mt-3 w-full empty:hidden\">\n<div class=\"text-center\">&nbsp;<\/div>\n<\/div>\n<\/div>\n<\/div>\n<\/article>\n<div class=\"pointer-events-none h-px w-px\">&nbsp;<\/div>\n","protected":false},"excerpt":{"rendered":"<p>A fapados int\u00e9zked\u00e9se utasok milli\u00f3inak kedvez, hiszen cs\u00fct\u00f6rt\u00f6kt\u0151l m\u00e1r 20 sz\u00e1zal\u00e9kkal nagyobb k\u00e9zipoggy\u00e1szt vihet\u00fcnk fel a rep\u00fcl\u0151ik fed\u00e9lzet\u00e9re. <\/p>\n","protected":false},"author":8,"featured_media":90041,"comment_status":"closed","ping_status":"closed","sticky":false,"template":"","format":"standard","meta":{"footnotes":""},"categories":[70],"tags":[57,59,214],"class_list":["post-94392","post","type-post","status-publish","format-standard","has-post-thumbnail","hentry","category-vilag","tag-csomag","tag-poggyasz","tag-ryanair"],"aioseo_notices":[],"_links":{"self":[{"href":"https:\/\/www.startlap.hu\/utazas\/wp-json\/wp\/v2\/posts\/94392","targetHints":{"allow":["GET"]}}],"collection":[{"href":"https:\/\/www.startlap.hu\/utazas\/wp-json\/wp\/v2\/posts"}],"about":[{"href":"https:\/\/www.startlap.hu\/utazas\/wp-json\/wp\/v2\/types\/post"}],"author":[{"embeddable":true,"href":"https:\/\/www.startlap.hu\/utazas\/wp-json\/wp\/v2\/users\/8"}],"replies":[{"embeddable":true,"href":"https:\/\/www.startlap.hu\/utazas\/wp-json\/wp\/v2\/comments?post=94392"}],"version-history":[{"count":9,"href":"https:\/\/www.startlap.hu\/utazas\/wp-json\/wp\/v2\/posts\/94392\/revisions"}],"predecessor-version":[{"id":94401,"href":"https:\/\/www.startlap.hu\/utazas\/wp-json\/wp\/v2\/posts\/94392\/revisions\/94401"}],"wp:featuredmedia":[{"embeddable":true,"href":"https:\/\/www.startlap.hu\/utazas\/wp-json\/wp\/v2\/media\/90041"}],"wp:attachment":[{"href":"https:\/\/www.startlap.hu\/utazas\/wp-json\/wp\/v2\/media?parent=94392"}],"wp:term":[{"taxonomy":"category","embeddable":true,"href":"https:\/\/www.startlap.hu\/utazas\/wp-json\/wp\/v2\/categories?post=94392"},{"taxonomy":"post_tag","embeddable":true,"href":"https:\/\/www.startlap.hu\/utazas\/wp-json\/wp\/v2\/tags?post=94392"}],"curies":[{"name":"wp","href":"https:\/\/api.w.org\/{rel}","templated":true}]}}