{"id":90446,"date":"2025-06-23T10:03:40","date_gmt":"2025-06-23T08:03:40","guid":{"rendered":"https:\/\/www.startlap.hu\/utazas\/?p=90446"},"modified":"2025-06-23T10:03:40","modified_gmt":"2025-06-23T08:03:40","slug":"tomegturizmus-intezkedes-notting-hill-barcelona-cinque-terre-benidorm","status":"publish","type":"post","link":"https:\/\/www.startlap.hu\/utazas\/tomegturizmus-intezkedes-notting-hill-barcelona-cinque-terre-benidorm\/","title":{"rendered":"Elkezdt\u00e9k feket\u00e9re festeni a h\u00e1zakat &#8211; drasztikus m\u00f3dszerekhez folyamodnak a turist\u00e1k ellen Eur\u00f3pa-szerte"},"content":{"rendered":"<p>Egyre t\u00f6bb ikonikus nyaral\u00f3hely k\u00fczd a turist\u00e1k f\u00e9kezhetetlen t\u00f6meg\u00e9vel: ezeken a helysz\u00edneken \u00fajabb \u00e9s \u00fajabb m\u00f3dszerekkel pr\u00f3b\u00e1lj\u00e1k m\u00e9rs\u00e9kelni az utaz\u00f3k sz\u00e1m\u00e1t \u00e9s az \u00e1ltaluk okozott k\u00e1rt. Az <a href=\"https:\/\/www.euronews.com\/travel\/2025\/06\/11\/selfie-zones-and-mobility-scooter-fines-the-weirdest-crackdowns-on-tourist-behaviour-in-20\" target=\"_blank\" target=\"_blank\" rel=\"noopener noreferrer\">Euronews<\/a> \u00f6sszeszedte a legfrissebb int\u00e9zked\u00e9seket, melyek id\u00e9n ny\u00e1ron l\u00e9pnek \u00e9letbe.<\/p>\n<p>2024 nyara sz\u00e1mos eur\u00f3pai \u00fati c\u00e9l sz\u00e1m\u00e1ra fordul\u00f3pontot jelentett: a l\u00e1togat\u00f3k sz\u00e1m\u00e1nak ugr\u00e1sszer\u0171 n\u00f6veked\u00e9se miatt a turizmus egyre ink\u00e1bb terhet, mint hasznot jelent. Mivel a t\u00f6megturizmus 2025-ben sem l\u00e1tszik a lassul\u00e1s jele, sz\u00e1mos&nbsp; ponton int\u00e9zked\u00e9seket vezettek be a negat\u00edv hat\u00e1sok enyh\u00edt\u00e9s\u00e9re. N\u00e9h\u00e1ny l\u00e9p\u00e9s k\u00e9zenfekv\u0151nek t\u0171nik: korl\u00e1tozz\u00e1k az \u00e9rkez\u0151k vagy a s\u00e9tahaj\u00f3k sz\u00e1m\u00e1t, illetve n\u00f6velik a turisztikai ad\u00f3kat. Emellett azonban sok helyen kreat\u00edvabb m\u00f3dszerekhez folyamodnak.<\/p>\n<h2>Notting Hill elsz\u00fcrk\u00fcl<\/h2>\n<p>A nyugat-londoni <strong>Notting Hill<\/strong> negyed a 90-es \u00e9vekben v\u00e1lt el\u0151sz\u00f6r vil\u00e1gh\u00edr\u0171v\u00e9 a <strong>Julia Roberts<\/strong> \u00e9s <strong>Hugh Grant<\/strong> f\u0151szerepl\u00e9s\u00e9vel k\u00e9sz\u00fclt, azonos c\u00edm\u0171 romantikus filmnek k\u00f6sz\u00f6nhet\u0151en \u2013 a sikerfilm haz\u00e1nkban<em> Szt\u00e1rom a p\u00e1rom<\/em> c\u00edmen vonult be a k\u00f6ztudatba. \u00dajabban a negyed fotog\u00e9n, cukorkasz\u00edn\u0171 h\u00e1zai a k\u00f6z\u00f6ss\u00e9gi m\u00e9dia kedvenceiv\u00e9 priv\u00e1tszf\u00e9ra&nbsp;hi\u00e1nya miatt panaszkodnak.<\/p>\n<p>A helyiek arr\u00f3l sz\u00e1moltak be, hogy az influenszerek a bej\u00e1rati ajt\u00f3khoz s\u00e9t\u00e1ltak, hogy fot\u00f3kat k\u00e9sz\u00edtsenek, piknikeztek, \u00e9s m\u00e9g arra is megk\u00e9rtek egy h\u00e1ztulajdonost, hogy menjen be a kapub\u00f3l, nehogy t\u00f6nkretegye a k\u00e9pet.<\/p>\n<blockquote class=\"article__extraTxt\"><p>Egyes lakosok a kamer\u00e1k elriaszt\u00e1sa \u00e9rdek\u00e9ben a kor\u00e1bbi \u00e9l\u00e9nk sz\u00ednek helyett feket\u00e9re vagy sz\u00fcrk\u00e9re festik a h\u00e1zukat.<\/p><\/blockquote>\n<p>A lak\u00e1stulajdonosok emellett &#8222;csendes z\u00f3na&#8221; t\u00e1bl\u00e1kat is kihelyeztek, \u00e9s l\u00e1ncokat \u00e9s k\u00f6teleket akasztottak a bej\u00e1rati ajt\u00f3hoz vezet\u0151 l\u00e9pcs\u0151k el\u00e9.<\/p>\n<figure id=\"attachment_90447\" aria-describedby=\"caption-attachment-90447\" style=\"width: 755px\" class=\"wp-caption alignnone\"><a href=\"https:\/\/www.startlap.hu\/utazas\/uploads\/sites\/3\/2025\/06\/notting-hill-scaled.jpg\"><img loading=\"lazy\" decoding=\"async\" class=\"size-article-size-large-image wp-image-90447\" src=\"https:\/\/www.startlap.hu\/utazas\/uploads\/sites\/3\/2025\/06\/notting-hill-755x502.jpg\" alt=\"\" width=\"755\" height=\"502\" srcset=\"https:\/\/www.startlap.hu\/utazas\/uploads\/sites\/3\/2025\/06\/notting-hill-755x502.jpg 755w, https:\/\/www.startlap.hu\/utazas\/uploads\/sites\/3\/2025\/06\/notting-hill-1536x1022.jpg 1536w, https:\/\/www.startlap.hu\/utazas\/uploads\/sites\/3\/2025\/06\/notting-hill-2048x1363.jpg 2048w, https:\/\/www.startlap.hu\/utazas\/uploads\/sites\/3\/2025\/06\/notting-hill-250x165.jpg 250w, https:\/\/www.startlap.hu\/utazas\/uploads\/sites\/3\/2025\/06\/notting-hill-526x350.jpg 526w\" sizes=\"auto, (max-width: 755px) 100vw, 755px\" \/><\/a><figcaption id=\"caption-attachment-90447\" class=\"wp-caption-text\">Fot\u00f3: Getty Images<\/figcaption><\/figure>\n<h2>Rend\u0151r\u00f6k ellen\u0151rzik a cip\u0151ket Cinque Terre-ben<\/h2>\n<p>Az olaszorsz\u00e1gi <strong>Cinque Terre<\/strong> h\u00edres a naps\u00fct\u00f6tte falvair\u00f3l, melyeket szikl\u00e1k k\u00f6z\u00f6tt kanyarg\u00f3 s\u00e9tautak k\u00f6tnek \u00f6ssze. A t\u00fara\u00fatvonalak tavasszal \u00e9s ny\u00e1ron t\u00f6bb ezer l\u00e1togat\u00f3t vonzanak, olyannyira, hogy a Cinque Terre nemzeti park hat\u00f3s\u00e1gainak biztons\u00e1gi int\u00e9zked\u00e9seket kellett bevezetni\u00fck. Az egyir\u00e1ny\u00fa utak kijel\u00f6l\u00e9se mellett a park hat\u00f3s\u00e1gai 2019-ben tilalmat vezettek be a nyitott vagy sima talp\u00fa l\u00e1bbelikre, p\u00e9ld\u00e1ul a szand\u00e1lokra.<\/p>\n<blockquote class=\"article__extraTxt\"><p>A nem megfelel\u0151 cip\u0151 50 eur\u00f3t\u00f3l 2500 eur\u00f3ig terjed\u0151 b\u00edrs\u00e1gba ker\u00fclhet a kir\u00e1ndul\u00f3knak.<\/p><\/blockquote>\n<p>A park l\u00e1togat\u00e1s\u00e1ra vonatkoz\u00f3 leg\u00fajabb online \u00fatmutat\u00f3ban a hat\u00f3s\u00e1gok azt \u00edrj\u00e1k, hogy a rend\u0151rs\u00e9g ellen\u0151rzi majd, hogy a gyalogosok megfelel\u0151 felszerel\u00e9sben vannak-e.<\/p>\n<figure id=\"attachment_87160\" aria-describedby=\"caption-attachment-87160\" style=\"width: 755px\" class=\"wp-caption alignnone\"><a href=\"https:\/\/www.startlap.hu\/utazas\/uploads\/sites\/3\/2025\/04\/GettyImages-479824818_11zon.jpg\"><img loading=\"lazy\" decoding=\"async\" class=\"size-article-size-large-image wp-image-87160\" src=\"https:\/\/www.startlap.hu\/utazas\/uploads\/sites\/3\/2025\/04\/GettyImages-479824818_11zon-755x503.jpg\" alt=\"Mes\u00e9s sz\u00ednes h\u00e1zak meredek sziklaparton Olaszorsz\u00e1gban\" width=\"755\" height=\"503\" srcset=\"https:\/\/www.startlap.hu\/utazas\/uploads\/sites\/3\/2025\/04\/GettyImages-479824818_11zon-755x503.jpg 755w, https:\/\/www.startlap.hu\/utazas\/uploads\/sites\/3\/2025\/04\/GettyImages-479824818_11zon-1536x1024.jpg 1536w, https:\/\/www.startlap.hu\/utazas\/uploads\/sites\/3\/2025\/04\/GettyImages-479824818_11zon-525x350.jpg 525w, https:\/\/www.startlap.hu\/utazas\/uploads\/sites\/3\/2025\/04\/GettyImages-479824818_11zon.jpg 1696w\" sizes=\"auto, (max-width: 755px) 100vw, 755px\" \/><\/a><figcaption id=\"caption-attachment-87160\" class=\"wp-caption-text\">Fot\u00f3: Getty Images<\/figcaption><\/figure>\n<h2>Barcelona k\u00fcl\u00f6n szelfi\u00f6vezetet hoz l\u00e9tre a Sagrada Famili\u00e1n\u00e1l<\/h2>\n<p>Kor\u00e1bban mi is meg\u00edrtuk, hogy <strong>Barcelona<\/strong> ikonikus m\u0171remek\u00e9n\u00e9l, a <strong>Sagrada Familia<\/strong> templomn\u00e1l fennakad\u00e1st okoztak a<a href=\"https:\/\/www.startlap.hu\/utazas\/barcelona-tiktok-trend-szelfi-zona-tomegturizmus\/\" target=\"_blank\" rel=\"noopener noreferrer\"> szelfizni v\u00e1gy\u00f3 turist\u00e1k<\/a>: sokan a metr\u00f3 mozg\u00f3l\u00e9pcs\u0151j\u00e9n igyekeztek elk\u00e9sz\u00edteni a t\u00f6k\u00e9letes vide\u00f3t, emiatt sorok torl\u00f3dtak fel a kij\u00e1ratn\u00e1l.<\/p>\n<blockquote class=\"article__extraTxt\"><p>A mozg\u00f3l\u00e9pcs\u0151s szelfiz\u00e9st emiatt betiltott\u00e1k.<\/p><\/blockquote>\n<p>A barcelonai v\u00e1rosi tan\u00e1cs most \u00fagy d\u00f6nt\u00f6tt, hogy a Sagrada Familia mellett egy k\u00fcl\u00f6n z\u00f3n\u00e1t alak\u00edt ki, ahol a l\u00e1togat\u00f3k megpihenhetnek \u2013 \u00e9s szelfizhetnek \u2013 miel\u0151tt bel\u00e9pn\u00e9nek a templomba.<\/p>\n<figure id=\"attachment_44980\" aria-describedby=\"caption-attachment-44980\" style=\"width: 755px\" class=\"wp-caption alignnone\"><a href=\"https:\/\/www.startlap.hu\/utazas\/uploads\/sites\/3\/2022\/07\/sagrada_familia_barcelona_spanyolorszag.jpg\"><img loading=\"lazy\" decoding=\"async\" class=\"size-article-size-large-image wp-image-44980\" src=\"https:\/\/www.startlap.hu\/utazas\/uploads\/sites\/3\/2022\/07\/sagrada_familia_barcelona_spanyolorszag-755x504.jpg\" alt=\"Sagrada Fam\u00edlia bazilika\" width=\"755\" height=\"504\" srcset=\"https:\/\/www.startlap.hu\/utazas\/uploads\/sites\/3\/2022\/07\/sagrada_familia_barcelona_spanyolorszag-755x504.jpg 755w, https:\/\/www.startlap.hu\/utazas\/uploads\/sites\/3\/2022\/07\/sagrada_familia_barcelona_spanyolorszag-524x350.jpg 524w, https:\/\/www.startlap.hu\/utazas\/uploads\/sites\/3\/2022\/07\/sagrada_familia_barcelona_spanyolorszag.jpg 800w\" sizes=\"auto, (max-width: 755px) 100vw, 755px\" \/><\/a><figcaption id=\"caption-attachment-44980\" class=\"wp-caption-text\">Fot\u00f3: Getty Images<\/figcaption><\/figure>\n<h2>Benidorm szigor\u00edtja a mozg\u00e1ss\u00e9r\u00fclt robog\u00f3k b\u00e9rl\u00e9s\u00e9t<\/h2>\n<p>A spanyolorsz\u00e1gi <strong>Benidorm<\/strong> \u00fcd\u00fcl\u0151v\u00e1rosban a hat\u00f3s\u00e1gok s\u00falyos b\u00edrs\u00e1gokat lengettek be a mozg\u00e1ss\u00e9r\u00fclt robog\u00f3k nem megfelel\u0151 haszn\u00e1lata miatt. A rend\u0151rs\u00e9g szerint <strong>a turist\u00e1k sz\u00f3rakoz\u00e1sb\u00f3l \u00e9s megfelel\u0151 biztos\u00edt\u00e1s n\u00e9lk\u00fcl b\u00e9rlik a j\u00e1rm\u0171veket, \u00e9s vesz\u00e9lyes sebess\u00e9ggel k\u00f6zlekednek.<\/strong><\/p>\n<figure id=\"attachment_88686\" aria-describedby=\"caption-attachment-88686\" style=\"width: 755px\" class=\"wp-caption alignnone\"><a href=\"https:\/\/www.startlap.hu\/utazas\/uploads\/sites\/3\/2025\/05\/benidorm-scaled.jpg\"><img loading=\"lazy\" decoding=\"async\" class=\"size-article-size-large-image wp-image-88686\" src=\"https:\/\/www.startlap.hu\/utazas\/uploads\/sites\/3\/2025\/05\/benidorm-755x447.jpg\" alt=\"\" width=\"755\" height=\"447\" srcset=\"https:\/\/www.startlap.hu\/utazas\/uploads\/sites\/3\/2025\/05\/benidorm-755x447.jpg 755w, https:\/\/www.startlap.hu\/utazas\/uploads\/sites\/3\/2025\/05\/benidorm-1536x910.jpg 1536w, https:\/\/www.startlap.hu\/utazas\/uploads\/sites\/3\/2025\/05\/benidorm-2048x1213.jpg 2048w, https:\/\/www.startlap.hu\/utazas\/uploads\/sites\/3\/2025\/05\/benidorm-591x350.jpg 591w\" sizes=\"auto, (max-width: 755px) 100vw, 755px\" \/><\/a><figcaption id=\"caption-attachment-88686\" class=\"wp-caption-text\">Fot\u00f3: Getty Images<\/figcaption><\/figure>\n<p>Az \u00f6nkorm\u00e1nyzat most hangs\u00falyozta, hogy a mozg\u00e1ss\u00e9r\u00fclt robog\u00f3kat szigor\u00faan csak a val\u00f3ban r\u00e1szorul\u00f3k vehetik ig\u00e9nybe. A szab\u00e1lyokat megszeg\u0151 l\u00e1togat\u00f3kat ak\u00e1r <strong>500 eur\u00f3s b\u00edrs\u00e1ggal is s\u00fajthatj\u00e1k.<\/strong><\/p>\n<div class=\"o-widget m-readMoreWidget -readMore u-shortDecorLineAfter row widget-container _ce_measure_widget bigdata-widget read-more\" data-ce-measure-widget=\"olvass tov\u00e1bb\">\n\t<div class=\"m-readMoreWidget__imgWrapper image-wrapper col-12 col-md-4 no-p\">\n\t\t<a class=\"m-readMoreWidget__imgLink\" href=\"https:\/\/www.startlap.hu\/utazas\/spanyolorszag-tomegturizmus-tuntetes-barcelona\/\" >\n\t\t\t<img decoding=\"async\" src=\"https:\/\/www.startlap.hu\/utazas\/uploads\/sites\/3\/2025\/06\/barcelona-tuntetes-tomegturizmus-350x285.jpg\" class=\"m-readMoreWidget__img\">\n\t\t<\/a>\n\t<\/div>\n\t<div class=\"m-readMoreWidget__titleWrapper title-wrapper col-12 col-md-8\">\n\t\t<span class=\"m-readMoreWidget__titleLabel u-shortDecorLineBefore label hidden-sm-up\">Ez is \u00e9rdekelhet:<\/span>\n\t\t<h3 class=\"m-readMoreWidget__title title\">\n\t\t\t<a class=\"m-readMoreWidget__titleLink -secondFont u-bold u-upperCase\" href=\"https:\/\/www.startlap.hu\/utazas\/spanyolorszag-tomegturizmus-tuntetes-barcelona\/\" >A spanyolokn\u00e1l betelt a poh\u00e1r: t\u00fcntet\u00e9sek a t\u00f6megturizmus ellen<\/a>\n\t\t<\/h3>\n\t\t<a class=\"m-readMoreWidget__btn -coloredBack u-tC link\" href=\"https:\/\/www.startlap.hu\/utazas\/spanyolorszag-tomegturizmus-tuntetes-barcelona\/\" >Elolvasom<\/a>\n\t<\/div>\n<\/div>\n","protected":false},"excerpt":{"rendered":"<p>Egyes n\u00e9pszer\u0171 \u00fcd\u00fcl\u0151helyeken elviselhetetlenn\u00e9 v\u00e1lt a turist\u00e1k t\u00f6mege: egyre kreat\u00edvabb m\u00f3dszerekkel l\u00e9pnek fel ellen\u00fck a helyi hat\u00f3s\u00e1gok \u00e9s civilek.<\/p>\n","protected":false},"author":63,"featured_media":44980,"comment_status":"closed","ping_status":"closed","sticky":false,"template":"","format":"standard","meta":{"footnotes":""},"categories":[70],"tags":[164,2554,2003,2621,7513],"class_list":["post-90446","post","type-post","status-publish","format-standard","has-post-thumbnail","hentry","category-vilag","tag-barcelona","tag-benidorm","tag-korlatozas","tag-notting-hill","tag-tomegturizmus"],"aioseo_notices":[],"_links":{"self":[{"href":"https:\/\/www.startlap.hu\/utazas\/wp-json\/wp\/v2\/posts\/90446","targetHints":{"allow":["GET"]}}],"collection":[{"href":"https:\/\/www.startlap.hu\/utazas\/wp-json\/wp\/v2\/posts"}],"about":[{"href":"https:\/\/www.startlap.hu\/utazas\/wp-json\/wp\/v2\/types\/post"}],"author":[{"embeddable":true,"href":"https:\/\/www.startlap.hu\/utazas\/wp-json\/wp\/v2\/users\/63"}],"replies":[{"embeddable":true,"href":"https:\/\/www.startlap.hu\/utazas\/wp-json\/wp\/v2\/comments?post=90446"}],"version-history":[{"count":3,"href":"https:\/\/www.startlap.hu\/utazas\/wp-json\/wp\/v2\/posts\/90446\/revisions"}],"predecessor-version":[{"id":90489,"href":"https:\/\/www.startlap.hu\/utazas\/wp-json\/wp\/v2\/posts\/90446\/revisions\/90489"}],"wp:featuredmedia":[{"embeddable":true,"href":"https:\/\/www.startlap.hu\/utazas\/wp-json\/wp\/v2\/media\/44980"}],"wp:attachment":[{"href":"https:\/\/www.startlap.hu\/utazas\/wp-json\/wp\/v2\/media?parent=90446"}],"wp:term":[{"taxonomy":"category","embeddable":true,"href":"https:\/\/www.startlap.hu\/utazas\/wp-json\/wp\/v2\/categories?post=90446"},{"taxonomy":"post_tag","embeddable":true,"href":"https:\/\/www.startlap.hu\/utazas\/wp-json\/wp\/v2\/tags?post=90446"}],"curies":[{"name":"wp","href":"https:\/\/api.w.org\/{rel}","templated":true}]}}