{"id":90415,"date":"2025-06-20T12:38:16","date_gmt":"2025-06-20T10:38:16","guid":{"rendered":"https:\/\/www.startlap.hu\/utazas\/?p=90415"},"modified":"2025-06-20T12:38:16","modified_gmt":"2025-06-20T10:38:16","slug":"legszebb-balatoni-varos-fonyod","status":"publish","type":"post","link":"https:\/\/www.startlap.hu\/utazas\/legszebb-balatoni-varos-fonyod\/","title":{"rendered":"A legszebb telep\u00fcl\u00e9s a Balaton partj\u00e1n &#8211; el nem hiszed, melyik v\u00e1rost v\u00e1lasztott\u00e1k a k\u00fclf\u00f6ldi utaz\u00f3k"},"content":{"rendered":"<p><strong>Fony\u00f3dot<\/strong> v\u00e1lasztott\u00e1k a Balaton-part legszebb v\u00e1ros\u00e1nak egy turisztikai blog olvas\u00f3i, ad h\u00edrt a <a href=\"https:\/\/www.sonline.hu\/helyi-eletstilus\/2025\/06\/balaton-fonyod-szepseg\" target=\"_blank\" target=\"_blank\" rel=\"noopener noreferrer\">Sonline<\/a>. A d\u00f6nt\u00e9shoz\u00f3kat a v\u00e1ros visszafogott, csendes sz\u00e9ps\u00e9ge gy\u0151zte meg.<\/p>\n<h2>Vil\u00e1gj\u00e1r\u00f3k v\u00e1lasztott\u00e1k ki a gy\u0151ztest<\/h2>\n<p>Egy k\u00fclf\u00f6ldi utaz\u00e1ssal foglalkoz\u00f3 blog k\u00fcl\u00f6nleges sz\u00e9ps\u00e9gversenyt hirdetett a Balaton k\u00f6r\u00fcl \u2013 a verseny c\u00e9lja az volt, hogy megtal\u00e1lj\u00e1k azt a telep\u00fcl\u00e9st, amely a legink\u00e1bb megtestes\u00edti a &#8222;magyar tenger&#8221; szellem\u00e9t. A gy\u0151ztes pedig nem m\u00e1s lett, mint Fony\u00f3d \u2013<\/p>\n<blockquote><p>a v\u00e1ros, amely nemcsak sz\u00e9ps\u00e9g\u00e9vel, hanem lelk\u00e9vel is leny\u0171g\u00f6zte a vil\u00e1got,<\/p><\/blockquote>\n<p>sz\u00e1molt be az elismer\u00e9sr\u0151l a v\u00e1ros hivatalos honlapja.<\/p>\n<figure id=\"attachment_90418\" aria-describedby=\"caption-attachment-90418\" style=\"width: 755px\" class=\"wp-caption alignnone\"><a href=\"https:\/\/www.startlap.hu\/utazas\/uploads\/sites\/3\/2025\/06\/fonyod-scaled.jpg\"><img loading=\"lazy\" decoding=\"async\" class=\"size-article-size-large-image wp-image-90418\" src=\"https:\/\/www.startlap.hu\/utazas\/uploads\/sites\/3\/2025\/06\/fonyod-755x503.jpg\" alt=\"\" width=\"755\" height=\"503\" srcset=\"https:\/\/www.startlap.hu\/utazas\/uploads\/sites\/3\/2025\/06\/fonyod-755x503.jpg 755w, https:\/\/www.startlap.hu\/utazas\/uploads\/sites\/3\/2025\/06\/fonyod-1536x1024.jpg 1536w, https:\/\/www.startlap.hu\/utazas\/uploads\/sites\/3\/2025\/06\/fonyod-2048x1365.jpg 2048w, https:\/\/www.startlap.hu\/utazas\/uploads\/sites\/3\/2025\/06\/fonyod-525x350.jpg 525w\" sizes=\"auto, (max-width: 755px) 100vw, 755px\" \/><\/a><figcaption id=\"caption-attachment-90418\" class=\"wp-caption-text\">Balatoni l\u00e1tk\u00e9p Fony\u00f3dr\u00f3l. Fot\u00f3: Getty Images<\/figcaption><\/figure>\n<p>A blog szerz\u0151i \u2013 akik m\u00e1r bej\u00e1rt\u00e1k a vil\u00e1g sivatagjait, fjordjait \u00e9s kolostorait \u2013 ez\u00fattal a Balaton partj\u00e1n barangoltak. Nem a szokv\u00e1nyos turistal\u00e1tv\u00e1nyoss\u00e1gokat kerest\u00e9k, hanem azt a helyet, ahol a term\u00e9szet, a kult\u00fara \u00e9s az emberi t\u00f6rt\u00e9netek harm\u00f3ni\u00e1ban \u00e9lnek. Fony\u00f3d pedig pontosan ezt k\u00edn\u00e1lta, \u00e1llap\u00edtott\u00e1k meg.<\/p>\n<h2>A Balaton m\u00e9ly l\u00e9legzete<\/h2>\n<p>&#8222;Fony\u00f3d nem hivalkodik, hanem csendben mutatja meg, milyen az, amikor a t\u00e1j \u00e9s a l\u00e9lek ugyanarra a ritmusra l\u00e9legzik&#8221;, \u00edrj\u00e1k a telep\u00fcl\u00e9s honlapj\u00e1n. &#8222;A v\u00e1ros panor\u00e1m\u00e1ja \u2013 a <strong>Badacsony<\/strong> vulk\u00e1ni k\u00fapjaival szemben \u2013 leny\u0171g\u00f6z\u0151, a <strong>Sipos-hegy<\/strong> \u00e9s a <strong>V\u00e1rhegy<\/strong> term\u00e9szeti \u00e9rt\u00e9kei pedig k\u00fcl\u00f6nleges atmoszf\u00e9r\u00e1t teremtenek.&#8221;<\/p>\n<blockquote><p>Legf\u0151k\u00e9pp a term\u00e9szeti adotts\u00e1gaink miatt lehet\u00fcnk b\u00fcszk\u00e9k: a v\u00edz k\u00f6zels\u00e9ge, a Sipos-hegy, a V\u00e1rhegy, a gy\u00f6ny\u00f6r\u0171 panor\u00e1ma, a Kossuth-erd\u0151 \u00e9s a Szaplonczay s\u00e9t\u00e1ny mind hozz\u00e1j\u00e1rulnak ahhoz, hogy Fony\u00f3d k\u00fcl\u00f6nleges hely legyen<\/p><\/blockquote>\n<p>\u2013 mondta <strong>Erdei Barnab\u00e1s<\/strong>, Fony\u00f3d polg\u00e1rmestere. &#8222;Emellett fontosnak tartom, hogy v\u00e1rosunk <strong>nem zs\u00fafolt be\u00e9p\u00edtetts\u00e9ggel, hanem meg\u0151rizte term\u00e9szetk\u00f6zeli jelleg\u00e9t.<\/strong> A piacunk \u00e9s a <a href=\"https:\/\/www.startlap.hu\/utazas\/kutyabarat-strand-furdohely-magyarorszag-lista\/\" target=\"_blank\" rel=\"noopener noreferrer\">kuty\u00e1s f\u00fcrdet\u0151hely\u00fcnk<\/a> is egyre n\u00e9pszer\u0171bb, k\u00fcl\u00f6n\u00f6sen a k\u00f6rnyez\u0151 orsz\u00e1gokb\u00f3l \u2013 Szlov\u00e1ki\u00e1b\u00f3l, Szlov\u00e9ni\u00e1b\u00f3l, Ausztri\u00e1b\u00f3l \u2013 \u00e9rkez\u0151 aut\u00f3s turist\u00e1k k\u00f6r\u00e9ben&#8221;, tette hozz\u00e1. A v\u00e1rosvezet\u0151 szerint ezek is hozz\u00e1j\u00e1rultak ahhoz, hogy a k\u00fclf\u00f6ldi blog szerz\u0151i \u00fagy fogalmaztak Fony\u00f3dr\u00f3l, hogy a v\u00e1ros olyan, &#8222;mintha a Balaton lelke itt venne m\u00e9ly l\u00e9legzetet.&#8221;<\/p>\n<div class=\"o-widget m-readMoreWidget -readMore u-shortDecorLineAfter row widget-container _ce_measure_widget bigdata-widget read-more\" data-ce-measure-widget=\"olvass tov\u00e1bb\">\n\t<div class=\"m-readMoreWidget__imgWrapper image-wrapper col-12 col-md-4 no-p\">\n\t\t<a class=\"m-readMoreWidget__imgLink\" href=\"https:\/\/www.startlap.hu\/utazas\/balaton-strand-kivalo-minosites-nngyk\/\" >\n\t\t\t<img decoding=\"async\" src=\"https:\/\/www.startlap.hu\/utazas\/uploads\/sites\/3\/2025\/06\/balatoni-strand-350x285.jpg\" class=\"m-readMoreWidget__img\">\n\t\t<\/a>\n\t<\/div>\n\t<div class=\"m-readMoreWidget__titleWrapper title-wrapper col-12 col-md-8\">\n\t\t<span class=\"m-readMoreWidget__titleLabel u-shortDecorLineBefore label hidden-sm-up\">Ez is \u00e9rdekelhet:<\/span>\n\t\t<h3 class=\"m-readMoreWidget__title title\">\n\t\t\t<a class=\"m-readMoreWidget__titleLink -secondFont u-bold u-upperCase\" href=\"https:\/\/www.startlap.hu\/utazas\/balaton-strand-kivalo-minosites-nngyk\/\" >Ezek a balatoni strandok kaptak kiv\u00e1l\u00f3 min\u0151s\u00edt\u00e9st<\/a>\n\t\t<\/h3>\n\t\t<a class=\"m-readMoreWidget__btn -coloredBack u-tC link\" href=\"https:\/\/www.startlap.hu\/utazas\/balaton-strand-kivalo-minosites-nngyk\/\" >Elolvasom<\/a>\n\t<\/div>\n<\/div>\n","protected":false},"excerpt":{"rendered":"<p>Vil\u00e1gutaz\u00f3kat k\u00e9rdeztek arr\u00f3l, melyik a Balaton-part legszebb v\u00e1rosa. A v\u00e1laszt\u00e1s egy csendes, visszafogott telep\u00fcl\u00e9sre esett: n\u00e9zz\u00fck, melyik az!<\/p>\n","protected":false},"author":63,"featured_media":90418,"comment_status":"closed","ping_status":"closed","sticky":false,"template":"","format":"standard","meta":{"footnotes":""},"categories":[7],"tags":[279,7229,3729,700],"class_list":["post-90415","post","type-post","status-publish","format-standard","has-post-thumbnail","hentry","category-belfold-utazas","tag-balaton","tag-elismeres","tag-fonyod","tag-legszebb-helyek"],"aioseo_notices":[],"_links":{"self":[{"href":"https:\/\/www.startlap.hu\/utazas\/wp-json\/wp\/v2\/posts\/90415","targetHints":{"allow":["GET"]}}],"collection":[{"href":"https:\/\/www.startlap.hu\/utazas\/wp-json\/wp\/v2\/posts"}],"about":[{"href":"https:\/\/www.startlap.hu\/utazas\/wp-json\/wp\/v2\/types\/post"}],"author":[{"embeddable":true,"href":"https:\/\/www.startlap.hu\/utazas\/wp-json\/wp\/v2\/users\/63"}],"replies":[{"embeddable":true,"href":"https:\/\/www.startlap.hu\/utazas\/wp-json\/wp\/v2\/comments?post=90415"}],"version-history":[{"count":3,"href":"https:\/\/www.startlap.hu\/utazas\/wp-json\/wp\/v2\/posts\/90415\/revisions"}],"predecessor-version":[{"id":90426,"href":"https:\/\/www.startlap.hu\/utazas\/wp-json\/wp\/v2\/posts\/90415\/revisions\/90426"}],"wp:featuredmedia":[{"embeddable":true,"href":"https:\/\/www.startlap.hu\/utazas\/wp-json\/wp\/v2\/media\/90418"}],"wp:attachment":[{"href":"https:\/\/www.startlap.hu\/utazas\/wp-json\/wp\/v2\/media?parent=90415"}],"wp:term":[{"taxonomy":"category","embeddable":true,"href":"https:\/\/www.startlap.hu\/utazas\/wp-json\/wp\/v2\/categories?post=90415"},{"taxonomy":"post_tag","embeddable":true,"href":"https:\/\/www.startlap.hu\/utazas\/wp-json\/wp\/v2\/tags?post=90415"}],"curies":[{"name":"wp","href":"https:\/\/api.w.org\/{rel}","templated":true}]}}