{"id":88496,"date":"2025-05-26T06:53:15","date_gmt":"2025-05-26T04:53:15","guid":{"rendered":"https:\/\/www.startlap.hu\/utazas\/?p=88496"},"modified":"2025-05-23T11:48:29","modified_gmt":"2025-05-23T09:48:29","slug":"nograd-salgotarjan-kozepbanyato-salgo-vara","status":"publish","type":"post","link":"https:\/\/www.startlap.hu\/utazas\/nograd-salgotarjan-kozepbanyato-salgo-vara\/","title":{"rendered":"Ezt az eldugott n\u00f3gr\u00e1di var\u00e1zstavat szinte senki sem ismeri"},"content":{"rendered":"<p>A Salg\u00f3b\u00e1nya szomsz\u00e9ds\u00e1g\u00e1ban megb\u00faj\u00f3 K\u00f6z\u00e9pb\u00e1nya-t\u00f3 a r\u00e9gi\u00f3 egyik legk\u00fcl\u00f6nlegesebb helysz\u00edne, amit sokan csak Szikl\u00e1s-t\u00f3k\u00e9nt ismernek \u2013 ne lep\u0151djetek meg, ha a helyiek \u00edgy hivatkoznak r\u00e1. A tavat Salg\u00f3b\u00e1nya fel\u0151l k\u00f6zel\u00edthetj\u00fck meg. A t\u00f3hoz vezet\u0151 \u00fat sor\u00e1n egy hossz\u00fa l\u00e9pcs\u0151sor vezet fel a b\u00e1nya perem\u00e9re, ahonnan l\u00e9legzetel\u00e1ll\u00edt\u00f3 kil\u00e1t\u00e1s ny\u00edlik az alattunk elter\u00fcl\u0151 t\u00e1jra \u00e9s a t\u00f3 m\u00e9lyk\u00e9k viz\u00e9re. Els\u0151 r\u00e1n\u00e9z\u00e9sre ak\u00e1r egy <a href=\"https:\/\/www.startlap.hu\/utazas\/matra-apc-tengerszem\/\" target=\"_blank\" rel=\"noopener noreferrer\">tengerszem<\/a> is lehetne, de a meredek b\u00e1nyafallal k\u00f6r\u00fclvett t\u00f3 val\u00f3j\u00e1ban egy vulk\u00e1ni k\u0151zetekkel hat\u00e1rolt v\u00edzfel\u00fclet, amely \u00e9vszakr\u00f3l \u00e9vszakra m\u00e1s arc\u00e1t mutatja.<\/p>\n<p>A K\u00f6z\u00e9pb\u00e1nya-t\u00f3 a Medves-fenns\u00edk sz\u00e9l\u00e9n, Salg\u00f3tarj\u00e1n \u00e9szaki r\u00e9sz\u00e9n, a Karancs\u2013Medves t\u00e9rs\u00e9g\u00e9ben tal\u00e1lhat\u00f3, az \u00fan. \u00e9szaksiki v\u00f6lgyben. Ez a fenns\u00edk K\u00f6z\u00e9p-Eur\u00f3pa legnagyobb \u00f6sszef\u00fcgg\u0151 bazaltplat\u00f3ja, amelynek k\u00e9tharmada Magyarorsz\u00e1gon, egyharmada Szlov\u00e1ki\u00e1ban tal\u00e1lhat\u00f3. <strong>A ter\u00fclet egy r\u00e9sze ma is gazdas\u00e1gi m\u0171vel\u00e9s alatt \u00e1ll, de jelent\u0151s h\u00e1nyada term\u00e9szetv\u00e9delmi oltalom alatt van.<\/strong><\/p>\n<figure id=\"attachment_88878\" aria-describedby=\"caption-attachment-88878\" style=\"width: 755px\" class=\"wp-caption alignnone\"><img loading=\"lazy\" decoding=\"async\" class=\"size-article-size-large-image wp-image-88878\" src=\"https:\/\/www.startlap.hu\/utazas\/uploads\/sites\/3\/2025\/05\/kozepbanya_11zon-1-755x502.jpg\" alt=\"K\u00f6z\u00e9pb\u00e1nya t\u00f3 med\u00faz\u00e1kkal\" width=\"755\" height=\"502\" srcset=\"https:\/\/www.startlap.hu\/utazas\/uploads\/sites\/3\/2025\/05\/kozepbanya_11zon-1-755x502.jpg 755w, https:\/\/www.startlap.hu\/utazas\/uploads\/sites\/3\/2025\/05\/kozepbanya_11zon-1-1536x1022.jpg 1536w, https:\/\/www.startlap.hu\/utazas\/uploads\/sites\/3\/2025\/05\/kozepbanya_11zon-1-2048x1363.jpg 2048w, https:\/\/www.startlap.hu\/utazas\/uploads\/sites\/3\/2025\/05\/kozepbanya_11zon-1-250x165.jpg 250w, https:\/\/www.startlap.hu\/utazas\/uploads\/sites\/3\/2025\/05\/kozepbanya_11zon-1-526x350.jpg 526w\" sizes=\"auto, (max-width: 755px) 100vw, 755px\" \/><figcaption id=\"caption-attachment-88878\" class=\"wp-caption-text\">Fot\u00f3: MTI\/ Komka P\u00e9ter<\/figcaption><\/figure>\n<p>\u201eA bazaltplat\u00f3n a bazalt vastags\u00e1ga 40 \u00e9s 100 m\u00e9ter k\u00f6z\u00f6tt v\u00e1ltakozik, ez pedig megk\u00f6nny\u00edtette a kitermel\u00e9st\u201d \u2013 mondta Hegyi P\u00e9ter, a Novohrad-N\u00f3gr\u00e1d Geopark munkat\u00e1rsa. A bazaltot f\u0151k\u00e9nt ny\u00edlt sz\u00edni b\u00e1ny\u00e1kb\u00f3l termelt\u00e9k ki, p\u00e9ld\u00e1ul Somosk\u0151n, Salg\u00f3b\u00e1ny\u00e1n \u00e9s Eresztv\u00e9nyben. Eleinte k\u00e9zi er\u0151vel zajlott a b\u00e1ny\u00e1szat, majd vas\u00fati s\u00edneket fektettek le, el\u0151bb \u00e1llati, k\u00e9s\u0151bb g\u00e9pi er\u0151vel sz\u00e1ll\u00edtott\u00e1k le a k\u00f6vet a k\u00f6zutakhoz, onnan pedig vas\u00faton juttatt\u00e1k el az orsz\u00e1g k\u00fcl\u00f6nb\u00f6z\u0151 pontjaira, ahol sz\u00fcks\u00e9g volt r\u00e1.<\/p>\n<blockquote class=\"article__extraTxt\"><p>Az Eresztv\u00e9nyi k\u0151b\u00e1ny\u00e1khoz egy 12,5 kilom\u00e9teres tan\u00f6sv\u00e9ny is vezet, amely t\u00f6bb b\u00e1ny\u00e1t is \u00e9rint \u00fatk\u00f6zben.<\/p><\/blockquote>\n<p>A K\u00f6z\u00e9pb\u00e1nya-t\u00f3 kialakul\u00e1sa k\u00fcl\u00f6n\u00f6sen izgalmas: \u201eA kitermel\u00e9s sor\u00e1n v\u00edz alatti vulkanizmus nyomaira bukkantak \u2013 a bazalt ugyanis egykor a homokos tengerfen\u00e9ken medenc\u00e9ket alak\u00edtott ki. Amikor a b\u00e1ny\u00e1szok megnyitott\u00e1k a k\u0151zetet, v\u00e9letlen\u00fcl megs\u00e9rtettek egy ilyen, v\u00edzzel felt\u00f6lt\u0151d\u00f6tt medenc\u00e9t, a v\u00edz kisz\u00f6k\u00f6tt, \u00e9s el\u00e1rasztotta a kib\u00e1ny\u00e1szott r\u00e9szeket\u201d \u2013 magyar\u00e1zta a szakember.<\/p>\n<p>Ilyenkor \u2013 ahogy a b\u00e1ny\u00e1szok mondj\u00e1k \u2013 <strong>\u201eki kell rabolni\u201d az ac\u00e9l d\u00facolatokat, mert a v\u00edz mindent el\u00f6nt.<\/strong> A legm\u00e9lyebb ponton a t\u00f3 el\u00e9ri a 8 m\u00e9tert is.<\/p>\n<p>A t\u00f3 kar\u00e9j alak\u00fa, \u00edgy nem j\u00e1rhat\u00f3 k\u00f6rbe teljesen, de van egy kis terasz, ahonnan kil\u00e1t\u00e1s ny\u00edlik a v\u00edzre. A b\u00e1trabbak let\u00e9rhetnek a kijel\u00f6lt \u00fatr\u00f3l, \u00e9s felkapaszkodhatnak a hat m\u00e9ter magas kar\u00e9j tetej\u00e9re is l\u00e9legzetel\u00e1ll\u00edt\u00f3 fot\u00f3kat k\u00e9sz\u00edteni. T\u00e9len, ha b\u0151s\u00e9ges a csapad\u00e9k, ak\u00e1r j\u00e9gfal is kialakulhat.&nbsp;<\/p>\n<h2>A term\u00e9szet hamar visszavette a ter\u00fcletet<\/h2>\n<p>A term\u00e9szet m\u00e1ra visszah\u00f3d\u00edtotta ezt az egykor mesters\u00e9ges t\u00e1jat: g\u00e1zl\u00f3madarak \u00e9rkeztek, l\u00e1bukon ikr\u00e1kat hozva. Az emberek k\u00f6zrem\u0171k\u00f6d\u00e9se nyom\u00e1n olyan fajok is meghonosodtak a t\u00f3ban, mint a naphal \u00e9s a t\u00f6rpeharcsa, s\u0151t, a v\u00edzben alg\u00e1k \u00e9s m\u00e1s v\u00edzin\u00f6v\u00e9nyek is elszaporodtak.<\/p>\n<h2><strong>Med\u00faz\u00e1kat is l\u00e1thatunk<\/strong><\/h2>\n<p>Nyaranta a krist\u00e1lytiszta v\u00edzben \u00e9desv\u00edzi med\u00faz\u00e1k is felbukkanhatnak. Ezek a kis l\u00e9nyek az 1920-as \u00e9vekben ker\u00fcltek Eur\u00f3p\u00e1ba D\u00e9lkelet-\u00c1zsi\u00e1b\u00f3l. Csal\u00e1nsejtekkel rendelkeznek, m\u00e9gsem jelentenek vesz\u00e9lyt az emberre, ellent\u00e9tben tengeri rokonaikkal. Ezek az \u00e1ttetsz\u0151, p\u00e1r centim\u00e9teres \u00e1llatok teljesen \u00e1rtalmatlanok az emberre, cs\u00edp\u00e9s\u00fck maximum b\u0151rp\u00edrrel j\u00e1r.<\/p>\n<p>\u201eP\u00e1r \u00e9ve tudjuk, hogy megjelentek itt a 20 forintos nagys\u00e1g\u00fa \u00e9desv\u00edzi med\u00faz\u00e1k\u201d \u2013 mondta Hegyi P\u00e9ter. Ezek a med\u00faz\u00e1k meglehet\u0151sen k\u00e9nyes \u00e9l\u0151l\u00e9nyek: \u201eA v\u00edz h\u0151m\u00e9rs\u00e9klete \u00e9s tisztas\u00e1ga szab\u00e1lyozza, hogy kib\u00fajnak-e az ikra\u00e1llapotb\u00f3l.\u201d A terjed\u00e9s\u00fck gyors, ma m\u00e1r a v\u00e1rosi strandn\u00e1l is felt\u0171ntek.<\/p>\n<h2>A vil\u00e1gon az els\u0151<\/h2>\n<p>A helyi <a href=\"https:\/\/www.nogradgeopark.eu\/\" target=\"_blank\" target=\"_blank\" rel=\"noopener noreferrer\">geopark<\/a> egyed\u00fcl\u00e1ll\u00f3 kezdem\u00e9nyez\u00e9s: \u201eEz a vil\u00e1g els\u0151 hat\u00e1ron \u00e1tny\u00fal\u00f3 geoparkja. Az 1 619 km2 ter\u00fclet\u0171 Novohrad-N\u00f3gr\u00e1d Geopark 64 magyar \u00e9s 28 szlov\u00e1k telep\u00fcl\u00e9s f\u00f6ldtani, term\u00e9szeti, t\u00f6rt\u00e9neti \u00e9s kultur\u00e1lis \u00f6r\u00f6ks\u00e9g\u00e9t, pal\u00f3c hagyom\u00e1nyait \u00e1polja \u00e9s bemutatva \u0151rzi\u201d \u2013 mondta a vezet\u0151. Jelenleg Magyarorsz\u00e1gon h\u00e1rom geopark m\u0171k\u00f6dik, de transznacion\u00e1lis, vagyis orsz\u00e1ghat\u00e1rokon \u00e1tny\u00fal\u00f3 form\u00e1ban ez az egyetlen.&nbsp;<\/p>\n<p>A geopark magyar oldala domin\u00e1ns, 1 284 km2 term\u00e9szeti \u00f6r\u00f6ks\u00e9g\u00e9nek kinevezett gondnoka a B\u00fckki Nemzeti Park Igazgat\u00f3s\u00e1g, mely sz\u00e1mos geosite \u2013 f\u00f6ldtani bemutat\u00f3hely mellett a Salg\u00f3tarj\u00e1n \u2013 Baglyask\u0151i L\u00e1togat\u00f3k\u00f6zpontj\u00e1t \u00e9s az Eur\u00f3pa Diplom\u00e1s Ipolytarn\u00f3ci \u0150smaradv\u00e1nyok Mioc\u00e9n Parkj\u00e1t (osmaradvanyok.hu) is a geopark szolg\u00e1lat\u00e1ba \u00e1ll\u00edtotta.<\/p>\n<p>A l\u00e1tv\u00e1nyoss\u00e1gok k\u00f6z\u00f6tt szerepel t\u00f6bbek k\u00f6z\u00f6tt a Salg\u00f3i \u00e9s <a href=\"https:\/\/www.startlap.hu\/utazas\/meteor-perseida-somoskoi-var\/\" target=\"_blank\" rel=\"noopener noreferrer\">Somosk\u0151i v\u00e1r<\/a>, a Medves-fenns\u00edk, a F\u00fcleki v\u00e1r, a Geocsod\u00e1k H\u00e1za, az ipolytarn\u00f3ci \u0151smaradv\u00e1nyok, a holl\u00f3k\u0151i \u00f3falu, illetve a Vizsl\u00e1s hat\u00e1r\u00e1ban tal\u00e1lhat\u00f3 tufak\u00e9pz\u0151dm\u00e9ny is.<\/p>\n<blockquote class=\"article__extraTxt\"><p>\u201eEz ut\u00f3bbihoz hasonl\u00f3, ilyen m\u00e9ret\u0171 riolittufa Vizsl\u00e1son k\u00edv\u00fcl csak T\u00f6r\u00f6korsz\u00e1gban tal\u00e1lhat\u00f3 Eur\u00f3p\u00e1ban \u00e9s a vil\u00e1gon is csak hat helyen tartanak sz\u00e1mon hasonl\u00f3t\u201d<\/p><\/blockquote>\n<p>\u2013 emelte ki Hegyi P\u00e9ter. A Szilv\u00e1s-k\u0151 kett\u00e9hasadt hegye is geol\u00f3giai kuri\u00f3zum, ak\u00e1rcsak a vil\u00e1gviszonylatban is unik\u00e1lis bazaltorgon\u00e1k. \u201eNagyon elterjedt forma a bazaltoszlopos elv\u00e1l\u00e1s, de az, hogy \u00edvesen legyen meghajolva, az teljesen egyed\u00fcl\u00e1ll\u00f3\u201d \u2013 hangs\u00falyozta.<\/p>\n<p>A k\u00f6rny\u00e9k minden koroszt\u00e1lynak aj\u00e1nlott: \u201e\u00d6t\u00e9vest\u0151l nyolcvan\u00f6t \u00e9ves korig mindenkinek j\u00f3 sz\u00edvvel aj\u00e1nljuk a felfedez\u00e9s\u00e9t. Nem ig\u00e9nyel k\u00fcl\u00f6n\u00f6sebb felk\u00e9sz\u00fcl\u00e9st, \u00e9s m\u00e9g nem ette meg a t\u00f6megturizmus.\u201d Aki kicsit is nyitott a term\u00e9szetre, a t\u00e1jra, az \u00e9l\u0151vil\u00e1gra \u00e9s a t\u00f6rt\u00e9nelemre, az garant\u00e1ltan \u00e9lm\u00e9nyekkel telve t\u00e1vozik innen. A k\u00f6z\u00e9pkori \u00e9p\u00fcletekt\u0151l kezdve a forr\u00e1sokig <strong>gyalog is bej\u00e1rhat\u00f3 a t\u00e9rs\u00e9g, de ker\u00e9kp\u00e1rral vagy l\u00f3h\u00e1ton is felfedezhet\u0151.<\/strong><\/p>\n<h2><strong>A t\u00f3 megk\u00f6zel\u00edt\u00e9se<\/strong><\/h2>\n<p>Ha aut\u00f3val \u00e9rkez\u00fcnk, Budapest fel\u0151l az M3-as aut\u00f3p\u00e1ly\u00e1n kell Hatvanig menn\u00fcnk, majd onnan t\u00e9rj\u00fcnk r\u00e1 a 21-es f\u0151\u00fatra Salg\u00f3tarj\u00e1n ir\u00e1ny\u00e1ba. Salg\u00f3tarj\u00e1n belv\u00e1ros\u00e1b\u00f3l a P\u00e9csk\u0151 \u00fat \u2013 Dornyai B\u00e9la \u00fat \u2013 K\u00f6z\u00e9pb\u00e1nya \u00fat vonalon k\u00f6zel\u00edthet\u0151 meg.<\/p>\n<p>A t\u00f3hoz vezet\u0151 \u00fat nem teljesen ki\u00e9p\u00edtett, \u00edgy es\u0151 ut\u00e1n vagy t\u00e9len \u00e9rdemes terepj\u00e1r\u00f3val menni. Parkol\u00e1si lehet\u0151s\u00e9g korl\u00e1tozott, sokan a k\u00f6zeli f\u00f6ldutak ment\u00e9n hagyj\u00e1k az aut\u00f3t. Vonattal Salg\u00f3tarj\u00e1n vas\u00fat\u00e1llom\u00e1sig kell utazni (Budapestr\u0151l indul pl. a Hatvan\u2013Salg\u00f3tarj\u00e1n vonalon \u00e1tsz\u00e1ll\u00e1ssal). A vas\u00fat\u00e1llom\u00e1st\u00f3l kb. 5\u20136 km a t\u00f3, \u00fagyhogy nagyobb t\u00far\u00e1val sz\u00e1moljunk.<\/p>\n<blockquote class=\"article__extraTxt\"><p>T\u00f6bb t\u00fara\u00fatvonal is vezet a K\u00f6z\u00e9pb\u00e1nya-t\u00f3hoz, pl.: a P\u00e9csk\u0151 fel\u0151l, a piros turistajelz\u00e9s ment\u00e9n. A v\u00e1rosb\u00f3l indulva kb. 1,5-2 \u00f3r\u00e1s s\u00e9ta erdei utakon.<\/p><\/blockquote>\n<p>A t\u00f3 ker\u00e9kp\u00e1rral is megk\u00f6zel\u00edthet\u0151, de fontos: az utols\u00f3 szakasz erd\u0151n \u00e9s murv\u00e1s \u00faton vezet, \u00e9pp ez\u00e9rt MTB (mountain bike) vagy t\u00faraker\u00e9kp\u00e1r javasolt.<\/p>\n<p><iframe loading=\"lazy\" width=\"750\" height=\"705\" frameborder=\"0\" src=\"https:\/\/www.facebook.com\/plugins\/post.php?href=https%3A%2F%2Fwww.facebook.com%2Fhotelsalgo%2Fposts%2Fpfbid02BfUax7tjZqittmj76bzfKbMkYqhm4YzwcNdMtZLPG6UcDBiNHUjQs764FEJCg6kwl&amp;width=750&amp;show_text=true&amp;height=705&amp;appId\"><\/iframe>&nbsp;<\/p>\n<p>N\u00f3gr\u00e1d megye m\u00e1r \u00f6nmag\u00e1ban is leny\u0171g\u00f6z\u0151: vulk\u00e1ni eredet\u0171 lank\u00e1i \u00e9s gazdag term\u00e9szeti kincsei miatt rengeteg itt a felfedeznival\u00f3. Tov\u00e1bbi l\u00e1tnival\u00f3k a k\u00f6rny\u00e9ken:<\/p>\n<h2><strong>Eresztv\u00e9nyi l\u00e1togat\u00f3k\u00f6zpont<\/strong><\/h2>\n<p>Eresztv\u00e9ny a Medves-fenns\u00edk kapuja. A helyi l\u00e1togat\u00f3k\u00f6zpont csendes erdei k\u00f6rnyezetben, a f\u00e1k \u00f6lel\u00e9s\u00e9ben b\u00fajik meg. A k\u00f6zelben j\u00e1tsz\u00f3t\u00e9r is van, \u00e9s mes\u00e9s panor\u00e1ma ny\u00edlik a salg\u00f3i v\u00e1rra is \u2013 t\u00f6k\u00e9letes hely egy r\u00f6vid kiruccan\u00e1shoz vagy ak\u00e1r egy eg\u00e9sz napos kir\u00e1ndul\u00e1shoz.<\/p>\n<p><iframe loading=\"lazy\" width=\"750\" height=\"446\" frameborder=\"0\" src=\"https:\/\/www.facebook.com\/plugins\/post.php?href=https%3A%2F%2Fwww.facebook.com%2Fphoto%2F%3Ffbid%3D1057947619469811%26set%3Da.526992032565375&amp;width=750&amp;show_text=true&amp;height=446&amp;appId\"><\/iframe>&nbsp;<\/p>\n<p>Az eresztv\u00e9nyi geopark k\u00f6zpontj\u00e1ban friss\u00edt\u0151 italokkal, k\u00f6nny\u0171 harapnival\u00f3kkal, k\u00e1v\u00e9val, te\u00e1val v\u00e1rj\u00e1k a l\u00e1togat\u00f3kat. Ha t\u00far\u00e1t vagy programot tervez\u00fcnk a k\u00f6rny\u00e9ken, sz\u00edvesen seg\u00edtenek: t\u00farale\u00edr\u00e1sokat, t\u00e9rk\u00e9peket, kiadv\u00e1nyokat is k\u00edn\u00e1lnak. Az int\u00e9zm\u00e9ny mind\u00f6ssze 10 percnyi aut\u00f3\u00fatra tal\u00e1lhat\u00f3 Salg\u00f3tarj\u00e1n k\u00f6zpontj\u00e1t\u00f3l.<\/p>\n<h2><strong>Pet\u0151fi-forr\u00e1s, Eresztv\u00e9ny<\/strong><\/h2>\n<p>A forr\u00e1sok szerint Pet\u0151fi S\u00e1ndor 1845 nyar\u00e1n, felvid\u00e9ki v\u00e1ndorl\u00e1sa sor\u00e1n kereste fel Somosk\u0151 \u00e9s Salg\u00f3 k\u00f6rny\u00e9k\u00e9t. Az \u00dati jegyzetek alapj\u00e1n Vecsekl\u0151r\u0151l indult \u00fatnak bar\u00e1taival kora reggel, \u00e9s a Medves-fenns\u00edkon \u00e1thaladva \u00e9rkeztek meg Somosk\u0151re. Itt megcsod\u00e1lt\u00e1k a \u201egy\u00f6ny\u00f6r\u0171 k\u00f6vekb\u0151l \u00e9p\u00fclt v\u00e1rat\u201d \u00e9s a telep\u00fcl\u00e9s \u201eidilli\u201d hangulat\u00e1t, majd vezet\u0151t fogadtak, hogy az alig egy\u00f3r\u00e1nyira fekv\u0151 Salg\u00f3hoz tov\u00e1bbmenjenek.<\/p>\n<blockquote class=\"article__extraTxt\"><p>Tisztelegve a k\u00f6lt\u0151 eml\u00e9ke el\u0151tt, r\u00f3la nevezt\u00e9k el a valamikori vas\u00fati nyomvonalat, amely Eresztv\u00e9ny \u00e9s Somosk\u0151\u2013Magyar-b\u00e1nya k\u00f6z\u00f6tt vezet, \u00e9s ma k\u00e9nyelmes s\u00e9ta-\u00fatvonal.<\/p><\/blockquote>\n<p>A Pet\u0151fi-s\u00e9t\u00e1ny szinte minden pontj\u00e1r\u00f3l leny\u0171g\u00f6z\u0151 kil\u00e1t\u00e1s ny\u00edlik a k\u00e9t k\u00f6zeli v\u00e1rra, a \u201ePal\u00f3c-Ol\u00fcmposzk\u00e9nt\u201d is emlegetett Karancs t\u00f6mbj\u00e9re (729 m), valamint a S\u00e1torosra (660 m).<\/p>\n<h2><strong>Salg\u00f3 v\u00e1ra<\/strong><\/h2>\n<p><a href=\"https:\/\/www.startlap.hu\/utazas\/meteor-salgo-var-fotok-csillaghullas\/\" target=\"_blank\" rel=\"noopener noreferrer\">Salg\u00f3 v\u00e1ra<\/a> Salg\u00f3tarj\u00e1nt\u00f3l \u00e9szakra, Salg\u00f3b\u00e1nya f\u00f6l\u00f6tt, egy 625 m\u00e9ter magas bazaltk\u00fapon \u00e1ll. A v\u00e1rat a tat\u00e1rj\u00e1r\u00e1s (1241\u20131242) ut\u00e1n \u00e9p\u00edtette a Kacsics nemzets\u00e9g \u00e9p\u00edttette. <strong>A romokr\u00f3l tiszta id\u0151ben bel\u00e1that\u00f3 a M\u00e1tra, a B\u00fckk, a Cserh\u00e1t \u00e9s a B\u00f6rzs\u00f6ny, s\u0151t, id\u0151nk\u00e9nt, tiszta id\u0151ben a Magas-T\u00e1tra szikl\u00e1s gerince is felt\u0171nik a t\u00e1volban.<\/strong> Aut\u00f3val Salg\u00f3b\u00e1ny\u00e1ig lehet eljutni, onnan a V\u00e1r utca v\u00e9g\u00e9n kialak\u00edtott parkol\u00f3t\u00f3l indul az \u00f6sv\u00e9ny. Az \u00fat els\u0151 szakasza sz\u00e9les f\u00f6ld\u00fat, ami a fels\u0151 r\u00e9szen k\u00f6ves, szikl\u00e1s erdei \u00fatt\u00e1 v\u00e1lik.<\/p>\n<blockquote class=\"article__extraTxt\"><p>Fontos tudni, hogy v\u00e1r k\u00f6rny\u00e9k\u00e9n nincsenek k\u00f6zm\u0171vek, illemhely vagy fedett pihen\u0151helyek!<\/p><\/blockquote>\n<p>A v\u00e1r szabadon l\u00e1togathat\u00f3 eg\u00e9sz \u00e9vben. A bej\u00e1rathoz vezet\u0151 szikl\u00e1s szakasz neh\u00e9zs\u00e9get okozhat kisgyermekeknek \u00e9s id\u0151sebbeknek, ez\u00e9rt fokozott \u00f3vatoss\u00e1g aj\u00e1nlott.<\/p>\n<h2><strong>Somosk\u0151i Vadaspark<\/strong><\/h2>\n<p>A 17 hekt\u00e1ros vadaspark Somosk\u0151 v\u00e1ra alatt tal\u00e1lhat\u00f3. A v\u00f6lgyben olyan \u0151shonos \u00e1llatok \u00e9lnek, mint a <strong>muflon, az \u0151z, a d\u00e1m vagy a vaddiszn\u00f3.<\/strong> Az itt \u00e9l\u0151 \u00e1llatokat \u00e9vszakt\u00f3l f\u00fcggetlen\u00fcl b\u00e1rmikor megl\u00e1togathatjuk. A park \u00e1llatsimogat\u00f3j\u00e1ban merin\u00f3i juhok \u00e9s kameruni t\u00f6rpekecsk\u00e9k v\u00e1rj\u00e1k a kicsiket \u00e9s nagyokat, de a park ter\u00fclet\u00e9n sz\u00e1mos mad\u00e1rfajt is megfigyelhet\u00fcnk. Csoportoknak sz\u00fcks\u00e9ges az el\u0151zetes bejelentkez\u00e9s.<\/p>\n<p><iframe loading=\"lazy\" width=\"750\" height=\"995\" frameborder=\"0\" src=\"https:\/\/www.facebook.com\/plugins\/post.php?href=https%3A%2F%2Fwww.facebook.com%2Fhellosalgotarjan.hu%2Fposts%2Fpfbid02sjgjoJAM8PsaB8zRo5Rkk87dPVqvLBLaCwdJ31TpxiF6M76DjYfvS2QmQ7CUmr9Gl&amp;width=750&amp;show_text=true&amp;height=995&amp;appId\"><\/iframe>&nbsp;<\/p>\n<h2><strong>Boszork\u00e1nyk\u0151, Salg\u00f3tarj\u00e1n<\/strong><\/h2>\n<p>A Boszork\u00e1nyk\u0151 (m\u00e1s n\u00e9ven Kis-Salg\u00f3) Salg\u00f3tarj\u00e1n hat\u00e1r\u00e1ban tal\u00e1lhat\u00f3, nem messze a h\u00edres Salg\u00f3 v\u00e1r\u00e1t\u00f3l. A v\u00e1r d\u00e9li ir\u00e1ny\u00e1b\u00f3l indulva n\u00e9h\u00e1ny perces s\u00e9t\u00e1val el\u00e9rhet\u0151 ez a k\u00fcl\u00f6nleges sziklak\u00e9pz\u0151dm\u00e9ny. A k\u00f6rny\u00e9ken tan\u00f6sv\u00e9ny vezeti v\u00e9gig a l\u00e1togat\u00f3t. Keleti oldala egy l\u00e9legzetel\u00e1ll\u00edt\u00f3, majdnem f\u00fcgg\u0151leges sziklafal, amely egy term\u00e9szetes m\u00f3don kibontakozott t\u00f6r\u00e9svonal maradv\u00e1nya.<\/p>\n<h2><strong>B\u00e1ny\u00e1szati m\u00fazeum<\/strong><\/h2>\n<p>A B\u00e1ny\u00e1szati M\u00fazeum az egykori salg\u00f3tarj\u00e1ni b\u00e1nya ter\u00fclet\u00e9n tal\u00e1lhat\u00f3, a Veremoldal keleti r\u00e9sz\u00e9n.&nbsp; A b\u00e1ny\u00e1nak ez a r\u00e9sze a legdr\u00e1g\u00e1bb \u00fczemek k\u00f6z\u00e9 tartozott, viszont szene nagyon j\u00f3 min\u0151s\u00e9g\u0171 volt. Napi 20 vagon szenet termelt. Az akt\u00edv b\u00e1nya hely\u00e9n 1965-ben nyitotta meg kapuit Magyarorsz\u00e1g els\u0151 \u00e9s Eur\u00f3pa m\u00e1sodik f\u00f6ldalatti B\u00e1ny\u00e1szati M\u00fazeuma.<\/p>\n<p>A l\u00e1togat\u00f3k l\u00e1thatj\u00e1k a v\u00e1gathajt\u00e1st, betekint\u00e9st nyerhetnek a fejt\u00e9si-j\u00f6veszt\u00e9si munk\u00e1ba, a f\u00far\u00f3-robbant\u00f3, fejt\u0151kalap\u00e1csos munk\u00e1ba \u00e9s a mar\u00f3hengeres frontfejt\u00e9sbe, valamint nyomon k\u00f6vethetik a rakod\u00f3 \u00e9s sz\u00e1ll\u00edt\u00f3 munka fejl\u0151d\u00e9s\u00e9t is.<\/p>\n<blockquote class=\"instagram-media\" style=\"background: #FFF;border: 0;border-radius: 3px;margin: 1px;max-width: 658px;min-width: 326px;padding: 0\" data-instgrm-permalink=\"https:\/\/www.instagram.com\/p\/CgV_VS0Iqg7\/?utm_source=ig_embed&amp;utm_campaign=loading\" data-instgrm-version=\"14\">\n<div style=\"padding: 16px\">\n<p>&nbsp;<\/p>\n<div style=\"flex-direction: row;align-items: center\">\n<div style=\"background-color: #f4f4f4;border-radius: 50%;flex-grow: 0;height: 40px;margin-right: 14px;width: 40px\">&nbsp;<\/div>\n<div style=\"flex-direction: column;flex-grow: 1;justify-content: center\">\n<div style=\"background-color: #f4f4f4;border-radius: 4px;flex-grow: 0;height: 14px;margin-bottom: 6px;width: 100px\">&nbsp;<\/div>\n<div style=\"background-color: #f4f4f4;border-radius: 4px;flex-grow: 0;height: 14px;width: 60px\">&nbsp;<\/div>\n<\/div>\n<\/div>\n<div style=\"padding: 19% 0\">&nbsp;<\/div>\n<div style=\"height: 50px;margin: 0 auto 12px;width: 50px\">&nbsp;<\/div>\n<div style=\"padding-top: 8px\">\n<div style=\"color: #3897f0;font-family: Arial,sans-serif;font-size: 14px;font-style: normal;font-weight: 550;line-height: 18px\">View this post on Instagram<\/div>\n<\/div>\n<div style=\"padding: 12.5% 0\">&nbsp;<\/div>\n<div style=\"flex-direction: row;margin-bottom: 14px;align-items: center\">\n<div>\n<div style=\"background-color: #f4f4f4;border-radius: 50%;height: 12.5px;width: 12.5px\">&nbsp;<\/div>\n<div style=\"background-color: #f4f4f4;height: 12.5px;width: 12.5px;flex-grow: 0;margin-right: 14px;margin-left: 2px\">&nbsp;<\/div>\n<div style=\"background-color: #f4f4f4;border-radius: 50%;height: 12.5px;width: 12.5px\">&nbsp;<\/div>\n<\/div>\n<div style=\"margin-left: 8px\">\n<div style=\"background-color: #f4f4f4;border-radius: 50%;flex-grow: 0;height: 20px;width: 20px\">&nbsp;<\/div>\n<div style=\"width: 0;height: 0;border-top: 2px solid transparent;border-left: 6px solid #f4f4f4;border-bottom: 2px solid transparent\">&nbsp;<\/div>\n<\/div>\n<div style=\"margin-left: auto\">\n<div style=\"width: 0px;border-top: 8px solid #F4F4F4;border-right: 8px solid transparent\">&nbsp;<\/div>\n<div style=\"background-color: #f4f4f4;flex-grow: 0;height: 12px;width: 16px\">&nbsp;<\/div>\n<div style=\"width: 0;height: 0;border-top: 8px solid #F4F4F4;border-left: 8px solid transparent\">&nbsp;<\/div>\n<\/div>\n<\/div>\n<div style=\"flex-direction: column;flex-grow: 1;justify-content: center;margin-bottom: 24px\">\n<div style=\"background-color: #f4f4f4;border-radius: 4px;flex-grow: 0;height: 14px;margin-bottom: 6px;width: 224px\">&nbsp;<\/div>\n<div style=\"background-color: #f4f4f4;border-radius: 4px;flex-grow: 0;height: 14px;width: 144px\">&nbsp;<\/div>\n<\/div>\n<p>&nbsp;<\/p>\n<p style=\"color: #c9c8cd;font-family: Arial,sans-serif;font-size: 14px;line-height: 17px;margin-bottom: 0;margin-top: 8px;overflow: hidden;padding: 8px 0 7px;text-align: center\"><a style=\"color: #c9c8cd;font-family: Arial,sans-serif;font-size: 14px;font-style: normal;font-weight: normal;line-height: 17px;text-decoration: none\" href=\"https:\/\/www.instagram.com\/p\/CgV_VS0Iqg7\/?utm_source=ig_embed&amp;utm_campaign=loading\" target=\"_blank\" target=\"_blank\" rel=\"noopener noreferrer\">A post shared by Novohrad-N\u00f3gr\u00e1d Geopark (@nogradgeopark)<\/a><\/p>\n<\/div>\n<\/blockquote>\n<p><script async=\"\" src=\"https:\/\/www.instagram.com\/embed.js\"><\/script>&nbsp;<\/p>\n<h2>Az Ipolytarn\u00f3ci \u0150smaradv\u00e1nyok Term\u00e9szetv\u00e9delmi Ter\u00fclet<\/h2>\n<p>Ez K\u00f6z\u00e9p-Eur\u00f3pa egyik legl\u00e1tv\u00e1nyosabb \u00e9s legkomplexebb \u0151smaradv\u00e1ny-lel\u0151helye. Egy 17 milli\u00f3 \u00e9vvel ezel\u0151tti vulk\u00e1ni katasztr\u00f3fa konzerv\u00e1lta itt az \u0151si \u00e9l\u0151vil\u00e1g lenyomatait: t\u00f6bbek k\u00f6z\u00f6tt c\u00e1pafogakat, megk\u00f6vesedett f\u00e1kat, lev\u00e9llenyomatokat \u00e9s \u0151s\u00e1llatok l\u00e1bnyomait is megcsod\u00e1lhatunk.<\/p>\n<p><iframe loading=\"lazy\" width=\"750\" height=\"815\" frameborder=\"0\" src=\"https:\/\/www.facebook.com\/plugins\/post.php?href=https%3A%2F%2Fwww.facebook.com%2Fipolytarnoci.osmaradvanyok%2Fposts%2Fpfbid0RyoTtE3PPiwf6zurArJWMK54sTK3euGniRX67axqPft5bpFDBHPAUvmix1WhSxbnl&amp;width=750&amp;show_text=true&amp;height=815&amp;appId\"><\/iframe>&nbsp;<\/p>\n<p>Tan\u00f6sv\u00e9nyei \u00e9s ki\u00e1ll\u00edt\u00e1sai nemzetk\u00f6zi sz\u00ednvonal\u00fa \u00e9lm\u00e9nyt ny\u00fajtanak. A &#8222;Mioc\u00e9n Park&#8221; \u0151svil\u00e1gi atmoszf\u00e9r\u00e1ja eg\u00e9sz napos felfedez\u00e9st k\u00edn\u00e1l, csal\u00e1doknak \u00e9s szakmai csoportoknak egyar\u00e1nt. A Geol\u00f3giai tan\u00f6sv\u00e9ny \u00f3r\u00e1nk\u00e9nt indul\u00f3 vezetett t\u00far\u00e1i el\u0151zetes jegyv\u00e1s\u00e1rl\u00e1shoz k\u00f6t\u00f6ttek.<\/p>\n<p>A l\u00e1togat\u00f3k m\u00e1rcius \u00e9s m\u00e1jus k\u00f6z\u00f6tt keddt\u0151l vas\u00e1rnapig, valamint \u00fcnnepnapokon 9:00\u201316:00 k\u00f6z\u00f6tt fedezhetik fel a ter\u00fcletet, a legutols\u00f3 t\u00fara 15:30-kor indul. Csoportos l\u00e1togat\u00e1sra h\u00e9tf\u0151nk\u00e9nt is van lehet\u0151s\u00e9g, el\u0151zetes e-mailes egyeztet\u00e9ssel az ipolytarnoc@bnpi.hu c\u00edmen.<\/p>\n<h2><strong>Ur\u00e1nia Csillagvizsg\u00e1l\u00f3 <\/strong><\/h2>\n<p>Salg\u00f3tarj\u00e1nban, a Ged\u0151cz-tet\u0151n tal\u00e1lhat\u00f3 a helyi csillagvizsg\u00e1l\u00f3 h\u00e1romszintes \u00e9p\u00fclete. A csillagvizsg\u00e1l\u00f3 t\u00e1gas fogad\u00f3ter\u00e9vel ide\u00e1lis kir\u00e1ndul\u00f3hely ak\u00e1r nagyobb csoportok sz\u00e1m\u00e1ra is, \u00e9s kiv\u00e1l\u00f3 helysz\u00edn lehet iskolai tan\u00f3r\u00e1khoz, el\u0151ad\u00e1sokhoz. Az int\u00e9zm\u00e9ny legfels\u0151 szintj\u00e9n tal\u00e1lhat\u00f3 a forgathat\u00f3 kupola, benne egy Newton-t\u00e1vcs\u0151vel, amelyen kereszt\u00fcl \u2013 der\u00fclt \u00e9gbolt eset\u00e9n \u2013 az \u00e9vszaknak megfelel\u0151en figyelhet\u0151k meg a Hold kr\u00e1terei, a Jupiter, a V\u00e9nusz, a Szaturnusz \u00e9s k\u00fcl\u00f6nf\u00e9le csillagk\u00e9pek is.<\/p>\n<p><strong>A csillagvizsg\u00e1l\u00f3 k\u00fcl\u00f6nlegess\u00e9gei k\u00f6z\u00e9 tartozik a holdk\u0151zeteket bemutat\u00f3 ki\u00e1ll\u00edt\u00e1s, valamint az \u0171rkutat\u00e1ssal kapcsolatos relikvi\u00e1k gy\u0171jtem\u00e9nye<\/strong>, amely \u00e9rm\u00e9ket, b\u00e9lyegeket \u00e9s \u00fcdv\u00f6zl\u0151lapokat is tartalmaz.<\/p>\n<p>Fontos tudnival\u00f3, hogy a l\u00e1togat\u00e1shoz el\u0151zetes telefonos bejelentkez\u00e9s sz\u00fcks\u00e9ges, legal\u00e1bb 48 \u00f3r\u00e1val a tervezett id\u0151pont el\u0151tt.<\/p>\n<div class='iframe-wrapper youtube'><iframe loading=\"lazy\" title=\"HAZAH\u00daZ\u00d3 \u2013 Salg\u00f3tarj\u00e1n \u00e9s k\u00f6rny\u00e9ke term\u00e9szeti \u00e9rt\u00e9kei\" width=\"500\" height=\"281\" src=\"https:\/\/www.youtube.com\/embed\/ychVNZvf7yI?feature=oembed\" frameborder=\"0\" allow=\"accelerometer; autoplay; clipboard-write; encrypted-media; gyroscope; picture-in-picture; web-share\" referrerpolicy=\"strict-origin-when-cross-origin\" allowfullscreen><\/iframe><\/div>\n<h2><strong>T\u00e9len-ny\u00e1ron izgalmas<\/strong><\/h2>\n<p>Salg\u00f3tarj\u00e1n k\u00f6rny\u00e9ke t\u00e9len \u00e9s ny\u00e1ron egyar\u00e1nt rengeteg csod\u00e1s programot k\u00edn\u00e1l. M\u00edg ny\u00e1ron felfriss\u00fclhet\u00fcnk V\u00e1rosi Strandon, addig t\u00e9len v\u00e1r benn\u00fcnket az Eresztv\u00e9nyi Sz\u00e1nk\u00f3p\u00e1lya. Ut\u00f3bbi az egykori helyi s\u00edp\u00e1lya als\u00f3 r\u00e9sz\u00e9nek megtiszt\u00edt\u00e1s\u00e1val sz\u00fcletett, 2017-ben.<\/p>\n<p><iframe loading=\"lazy\" width=\"640\" height=\"480\" src=\"https:\/\/www.google.com\/maps\/d\/u\/1\/embed?mid=10L0rgx9S_5ZPxAtyQ2OjN0xp-wFjKTE&amp;ehbc=2E312F\"><\/iframe>&nbsp;<\/p>\n<h2><strong>Sz\u00e1ll\u00e1shelyek a k\u00f6rny\u00e9ken<\/strong><\/h2>\n<p>A B\u00fckki Nemzeti Park erd\u0151ivel k\u00f6r\u00fclvett Salg\u00f3 Hotel 3 csillagos. A sz\u00e1lloda terasszal rendelkez\u0151 \u00e9tterm\u00e9ben hagyom\u00e1nyos magyar \u00e9teleket szolg\u00e1lnak fel. Az \u00e9tterem naponta sv\u00e9dasztalos reggelit k\u00edn\u00e1l, \u00e9s f\u00e9lpanzi\u00f3 is ig\u00e9nyelhet\u0151. 2 f\u0151 sz\u00e1m\u00e1ra egy \u00e9jszaka f\u0151szezonban 29.360 forintt\u00f3l indul. (booking)<\/p>\n<p>Ha egyszer\u0171bb, olcs\u00f3bb sz\u00e1llod\u00e1t keres\u00fcnk, a Salg\u00f3tarj\u00e1n k\u00f6zpontj\u00e1ban l\u00e9v\u0151 Galcsik Fogad\u00f3ban a k\u00e9tf\u0151s szoba \u00e1ra egy \u00e9jszak\u00e1ra nagyj\u00e1b\u00f3l 12.100 forint. (booking)<\/p>\n<p>Apartmanos sz\u00e1ll\u00e1shelyet 2 f\u0151 r\u00e9sz\u00e9re 16.900 forintt\u00f3l lehet tal\u00e1lni a Szallas.hu-n.<\/p>\n<p>Ha t\u00f6bben menn\u00e9tek, \u00e9s jobban szeretitek a t\u00e1bori k\u00f6r\u00fclm\u00e9nyeket, akkor j\u00f3 v\u00e1laszt\u00e1s lehet a Salg\u00f3b\u00e1nyai Kulcsos h\u00e1z \u00e9s nom\u00e1d t\u00e1borhely. Ez a hely Salg\u00f3tarj\u00e1n-Salg\u00f3b\u00e1nya csendes utc\u00e1j\u00e1ban, a Salg\u00f3b\u00e1nyai Erd\u00e9szh\u00e1z melletti telken l\u00e9v\u0151 \u00e9p\u00fcletben 16+2 f\u0151 r\u00e9sz\u00e9re k\u00edn\u00e1l \u00faj sz\u00e1ll\u00e1shelyet, \u00e9s tov\u00e1bbi 28 f\u0151ig t\u00e1boroz\u00e1si lehet\u0151s\u00e9get. Itt a feln\u0151tt sz\u00e1ll\u00e1sd\u00edj 7000 ft\/f\u0151\/\u00e9j, a gyermek sz\u00e1ll\u00e1sd\u00edj 5000 ft\/f\u0151\/\u00e9j, a komplett h\u00e1z b\u00e9rleti d\u00edja pedig 60.000 forint\/ \u00e9j. Ha s\u00e1trazn\u00e1nk, 4500 ft\/f\u0151 \u00e1ron v\u00e1lthatunk s\u00e1torheyet, ehhez j\u00e1r mosd\u00f3 \u00e9s zuhanyz\u00f3 haszn\u00e1lat is.<\/p>\n<div class=\"o-widget m-readMoreWidget -readMore u-shortDecorLineAfter row widget-container _ce_measure_widget bigdata-widget read-more\" data-ce-measure-widget=\"olvass tov\u00e1bb\">\n\t<div class=\"m-readMoreWidget__imgWrapper image-wrapper col-12 col-md-4 no-p\">\n\t\t<a class=\"m-readMoreWidget__imgLink\" href=\"https:\/\/www.startlap.hu\/utazas\/balaton-viz-alga-klimavaltozas\/\" >\n\t\t\t<img decoding=\"async\" src=\"https:\/\/www.startlap.hu\/utazas\/uploads\/sites\/3\/2020\/10\/balaton_elszinezodes-350x285.jpg\" class=\"m-readMoreWidget__img\">\n\t\t<\/a>\n\t<\/div>\n\t<div class=\"m-readMoreWidget__titleWrapper title-wrapper col-12 col-md-8\">\n\t\t<span class=\"m-readMoreWidget__titleLabel u-shortDecorLineBefore label hidden-sm-up\">Ez is \u00e9rdekelhet:<\/span>\n\t\t<h3 class=\"m-readMoreWidget__title title\">\n\t\t\t<a class=\"m-readMoreWidget__titleLink -secondFont u-bold u-upperCase\" href=\"https:\/\/www.startlap.hu\/utazas\/balaton-viz-alga-klimavaltozas\/\" >Eddig b\u00edrta a Balaton vize &#8211; ami mostant\u00f3l v\u00e1r r\u00e1nk, az nem sok j\u00f3t \u00edg\u00e9r<\/a>\n\t\t<\/h3>\n\t\t<a class=\"m-readMoreWidget__btn -coloredBack u-tC link\" href=\"https:\/\/www.startlap.hu\/utazas\/balaton-viz-alga-klimavaltozas\/\" >Elolvasom<\/a>\n\t<\/div>\n<\/div>\n","protected":false},"excerpt":{"rendered":"<p>A Salg\u00f3tarj\u00e1nt\u00f3l n\u00e9h\u00e1ny kilom\u00e9terre tal\u00e1lhat\u00f3 K\u00f6z\u00e9pb\u00e1nya-t\u00f3 Magyarorsz\u00e1g egyik igazi rejtett gy\u00f6ngyszeme.\u00a0\u00d6sszegy\u0171jt\u00f6tt\u00fck, mit \u00e9rdemes megn\u00e9zni a t\u00f3 k\u00f6rny\u00e9k\u00e9n \u2013 v\u00e1rromokt\u00f3l a riolittuf\u00e1ig, \u0151s\u00e1llatok l\u00e1bnyom\u00e1t\u00f3l a sz\u00e1nk\u00f3p\u00e1ly\u00e1ig.<\/p>\n","protected":false},"author":64,"featured_media":88878,"comment_status":"closed","ping_status":"closed","sticky":false,"template":"","format":"standard","meta":{"footnotes":""},"categories":[7],"tags":[925,4207,5762,9019,1532],"class_list":["post-88496","post","type-post","status-publish","format-standard","has-post-thumbnail","hentry","category-belfold-utazas","tag-kirandulas","tag-nograd","tag-novohrad-nograd-geopark","tag-salgoi-var","tag-salgotarjan"],"aioseo_notices":[],"_links":{"self":[{"href":"https:\/\/www.startlap.hu\/utazas\/wp-json\/wp\/v2\/posts\/88496","targetHints":{"allow":["GET"]}}],"collection":[{"href":"https:\/\/www.startlap.hu\/utazas\/wp-json\/wp\/v2\/posts"}],"about":[{"href":"https:\/\/www.startlap.hu\/utazas\/wp-json\/wp\/v2\/types\/post"}],"author":[{"embeddable":true,"href":"https:\/\/www.startlap.hu\/utazas\/wp-json\/wp\/v2\/users\/64"}],"replies":[{"embeddable":true,"href":"https:\/\/www.startlap.hu\/utazas\/wp-json\/wp\/v2\/comments?post=88496"}],"version-history":[{"count":10,"href":"https:\/\/www.startlap.hu\/utazas\/wp-json\/wp\/v2\/posts\/88496\/revisions"}],"predecessor-version":[{"id":88923,"href":"https:\/\/www.startlap.hu\/utazas\/wp-json\/wp\/v2\/posts\/88496\/revisions\/88923"}],"wp:featuredmedia":[{"embeddable":true,"href":"https:\/\/www.startlap.hu\/utazas\/wp-json\/wp\/v2\/media\/88878"}],"wp:attachment":[{"href":"https:\/\/www.startlap.hu\/utazas\/wp-json\/wp\/v2\/media?parent=88496"}],"wp:term":[{"taxonomy":"category","embeddable":true,"href":"https:\/\/www.startlap.hu\/utazas\/wp-json\/wp\/v2\/categories?post=88496"},{"taxonomy":"post_tag","embeddable":true,"href":"https:\/\/www.startlap.hu\/utazas\/wp-json\/wp\/v2\/tags?post=88496"}],"curies":[{"name":"wp","href":"https:\/\/api.w.org\/{rel}","templated":true}]}}