{"id":88453,"date":"2025-05-14T13:43:17","date_gmt":"2025-05-14T11:43:17","guid":{"rendered":"https:\/\/www.startlap.hu\/utazas\/?p=88453"},"modified":"2025-05-14T13:43:17","modified_gmt":"2025-05-14T11:43:17","slug":"balaton-viz-alga-klimavaltozas","status":"publish","type":"post","link":"https:\/\/www.startlap.hu\/utazas\/balaton-viz-alga-klimavaltozas\/","title":{"rendered":"Eddig b\u00edrta a Balaton vize &#8211; ami mostant\u00f3l v\u00e1r r\u00e1nk, az nem sok j\u00f3t \u00edg\u00e9r"},"content":{"rendered":"<p>Algavir\u00e1gz\u00e1s jeleire lettek figyelmesek a kutat\u00f3k a Si\u00f3foki-medenc\u00e9ben. A jelens\u00e9g oka a kl\u00edmav\u00e1ltoz\u00e1s lehet, \u00e9s szak\u00e9rt\u0151k a t\u00f3 \u00e1talakul\u00f3 algavil\u00e1g\u00e1ra figyelmeztetnek, \u00edrja a <a href=\"https:\/\/www.sonline.hu\/helyi-kozelet\/2025\/05\/algaviragzas-balaton-kutatok\" target=\"_blank\" target=\"_blank\" rel=\"noopener noreferrer\">Sonline<\/a>.<\/p>\n<h2>\u00c9vr\u0151l \u00e9vre nehezebb a helyzet<\/h2>\n<p>&#8222;A glob\u00e1lis felmeleged\u00e9s hat\u00e1s\u00e1ra egyre jobban melegszenek a tavak, \u00e9s az alg\u00e1k egy r\u00e9sze jobban elszaporodik a melegebb v\u00edzben. Az algavir\u00e1gz\u00e1sra l\u00e1tunk p\u00e9ld\u00e1t a <a href=\"https:\/\/www.startlap.hu\/utazas\/balaton-fagyi-2025-gyoztes-kecskesajtos-fagylalt\/\" target=\"_blank\" rel=\"noopener noreferrer\">Balatonn\u00e1l<\/a>, \u00e9s a Desed\u00e1n\u00e1l is&#8221; \u2013 mondta <strong>D\u00e1vid J\u00e1nos<\/strong>, a MATE f\u0151iskolai docense.<\/p>\n<blockquote><p>Ez nem egy teljesen \u00faj jelens\u00e9g. De probl\u00e9m\u00e1t jelent, hogy \u00e9vr\u0151l \u00e9vre egyre melegebbek a nyarak. Ugyanakkor kev\u00e9s a csapad\u00e9k, \u00e9s nem friss\u00fclnek a vizek.<\/p><\/blockquote>\n<p>&#8222;A Zala \u00e9s m\u00e1s v\u00edzfoly\u00e1sok t\u00e1pl\u00e1lj\u00e1k ugyan a Balatont, van valamennyi v\u00edzmozg\u00e1s, de ez kev\u00e9s. K\u00fcl\u00f6n\u00f6sen ny\u00e1ron, amikor sok\u00e1ig el van z\u00e1rva a Si\u00f3-zsilip. Ilyenkor a v\u00edz gyakorlatilag \u00e1ll. Ugyanez a helyzet a Desed\u00e1n\u00e1l is. A glob\u00e1lis felmeleged\u00e9s bizony\u00edtott t\u00e9ny. Ha melegszik a f\u00f6ldi l\u00e9gk\u00f6r, akkor a vizek is melegszenek, \u00e9s elk\u00e9pzelhet\u0151, hogy minden\u00fctt tapasztalhat\u00f3k ilyen jelens\u00e9gek, ahol az alg\u00e1k t\u00f6megesen elszaporodnak&#8221; \u2013 tette hozz\u00e1 a szak\u00e9rt\u0151.<\/p>\n<figure id=\"attachment_17696\" aria-describedby=\"caption-attachment-17696\" style=\"width: 755px\" class=\"wp-caption alignnone\"><a href=\"https:\/\/www.startlap.hu\/utazas\/uploads\/sites\/3\/2020\/10\/balaton_elszinezodes.jpg\"><img loading=\"lazy\" decoding=\"async\" class=\"size-article-size-large-image wp-image-17696\" src=\"https:\/\/www.startlap.hu\/utazas\/uploads\/sites\/3\/2020\/10\/balaton_elszinezodes-755x505.jpg\" alt=\"\" width=\"755\" height=\"505\" srcset=\"https:\/\/www.startlap.hu\/utazas\/uploads\/sites\/3\/2020\/10\/balaton_elszinezodes-755x505.jpg 755w, https:\/\/www.startlap.hu\/utazas\/uploads\/sites\/3\/2020\/10\/balaton_elszinezodes-523x350.jpg 523w, https:\/\/www.startlap.hu\/utazas\/uploads\/sites\/3\/2020\/10\/balaton_elszinezodes.jpg 800w\" sizes=\"auto, (max-width: 755px) 100vw, 755px\" \/><\/a><figcaption id=\"caption-attachment-17696\" class=\"wp-caption-text\">Alg\u00e1sod\u00e1s a Balaton v\u00edzfel\u00fclet\u00e9n. Fot\u00f3: Getty Images<\/figcaption><\/figure>\n<h2>Eddig b\u00edrta a Balaton<\/h2>\n<p>A <strong>HUN-REN Balatoni Limnol\u00f3giai Kutat\u00f3int\u00e9zet<\/strong> &#8222;\u0150szint\u00e9n a Balatonr\u00f3l&#8221; c\u00edm\u0171 tudom\u00e1nyos el\u0151ad\u00f3\u00fcl\u00e9s\u00e9n <strong>Somogyi Bogl\u00e1rka<\/strong> PhD kutat\u00f3csoport-vezet\u0151 tudom\u00e1nyos f\u0151munkat\u00e1rs sz\u00e1molt be az algavil\u00e1g \u00e1talakul\u00e1s\u00e1r\u00f3l. A Balaton eddig viszonylag j\u00f3l ellen\u00e1llt a folyamatnak, \u00e1m tavaly a Si\u00f3foki-medenc\u00e9ben k\u00fcl\u00f6n\u00f6s alg\u00e1sod\u00e1st figyeltek meg. A szak\u00e9rt\u0151 el\u0151ad\u00e1s\u00e1ban r\u00e1mutatott, hogy<\/p>\n<blockquote class=\"article__extraTxt\"><p>az emberi hat\u00e1sok jelent\u0151sen befoly\u00e1solj\u00e1k a Balaton algak\u00f6z\u00f6ss\u00e9g\u00e9nek \u00f6sszet\u00e9tel\u00e9t \u00e9s mennyis\u00e9g\u00e9t.<\/p><\/blockquote>\n<p>A megn\u00f6vekedett foszforterhel\u00e9s a nagy test\u0171 alg\u00e1knak \u2013 p\u00e9ld\u00e1ul a fonalas, nitrog\u00e9nk\u00f6t\u0151 cianobakt\u00e9riumoknak, vagy a p\u00e1nc\u00e9los ostoros alg\u00e1knak \u2013 kedvez. Ugyanakkor a foszforcs\u00f6kken\u00e9s a legkisebb m\u00e9ret\u0171, \u00fagynevezett pikoalg\u00e1k el\u0151ret\u00f6r\u00e9s\u00e9t seg\u00edti el\u0151.<\/p>\n<blockquote><p>A kutat\u00e1sok szerint az algak\u00f6z\u00f6ss\u00e9get a v\u00edz\u00e1ll\u00e1s is befoly\u00e1solja. Magas v\u00edz\u00e1ll\u00e1sn\u00e1l az \u00fcled\u00e9klak\u00f3 alg\u00e1k ker\u00fclnek el\u0151nybe a lebeg\u0151 planktonikus alg\u00e1kkal szemben. Ennek hat\u00e1s\u00e1ra a Si\u00f3foki-medenc\u00e9ben produktivit\u00e1si \u00e1trendez\u0151d\u00e9st figyeltek meg az elm\u00falt \u00e9vtizedben.<\/p><\/blockquote>\n<p>Somogyi Bogl\u00e1rka hangs\u00falyozta, hogy a<strong> sz\u00e9lviszonyok is komoly hat\u00e1ssal vannak az alg\u00e1k eloszl\u00e1s\u00e1ra, ez\u00e9rt \u00e9vr\u0151l \u00e9vre jelent\u0151s k\u00fcl\u00f6nbs\u00e9gek alakulhatnak ki.<\/strong> \u00c9pp ez vezetett tavaly ny\u00e1ron a Si\u00f3foki-medenc\u00e9ben megfigyelt algavir\u00e1gz\u00e1shoz. A kutat\u00f3 szerint a Balaton nyugati t\u00e9rs\u00e9g\u00e9ben kor\u00e1bban domin\u00e1l\u00f3 nitrog\u00e9nk\u00f6t\u0151 cianobakt\u00e9riumok visszaszorultak, hely\u00fcket fecskemoszatok vett\u00e9k \u00e1t.<\/p>\n<div class=\"o-widget m-readMoreWidget -readMore u-shortDecorLineAfter row widget-container _ce_measure_widget bigdata-widget read-more\" data-ce-measure-widget=\"olvass tov\u00e1bb\">\n\t<div class=\"m-readMoreWidget__imgWrapper image-wrapper col-12 col-md-4 no-p\">\n\t\t<a class=\"m-readMoreWidget__imgLink\" href=\"https:\/\/www.startlap.hu\/utazas\/medve-kektura-magyarorszag-eszleles\/\" >\n\t\t\t<img decoding=\"async\" src=\"https:\/\/www.startlap.hu\/utazas\/uploads\/sites\/3\/2024\/11\/medve-350x285.jpg\" class=\"m-readMoreWidget__img\">\n\t\t<\/a>\n\t<\/div>\n\t<div class=\"m-readMoreWidget__titleWrapper title-wrapper col-12 col-md-8\">\n\t\t<span class=\"m-readMoreWidget__titleLabel u-shortDecorLineBefore label hidden-sm-up\">Ez is \u00e9rdekelhet:<\/span>\n\t\t<h3 class=\"m-readMoreWidget__title title\">\n\t\t\t<a class=\"m-readMoreWidget__titleLink -secondFont u-bold u-upperCase\" href=\"https:\/\/www.startlap.hu\/utazas\/medve-kektura-magyarorszag-eszleles\/\" >Medv\u00e9t l\u00e1ttak a K\u00e9kt\u00fara \u00fatvonal\u00e1n, figyelmeztetik a kir\u00e1ndul\u00f3kat<\/a>\n\t\t<\/h3>\n\t\t<a class=\"m-readMoreWidget__btn -coloredBack u-tC link\" href=\"https:\/\/www.startlap.hu\/utazas\/medve-kektura-magyarorszag-eszleles\/\" >Elolvasom<\/a>\n\t<\/div>\n<\/div>\n","protected":false},"excerpt":{"rendered":"<p>Algavir\u00e1gz\u00e1st figyeltek meg a balatoni Si\u00f3foki-medenc\u00e9ben. A kutat\u00f3k szerint ez a melegebb id\u0151j\u00e1r\u00e1snak \u00e9s a v\u00edz lassabb friss\u00fcl\u00e9s\u00e9nek k\u00f6sz\u00f6nhet\u0151.<\/p>\n","protected":false},"author":63,"featured_media":17696,"comment_status":"closed","ping_status":"closed","sticky":false,"template":"","format":"standard","meta":{"footnotes":""},"categories":[7],"tags":[2928,279,497,396],"class_list":["post-88453","post","type-post","status-publish","format-standard","has-post-thumbnail","hentry","category-belfold-utazas","tag-algasodas","tag-balaton","tag-klimavaltozas","tag-termeszetvedelem"],"aioseo_notices":[],"_links":{"self":[{"href":"https:\/\/www.startlap.hu\/utazas\/wp-json\/wp\/v2\/posts\/88453","targetHints":{"allow":["GET"]}}],"collection":[{"href":"https:\/\/www.startlap.hu\/utazas\/wp-json\/wp\/v2\/posts"}],"about":[{"href":"https:\/\/www.startlap.hu\/utazas\/wp-json\/wp\/v2\/types\/post"}],"author":[{"embeddable":true,"href":"https:\/\/www.startlap.hu\/utazas\/wp-json\/wp\/v2\/users\/63"}],"replies":[{"embeddable":true,"href":"https:\/\/www.startlap.hu\/utazas\/wp-json\/wp\/v2\/comments?post=88453"}],"version-history":[{"count":3,"href":"https:\/\/www.startlap.hu\/utazas\/wp-json\/wp\/v2\/posts\/88453\/revisions"}],"predecessor-version":[{"id":88471,"href":"https:\/\/www.startlap.hu\/utazas\/wp-json\/wp\/v2\/posts\/88453\/revisions\/88471"}],"wp:featuredmedia":[{"embeddable":true,"href":"https:\/\/www.startlap.hu\/utazas\/wp-json\/wp\/v2\/media\/17696"}],"wp:attachment":[{"href":"https:\/\/www.startlap.hu\/utazas\/wp-json\/wp\/v2\/media?parent=88453"}],"wp:term":[{"taxonomy":"category","embeddable":true,"href":"https:\/\/www.startlap.hu\/utazas\/wp-json\/wp\/v2\/categories?post=88453"},{"taxonomy":"post_tag","embeddable":true,"href":"https:\/\/www.startlap.hu\/utazas\/wp-json\/wp\/v2\/tags?post=88453"}],"curies":[{"name":"wp","href":"https:\/\/api.w.org\/{rel}","templated":true}]}}