{"id":88255,"date":"2025-05-09T15:03:32","date_gmt":"2025-05-09T13:03:32","guid":{"rendered":"https:\/\/www.startlap.hu\/utazas\/?p=88255"},"modified":"2025-05-09T14:01:22","modified_gmt":"2025-05-09T12:01:22","slug":"portugalia-tengerpart-talajerozio-pusztulas","status":"publish","type":"post","link":"https:\/\/www.startlap.hu\/utazas\/portugalia-tengerpart-talajerozio-pusztulas\/","title":{"rendered":"\u00d3ri\u00e1si a baj Portug\u00e1li\u00e1ban: elt\u0171nnek az orsz\u00e1g legszebb tengerpartjai"},"content":{"rendered":"<p>Portug\u00e1li\u00e1t rengeteg mindenr\u0151l ismerj\u00fck \u2013 a port\u00f3ir\u00f3l, a sz\u00ednes csemp\u00e9ir\u0151l, a pastel de nat\u00e1r\u00f3l \u2013, de a legnagyobb vonzereje m\u00e9giscsak a gy\u00f6ny\u00f6r\u0171 tengerpartjaiban rejlik, k\u00fcl\u00f6n\u00f6sen az <a href=\"https:\/\/www.startlap.hu\/utazas\/ahol-minden-foldi-jo-megadatik-del-portugalia\/\" target=\"_blank\" rel=\"noopener noreferrer\">Algarve<\/a> r\u00e9gi\u00f3ban. Most azonban \u00fagy t\u0171nik, bizonyos partszakaszok kezdenek elt\u0171nni. Hogy mi\u00e9rt?<\/p>\n<blockquote class=\"article__extraTxt\"><p>Mert a t\u00e9rs\u00e9g komolyan \u00e9rintett a part menti er\u00f3zi\u00f3 jelens\u00e9g\u00e9ben.<\/p><\/blockquote>\n<p>Ez a folyamat a vil\u00e1g minden tengerpartj\u00e1t \u00e9rinti, de Portug\u00e1lia az Atlanti-\u00f3ce\u00e1n vad hull\u00e1mainak kitett perem\u00e9n fekszik, \u00edgy k\u00fcl\u00f6n\u00f6sen s\u00e9r\u00fcl\u00e9keny. Nem v\u00e9letlen, hogy az orsz\u00e1g a sz\u00f6rf\u00f6s\u00f6k paradicsoma \u2013 ezek a hull\u00e1mok azonban nem csak sport\u00e9lm\u00e9nyt, hanem vesz\u00e9lyt is jelentenek \u2013 \u00edrja a <a href=\"https:\/\/www.timeout.com\/news\/are-portugals-beaches-really-disappearing-043025\" target=\"_blank\" target=\"_blank\" rel=\"noopener noreferrer\">Timeout<\/a>.<\/p>\n<p>A helyi \u00f6nkorm\u00e1nyzatok homokkal t\u00f6ltik fel a partokat \u00e9s pr\u00f3b\u00e1lj\u00e1k megakad\u00e1lyozni a f\u00f6ldcsuszaml\u00e1sokat, amelyek szint\u00e9n gyakoriak ezen a vid\u00e9ken. &nbsp;Az olh\u00e3\u00f3i Fuseta-Mar strand p\u00e9ld\u00e1ul 80 000 k\u00f6bm\u00e9ter homokkal lett felt\u00f6ltve, <strong>ezt a m\u00f3dszert \u201epartt\u00e1pl\u00e1l\u00e1snak\u201d nevezik.<\/strong> Ennek ellen\u00e9re sokakban k\u00e9ts\u00e9gek \u00e9lnek, vajon el\u00e9g tart\u00f3s lesz-e ez a megold\u00e1s a k\u00f6zelg\u0151 ny\u00e1ri szezonra.<\/p>\n<figure id=\"attachment_88258\" aria-describedby=\"caption-attachment-88258\" style=\"width: 755px\" class=\"wp-caption alignnone\"><img loading=\"lazy\" decoding=\"async\" class=\"size-article-size-large-image wp-image-88258\" src=\"https:\/\/www.startlap.hu\/utazas\/uploads\/sites\/3\/2025\/05\/portugal-tengerpart_11zon-755x504.jpg\" alt=\"Portug\u00e1l tengerpart sziklafallal\" width=\"755\" height=\"504\" srcset=\"https:\/\/www.startlap.hu\/utazas\/uploads\/sites\/3\/2025\/05\/portugal-tengerpart_11zon-755x504.jpg 755w, https:\/\/www.startlap.hu\/utazas\/uploads\/sites\/3\/2025\/05\/portugal-tengerpart_11zon-1536x1026.jpg 1536w, https:\/\/www.startlap.hu\/utazas\/uploads\/sites\/3\/2025\/05\/portugal-tengerpart_11zon-524x350.jpg 524w, https:\/\/www.startlap.hu\/utazas\/uploads\/sites\/3\/2025\/05\/portugal-tengerpart_11zon.jpg 1695w\" sizes=\"auto, (max-width: 755px) 100vw, 755px\" \/><figcaption id=\"caption-attachment-88258\" class=\"wp-caption-text\">Fot\u00f3: Getty Images<\/figcaption><\/figure>\n<p>\u201eS\u00fcrg\u0151ss\u00e9gi elj\u00e1r\u00e1sban kell&nbsp; k\u00f6zbeszerz\u00e9st hirdetn\u00fcnk, hogy a munk\u00e1latok elk\u00e9sz\u00fcljenek a f\u00fcrd\u00e9si id\u00e9ny kezdet\u00e9re\u201d \u2013 mondta Maria da Gra\u00e7a Carvalho k\u00f6rnyezetv\u00e9delmi miniszter a Daily Jang szerint. \u201eS\u00fcrg\u0151ss\u00e9gi beavatkoz\u00e1s n\u00e9lk\u00fcl neh\u00e9z lesz id\u0151ben elk\u00e9sz\u00fclni. Amit l\u00e1ttunk, \u00e9s amit a vel\u00fcnk l\u00e9v\u0151 szakemberek is meger\u0151s\u00edtettek, az mind azt mutatja, hogy van alapunk a halad\u00e9ktalan cselekv\u00e9sre.\u201d<\/p>\n<h2>Mi is az az er\u00f3zi\u00f3?<\/h2>\n<p>A part menti er\u00f3zi\u00f3 az a term\u00e9szetes folyamat, amikor a tenger fokozatosan elhordja a partvid\u00e9ket. Ez t\u00f6rt\u00e9nhet k\u00f6zvetlen\u00fcl a hull\u00e1mok ereje r\u00e9v\u00e9n, vagy \u00fagy is, hogy a tenger \u00e1ltal sz\u00e1ll\u00edtott t\u00f6rmel\u00e9k \u2013 p\u00e9ld\u00e1ul kavicsok \u2013 csap\u00f3dik a parthoz.<\/p>\n<p>A tengerv\u00edz k\u00e9pes bizonyos k\u0151zett\u00edpusokat \u2013 p\u00e9ld\u00e1ul a m\u00e9szk\u00f6vet vagy kr\u00e9t\u00e1t \u2013 feloldani is. Az Algarve partvid\u00e9k\u00e9t f\u0151k\u00e9nt ilyen k\u0151zetek alkotj\u00e1k, \u00edgy ezek a szikl\u00e1k id\u0151vel meggyeng\u00fclnek, visszah\u00faz\u00f3dnak. Az er\u00f3zi\u00f3t azonban s\u00falyosb\u00edthatj\u00e1k egy\u00e9b t\u00e9nyez\u0151k is, p\u00e9ld\u00e1ul a viharok, a sz\u00e9ls\u0151s\u00e9ges dag\u00e1lyok, a kl\u00edmav\u00e1ltoz\u00e1s \u00e9s az emberi tev\u00e9kenys\u00e9g.<\/p>\n<blockquote class=\"article__extraTxt\"><p>A Portug\u00e1l K\u00f6rnyezetv\u00e9delmi \u00dcgyn\u00f6ks\u00e9g becsl\u00e9se szerint 1958 \u00e9s 2021 k\u00f6z\u00f6tt \u00f6sszesen 1320 hekt\u00e1rnyi f\u00f6ld t\u0171nt el az orsz\u00e1g partjair\u00f3l.<\/p><\/blockquote>\n<p>Egy 2020-ban v\u00e9gzett, meglehet\u0151sen komor tanulm\u00e1ny szerint \u2013 egy \u201elegrosszabb forgat\u00f3k\u00f6nyv\u201d alapj\u00e1n \u2013 Portug\u00e1lia ak\u00e1r tengerpartjai 40 sz\u00e1zal\u00e9k\u00e1t is elvesz\u00edtheti a k\u00f6vetkez\u0151 80 \u00e9vben.<\/p>\n<div class=\"o-widget m-readMoreWidget -readMore u-shortDecorLineAfter row widget-container _ce_measure_widget bigdata-widget read-more\" data-ce-measure-widget=\"olvass tov\u00e1bb\">\n\t<div class=\"m-readMoreWidget__imgWrapper image-wrapper col-12 col-md-4 no-p\">\n\t\t<a class=\"m-readMoreWidget__imgLink\" href=\"https:\/\/www.startlap.hu\/utazas\/legjobb-tengerpartok-europa-2025-nyar-tippek\/\" >\n\t\t\t<img decoding=\"async\" src=\"https:\/\/www.startlap.hu\/utazas\/uploads\/sites\/3\/2025\/05\/costa-brava-350x285.jpg\" class=\"m-readMoreWidget__img\">\n\t\t<\/a>\n\t<\/div>\n\t<div class=\"m-readMoreWidget__titleWrapper title-wrapper col-12 col-md-8\">\n\t\t<span class=\"m-readMoreWidget__titleLabel u-shortDecorLineBefore label hidden-sm-up\">Ez is \u00e9rdekelhet:<\/span>\n\t\t<h3 class=\"m-readMoreWidget__title title\">\n\t\t\t<a class=\"m-readMoreWidget__titleLink -secondFont u-bold u-upperCase\" href=\"https:\/\/www.startlap.hu\/utazas\/legjobb-tengerpartok-europa-2025-nyar-tippek\/\" >10 mesesz\u00e9p tengerparti \u00fati c\u00e9l Eur\u00f3p\u00e1ban a ny\u00e1rra<\/a>\n\t\t<\/h3>\n\t\t<a class=\"m-readMoreWidget__btn -coloredBack u-tC link\" href=\"https:\/\/www.startlap.hu\/utazas\/legjobb-tengerpartok-europa-2025-nyar-tippek\/\" >Elolvasom<\/a>\n\t<\/div>\n<\/div>\n","protected":false},"excerpt":{"rendered":"<p>Hi\u00e1ba igyekeznek a helyi \u00f6nkorm\u00e1nyzatok, az Algarve r\u00e9gi\u00f3 n\u00e9pszer\u0171 partszakaszait egyre ink\u00e1bb kikezdi az er\u00f3zi\u00f3.<\/p>\n","protected":false},"author":64,"featured_media":88258,"comment_status":"closed","ping_status":"closed","sticky":false,"template":"","format":"standard","meta":{"footnotes":""},"categories":[70],"tags":[335,18],"class_list":["post-88255","post","type-post","status-publish","format-standard","has-post-thumbnail","hentry","category-vilag","tag-portugalia","tag-tengerpart"],"aioseo_notices":[],"_links":{"self":[{"href":"https:\/\/www.startlap.hu\/utazas\/wp-json\/wp\/v2\/posts\/88255","targetHints":{"allow":["GET"]}}],"collection":[{"href":"https:\/\/www.startlap.hu\/utazas\/wp-json\/wp\/v2\/posts"}],"about":[{"href":"https:\/\/www.startlap.hu\/utazas\/wp-json\/wp\/v2\/types\/post"}],"author":[{"embeddable":true,"href":"https:\/\/www.startlap.hu\/utazas\/wp-json\/wp\/v2\/users\/64"}],"replies":[{"embeddable":true,"href":"https:\/\/www.startlap.hu\/utazas\/wp-json\/wp\/v2\/comments?post=88255"}],"version-history":[{"count":5,"href":"https:\/\/www.startlap.hu\/utazas\/wp-json\/wp\/v2\/posts\/88255\/revisions"}],"predecessor-version":[{"id":88262,"href":"https:\/\/www.startlap.hu\/utazas\/wp-json\/wp\/v2\/posts\/88255\/revisions\/88262"}],"wp:featuredmedia":[{"embeddable":true,"href":"https:\/\/www.startlap.hu\/utazas\/wp-json\/wp\/v2\/media\/88258"}],"wp:attachment":[{"href":"https:\/\/www.startlap.hu\/utazas\/wp-json\/wp\/v2\/media?parent=88255"}],"wp:term":[{"taxonomy":"category","embeddable":true,"href":"https:\/\/www.startlap.hu\/utazas\/wp-json\/wp\/v2\/categories?post=88255"},{"taxonomy":"post_tag","embeddable":true,"href":"https:\/\/www.startlap.hu\/utazas\/wp-json\/wp\/v2\/tags?post=88255"}],"curies":[{"name":"wp","href":"https:\/\/api.w.org\/{rel}","templated":true}]}}