{"id":87008,"date":"2025-04-10T13:05:11","date_gmt":"2025-04-10T11:05:11","guid":{"rendered":"https:\/\/www.startlap.hu\/utazas\/?p=87008"},"modified":"2025-04-10T18:46:46","modified_gmt":"2025-04-10T16:46:46","slug":"tiszaujvarosi-gyogyfurdo-tuz","status":"publish","type":"post","link":"https:\/\/www.startlap.hu\/utazas\/tiszaujvarosi-gyogyfurdo-tuz\/","title":{"rendered":"\u00c9g a tisza\u00fajv\u00e1rosi gy\u00f3gyf\u00fcrd\u0151 tet\u0151szerkezete"},"content":{"rendered":"<blockquote class=\"yellowbox\"><p><em><strong>Friss\u00edt\u00e9s<\/strong>: eloltott\u00e1k a t\u00fczet a tisza\u00fajv\u00e1rosi gy\u00f3gyf\u00fcrd\u0151ben, ahol cs\u00fct\u00f6rt\u00f6k d\u00e9lben kapott l\u00e1ngra az \u00e9p\u00fclet tet\u0151szerkezete &#8211; k\u00f6z\u00f6lte a katasztr\u00f3fav\u00e9delem a honlapj\u00e1n.<\/em><\/p>\n<p><em>Azt \u00edrt\u00e1k, a tet\u0151szerkezet mintegy \u00f6tsz\u00e1z n\u00e9gyzetm\u00e9teren \u00e9gett foltokban.<\/em><\/p><\/blockquote>\n<p>&nbsp;<\/p>\n<p>A Szederk\u00e9nyi \u00fati l\u00e9tes\u00edtm\u00e9nyn\u00e9l a tisza\u00fajv\u00e1rosi hivat\u00e1sos t\u0171zolt\u00f3k a miskolci \u00e9s a mez\u0151cs\u00e1ti t\u0171zolt\u00f3kkal k\u00f6z\u00f6sen, k\u00e9t v\u00edzsug\u00e1rral oltj\u00e1k a l\u00e1ngokat &#8211; adta h\u00edr\u00fcl az MTI.<\/p>\n<p>A gy\u00f3gyf\u00fcrd\u0151 Facebook-oldal\u00e1n azt \u00edrj\u00e1k, hogy szem\u00e9lyi s\u00e9r\u00fcl\u00e9s nem t\u00f6rt\u00e9nt, az int\u00e9zm\u00e9ny hat\u00e1rozatlan ideig z\u00e1rva tart.<\/p>\n<p><iframe loading=\"lazy\" width=\"720\" height=\"604\" frameborder=\"0\" src=\"https:\/\/www.facebook.com\/plugins\/post.php?href=https%3A%2F%2Fwww.facebook.com%2Fgyogyesstrandfurdotiszaujvaros%2Fposts%2Fpfbid02g8GnVPRhRThQt1pTJzjATxqtdGxrRBHXuaC9KSssjLxFi1bg6EUUnfZ2UrTj28rYl&amp;show_text=true&amp;width=720\"><\/iframe><\/p>\n<p>A Tisza\u00fajv\u00e1ros Live Facebook-csoport <a href=\"https:\/\/www.facebook.com\/reel\/1359340415217490\" target=\"_blank\" target=\"_blank\" rel=\"noopener noreferrer\">vide\u00f3t<\/a> tett k\u00f6zz\u00e9 a helysz\u00ednr\u0151l. A gy\u00f3gyf\u00fcrd\u0151ben m\u00e1rcius 31. \u00e9s \u00e1prilis 11. k\u00f6z\u00f6tt karbantart\u00e1si munk\u00e1latokat v\u00e9geztek, a nyit\u00e1st \u00e1prilis 12-\u00e9re tervezt\u00e9k.<\/p>\n<p>F\u00fcl\u00f6p Gy\u00f6rgy polg\u00e1rmester a helysz\u00ednen nyilatkozva nyugtatott mindenkit, hogy szem\u00e9lyi s\u00e9r\u00fcl\u00e9s nem t\u00f6rt\u00e9nt. Sajnos azonban a nagy erej\u0171 sz\u00e9l komoly kih\u00edv\u00e1s el\u00e9 \u00e1ll\u00edtotta a t\u0171zolt\u00f3kat a helysz\u00ednen.&nbsp;<\/p>\n<p>&nbsp;<\/p>\n<div class=\"o-widget m-readMoreWidget -readMore u-shortDecorLineAfter row widget-container _ce_measure_widget bigdata-widget read-more\" data-ce-measure-widget=\"olvass tov\u00e1bb\">\n\t<div class=\"m-readMoreWidget__imgWrapper image-wrapper col-12 col-md-4 no-p\">\n\t\t<a class=\"m-readMoreWidget__imgLink\" href=\"https:\/\/www.startlap.hu\/utazas\/tura-gerecse-50-utvonal-lezaras-ragados-szaj-es-koromfajas-jarvany\/\" >\n\t\t\t<img decoding=\"async\" src=\"https:\/\/www.startlap.hu\/utazas\/uploads\/sites\/3\/2021\/09\/turazok-350x285.jpg\" class=\"m-readMoreWidget__img\">\n\t\t<\/a>\n\t<\/div>\n\t<div class=\"m-readMoreWidget__titleWrapper title-wrapper col-12 col-md-8\">\n\t\t<span class=\"m-readMoreWidget__titleLabel u-shortDecorLineBefore label hidden-sm-up\">Ez is \u00e9rdekelhet:<\/span>\n\t\t<h3 class=\"m-readMoreWidget__title title\">\n\t\t\t<a class=\"m-readMoreWidget__titleLink -secondFont u-bold u-upperCase\" href=\"https:\/\/www.startlap.hu\/utazas\/tura-gerecse-50-utvonal-lezaras-ragados-szaj-es-koromfajas-jarvany\/\" >J\u00e1rv\u00e1ny Magyarorsz\u00e1gon: egyre t\u00f6bb a lez\u00e1r\u00e1s, tilos bel\u00e9pni ezekre a ter\u00fcletekre<\/a>\n\t\t<\/h3>\n\t\t<a class=\"m-readMoreWidget__btn -coloredBack u-tC link\" href=\"https:\/\/www.startlap.hu\/utazas\/tura-gerecse-50-utvonal-lezaras-ragados-szaj-es-koromfajas-jarvany\/\" >Elolvasom<\/a>\n\t<\/div>\n<\/div>\n","protected":false},"excerpt":{"rendered":"<p>T\u0171z keletkezett cs\u00fct\u00f6rt\u00f6k\u00f6n a tisza\u00fajv\u00e1rosi gy\u00f3gyf\u00fcrd\u0151ben, az \u00e9p\u00fclet tet\u0151szerkezete kapott l\u00e1ngra &#8211; k\u00f6z\u00f6lte a katasztr\u00f3fav\u00e9delem a honlapj\u00e1n.<\/p>\n","protected":false},"author":7,"featured_media":87009,"comment_status":"closed","ping_status":"closed","sticky":false,"template":"","format":"standard","meta":{"footnotes":""},"categories":[7],"tags":[1113,9798,3004],"class_list":["post-87008","post","type-post","status-publish","format-standard","has-post-thumbnail","hentry","category-belfold-utazas","tag-gyogyfurdo","tag-tiszaujvaros","tag-tuz"],"aioseo_notices":[],"_links":{"self":[{"href":"https:\/\/www.startlap.hu\/utazas\/wp-json\/wp\/v2\/posts\/87008","targetHints":{"allow":["GET"]}}],"collection":[{"href":"https:\/\/www.startlap.hu\/utazas\/wp-json\/wp\/v2\/posts"}],"about":[{"href":"https:\/\/www.startlap.hu\/utazas\/wp-json\/wp\/v2\/types\/post"}],"author":[{"embeddable":true,"href":"https:\/\/www.startlap.hu\/utazas\/wp-json\/wp\/v2\/users\/7"}],"replies":[{"embeddable":true,"href":"https:\/\/www.startlap.hu\/utazas\/wp-json\/wp\/v2\/comments?post=87008"}],"version-history":[{"count":9,"href":"https:\/\/www.startlap.hu\/utazas\/wp-json\/wp\/v2\/posts\/87008\/revisions"}],"predecessor-version":[{"id":87036,"href":"https:\/\/www.startlap.hu\/utazas\/wp-json\/wp\/v2\/posts\/87008\/revisions\/87036"}],"wp:featuredmedia":[{"embeddable":true,"href":"https:\/\/www.startlap.hu\/utazas\/wp-json\/wp\/v2\/media\/87009"}],"wp:attachment":[{"href":"https:\/\/www.startlap.hu\/utazas\/wp-json\/wp\/v2\/media?parent=87008"}],"wp:term":[{"taxonomy":"category","embeddable":true,"href":"https:\/\/www.startlap.hu\/utazas\/wp-json\/wp\/v2\/categories?post=87008"},{"taxonomy":"post_tag","embeddable":true,"href":"https:\/\/www.startlap.hu\/utazas\/wp-json\/wp\/v2\/tags?post=87008"}],"curies":[{"name":"wp","href":"https:\/\/api.w.org\/{rel}","templated":true}]}}