{"id":86893,"date":"2025-04-08T09:42:43","date_gmt":"2025-04-08T07:42:43","guid":{"rendered":"https:\/\/www.startlap.hu\/utazas\/?p=86893"},"modified":"2025-04-08T09:42:54","modified_gmt":"2025-04-08T07:42:54","slug":"jennifer-lopez-koncert-turne-budapest","status":"publish","type":"post","link":"https:\/\/www.startlap.hu\/utazas\/jennifer-lopez-koncert-turne-budapest\/","title":{"rendered":"Jennifer Lopez ny\u00e1ron Budapestre \u00e9rkezik"},"content":{"rendered":"<p>\u00dagy t\u0171nik, <a href=\"https:\/\/www.startlap.hu\/utazas\/will-smith-koncsert-budapest-park\/\" target=\"_blank\" rel=\"noopener noreferrer\">egyre t\u00f6bb vil\u00e1gszt\u00e1r<\/a> \u00e9rkezik Magyarorsz\u00e1gra az idei \u00e9vben. Jennifer Lopez Up All Night (magyarul: Fenn eg\u00e9sz \u00e9jjel) n\u00e9vre keresztelt turn\u00e9j\u00e1nak magyarorsz\u00e1gi \u00e1llom\u00e1sa az MVM Dome-ban kap majd helyet &#8211; \u00edrja a <a href=\"https:\/\/www.hirstart.hu\/site\/relocate.php?rssid=375&amp;rsspid=3&amp;ctype=rss&amp;id=37107731&amp;chk=6c63fcc4f61ba173ebdeb55242e271f5&amp;url=https%3A%2F%2F24.hu%2Felet-stilus%2F2025%2F04%2F08%2Fjennifer-lopez-up-all-night-turne-2025-budapest-allomas%2F\" target=\"_blank\" target=\"_blank\" rel=\"noopener noreferrer\">24.hu<\/a>.<\/p>\n<blockquote class=\"article__extraTxt\"><p>A koncert j\u00falius 20-\u00e1n, vas\u00e1rnap este 8 \u00f3rakor kezd\u0151dik.<\/p><\/blockquote>\n<p>\u201eMinden nemzetk\u00f6zi JLovernek \u00fczenem: id\u00e9n ny\u00e1ron n\u00e9h\u00e1ny k\u00fcl\u00f6nleges show-val t\u00e9rek vissza. M\u00e1r alig v\u00e1rom, hogy \u00fajra a sz\u00ednpadon \u00e1lljak, \u00e9s tal\u00e1lkozhassak veletek \u2013 t\u00fal r\u00e9g volt m\u00e1r ilyen. Egy felejthetetlen ny\u00e1r v\u00e1r r\u00e1nk!\u201d \u2013 \u00fczente rajong\u00f3inak az \u00e9nekesn\u0151.<\/p>\n<p>A Green Stage Production k\u00f6zlem\u00e9nye szerint a turn\u00e9 l\u00e1tv\u00e1nyos \u00e9s lend\u00fcletes zenei \u00e9lm\u00e9nyt k\u00edn\u00e1l, amelyben Jennifer Lopez legismertebb dalai csend\u00fclnek majd fel. A show h\u0171en t\u00fckr\u00f6zi az el\u0151ad\u00f3 szenved\u00e9ly\u00e9t, kreativit\u00e1s\u00e1t \u00e9s kiemelked\u0151 sz\u00ednpadi jelenl\u00e9t\u00e9t.<\/p>\n<figure id=\"attachment_86894\" aria-describedby=\"caption-attachment-86894\" style=\"width: 755px\" class=\"wp-caption alignnone\"><img loading=\"lazy\" decoding=\"async\" class=\"size-article-size-large-image wp-image-86894\" src=\"https:\/\/www.startlap.hu\/utazas\/uploads\/sites\/3\/2025\/04\/jenniferlopez-755x504.jpg\" alt=\"Jennifer Lopez \u00e9nekel\" width=\"755\" height=\"504\" srcset=\"https:\/\/www.startlap.hu\/utazas\/uploads\/sites\/3\/2025\/04\/jenniferlopez-755x504.jpg 755w, https:\/\/www.startlap.hu\/utazas\/uploads\/sites\/3\/2025\/04\/jenniferlopez-525x350.jpg 525w, https:\/\/www.startlap.hu\/utazas\/uploads\/sites\/3\/2025\/04\/jenniferlopez.jpg 1024w\" sizes=\"auto, (max-width: 755px) 100vw, 755px\" \/><figcaption id=\"caption-attachment-86894\" class=\"wp-caption-text\">Fot\u00f3: Getty Images<\/figcaption><\/figure>\n<h2>Sokoldal\u00fa tehets\u00e9g<\/h2>\n<p>Jennifer Lopez 1969-ben sz\u00fcletett a New York-i Bronxban, Puerto Ric\u00f3-i sz\u00fcl\u0151k gyermekek\u00e9nt. Napjaink egyik legismertebb \u00e9s legsikeresebb popikonja, aki nemcsak \u00e9nekesn\u0151k\u00e9nt, hanem sz\u00edn\u00e9szn\u0151k\u00e9nt, t\u00e1ncosk\u00e9nt, divattervez\u0151k\u00e9nt \u00e9s producerk\u00e9nt is komoly karriert \u00e9p\u00edtett.<\/p>\n<div class='iframe-wrapper youtube'><iframe loading=\"lazy\" title=\"JENNIFER LOPEZ - Up All Night: Live In 2025 Official Promo\" width=\"500\" height=\"281\" src=\"https:\/\/www.youtube.com\/embed\/C-MZ4nr_q1E?feature=oembed\" frameborder=\"0\" allow=\"accelerometer; autoplay; clipboard-write; encrypted-media; gyroscope; picture-in-picture; web-share\" referrerpolicy=\"strict-origin-when-cross-origin\" allowfullscreen><\/iframe><\/div>\n<p><strong>Els\u0151 szerep\u00e9t 22 \u00e9vesen kapta egy v\u00edgj\u00e1t\u00e9ksorozatban, els\u0151 komolyabb alak\u00edt\u00e1s\u00e1t pedig az 1995-\u00f6s L\u00e9giment\u0151k c\u00edm\u0171 t\u00e9v\u00e9filmben ny\u00fajtotta.<\/strong> K\u00e9s\u0151bb olyan filmekben t\u0171nt fel, mint a P\u00e9nzvonat, Jack, A nyak\u00e9k nyom\u00e1ban, Dalok sz\u00e1rny\u00e1n, H\u00f6lgyv\u00e1lasz \u00e9s Any\u00e1d napja. Vend\u00e9gszerepl\u0151k\u00e9nt l\u00e1thattuk t\u00f6bbek k\u00f6z\u00f6tt a Will \u00e9s Grace, valamint az \u00cdgy j\u00e1rtam any\u00e1tokkal sorozatokban is. Munk\u00e1ss\u00e1g\u00e1t t\u00f6bb Grammy- \u00e9s Golden Globe-jel\u00f6l\u00e9ssel is elismert\u00e9k.<\/p>\n<p>A budapesti koncertre sz\u00f3l\u00f3<a href=\"https:\/\/www.eventim.hu\/hu\/jegyek\/jennifer-lopez-up-all-night-live-in-2025-budapest-mvm-dome-670598\/event.html\" target=\"_blank\" target=\"_blank\" rel=\"noopener noreferrer\"> jegyek \u00e1rus\u00edt\u00e1sa<\/a> <strong>\u00e1prilis 9-\u00e9n, szerd\u00e1n 10:00 \u00f3rakor indul.<\/strong><\/p>\n<div class=\"o-widget m-readMoreWidget -readMore u-shortDecorLineAfter row widget-container _ce_measure_widget bigdata-widget read-more\" data-ce-measure-widget=\"olvass tov\u00e1bb\">\n\t<div class=\"m-readMoreWidget__imgWrapper image-wrapper col-12 col-md-4 no-p\">\n\t\t<a class=\"m-readMoreWidget__imgLink\" href=\"https:\/\/www.startlap.hu\/utazas\/husveti-vasarok-lista-budapest-krakko\/\" >\n\t\t\t<img decoding=\"async\" src=\"https:\/\/www.startlap.hu\/utazas\/uploads\/sites\/3\/2025\/04\/praga_11zon-350x285.jpg\" class=\"m-readMoreWidget__img\">\n\t\t<\/a>\n\t<\/div>\n\t<div class=\"m-readMoreWidget__titleWrapper title-wrapper col-12 col-md-8\">\n\t\t<span class=\"m-readMoreWidget__titleLabel u-shortDecorLineBefore label hidden-sm-up\">Ez is \u00e9rdekelhet:<\/span>\n\t\t<h3 class=\"m-readMoreWidget__title title\">\n\t\t\t<a class=\"m-readMoreWidget__titleLink -secondFont u-bold u-upperCase\" href=\"https:\/\/www.startlap.hu\/utazas\/husveti-vasarok-lista-budapest-krakko\/\" >Itt vannak a legjobb h\u00fasv\u00e9ti v\u00e1s\u00e1rok Eur\u00f3p\u00e1ban \u2013 Budapest is felker\u00fclt a list\u00e1ra!<\/a>\n\t\t<\/h3>\n\t\t<a class=\"m-readMoreWidget__btn -coloredBack u-tC link\" href=\"https:\/\/www.startlap.hu\/utazas\/husveti-vasarok-lista-budapest-krakko\/\" >Elolvasom<\/a>\n\t<\/div>\n<\/div>\n","protected":false},"excerpt":{"rendered":"<p>Jennifer Lopez az Instagram-oldal\u00e1n jelentette be, hogy id\u00e9n ny\u00e1ron ism\u00e9t turn\u00e9ra indul, \u00e9s a vil\u00e1gk\u00f6r\u00fcli koncertsorozat egyik \u00e1llom\u00e1sa pedig Budapest lesz.<\/p>\n","protected":false},"author":64,"featured_media":86894,"comment_status":"closed","ping_status":"closed","sticky":false,"template":"","format":"standard","meta":{"footnotes":""},"categories":[7],"tags":[23,352,7703],"class_list":["post-86893","post","type-post","status-publish","format-standard","has-post-thumbnail","hentry","category-belfold-utazas","tag-budapest","tag-koncert","tag-turne"],"aioseo_notices":[],"_links":{"self":[{"href":"https:\/\/www.startlap.hu\/utazas\/wp-json\/wp\/v2\/posts\/86893","targetHints":{"allow":["GET"]}}],"collection":[{"href":"https:\/\/www.startlap.hu\/utazas\/wp-json\/wp\/v2\/posts"}],"about":[{"href":"https:\/\/www.startlap.hu\/utazas\/wp-json\/wp\/v2\/types\/post"}],"author":[{"embeddable":true,"href":"https:\/\/www.startlap.hu\/utazas\/wp-json\/wp\/v2\/users\/64"}],"replies":[{"embeddable":true,"href":"https:\/\/www.startlap.hu\/utazas\/wp-json\/wp\/v2\/comments?post=86893"}],"version-history":[{"count":3,"href":"https:\/\/www.startlap.hu\/utazas\/wp-json\/wp\/v2\/posts\/86893\/revisions"}],"predecessor-version":[{"id":86897,"href":"https:\/\/www.startlap.hu\/utazas\/wp-json\/wp\/v2\/posts\/86893\/revisions\/86897"}],"wp:featuredmedia":[{"embeddable":true,"href":"https:\/\/www.startlap.hu\/utazas\/wp-json\/wp\/v2\/media\/86894"}],"wp:attachment":[{"href":"https:\/\/www.startlap.hu\/utazas\/wp-json\/wp\/v2\/media?parent=86893"}],"wp:term":[{"taxonomy":"category","embeddable":true,"href":"https:\/\/www.startlap.hu\/utazas\/wp-json\/wp\/v2\/categories?post=86893"},{"taxonomy":"post_tag","embeddable":true,"href":"https:\/\/www.startlap.hu\/utazas\/wp-json\/wp\/v2\/tags?post=86893"}],"curies":[{"name":"wp","href":"https:\/\/api.w.org\/{rel}","templated":true}]}}