{"id":86830,"date":"2025-04-05T10:58:31","date_gmt":"2025-04-05T08:58:31","guid":{"rendered":"https:\/\/www.startlap.hu\/utazas\/?p=86830"},"modified":"2025-04-05T10:58:55","modified_gmt":"2025-04-05T08:58:55","slug":"csehorszag-varak-nyitas","status":"publish","type":"post","link":"https:\/\/www.startlap.hu\/utazas\/csehorszag-varak-nyitas\/","title":{"rendered":"J\u00f3 h\u00edr a Csehorsz\u00e1gba utaz\u00f3knak: megny\u00edlnak a mesebeli v\u00e1rak"},"content":{"rendered":"<p>\u00c1prilis els\u0151 h\u00e9tv\u00e9g\u00e9j\u00e9n \u00fajra megny\u00edltak a l\u00e1togat\u00f3k el\u0151tt a cseh Nemzeti M\u0171eml\u00e9kv\u00e9delmi Hivatal (NP\u00da) kezel\u00e9s\u00e9ben l\u00e9v\u0151 v\u00e1rak \u00e9s kast\u00e9lyok.<\/p>\n<p>Az idei ny\u00e1ri turistaszezon kiemelt t\u00e9m\u00e1j\u00e1t azon <strong><a href=\"https:\/\/www.startlap.hu\/utazas\/olaszorszag-trentino-lakhatas-egy-euros-haz\/\" target=\"_blank\" rel=\"noopener noreferrer\">olasz<\/a><\/strong> nemesi csal\u00e1dok alkotj\u00e1k, amelyek a <strong>harminc\u00e9ves h\u00e1bor\u00fa ut\u00e1n, k\u00fcl\u00f6n\u00f6sen a 17. sz\u00e1zadban nagy birtokokat szereztek Csehorsz\u00e1gban<\/strong>.<\/p>\n<p>A &#8222;Nemesi csal\u00e1dok nyom\u00e1ban&#8221; elnevez\u00e9s\u0171 rendezv\u00e9nysorozat els\u0151sorban az olasz eredet\u0171 Collalt, Colloredo \u00e9s Piccolomini csal\u00e1dokat mutatja be. A program c\u00e9lja bemutatni a nagyk\u00f6z\u00f6ns\u00e9gnek az akkori gazdag olasz nemesi csal\u00e1dok kultur\u00e1lis \u00e9s m\u0171v\u00e9szeti hat\u00e1s\u00e1t a cseh k\u00f6rnyezetre. A legf\u0151bb rendezv\u00e9nyek az <strong>Uhercice, Opocno \u00e9s N\u00e1chod kast\u00e9lyokban<\/strong> lesznek megtartva.<\/p>\n<p>A hagyom\u00e1nyosan rendk\u00edv\u00fcli \u00e9rdekl\u0151d\u00e9st kiv\u00e1lt\u00f3 <strong>\u00e9jjeli l\u00e1togat\u00f3i programokra az id\u00e9n augusztus 23-\u00e1n ker\u00fcl sor<\/strong>. Az NP\u00da k\u00f6zl\u00e9se szerint eddig mintegy 120 kast\u00e9ly \u00e9s v\u00e1r jelezte, hogy ebben az id\u0151pontban k\u00fcl\u00f6n \u00e9jjeli l\u00e1togat\u00f3i rendezv\u00e9nyeket szervez &#8211; mondta Nada Goryczkov\u00e1, az NP\u00da vez\u00e9rigazgat\u00f3ja \u00fajs\u00e1g\u00edr\u00f3knak.<\/p>\n<figure id=\"attachment_86831\" aria-describedby=\"caption-attachment-86831\" style=\"width: 755px\" class=\"wp-caption alignnone\"><img loading=\"lazy\" decoding=\"async\" class=\"size-article-size-large-image wp-image-86831\" src=\"https:\/\/www.startlap.hu\/utazas\/uploads\/sites\/3\/2025\/04\/cseh_var_hluboka_-755x503.jpg\" alt=\"Hlubok\u00e1 kast\u00e9ly Csehorsz\u00e1gban\" width=\"755\" height=\"503\" srcset=\"https:\/\/www.startlap.hu\/utazas\/uploads\/sites\/3\/2025\/04\/cseh_var_hluboka_-755x503.jpg 755w, https:\/\/www.startlap.hu\/utazas\/uploads\/sites\/3\/2025\/04\/cseh_var_hluboka_-526x350.jpg 526w, https:\/\/www.startlap.hu\/utazas\/uploads\/sites\/3\/2025\/04\/cseh_var_hluboka_.jpg 1200w\" sizes=\"auto, (max-width: 755px) 100vw, 755px\" \/><figcaption id=\"caption-attachment-86831\" class=\"wp-caption-text\">Fot\u00f3: Getty Images<\/figcaption><\/figure>\n<p>Tavaly az NP\u00da kezel\u00e9s\u00e9ben l\u00e9v\u0151 v\u00e1rakat \u00e9s kast\u00e9lyokat t\u00f6bb mint n\u00e9gymilli\u00f3 l\u00e1togat\u00f3 kereste fel. B\u00e1r a koronav\u00edrus-j\u00e1rv\u00e1ny ut\u00e1n fokozatosan n\u00f6vekszik a l\u00e1togat\u00f3k sz\u00e1ma, a 2018-ban \u00e9s 2019-ben el\u00e9rt 5,5 milli\u00f3s l\u00e1togatotts\u00e1gt\u00f3l m\u00e9g j\u00f3csk\u00e1n elmarad.<\/p>\n<p>A cseh m\u0171eml\u00e9kv\u00e9delmi hivatal fel\u00fcgyelete alatt mintegy m\u00e1sf\u00e9lsz\u00e1z v\u00e1r \u00e9s kast\u00e9ly m\u0171k\u00f6dik. Ezek t\u00f6bbs\u00e9ge a t\u00e9li id\u0151szakban &#8211; november elej\u00e9t\u0151l m\u00e1rcius v\u00e9g\u00e9ig &#8211; z\u00e1rva tart. A hivatal \u00e9vi k\u00f6lts\u00e9gvet\u00e9se meghaladja a m\u00e1sf\u00e9l milli\u00e1rd cseh koron\u00e1t.<\/p>\n<p>A bel\u00e9p\u0151d\u00edjakb\u00f3l \u00e9vente mintegy 600 milli\u00f3 koron\u00e1t szednek be. A bev\u00e9telek jelent\u0151s r\u00e9sz\u00e9t a hivatal a m\u0171eml\u00e9kek karbantart\u00e1s\u00e1ra \u00e9s fel\u00faj\u00edt\u00e1s\u00e1ra haszn\u00e1lja fel.<\/p>\n<blockquote class=\"article__extraTxt\"><p>A legl\u00e1togatottabb m\u0171eml\u00e9kek list\u00e1j\u00e1t tov\u00e1bbra is a pr\u00e1gai v\u00e1r vezeti. A Hradzsint \u00e9vente t\u00f6bb mint k\u00e9tmilli\u00f3 ember keresi fel.<\/p><\/blockquote>\n<p>A pr\u00e1gai v\u00e1r ut\u00e1n a <strong>d\u00e9l-csehorsz\u00e1gi Cesky Krumlov<\/strong> v\u00e1ra \u00e9s a d\u00e9l-morvaorsz\u00e1gi <strong>Lednice kast\u00e9ly<\/strong> k\u00f6vetkezik mintegy 400 ezer l\u00e1togat\u00f3val.<\/p>\n<p>A harmadik hely a d\u00e9l-csehorsz\u00e1gi <strong>Hlubok\u00e1 nad Vltavou<\/strong> kast\u00e9ly\u00e9 k\u00f6zel 300 ezer l\u00e1togat\u00f3val, m\u00edg a Pr\u00e1ga k\u00f6zel\u00e9ben \u00e1ll\u00f3 <strong>Karlstejn kir\u00e1lyi v\u00e1rat<\/strong> tavaly t\u00f6bb mint 200 ezren n\u00e9zt\u00e9k meg. A v\u00e1r arr\u00f3l nevezetes, hogy oda egykor n\u0151k nem l\u00e9phettek be, s valamikor ott \u0151rizt\u00e9k a cseh koron\u00e1z\u00e1si \u00e9kszereket is.<\/p>\n<p>(MTI)<\/p>\n<div class=\"o-widget m-readMoreWidget -readMore u-shortDecorLineAfter row widget-container _ce_measure_widget bigdata-widget read-more\" data-ce-measure-widget=\"olvass tov\u00e1bb\">\n\t<div class=\"m-readMoreWidget__imgWrapper image-wrapper col-12 col-md-4 no-p\">\n\t\t<a class=\"m-readMoreWidget__imgLink\" href=\"https:\/\/www.startlap.hu\/utazas\/balti-expressz-vonat-csehorszag-lengyelroszag-varosok-tortenelem\/\" >\n\t\t\t<img decoding=\"async\" src=\"https:\/\/www.startlap.hu\/utazas\/uploads\/sites\/3\/2021\/07\/gdansk_lengyelorszag-350x285.jpg\" class=\"m-readMoreWidget__img\">\n\t\t<\/a>\n\t<\/div>\n\t<div class=\"m-readMoreWidget__titleWrapper title-wrapper col-12 col-md-8\">\n\t\t<span class=\"m-readMoreWidget__titleLabel u-shortDecorLineBefore label hidden-sm-up\">Ez is \u00e9rdekelhet:<\/span>\n\t\t<h3 class=\"m-readMoreWidget__title title\">\n\t\t\t<a class=\"m-readMoreWidget__titleLink -secondFont u-bold u-upperCase\" href=\"https:\/\/www.startlap.hu\/utazas\/balti-expressz-vonat-csehorszag-lengyelroszag-varosok-tortenelem\/\" >Bakancslist\u00e1s Eur\u00f3pa leg\u00fajabb vas\u00fati j\u00e1rata &#8211; Budapestr\u0151l is k\u00f6nnyen el\u00e9rhet\u0151<\/a>\n\t\t<\/h3>\n\t\t<a class=\"m-readMoreWidget__btn -coloredBack u-tC link\" href=\"https:\/\/www.startlap.hu\/utazas\/balti-expressz-vonat-csehorszag-lengyelroszag-varosok-tortenelem\/\" >Elolvasom<\/a>\n\t<\/div>\n<\/div>\n","protected":false},"excerpt":{"rendered":"<p>Megnyitnak a turisztikai szezonra azok a csehorsz\u00e1gi v\u00e1rak, amelyek k\u00f6z\u00fcl nem egyben val\u00f3ban mesefilmeket forgattak a hetvenes \u00e9vekben. <\/p>\n","protected":false},"author":8,"featured_media":86831,"comment_status":"closed","ping_status":"closed","sticky":false,"template":"","format":"standard","meta":{"footnotes":""},"categories":[70],"tags":[326,40],"class_list":["post-86830","post","type-post","status-publish","format-standard","has-post-thumbnail","hentry","category-vilag","tag-csehorszag","tag-var"],"aioseo_notices":[],"_links":{"self":[{"href":"https:\/\/www.startlap.hu\/utazas\/wp-json\/wp\/v2\/posts\/86830","targetHints":{"allow":["GET"]}}],"collection":[{"href":"https:\/\/www.startlap.hu\/utazas\/wp-json\/wp\/v2\/posts"}],"about":[{"href":"https:\/\/www.startlap.hu\/utazas\/wp-json\/wp\/v2\/types\/post"}],"author":[{"embeddable":true,"href":"https:\/\/www.startlap.hu\/utazas\/wp-json\/wp\/v2\/users\/8"}],"replies":[{"embeddable":true,"href":"https:\/\/www.startlap.hu\/utazas\/wp-json\/wp\/v2\/comments?post=86830"}],"version-history":[{"count":5,"href":"https:\/\/www.startlap.hu\/utazas\/wp-json\/wp\/v2\/posts\/86830\/revisions"}],"predecessor-version":[{"id":86836,"href":"https:\/\/www.startlap.hu\/utazas\/wp-json\/wp\/v2\/posts\/86830\/revisions\/86836"}],"wp:featuredmedia":[{"embeddable":true,"href":"https:\/\/www.startlap.hu\/utazas\/wp-json\/wp\/v2\/media\/86831"}],"wp:attachment":[{"href":"https:\/\/www.startlap.hu\/utazas\/wp-json\/wp\/v2\/media?parent=86830"}],"wp:term":[{"taxonomy":"category","embeddable":true,"href":"https:\/\/www.startlap.hu\/utazas\/wp-json\/wp\/v2\/categories?post=86830"},{"taxonomy":"post_tag","embeddable":true,"href":"https:\/\/www.startlap.hu\/utazas\/wp-json\/wp\/v2\/tags?post=86830"}],"curies":[{"name":"wp","href":"https:\/\/api.w.org\/{rel}","templated":true}]}}