{"id":86714,"date":"2025-04-03T19:33:24","date_gmt":"2025-04-03T17:33:24","guid":{"rendered":"https:\/\/www.startlap.hu\/utazas\/?p=86714"},"modified":"2025-04-03T19:38:49","modified_gmt":"2025-04-03T17:38:49","slug":"hatarzar-ausztria-magyarorszag-jarvany","status":"publish","type":"post","link":"https:\/\/www.startlap.hu\/utazas\/hatarzar-ausztria-magyarorszag-jarvany\/","title":{"rendered":"Hivatalos: hat\u00e1rz\u00e1r j\u00f6n Ausztria \u00e9s Magyarorsz\u00e1g k\u00f6z\u00f6tt &#8211; aggaszt\u00f3 a j\u00e1rv\u00e1nyhelyzet"},"content":{"rendered":"<p><strong>Friss\u00edt\u00e9s! <\/strong>A lez\u00e1r\u00e1ssal \u00e9rintett \u00e1tkel\u0151helyek meghat\u00e1roz\u00e1sa Als\u00f3-Ausztria \u00e9s Burgenland sz\u00f6vets\u00e9gi tartom\u00e1nyok hat\u00f3s\u00e1gaival, az agr\u00e1rkamar\u00e1kkal \u00e9s a mez\u0151gazdas\u00e1gi miniszt\u00e9riummal szoros egy\u00fcttm\u0171k\u00f6d\u00e9sben t\u00f6rt\u00e9nt &#8211; k\u00f6z\u00f6lte a bel\u00fcgyminiszt\u00e9rium cs\u00fct\u00f6rt\u00f6k\u00f6n.<\/p>\n<p><strong>A rendelettervezet szerint Als\u00f3-Ausztri\u00e1ban az \u00e9rintett hat\u00e1r\u00e1tkel\u0151helyek: <\/strong>Angern-March\/Zahorska Ves Schloss Hof\/Devinska Nov\u00e1 Ves;<\/p>\n<p><strong>Burgenland tartom\u00e1nyban pedig szombatt\u00f3l<\/strong> az Andau\/J\u00e1nossomorja, Andau\/Kapuv\u00e1r, Baumgarten\/Sopron, Deutsch Jahrndorf\/Rajka, Deutschkreutz\/Harka, Deutschkreutz\/Nagycenk, Halbturn\/V\u00e1rbalog, Halbturn\/V\u00e1rbalog (Albertkazmerpuszta), Klostermarienberg\/Olmod, Loipersbach &#8211; \u00c1gfalva, Lutzmannsburg\/Zsira, Lutzmannsburg (Rebberg) &#8211; Zsira, Lutzmannsburg (Therme) &#8211; Zsira, Neckenmarkt &#8211; Harka, Nickelsdorf &#8211; Rajka, Nikitsch &#8211; Sopronk\u00f6vesd, Nikitsch\/Zsira, Ritzing (Helenenschacht), Sopron (Brennbergb\u00e1nya), Schattendorf\/\u00c1gfalva, Sieggraben (Herrentisch)\/Sopron (G\u00f6rbehalomtelep), Wallern\/Kapuv\u00e1r hat\u00e1r\u00e1tkel\u0151helyet \u00e9rinti a lez\u00e1r\u00e1s.<\/p>\n<blockquote class=\"article__extraTxt\"><p>A kishat\u00e1r\u00e1tkel\u0151helyek lez\u00e1r\u00e1sa a tervek szerint m\u00e1jus 20-ig marad \u00e9rv\u00e9nyben.<\/p><\/blockquote>\n<p><strong>A bel\u00fcgyminiszt\u00e9rium k\u00f6z\u00f6lte, hogy a Nickelsdorf-Hegyeshalom nagy hat\u00e1r\u00e1tkel\u0151 nyitva marad.<\/strong><\/p>\n<section class=\"whitespace-pre-wrap\">Ausztri\u00e1ban eddig nem jelent meg a ragad\u00f3s sz\u00e1j- \u00e9s k\u00f6r\u00f6mf\u00e1j\u00e1s.<\/section>\n<section><\/section>\n<figure id=\"attachment_39379\" aria-describedby=\"caption-attachment-39379\" style=\"width: 755px\" class=\"wp-caption alignnone\"><a href=\"https:\/\/www.startlap.hu\/utazas\/uploads\/sites\/3\/2022\/02\/ausztria.jpg\"><img loading=\"lazy\" decoding=\"async\" class=\"size-article-size-large-image wp-image-39379\" src=\"https:\/\/www.startlap.hu\/utazas\/uploads\/sites\/3\/2022\/02\/ausztria-755x503.jpg\" alt=\"Megszavazt\u00e1k a k\u00f6telez\u0151 olt\u00e1st Ausztri\u00e1ban\" width=\"755\" height=\"503\" srcset=\"https:\/\/www.startlap.hu\/utazas\/uploads\/sites\/3\/2022\/02\/ausztria-755x503.jpg 755w, https:\/\/www.startlap.hu\/utazas\/uploads\/sites\/3\/2022\/02\/ausztria-1536x1024.jpg 1536w, https:\/\/www.startlap.hu\/utazas\/uploads\/sites\/3\/2022\/02\/ausztria-525x350.jpg 525w, https:\/\/www.startlap.hu\/utazas\/uploads\/sites\/3\/2022\/02\/ausztria.jpg 1773w\" sizes=\"auto, (max-width: 755px) 100vw, 755px\" \/><\/a><figcaption id=\"caption-attachment-39379\" class=\"wp-caption-text\">Illusztr\u00e1ci\u00f3 (AFP)<\/figcaption><\/figure>\n<h2>Behozatali tilalom \u00e9s c\u00e9lzott ellen\u0151rz\u00e9sek<\/h2>\n<p>Az osztr\u00e1k korm\u00e1ny m\u00falt cs\u00fct\u00f6rt\u00f6k\u00f6n behozatali tilalomr\u00f3l \u00e9s c\u00e9lzott ellen\u0151rz\u00e9sekr\u0151l d\u00f6nt\u00f6tt a Magyarorsz\u00e1gon \u00e9s <a href=\"https:\/\/www.startlap.hu\/utazas\/szlovakia-latnivalok-magyarorszag-hatar\/\" target=\"_blank\" rel=\"noopener noreferrer\">Szlov\u00e1ki\u00e1ban<\/a> megjelent ragad\u00f3s sz\u00e1j- \u00e9s k\u00f6r\u00f6mf\u00e1j\u00e1s miatt. Az int\u00e9zked\u00e9s \u00e9rtelm\u00e9ben a k\u00e9t \u00e9rintett orsz\u00e1gb\u00f3l tilos a fert\u0151z\u00e9sre fog\u00e9kony \u00e9l\u0151 \u00e1llatok &#8211; \u00edgy a szarvasmarha, sert\u00e9s, juh, kecske -, tov\u00e1bb\u00e1 friss h\u00fas \u00e9s nyerstej, h\u00edgtr\u00e1gya \u00e9s tr\u00e1gya, valamint vad\u00e1sztr\u00f3fe\u00e1k \u00e9s vadh\u00fas behozatala \u2013 \u00edrta az MTI.<\/p>\n<p>Emellett a rend\u0151rs\u00e9get \u00e9s a v\u00e1mhat\u00f3s\u00e1got is bevetik a hat\u00e1r menti ter\u00fcleteken v\u00e9gzett c\u00e9lzott ellen\u0151rz\u00e9sekre. A c\u00e9l az, hogy a betegs\u00e9g Ausztri\u00e1ba t\u00f6rt\u00e9n\u0151 behurcol\u00e1s\u00e1nak kock\u00e1zat\u00e1t a lehet\u0151 legalacsonyabb szinten tarts\u00e1k &#8211; \u00e1ll az eg\u00e9szs\u00e9g\u00fcgyi t\u00e1rca k\u00f6zlem\u00e9ny\u00e9ben. A hat\u00e1r menti ter\u00fcletek ellen\u0151rz\u00e9s\u00e9nek rend\u0151rs\u00e9gi \u00e9s v\u00e1m\u00fcgyi t\u00e1mogat\u00e1s\u00e1r\u00f3l sz\u00f3l\u00f3 rendelet <strong>nem a helyhez k\u00f6t\u00f6tt hat\u00e1rellen\u0151rz\u00e9sre ir\u00e1nyul, hanem mobil, kock\u00e1zatalap\u00fa int\u00e9zked\u00e9sekkel<\/strong> az \u00e1llatok vagy term\u00e9kek illeg\u00e1lis mozg\u00e1s\u00e1nak megakad\u00e1lyoz\u00e1s\u00e1t c\u00e9lozza &#8211; k\u00f6z\u00f6lt\u00e9k.<\/p>\n<p>Anja Haider-Wallner, <a href=\"https:\/\/www.startlap.hu\/utazas\/burgenland-patfalu-podersdorf-strand-ausztria\/\" target=\"_blank\" rel=\"noopener noreferrer\">Burgenland<\/a> tartom\u00e1ny korm\u00e1nyz\u00f3helyettese kor\u00e1bban a hat\u00e1rellen\u0151rz\u00e9s mellett foglalt \u00e1ll\u00e1st a tilalmak hat\u00e9kony \u00e9rv\u00e9nyes\u00edt\u00e9se \u00e9rdek\u00e9ben; megk\u00e9settnek tartotta a Szlov\u00e1ki\u00e1b\u00f3l \u00e9s Magyarorsz\u00e1gr\u00f3l sz\u00e1rmaz\u00f3 \u00e1llatok \u00e9s friss h\u00fas behozatali tilalm\u00e1t.&nbsp;<\/p>\n<blockquote class=\"article__extraTxt\"><p>Szlov\u00e1kia m\u00e1r egy hete lez\u00e1rta az \u00f6sszes kis hat\u00e1r\u00e1tkel\u0151t a Magyarorsz\u00e1ggal k\u00f6z\u00f6s hat\u00e1rszakasz\u00e1n.<\/p><\/blockquote>\n<p>A sz\u00e1j- \u00e9s k\u00f6r\u00f6mf\u00e1j\u00e1s j\u00e1rv\u00e1ny h\u00e1rom hete az Ausztri\u00e1val szomsz\u00e9dos Gy\u0151r-Moson-Sopron v\u00e1rmegyei Kisbajcson t\u00f6rt ki, majd n\u00e9h\u00e1ny nappal k\u00e9s\u0151bb a Duna t\u00faloldal\u00e1n, Szlov\u00e1ki\u00e1ban is kimutatt\u00e1k a v\u00edrust h\u00e1rom telepen. \u00c1prilis 2-\u00e1n, szerd\u00e1n der\u00fclt ki, hogy a v\u00e1rmegye \u00fajabb k\u00e9t telep\u00e9n, Darn\u00f3zselin \u00e9s Dunakilitin is megjelent a ragad\u00f3s sz\u00e1j- \u00e9s k\u00f6r\u00f6mf\u00e1j\u00e1s v\u00edrusa. Nagy Istv\u00e1n agr\u00e1rminiszter \u00faj int\u00e9zked\u00e9sek bevezet\u00e9s\u00e9t jelentette be: Rajk\u00e1t\u00f3l Esztergomig minden hat\u00e1r\u00e1tkel\u0151helyen fert\u0151tlen\u00edt\u0151 pontokat alak\u00edtanak ki, csak \u00fagy lehet be- \u00e9s kil\u00e9pni ha fert\u0151tlen\u00edt\u00e9sen esnek \u00e1t a j\u00e1rm\u0171vek. Ezent\u00fal az aut\u00f3p\u00e1ly\u00e1n Hegyeshalomt\u00f3l B\u0151nyig minden kihajt\u00f3n\u00e1l fert\u0151tlen\u00edt\u00e9si pontokat \u00e1ll\u00edtanak fel, fert\u0151tlen\u00edt\u0151 sz\u0151nyegeket helyeznek el, hogy megakad\u00e1lyozz\u00e1k, hogy a megy\u00e9b\u0151l kit\u00f6rj\u00f6n a v\u00edrus \u00e9s tudj\u00e1k megf\u00e9kezni.<\/p>\n<div class=\"o-widget m-readMoreWidget -readMore u-shortDecorLineAfter row widget-container _ce_measure_widget bigdata-widget read-more\" data-ce-measure-widget=\"olvass tov\u00e1bb\">\n\t<div class=\"m-readMoreWidget__imgWrapper image-wrapper col-12 col-md-4 no-p\">\n\t\t<a class=\"m-readMoreWidget__imgLink\" href=\"https:\/\/www.startlap.hu\/utazas\/babony-kilato-sajobabony-bukk-tokaj-tatra\/\" >\n\t\t\t<img decoding=\"async\" src=\"https:\/\/www.startlap.hu\/utazas\/uploads\/sites\/3\/2025\/04\/tatra-350x285.jpg\" class=\"m-readMoreWidget__img\">\n\t\t<\/a>\n\t<\/div>\n\t<div class=\"m-readMoreWidget__titleWrapper title-wrapper col-12 col-md-8\">\n\t\t<span class=\"m-readMoreWidget__titleLabel u-shortDecorLineBefore label hidden-sm-up\">Ez is \u00e9rdekelhet:<\/span>\n\t\t<h3 class=\"m-readMoreWidget__title title\">\n\t\t\t<a class=\"m-readMoreWidget__titleLink -secondFont u-bold u-upperCase\" href=\"https:\/\/www.startlap.hu\/utazas\/babony-kilato-sajobabony-bukk-tokaj-tatra\/\" >Tiszta id\u0151ben a Magas-T\u00e1tr\u00e1t is l\u00e1thatjuk majd: hamarosan elk\u00e9sz\u00fcl az orsz\u00e1g \u00faj kil\u00e1t\u00f3ja<\/a>\n\t\t<\/h3>\n\t\t<a class=\"m-readMoreWidget__btn -coloredBack u-tC link\" href=\"https:\/\/www.startlap.hu\/utazas\/babony-kilato-sajobabony-bukk-tokaj-tatra\/\" >Elolvasom<\/a>\n\t<\/div>\n<\/div>\n","protected":false},"excerpt":{"rendered":"<p>Ausztria szombatt\u00f3l ideiglenesen lez\u00e1r 23 hat\u00e1r\u00e1tkel\u0151helyet, t\u00f6bbs\u00e9g\u00fcket a magyar-osztr\u00e1k hat\u00e1ron a ragad\u00f3s sz\u00e1j- \u00e9s k\u00f6r\u00f6mf\u00e1j\u00e1s miatt. <\/p>\n","protected":false},"author":7,"featured_media":39379,"comment_status":"closed","ping_status":"closed","sticky":false,"template":"","format":"standard","meta":{"footnotes":""},"categories":[70],"tags":[307,1642,32],"class_list":["post-86714","post","type-post","status-publish","format-standard","has-post-thumbnail","hentry","category-vilag","tag-ausztria","tag-hatarzar","tag-magyarorszag"],"aioseo_notices":[],"_links":{"self":[{"href":"https:\/\/www.startlap.hu\/utazas\/wp-json\/wp\/v2\/posts\/86714","targetHints":{"allow":["GET"]}}],"collection":[{"href":"https:\/\/www.startlap.hu\/utazas\/wp-json\/wp\/v2\/posts"}],"about":[{"href":"https:\/\/www.startlap.hu\/utazas\/wp-json\/wp\/v2\/types\/post"}],"author":[{"embeddable":true,"href":"https:\/\/www.startlap.hu\/utazas\/wp-json\/wp\/v2\/users\/7"}],"replies":[{"embeddable":true,"href":"https:\/\/www.startlap.hu\/utazas\/wp-json\/wp\/v2\/comments?post=86714"}],"version-history":[{"count":6,"href":"https:\/\/www.startlap.hu\/utazas\/wp-json\/wp\/v2\/posts\/86714\/revisions"}],"predecessor-version":[{"id":86745,"href":"https:\/\/www.startlap.hu\/utazas\/wp-json\/wp\/v2\/posts\/86714\/revisions\/86745"}],"wp:featuredmedia":[{"embeddable":true,"href":"https:\/\/www.startlap.hu\/utazas\/wp-json\/wp\/v2\/media\/39379"}],"wp:attachment":[{"href":"https:\/\/www.startlap.hu\/utazas\/wp-json\/wp\/v2\/media?parent=86714"}],"wp:term":[{"taxonomy":"category","embeddable":true,"href":"https:\/\/www.startlap.hu\/utazas\/wp-json\/wp\/v2\/categories?post=86714"},{"taxonomy":"post_tag","embeddable":true,"href":"https:\/\/www.startlap.hu\/utazas\/wp-json\/wp\/v2\/tags?post=86714"}],"curies":[{"name":"wp","href":"https:\/\/api.w.org\/{rel}","templated":true}]}}