{"id":86692,"date":"2025-04-03T06:33:16","date_gmt":"2025-04-03T04:33:16","guid":{"rendered":"https:\/\/www.startlap.hu\/utazas\/?p=86692"},"modified":"2025-04-03T15:25:29","modified_gmt":"2025-04-03T13:25:29","slug":"vilag-15-legszebb-helyszine-magyarorszag-lillafured","status":"publish","type":"post","link":"https:\/\/www.startlap.hu\/utazas\/vilag-15-legszebb-helyszine-magyarorszag-lillafured\/","title":{"rendered":"Ki nem tal\u00e1lod, melyik magyar falut v\u00e1lasztott\u00e1k be a vil\u00e1g 15 legszebb helysz\u00edne k\u00f6z\u00e9"},"content":{"rendered":"<p>Melyik a legszebb hely a vil\u00e1gon? Erre az er\u0151sen szubjekt\u00edv k\u00e9rd\u00e9sre neh\u00e9z pontos v\u00e1laszt adni. A <a href=\"https:\/\/www.timeout.com\/travel\/worlds-most-beautiful-places\" target=\"_blank\" target=\"_blank\" rel=\"noopener noreferrer\">TimeOut<\/a> list\u00e1ja azonban j\u00f3 kiindul\u00f3pont lehet, hiszen az ezen szerepl\u0151 \u00fati c\u00e9lokat tapasztalt turist\u00e1k v\u00e9lem\u00e9nye alapj\u00e1n v\u00e1logatt\u00e1k \u00f6ssze. Egy magyar helysz\u00edn is szerepel az els\u0151 15 helyezett k\u00f6z\u00f6tt: n\u00e9zz\u00fck, melyik!<\/p>\n<h2>1. Komodo Nemzeti Park, Indon\u00e9zia<\/h2>\n<p>A Komodo Nemzeti Parkban tal\u00e1lhat\u00f3 <strong>Padar-sziget<\/strong> a vil\u00e1g egyik legk\u00fcl\u00f6nlegesebb l\u00e1tv\u00e1ny\u00e1t ny\u00fajtja \u2013a szigeten h\u00e1rom, feh\u00e9r, fekete \u00e9s r\u00f3zsasz\u00edn homokkal rendelkez\u0151 partszakaszt is tal\u00e1lunk. A sznorkelez\u00e9sre \u00e9s b\u00fav\u00e1rkod\u00e1sra kiv\u00e1l\u00f3an alkalmas helysz\u00edn r\u00e9sze az UNESCO Vil\u00e1g\u00f6r\u00f6ks\u00e9g list\u00e1j\u00e1nak is. A szikl\u00e1kon napoz\u00f3 komod\u00f3i var\u00e1nuszok mellett b\u00fav\u00e1rkod\u00e1s k\u00f6zben tonhalakkal, barrakud\u00e1kkal, s\u0151t, m\u00e9g manta-r\u00e1j\u00e1kkal \u00e9s delfinekkel is tal\u00e1lkozhatunk.<\/p>\n<figure id=\"attachment_86694\" aria-describedby=\"caption-attachment-86694\" style=\"width: 755px\" class=\"wp-caption alignnone\"><a href=\"https:\/\/www.startlap.hu\/utazas\/uploads\/sites\/3\/2025\/04\/legszebb1.jpg\"><img loading=\"lazy\" decoding=\"async\" class=\"size-article-size-large-image wp-image-86694\" src=\"https:\/\/www.startlap.hu\/utazas\/uploads\/sites\/3\/2025\/04\/legszebb1-755x504.jpg\" alt=\"\" width=\"755\" height=\"504\" srcset=\"https:\/\/www.startlap.hu\/utazas\/uploads\/sites\/3\/2025\/04\/legszebb1-755x504.jpg 755w, https:\/\/www.startlap.hu\/utazas\/uploads\/sites\/3\/2025\/04\/legszebb1-1536x1025.jpg 1536w, https:\/\/www.startlap.hu\/utazas\/uploads\/sites\/3\/2025\/04\/legszebb1-2048x1366.jpg 2048w, https:\/\/www.startlap.hu\/utazas\/uploads\/sites\/3\/2025\/04\/legszebb1-525x350.jpg 525w\" sizes=\"auto, (max-width: 755px) 100vw, 755px\" \/><\/a><figcaption id=\"caption-attachment-86694\" class=\"wp-caption-text\">Fot\u00f3: Getty Images<\/figcaption><\/figure>\n<h2>2. Vikt\u00f3ria-v\u00edzes\u00e9s, Afrika<\/h2>\n<p>A vil\u00e1g legnagyobb v\u00edzes\u00e9se <strong>Zambia<\/strong> \u00e9s <strong>Zimbabwe<\/strong> hat\u00e1r\u00e1n fekszik: a monument\u00e1lis Vikt\u00f3ria-v\u00edzes\u00e9s \u00f6nmag\u00e1ban is nagyszer\u0171 \u00e9lm\u00e9nyt k\u00edn\u00e1l. Emellett a k\u00f6rnyez\u0151 nemzeti park ter\u00fclet\u00e9n zsir\u00e1fokkal, zebr\u00e1kkal, p\u00e1vi\u00e1nokkal \u00e9s egy\u00e9b vadon \u00e9l\u0151 \u00e1llatokkal is tal\u00e1lkozhatunk.<\/p>\n<h2>3. Punakha-v\u00f6lgy, Bhut\u00e1n<\/h2>\n<p>A term\u00e9keny Punakha-v\u00f6lgy Nyugat-Bhut\u00e1n sz\u00edv\u00e9ben fekszik: tavasszal, amikor a szomsz\u00e9dos hegyvid\u00e9ki ter\u00fcleteket m\u00e9g h\u00f3 takarja, Punakha teraszos lejt\u0151in m\u00e1r bimb\u00f3zik a bhut\u00e1ni konyha k\u00e9t alapanyaga, a chilipaprika \u00e9s a v\u00f6r\u00f6s rizs. Itt tal\u00e1lhat\u00f3 a <strong>Khamsum Yulley Namgyal Chorten<\/strong>, egy n\u00e9gyemeletes buddhista szent\u00e9ly, melynek sz\u00e1z\u00e9ves fresk\u00f3i haragv\u00f3 buddhista isteneket \u00e1br\u00e1zolnak.<\/p>\n<h2>4. Szent J\u00e1nos t\u00e1rssz\u00e9kesegyh\u00e1z, M\u00e1lta<\/h2>\n<p>A Szent J\u00e1nos t\u00e1rssz\u00e9kesegyh\u00e1z egy vallettai v\u00e1rosl\u00e1togat\u00e1s kihagyhatatlan \u00e1llom\u00e1sa: a 24 kar\u00e1tos arannyal d\u00edsz\u00edtett, kidolgozott barokk bolt\u00edvek kilenc k\u00fcl\u00f6nb\u00f6z\u0151 k\u00e1poln\u00e1ba vezetnek. Itt megtal\u00e1ljuk <strong>Mattia Preti<\/strong> falfestm\u00e9nyeit, m\u00e1rv\u00e1ny s\u00edrk\u00f6veket, k\u00e9zzel faragott domborm\u0171veket, \u00e9s <strong>Caravaggio<\/strong> egyetlen szign\u00f3zott festm\u00e9ny\u00e9t, a <em>Keresztel\u0151 Szent J\u00e1nos lefejez\u00e9s\u00e9t<\/em>. \u00c9rdemes a l\u00e1bunk el\u00e9 is n\u00e9zni, a padl\u00f3t ugyanis k\u00f6zel 400 s\u00edrk\u0151 alkotja, amelyek mindegyike alatt eur\u00f3pai nemesek nyugszanak.<\/p>\n<h2>5. Disko-sziget, Gr\u00f6nland<\/h2>\n<p>A Gr\u00f6nland nyugati partjain\u00e1l fekv\u0151 <strong>Qeqertarsuaq<\/strong> (a Disko-sziget gr\u00f6nlandi neve) garant\u00e1ltan elvar\u00e1zsol: az <strong>Ilulissat <\/strong>v\u00e1ros\u00e1t\u00f3l csup\u00e1n p\u00e1r \u00f3r\u00e1s komp\u00fatra l\u00e9v\u0151 apr\u00f3cska szigeten egyetlen telep\u00fcl\u00e9s tal\u00e1lhat\u00f3, fekete homokos tengerparttal, szikl\u00e1khoz kik\u00f6t\u00f6z\u00f6tt husky-kuty\u00e1kkal \u00e9s a tengeren sodr\u00f3d\u00f3 j\u00e9ghegyekre n\u00e9z\u0151 sz\u00ednes h\u00e1zakkal. A Disko-\u00f6b\u00f6lben a v\u00e1ndorl\u00f3 p\u00fapos-, t\u00f6rpe- \u00e9s uszonyos b\u00e1ln\u00e1kat is megfigyelhetj\u00fck.<\/p>\n<h2>6. Breacon Beacons, Wales<\/h2>\n<p><strong>Bannau Brycheiniog<\/strong>, m\u00e1s n\u00e9ven a Brecon Beacons, egyike Wales sok l\u00e9legzetel\u00e1ll\u00edt\u00f3 helysz\u00edn\u00e9nek: az orsz\u00e1g k\u00f6zep\u00e9t\u0151l D\u00e9l-Walesig h\u00faz\u00f3d\u00f3 520 n\u00e9gyzetm\u00e9rf\u00f6ldes ter\u00fcleten \u00fagy s\u00e9t\u00e1lhatunk v\u00e9gig a z\u00f6ldell\u0151 hegyeken, hogy senki m\u00e1ssal nem tal\u00e1lkozunk. A <strong>Pen y Fan<\/strong>, a <strong>Corn Du<\/strong> \u00e9s a<strong> Craig Gwaun Taf<\/strong> hegycs\u00facsok az orsz\u00e1g minden t\u00e1j\u00e1r\u00f3l vonzz\u00e1k a t\u00far\u00e1z\u00f3kat. Ha k\u00f6nnyebb t\u00far\u00e1ra v\u00e1gyunk, a park d\u00e9lkeleti r\u00e9sz\u00e9n tal\u00e1lhat\u00f3 <strong>Sugar Loaf Hill<\/strong> ugyanilyen leny\u0171g\u00f6z\u0151: panor\u00e1m\u00e1s kil\u00e1t\u00e1st k\u00edn\u00e1l, el\u00e9rhet\u0151bb magass\u00e1gban.<\/p>\n<h2>7. Red Rocks Amphitheater, Amerikai Egyes\u00fclt \u00c1llamok<\/h2>\n<p><strong>Denver<\/strong> belv\u00e1ros\u00e1t\u00f3l mind\u00f6ssze 20 perces aut\u00f3\u00fatra tal\u00e1lhat\u00f3 a vil\u00e1g egyik eszt\u00e9tikailag \u00e9s akusztikailag is legkiv\u00e1l\u00f3bb szabadt\u00e9ri koncerthelysz\u00edne. A m\u00e9ly rozsdasz\u00edn\u0171 szikl\u00e1k \u00e1ltal szeg\u00e9lyezett, magasan fekv\u0151 Red Rocks Amphitheater sz\u00e9ps\u00e9g\u00e9hez j\u00f3 hangulat \u00e9s friss hegyi leveg\u0151 is p\u00e1rosul. A helysz\u00ednen fell\u00e9pett egykor a <strong>Beatles<\/strong>, <strong>Jimi Hendrix<\/strong> \u00e9s <strong>Louis Armstrong<\/strong> is.<\/p>\n<figure id=\"attachment_86695\" aria-describedby=\"caption-attachment-86695\" style=\"width: 755px\" class=\"wp-caption alignnone\"><a href=\"https:\/\/www.startlap.hu\/utazas\/uploads\/sites\/3\/2025\/04\/legszebb2.jpg\"><img loading=\"lazy\" decoding=\"async\" class=\"size-article-size-large-image wp-image-86695\" src=\"https:\/\/www.startlap.hu\/utazas\/uploads\/sites\/3\/2025\/04\/legszebb2-755x604.jpg\" alt=\"\" width=\"755\" height=\"604\" srcset=\"https:\/\/www.startlap.hu\/utazas\/uploads\/sites\/3\/2025\/04\/legszebb2-755x604.jpg 755w, https:\/\/www.startlap.hu\/utazas\/uploads\/sites\/3\/2025\/04\/legszebb2-1536x1229.jpg 1536w, https:\/\/www.startlap.hu\/utazas\/uploads\/sites\/3\/2025\/04\/legszebb2-2048x1638.jpg 2048w, https:\/\/www.startlap.hu\/utazas\/uploads\/sites\/3\/2025\/04\/legszebb2-438x350.jpg 438w\" sizes=\"auto, (max-width: 755px) 100vw, 755px\" \/><\/a><figcaption id=\"caption-attachment-86695\" class=\"wp-caption-text\">Fot\u00f3: Getty Images<\/figcaption><\/figure>\n<h2>8.Choquequirao, Peru<\/h2>\n<p>A perui <strong>Apur\u00edmac<\/strong> foly\u00f3 feletti magaslaton fekv\u0151 \u0151si inka v\u00e1ros, Choquequirao vizu\u00e1lisan \u00e9s fizikailag is felemel\u0151 \u00e9lm\u00e9nyt ny\u00fajt. Az ide vezet\u0151 Choquequirao-\u00f6sv\u00e9ny kih\u00edv\u00e1st jelent, ez azonban hozz\u00e1ad a helysz\u00edn \u00e9rt\u00e9k\u00e9hez. A romv\u00e1ros a Machu Picchu testv\u00e9rhelysz\u00ednek\u00e9nt is ismert, azonban ide sokkal kevesebb l\u00e1togat\u00f3 \u00e9rkezik. A n\u00e9v quechua nyelven annyit tesz, hogy &#8222;az arany b\u00f6lcs\u0151je&#8221;, b\u00e1r az arany \u00e9s a lak\u00f3k r\u00e9g elt\u0171ntek: a kifinomult \u00e9p\u00edt\u00e9szeti remekm\u0171vek 80 sz\u00e1zal\u00e9k\u00e1t n\u00f6v\u00e9nyzet bor\u00edtja.<\/p>\n<h2>9. New Forest, Anglia<\/h2>\n<p>New Forest \u0151si erd\u0151s\u00e9ge t\u00f6bb mint 900 \u00e9vvel ezel\u0151tt <strong>H\u00f3d\u00edt\u00f3 Vilmost\u00f3l<\/strong> kapta nev\u00e9t. Az\u00f3ta nem sok minden v\u00e1ltozott: a f\u00e1k k\u00f6z\u00e9 l\u00e9pve ma is b\u00e9k\u00e9s csendet tal\u00e1lunk. Ha \u0151sszel l\u00e1togat el ide, amikor a r\u00e9teket lil\u00e1v\u00e1 var\u00e1zsolja a kender, \u00e9s az erd\u0151ben makkot ev\u0151 diszn\u00f3kkal tal\u00e1lkozhatunk: \u0151ket az\u00e9rt telep\u00edtett\u00e9k, hogy megk\u00edm\u00e9lj\u00e9k az \u00f6tezer szabadon \u00e9l\u0151 p\u00f3ni \u00e9rz\u00e9keny gyomr\u00e1t.<\/p>\n<h2>10. H\u00e0 Giang, Vietn\u00e1m<\/h2>\n<p>H\u00e0 Giang tartom\u00e1ny Vietn\u00e1m leg\u00e9szakibb sark\u00e1ban fekszik: a kanyarg\u00f3s hegyi utak, a teraszos rizsf\u00f6ldek \u00e9s a 43 k\u00fcl\u00f6nb\u00f6z\u0151 etnikai csoport, akiknek ez a hely az otthona, egy\u00fcttesen adj\u00e1k a helysz\u00edn f\u00f6ld\u00f6nt\u00fali hangulat\u00e1t. K\u00e9t \u00fatszakasz k\u00fcl\u00f6n\u00f6sen kedvelt a turist\u00e1k k\u00f6r\u00e9ben: a <strong>Tham Ma h\u00e1g\u00f3<\/strong> hat egym\u00e1st k\u00f6vet\u0151 hajt\u0171kanyart tartalmaz, m\u00edg a <strong>Mi Pa Leng h\u00e1g\u00f3<\/strong> a hegyek perem\u00e9n kanyarog, ahonnan kil\u00e1t\u00e1s ny\u00edlik a m\u00e9yben fekv\u0151 <strong>Nho Que<\/strong> foly\u00f3ra.<\/p>\n<h2><a href=\"https:\/\/www.startlap.hu\/utazas\/uploads\/sites\/3\/2025\/04\/legszebb3.jpg\"><img loading=\"lazy\" decoding=\"async\" class=\"alignnone size-article-size-large-image wp-image-86696\" src=\"https:\/\/www.startlap.hu\/utazas\/uploads\/sites\/3\/2025\/04\/legszebb3-755x503.jpg\" alt=\"\" width=\"755\" height=\"503\" srcset=\"https:\/\/www.startlap.hu\/utazas\/uploads\/sites\/3\/2025\/04\/legszebb3-755x503.jpg 755w, https:\/\/www.startlap.hu\/utazas\/uploads\/sites\/3\/2025\/04\/legszebb3-1536x1024.jpg 1536w, https:\/\/www.startlap.hu\/utazas\/uploads\/sites\/3\/2025\/04\/legszebb3-2048x1366.jpg 2048w, https:\/\/www.startlap.hu\/utazas\/uploads\/sites\/3\/2025\/04\/legszebb3-525x350.jpg 525w\" sizes=\"auto, (max-width: 755px) 100vw, 755px\" \/><\/a>11. Finn-t\u00f3vid\u00e9k, Finnorsz\u00e1g<\/h2>\n<p>Finnorsz\u00e1got az ezer t\u00f3 f\u00f6ldjek\u00e9nt ismerik: \u00f6sszesen t\u00f6bb mint 180 ezer t\u00f3val rendelkezik, melyek nagy r\u00e9sze a Finn-t\u00f3vid\u00e9ken fekszik. A t\u00f3vid\u00e9k egym\u00e1ssal \u00f6sszef\u00fcgg\u0151 tavak sorozata, melyeken t\u00f6bb ezer, erd\u0151vel bor\u00edtott szigetet tal\u00e1lunk. Ny\u00e1ron \u00e9rdemes t\u00f3parti nyaral\u00f3t foglalni a <strong>Saimaa-t\u00f3<\/strong> vagy a <strong>P\u00e4ij\u00e4nne-t\u00f3<\/strong> partj\u00e1n, ahol megf\u00fcr\u00f6dhet\u00fcnk a term\u00e9szetes v\u00edzben, \u00e9s halat s\u00fct\u00f6gethet\u00fcnk a parton. Amikor t\u00e9len befagynak a tavak, lehet\u0151s\u00e9g ny\u00edlik l\u00e9khorg\u00e1szatra, jeges f\u00fcrd\u0151z\u00e9sre \u00e9s szaun\u00e1z\u00e1sra.<\/p>\n<h2>12. Lillaf\u00fcred, Magyarorsz\u00e1g<\/h2>\n<p>Lillaf\u00fcred mesebeli \u00fcd\u00fcl\u0151helye is elvar\u00e1zsolja a turist\u00e1kat: a <strong>H\u00e1mori-tavon<\/strong> ringat\u00f3z\u00f3 cs\u00f3nakokra n\u00e9z\u0151 <strong>Kast\u00e9lysz\u00e1ll\u00f3t<\/strong> barlangok, f\u00fcgg\u0151kertek \u00e9s <a href=\"https:\/\/www.startlap.hu\/utazas\/fotok-befagyott-lillafuredi-vizeses\/\" target=\"_blank\" rel=\"noopener noreferrer\">v\u00edzes\u00e9sek<\/a> veszik k\u00f6r\u00fcl. A helysz\u00edn t\u00e9len-ny\u00e1ron remek sz\u00f3rakoz\u00e1st ny\u00fajt: a szezon\u00e1lisan k\u00f6zleked\u0151 kisvas\u00fat mellett sz\u00e1mos t\u00fara\u00f6sv\u00e9ny \u00e9s remek \u00e9tterem v\u00e1rja az ide \u00e9rkez\u0151ket.<\/p>\n<figure id=\"attachment_77246\" aria-describedby=\"caption-attachment-77246\" style=\"width: 755px\" class=\"wp-caption alignnone\"><a href=\"https:\/\/www.startlap.hu\/utazas\/uploads\/sites\/3\/2024\/08\/uticel2-scaled.jpg\"><img loading=\"lazy\" decoding=\"async\" class=\"size-article-size-large-image wp-image-77246\" src=\"https:\/\/www.startlap.hu\/utazas\/uploads\/sites\/3\/2024\/08\/uticel2-755x545.jpg\" alt=\"A lillaf\u00fcredi Palotasz\u00e1ll\u00f3 a H\u00e1mori-t\u00f3 mellett.\" width=\"755\" height=\"545\" srcset=\"https:\/\/www.startlap.hu\/utazas\/uploads\/sites\/3\/2024\/08\/uticel2-755x545.jpg 755w, https:\/\/www.startlap.hu\/utazas\/uploads\/sites\/3\/2024\/08\/uticel2-1536x1108.jpg 1536w, https:\/\/www.startlap.hu\/utazas\/uploads\/sites\/3\/2024\/08\/uticel2-2048x1478.jpg 2048w, https:\/\/www.startlap.hu\/utazas\/uploads\/sites\/3\/2024\/08\/uticel2-485x350.jpg 485w\" sizes=\"auto, (max-width: 755px) 100vw, 755px\" \/><\/a><figcaption id=\"caption-attachment-77246\" class=\"wp-caption-text\">Fot\u00f3: Getty Images<\/figcaption><\/figure>\n<h2>13. West Cork, \u00cdrorsz\u00e1g<\/h2>\n<p>\u00cdrorsz\u00e1g leny\u0171g\u00f6z\u0151 t\u00e1jai k\u00f6z\u00f6tt k\u00fcl\u00f6nleges helyet foglal el a <strong>Beara-f\u00e9lsziget<\/strong> partvid\u00e9ke, <strong>Kinsale<\/strong> b\u00e1jos hal\u00e1szkik\u00f6t\u0151je \u00e9s <strong>Leap<\/strong> apr\u00f3 falucsk\u00e1ja. A turist\u00e1k kedvence egy\u00e9rtelm\u0171en <strong>Inchydoney<\/strong> <a href=\"https:\/\/www.startlap.hu\/utazas\/fenntarthato-strandolas-korforras-tippek-trukkok\/\" target=\"_blank\" rel=\"noopener noreferrer\">k\u00e9k z\u00e1szl\u00f3s strandja<\/a>, ahol a k\u00fcl\u00f6nleges homok k\u00fclseje n\u00e1dcukorra eml\u00e9keztet.<\/p>\n<h2>14. Altiplano, Bol\u00edvia<\/h2>\n<p>Bol\u00edvia a soksz\u00edn\u0171 tavak, a v\u00e9gtelennek t\u0171n\u0151 csipk\u00e9zett hegyek \u00e9s a hatalmas s\u00f3s s\u00edks\u00e1gok orsz\u00e1ga. Az Altiplano fenns\u00edk sz\u00e1mos term\u00e9szeti kincs helysz\u00edne: egyik ezek k\u00f6z\u00fcl a <strong>Laguna Verde<\/strong>, a k\u00fap alak\u00fa hegycs\u00facsokkal \u00f6vezett, r\u00f3zsasz\u00edn\u0171 lag\u00fana. Az Altiplano legnagyobb vonzereje azonban egy\u00e9rtelm\u0171en <strong>Salar de Uyuni<\/strong>: a repedezett feh\u00e9r s\u00f3s s\u00edks\u00e1got a t\u00e9li h\u00f3napokban enyh\u00e9n el\u00f6nti a v\u00edz, \u00edgy t\u00f6k\u00e9letes t\u00fckr\u00f6t tart az \u00e9gboltnak.<\/p>\n<h2>15. Z\u00e1jed sejk mecset, Abu Dzabi<\/h2>\n<p>A Z\u00e1jed sejk nagymecset feh\u00e9r d\u00e9lib\u00e1bk\u00e9nt t\u00fcnd\u00f6k\u00f6l csillog\u00f3 minaretekkel: a t\u00falvil\u00e1gi sz\u00e9ps\u00e9g\u0171 \u00e9p\u00fclet ak\u00e1r J\u00e1zmin palot\u00e1ja is lehetne az <em>Aladdinban<\/em>. A helysz\u00edn sz\u00e1mos rekord tulajdonosa: a mecset b\u00fcszk\u00e9lkedhet a vil\u00e1g legnagyobb sz\u0151nyeg\u00e9vel, a vil\u00e1g harmadik legnagyobb csill\u00e1rj\u00e1val \u00e9s t\u00f6bb hekt\u00e1rnyi tiszta feh\u00e9r carrarai k\u0151vel.<\/p>\n<div class=\"o-widget m-readMoreWidget -readMore u-shortDecorLineAfter row widget-container _ce_measure_widget bigdata-widget read-more\" data-ce-measure-widget=\"olvass tov\u00e1bb\">\n\t<div class=\"m-readMoreWidget__imgWrapper image-wrapper col-12 col-md-4 no-p\">\n\t\t<a class=\"m-readMoreWidget__imgLink\" href=\"https:\/\/www.startlap.hu\/utazas\/mainau-bodeni-to-viragsziget-tulipan-latnivalok-tippek-tavasz-fotok-elet-soja\/\" >\n\t\t\t<img decoding=\"async\" src=\"https:\/\/www.startlap.hu\/utazas\/uploads\/sites\/3\/2025\/04\/Mainau-tulipan-17-350x285.jpg\" class=\"m-readMoreWidget__img\">\n\t\t<\/a>\n\t<\/div>\n\t<div class=\"m-readMoreWidget__titleWrapper title-wrapper col-12 col-md-8\">\n\t\t<span class=\"m-readMoreWidget__titleLabel u-shortDecorLineBefore label hidden-sm-up\">Ez is \u00e9rdekelhet:<\/span>\n\t\t<h3 class=\"m-readMoreWidget__title title\">\n\t\t\t<a class=\"m-readMoreWidget__titleLink -secondFont u-bold u-upperCase\" href=\"https:\/\/www.startlap.hu\/utazas\/mainau-bodeni-to-viragsziget-tulipan-latnivalok-tippek-tavasz-fotok-elet-soja\/\" >Egymilli\u00f3 tulip\u00e1n ny\u00edlik a Bodeni-t\u00f3 vir\u00e1gsziget\u00e9n \u00e1prilisban &#8211; ezt a l\u00e1tv\u00e1nyt k\u00e1r lenne kihagyni!<\/a>\n\t\t<\/h3>\n\t\t<a class=\"m-readMoreWidget__btn -coloredBack u-tC link\" href=\"https:\/\/www.startlap.hu\/utazas\/mainau-bodeni-to-viragsziget-tulipan-latnivalok-tippek-tavasz-fotok-elet-soja\/\" >Elolvasom<\/a>\n\t<\/div>\n<\/div>\n","protected":false},"excerpt":{"rendered":"<p>Egy magyar helysz\u00edn is felker\u00fclt a vil\u00e1g legszebb helyeinek list\u00e1j\u00e1ra: ezen a 15 helyen garant\u00e1ltan szemk\u00e1pr\u00e1ztat\u00f3 l\u00e1tv\u00e1nyban lesz r\u00e9sz\u00fcnk!<\/p>\n","protected":false},"author":63,"featured_media":86694,"comment_status":"closed","ping_status":"closed","sticky":false,"template":"","format":"standard","meta":{"footnotes":""},"categories":[70],"tags":[700,223,32],"class_list":["post-86692","post","type-post","status-publish","format-standard","has-post-thumbnail","hentry","category-vilag","tag-legszebb-helyek","tag-lillafured","tag-magyarorszag"],"aioseo_notices":[],"_links":{"self":[{"href":"https:\/\/www.startlap.hu\/utazas\/wp-json\/wp\/v2\/posts\/86692","targetHints":{"allow":["GET"]}}],"collection":[{"href":"https:\/\/www.startlap.hu\/utazas\/wp-json\/wp\/v2\/posts"}],"about":[{"href":"https:\/\/www.startlap.hu\/utazas\/wp-json\/wp\/v2\/types\/post"}],"author":[{"embeddable":true,"href":"https:\/\/www.startlap.hu\/utazas\/wp-json\/wp\/v2\/users\/63"}],"replies":[{"embeddable":true,"href":"https:\/\/www.startlap.hu\/utazas\/wp-json\/wp\/v2\/comments?post=86692"}],"version-history":[{"count":3,"href":"https:\/\/www.startlap.hu\/utazas\/wp-json\/wp\/v2\/posts\/86692\/revisions"}],"predecessor-version":[{"id":86699,"href":"https:\/\/www.startlap.hu\/utazas\/wp-json\/wp\/v2\/posts\/86692\/revisions\/86699"}],"wp:featuredmedia":[{"embeddable":true,"href":"https:\/\/www.startlap.hu\/utazas\/wp-json\/wp\/v2\/media\/86694"}],"wp:attachment":[{"href":"https:\/\/www.startlap.hu\/utazas\/wp-json\/wp\/v2\/media?parent=86692"}],"wp:term":[{"taxonomy":"category","embeddable":true,"href":"https:\/\/www.startlap.hu\/utazas\/wp-json\/wp\/v2\/categories?post=86692"},{"taxonomy":"post_tag","embeddable":true,"href":"https:\/\/www.startlap.hu\/utazas\/wp-json\/wp\/v2\/tags?post=86692"}],"curies":[{"name":"wp","href":"https:\/\/api.w.org\/{rel}","templated":true}]}}