{"id":86284,"date":"2025-03-21T11:53:12","date_gmt":"2025-03-21T10:53:12","guid":{"rendered":"https:\/\/www.startlap.hu\/utazas\/?p=86284"},"modified":"2025-03-21T11:53:12","modified_gmt":"2025-03-21T10:53:12","slug":"duna-evezes-palack-boja-sullo-ivohely-horgasz","status":"publish","type":"post","link":"https:\/\/www.startlap.hu\/utazas\/duna-evezes-palack-boja-sullo-ivohely-horgasz\/","title":{"rendered":"Sejtelmes palackb\u00f3j\u00e1k jelentek meg a Dun\u00e1n &#8211; azonnal hagyd el a helysz\u00ednt, ha ilyet l\u00e1tsz, nagy k\u00e1r keletkezhet"},"content":{"rendered":"<p>A tavasz bek\u00f6sz\u00f6nt\u00e9vel a term\u00e9szet lassan fel\u00e9bred t\u00e9li \u00e1lm\u00e1b\u00f3l: hosszabbodnak a nappalok, melegszik a leveg\u0151, \u00e9s egyre gyakrabban s\u00fct ki a nap. A napf\u00e9nyes, meleg id\u0151j\u00e1r\u00e1s egyre t\u00f6bbeket cs\u00e1b\u00edt a szabadba: azonban \u00e9rdemes figyeln\u00fcnk, hogy k\u00fclt\u00e9ri sporttev\u00e9kenys\u00e9geink sor\u00e1n ne tegy\u00fcnk k\u00e1rt a term\u00e9szetben, \u00edrja az <a href=\"https:\/\/www.agroinform.hu\/erdo_vadgazdalkodas\/sullofeszkek-duna-horgaszszovetseg-80320-001?utm_source=hirstart&amp;utm_medium=cpc&amp;utm_campaign=HIRpromo&amp;utm_content=80320\" target=\"_blank\" target=\"_blank\" rel=\"noopener noreferrer\">Agroinform.hu<\/a>.<\/p>\n<h2>Ezt jelzik a b\u00f3j\u00e1k<\/h2>\n<p>A v\u00edzi sportok kedvel\u0151i sz\u00e1m\u00e1ra a tavasz egyet jelent az evez\u00e9si szezon kezdet\u00e9vel. A melegebb id\u0151ben v\u00e9gre el\u0151ker\u00fclhetnek a kajakok, kenuk \u00e9s s\u00e1rk\u00e1nyhaj\u00f3k. Ilyenkor k\u00fcl\u00f6n\u00f6sen aj\u00e1nlott v\u00edzre sz\u00e1llni: a f\u00fcrd\u00e9shez ugyan m\u00e9g gyakran h\u0171v\u00f6s van, de ez nem akad\u00e1lyozhat meg abban, hogy \u00e9lvezz\u00fck a <a href=\"https:\/\/www.startlap.hu\/utazas\/szabadstrand-budapest-uj-duna-furdo\/\" target=\"_blank\" rel=\"noopener noreferrer\">v\u00edzparti term\u00e9szet<\/a> sz\u00e9ps\u00e9g\u00e9t.<\/p>\n<blockquote class=\"article__extraTxt\"><p>A Dun\u00e1n evezve azonban k\u00fcl\u00f6n\u00f6s palackb\u00f3j\u00e1kra lehet\u00fcnk figyelmesek.<\/p><\/blockquote>\n<p>A palackb\u00f3j\u00e1kat a <strong>dunaalm\u00e1si \u00f6b\u00f6lben<\/strong>, valamint a <strong>neszm\u00e9lyi \u00e9s a t\u00e1ti mell\u00e9k\u00e1gakban<\/strong> tal\u00e1lhatjuk: ezek ugyanis a s\u00fcll\u0151k hagyom\u00e1nyos \u00edv\u00f3helyei. Az elm\u00falt h\u00f3napok csapad\u00e9khi\u00e1nyos id\u0151j\u00e1r\u00e1sa miatt a s\u00fcll\u0151 szaporod\u00f3helyeinek sz\u00e1ma er\u0151sen megcsappant, ez\u00e9rt a folyam <strong>Kom\u00e1rom-Esztergom v\u00e1rmegyei<\/strong>, lass\u00fa foly\u00e1s\u00fa \u00f6bl\u00f6zeteibe \u00e9s mell\u00e9k\u00e1gaiba<\/p>\n<blockquote class=\"article__extraTxt\"><p>130 mesters\u00e9gesen k\u00e9sz\u00edtett s\u00fcll\u0151f\u00e9szket helyezett ki a v\u00e1rmegyei horg\u00e1szegyes\u00fcletek sz\u00f6vets\u00e9ge<\/p><\/blockquote>\n<p>\u2013 k\u00f6z\u00f6lte <strong>Zoltai D\u00e1niel<\/strong>, a <strong>Kom\u00e1rom-Esztergom V\u00e1rmegyei Horg\u00e1szegyes\u00fcletek Sz\u00f6vets\u00e9g\u00e9nek<\/strong> (KEMHESZ) eln\u00f6ke. A hal\u0151ri szolg\u00e1lat munkat\u00e1rsai <strong>ker\u00edt\u00e9sh\u00e1l\u00f3b\u00f3l \u00e9s m\u0171feny\u0151 f\u00fcz\u00e9rekb\u0151l k\u00e9sz\u00edtett\u00e9k el az ikr\u00e1k lerak\u00e1s\u00e1t seg\u00edt\u0151 f\u00e9szkeket.<\/strong> Az \u00e9rintett ter\u00fcleteket palackb\u00f3j\u00e1kkal jel\u00f6lt\u00e9k meg a horg\u00e1szok sz\u00e1m\u00e1ra, hogy a halak zavartalanul tudjanak ikr\u00e1t rakni, illetve a n\u00f6vend\u00e9keket felnevelni.<\/p>\n<blockquote><p>A f\u00e9szkeket \u00e9s az ikr\u00e1kat nem viszik el a helysz\u00ednr\u0151l, nem avatkoznak bele a term\u00e9szet rendj\u00e9be, csak az \u00edv\u00f3helyek sz\u00e1m\u00e1nak n\u00f6vel\u00e9s\u00e9vel seg\u00edtik a szaporulatot<\/p><\/blockquote>\n<p>\u2013 magyar\u00e1zta Zoltai D\u00e1niel.<\/p>\n<figure id=\"attachment_86285\" aria-describedby=\"caption-attachment-86285\" style=\"width: 755px\" class=\"wp-caption alignnone\"><a href=\"https:\/\/www.startlap.hu\/utazas\/uploads\/sites\/3\/2025\/03\/kenu-scaled.jpg\"><img loading=\"lazy\" decoding=\"async\" class=\"size-article-size-large-image wp-image-86285\" src=\"https:\/\/www.startlap.hu\/utazas\/uploads\/sites\/3\/2025\/03\/kenu-755x500.jpg\" alt=\"\" width=\"755\" height=\"500\" srcset=\"https:\/\/www.startlap.hu\/utazas\/uploads\/sites\/3\/2025\/03\/kenu-755x500.jpg 755w, https:\/\/www.startlap.hu\/utazas\/uploads\/sites\/3\/2025\/03\/kenu-1536x1018.jpg 1536w, https:\/\/www.startlap.hu\/utazas\/uploads\/sites\/3\/2025\/03\/kenu-2048x1357.jpg 2048w, https:\/\/www.startlap.hu\/utazas\/uploads\/sites\/3\/2025\/03\/kenu-250x165.jpg 250w, https:\/\/www.startlap.hu\/utazas\/uploads\/sites\/3\/2025\/03\/kenu-528x350.jpg 528w\" sizes=\"auto, (max-width: 755px) 100vw, 755px\" \/><\/a><figcaption id=\"caption-attachment-86285\" class=\"wp-caption-text\">Fot\u00f3: Getty Images<\/figcaption><\/figure>\n<p>A s\u00fcll\u0151 az egyik legnemesebb hazai ragadoz\u00f3 hal: \u00e1ll\u00f3- \u00e9s foly\u00f3vizekben is gyakran el\u0151fordul. A m\u00e1sf\u00e9l kil\u00f3sn\u00e1l nagyobb p\u00e9ld\u00e1nyokat &#8222;fogasnak&#8221; vagy &#8222;fogass\u00fcll\u0151nek&#8221; nevezik. \u00cdv\u00e1sa m\u00e1rciusban kezd\u0151dik, 10 fokos v\u00edzben. <strong>A Dun\u00e1ban lerakott ikr\u00e1knak csak kis r\u00e9sz\u00e9b\u0151l lesz kifejlett hal<\/strong>, mert a haj\u00f3forgalom \u00e9s az \u00fcled\u00e9k miatt a f\u00e9szket belepheti az iszap, a szennyez\u0151d\u00e9sekt\u0151l megromolhatnak az ikr\u00e1k, illetve m\u00e1s halak is elfogyaszthatj\u00e1k \u0151ket. Az \u00edv\u00f3helyet <strong>a h\u00edm s\u00fcll\u0151 v\u00e1lasztja, \u00e9s az ikr\u00e1k lerak\u00e1sa \u00e9s kikel\u00e9se alatt tisztogat\u00e1ssal, \u0151rk\u00f6d\u00e9ssel gondoskodik az ivad\u00e9kok biztons\u00e1g\u00e1r\u00f3l.<\/strong><\/p>\n<div class=\"o-widget m-readMoreWidget -readMore u-shortDecorLineAfter row widget-container _ce_measure_widget bigdata-widget read-more\" data-ce-measure-widget=\"olvass tov\u00e1bb\">\n\t<div class=\"m-readMoreWidget__imgWrapper image-wrapper col-12 col-md-4 no-p\">\n\t\t<a class=\"m-readMoreWidget__imgLink\" href=\"https:\/\/www.startlap.hu\/utazas\/cseresznyeviragzas-kina-tavasz-2025-fotok\/\" >\n\t\t\t<img decoding=\"async\" src=\"https:\/\/www.startlap.hu\/utazas\/uploads\/sites\/3\/2025\/03\/cseresznyeviragzas5-350x285.jpg\" class=\"m-readMoreWidget__img\">\n\t\t<\/a>\n\t<\/div>\n\t<div class=\"m-readMoreWidget__titleWrapper title-wrapper col-12 col-md-8\">\n\t\t<span class=\"m-readMoreWidget__titleLabel u-shortDecorLineBefore label hidden-sm-up\">Ez is \u00e9rdekelhet:<\/span>\n\t\t<h3 class=\"m-readMoreWidget__title title\">\n\t\t\t<a class=\"m-readMoreWidget__titleLink -secondFont u-bold u-upperCase\" href=\"https:\/\/www.startlap.hu\/utazas\/cseresznyeviragzas-kina-tavasz-2025-fotok\/\" >R\u00f3zsasz\u00ednbe bor\u00edtotta a t\u00e1jat a cseresznyevir\u00e1gz\u00e1s: turist\u00e1k ezreit vonzza a semmihez sem foghat\u00f3 l\u00e1tv\u00e1ny<\/a>\n\t\t<\/h3>\n\t\t<a class=\"m-readMoreWidget__btn -coloredBack u-tC link\" href=\"https:\/\/www.startlap.hu\/utazas\/cseresznyeviragzas-kina-tavasz-2025-fotok\/\" >Elolvasom<\/a>\n\t<\/div>\n<\/div>\n","protected":false},"excerpt":{"rendered":"<p>A Duna egyes helysz\u00ednein k\u00fcl\u00f6nleges palackb\u00f3j\u00e1kra lehet\u00fcnk figyelmesek. Nem v\u00e9letlen\u00fcl vannak ott: erre figyelmeztetik az arra j\u00e1r\u00f3kat.<\/p>\n","protected":false},"author":63,"featured_media":86285,"comment_status":"closed","ping_status":"closed","sticky":false,"template":"","format":"standard","meta":{"footnotes":""},"categories":[7],"tags":[20,127,632,396],"class_list":["post-86284","post","type-post","status-publish","format-standard","has-post-thumbnail","hentry","category-belfold-utazas","tag-duna","tag-evezes","tag-horgaszat","tag-termeszetvedelem"],"aioseo_notices":[],"_links":{"self":[{"href":"https:\/\/www.startlap.hu\/utazas\/wp-json\/wp\/v2\/posts\/86284","targetHints":{"allow":["GET"]}}],"collection":[{"href":"https:\/\/www.startlap.hu\/utazas\/wp-json\/wp\/v2\/posts"}],"about":[{"href":"https:\/\/www.startlap.hu\/utazas\/wp-json\/wp\/v2\/types\/post"}],"author":[{"embeddable":true,"href":"https:\/\/www.startlap.hu\/utazas\/wp-json\/wp\/v2\/users\/63"}],"replies":[{"embeddable":true,"href":"https:\/\/www.startlap.hu\/utazas\/wp-json\/wp\/v2\/comments?post=86284"}],"version-history":[{"count":3,"href":"https:\/\/www.startlap.hu\/utazas\/wp-json\/wp\/v2\/posts\/86284\/revisions"}],"predecessor-version":[{"id":86289,"href":"https:\/\/www.startlap.hu\/utazas\/wp-json\/wp\/v2\/posts\/86284\/revisions\/86289"}],"wp:featuredmedia":[{"embeddable":true,"href":"https:\/\/www.startlap.hu\/utazas\/wp-json\/wp\/v2\/media\/86285"}],"wp:attachment":[{"href":"https:\/\/www.startlap.hu\/utazas\/wp-json\/wp\/v2\/media?parent=86284"}],"wp:term":[{"taxonomy":"category","embeddable":true,"href":"https:\/\/www.startlap.hu\/utazas\/wp-json\/wp\/v2\/categories?post=86284"},{"taxonomy":"post_tag","embeddable":true,"href":"https:\/\/www.startlap.hu\/utazas\/wp-json\/wp\/v2\/tags?post=86284"}],"curies":[{"name":"wp","href":"https:\/\/api.w.org\/{rel}","templated":true}]}}