{"id":85971,"date":"2025-03-13T12:32:54","date_gmt":"2025-03-13T11:32:54","guid":{"rendered":"https:\/\/www.startlap.hu\/utazas\/?p=85971"},"modified":"2025-03-14T06:29:35","modified_gmt":"2025-03-14T05:29:35","slug":"bukk-szilvasi-ko-novekszik-legmagasabb-hegy-kekes","status":"publish","type":"post","link":"https:\/\/www.startlap.hu\/utazas\/bukk-szilvasi-ko-novekszik-legmagasabb-hegy-kekes\/","title":{"rendered":"Kisz\u00e1molt\u00e1k: a K\u00e9kes helyett ez lesz Magyarorsz\u00e1g legmagasabb pontja"},"content":{"rendered":"<p>Vesz\u00e9lyben a <strong>K\u00e9kes<\/strong> els\u0151s\u00e9ge: a folyamatosan v\u00e1ltoz\u00f3 f\u00f6ldmozg\u00e1sok miatt a <strong>B\u00fckk-hegys\u00e9g<\/strong> minden \u00e9vben n\u00e9h\u00e1ny centit n\u00f6vekszik. Elk\u00e9pzelhet\u0151, hogy egyszer nem az ezer m\u00e9teres cs\u00facs lesz az orsz\u00e1g legmagasabb pontja, \u00edrja a <a href=\"https:\/\/sokszinuvidek.24.hu\/viragzo-videkunk\/2025\/03\/10\/kekesteto-orszag-teteje-bukk-szilvasi-ko\/\" target=\"_blank\" target=\"_blank\" rel=\"noopener noreferrer\">24.hu<\/a>.<\/p>\n<h2>M\u00e9g sokat kell v\u00e1rnunk<\/h2>\n<p>A B\u00fckk-hegys\u00e9g k\u0151zetei 310-330 milli\u00f3 \u00e9vvel ezel\u0151tti keletkez\u00e9s\u00fck \u00f3ta folyamatos mozg\u00e1sban vannak: a <strong>Szilv\u00e1si-k\u0151<\/strong> p\u00e9ld\u00e1ul jelenleg 960,7 m\u00e9ter magas, de a f\u00f6ldmozg\u00e1soknak k\u00f6sz\u00f6nhet\u0151en \u00e9vente k\u00f6r\u00fclbel\u00fcl 2,5 centim\u00e9tert emelkedik. Ha a n\u00f6veked\u00e9se ebben az \u00fctemben folytat\u00f3dik, akkor nagyj\u00e1b\u00f3l<\/p>\n<blockquote class=\"article__extraTxt\"><p>4200 k\u00f6r\u00fcl a hegycs\u00facs meghaladhatja a K\u00e9kestet\u0151 1014 m\u00e9teres magass\u00e1g\u00e1t,<\/p><\/blockquote>\n<p>ez\u00e1ltal ez lesz az orsz\u00e1g legmagasabb pontja.<\/p>\n<p>A n\u00f6veked\u00e9s az \u00fagynevezett &#8222;alpi hegys\u00e9gk\u00e9pz\u0151d\u00e9s&#8221; hat\u00e1sainak k\u00f6vetkezm\u00e9nye: ez egy geol\u00f3giai folyamat, amely sor\u00e1n a f\u00f6ldk\u00e9reg nagy er\u0151hat\u00e1sok k\u00f6vetkezt\u00e9ben felgy\u0171r\u0151dik \u00e9s hegyl\u00e1ncokat hoz l\u00e9tre. Ez a folyamat f\u0151k\u00e9nt a mezozoikum v\u00e9g\u00e9n \u00e9s a kenozoikumban zajlott, azonban alacsonyabb intenzit\u00e1ssal m\u00e9g ma is tapasztalhat\u00f3 haz\u00e1nkban.<\/p>\n<h2>Term\u00e9szeti kincsei miatt \u00e9rdemes megl\u00e1togatni<\/h2>\n<p>A B\u00fckk ter\u00fclet\u00e9n tal\u00e1lhat\u00f3 haz\u00e1nk legnagyobb egybef\u00fcgg\u0151 erd\u0151s\u00e9ge, amely sz\u00e1mos ritka n\u00f6v\u00e9ny- \u00e9s \u00e1llatfaj otthona. Nem v\u00e9letlen\u00fcl nevezik Magyarorsz\u00e1g t\u00fcdej\u00e9nek is:<\/p>\n<blockquote class=\"article__extraTxt\"><p>az \u00e9ves \u00e1tlagos l\u00e9gszennyezetts\u00e9g a B\u00fckk-fenns\u00edkon csup\u00e1n 1-2 sz\u00e1zal\u00e9k.<\/p><\/blockquote>\n<p>A karsztos ter\u00fcletek gazdag barlangrendszereket rejtenek: ilyen p\u00e9ld\u00e1ul az <strong>Ist\u00e1ll\u00f3s-k\u0151i-barlang<\/strong>, amely \u0151skori leleteir\u0151l h\u00edres.<\/p>\n<figure id=\"attachment_85972\" aria-describedby=\"caption-attachment-85972\" style=\"width: 755px\" class=\"wp-caption alignnone\"><a href=\"https:\/\/www.startlap.hu\/utazas\/uploads\/sites\/3\/2025\/03\/bukk-fennsik-scaled.jpg\"><img loading=\"lazy\" decoding=\"async\" class=\"size-article-size-large-image wp-image-85972\" src=\"https:\/\/www.startlap.hu\/utazas\/uploads\/sites\/3\/2025\/03\/bukk-fennsik-755x503.jpg\" alt=\"\" width=\"755\" height=\"503\" srcset=\"https:\/\/www.startlap.hu\/utazas\/uploads\/sites\/3\/2025\/03\/bukk-fennsik-755x503.jpg 755w, https:\/\/www.startlap.hu\/utazas\/uploads\/sites\/3\/2025\/03\/bukk-fennsik-1536x1024.jpg 1536w, https:\/\/www.startlap.hu\/utazas\/uploads\/sites\/3\/2025\/03\/bukk-fennsik-2048x1365.jpg 2048w, https:\/\/www.startlap.hu\/utazas\/uploads\/sites\/3\/2025\/03\/bukk-fennsik-525x350.jpg 525w\" sizes=\"auto, (max-width: 755px) 100vw, 755px\" \/><\/a><figcaption id=\"caption-attachment-85972\" class=\"wp-caption-text\">A B\u00fckk-fenns\u00edk. Fot\u00f3: Getty Images<\/figcaption><\/figure>\n<p>A B\u00fckk Magyarorsz\u00e1g legnagyobb \u00e1tlagmagass\u00e1g\u00fa hegys\u00e9ge, mivel <strong>t\u00f6bb mint 30 darab 900 m\u00e9ter feletti cs\u00faccsal rendelkezik.<\/strong><\/p>\n<blockquote class=\"article__extraTxt\"><p>Magyarorsz\u00e1g 100 legmagasabb cs\u00facs\u00e1b\u00f3l 59 a B\u00fckkben tal\u00e1lhat\u00f3.<\/p><\/blockquote>\n<p>A hegys\u00e9g emellett n\u00e9pszer\u0171 kir\u00e1ndul\u00f3hely is: erre j\u00e1rva \u00e9rdemes megl\u00e1togatni <a href=\"https:\/\/www.startlap.hu\/utazas\/lillafured-vizeses-megfagyott-tel-jeg-fotok\/\" target=\"_blank\" rel=\"noopener noreferrer\">Lillaf\u00fcredet<\/a>, a <a href=\"https:\/\/www.startlap.hu\/utazas\/hova-utazzunk-aprilisban-2024\/\" target=\"_blank\" rel=\"noopener noreferrer\">Szalajka-v\u00f6lgyet<\/a>&nbsp;vagy <a href=\"https:\/\/www.startlap.hu\/utazas\/szakralis-gyogyito-helyek-magyarorszagon-fotok\/\" target=\"_blank\" rel=\"noopener noreferrer\">B\u00fckkszentkereszt<\/a> gy\u00f3gy\u00edt\u00f3 k\u00f6veit.<\/p>\n<div class=\"o-widget m-readMoreWidget -readMore u-shortDecorLineAfter row widget-container _ce_measure_widget bigdata-widget read-more\" data-ce-measure-widget=\"olvass tov\u00e1bb\">\n\t<div class=\"m-readMoreWidget__imgWrapper image-wrapper col-12 col-md-4 no-p\">\n\t\t<a class=\"m-readMoreWidget__imgLink\" href=\"https:\/\/www.startlap.hu\/utazas\/rastoke-horvatorszag-mesebeli-vizeses-falu-fotok\/\" >\n\t\t\t<img decoding=\"async\" src=\"https:\/\/www.startlap.hu\/utazas\/uploads\/sites\/3\/2025\/03\/rastoke10-350x285.jpg\" class=\"m-readMoreWidget__img\">\n\t\t<\/a>\n\t<\/div>\n\t<div class=\"m-readMoreWidget__titleWrapper title-wrapper col-12 col-md-8\">\n\t\t<span class=\"m-readMoreWidget__titleLabel u-shortDecorLineBefore label hidden-sm-up\">Ez is \u00e9rdekelhet:<\/span>\n\t\t<h3 class=\"m-readMoreWidget__title title\">\n\t\t\t<a class=\"m-readMoreWidget__titleLink -secondFont u-bold u-upperCase\" href=\"https:\/\/www.startlap.hu\/utazas\/rastoke-horvatorszag-mesebeli-vizeses-falu-fotok\/\" >Megbabon\u00e1z a vil\u00e1g legszebb faluja, \u00e9s itt van a szomsz\u00e9dban: fot\u00f3kon a rejtett t\u00fcnd\u00e9rkert<\/a>\n\t\t<\/h3>\n\t\t<a class=\"m-readMoreWidget__btn -coloredBack u-tC link\" href=\"https:\/\/www.startlap.hu\/utazas\/rastoke-horvatorszag-mesebeli-vizeses-falu-fotok\/\" >Elolvasom<\/a>\n\t<\/div>\n<\/div>\n","protected":false},"excerpt":{"rendered":"<p>Magyarorsz\u00e1g legnagyobb \u00e1tlagmagass\u00e1g\u00fa hegys\u00e9ge folyamatos mozg\u00e1sban van: egy id\u0151 ut\u00e1n ak\u00e1r a K\u00e9kest is t\u00faln\u0151heti. Erre azonban m\u00e9g sokat kell v\u00e1rnunk.<\/p>\n","protected":false},"author":63,"featured_media":85972,"comment_status":"closed","ping_status":"closed","sticky":false,"template":"","format":"standard","meta":{"footnotes":""},"categories":[7],"tags":[799,504,6168,1215,502],"class_list":["post-85971","post","type-post","status-publish","format-standard","has-post-thumbnail","hentry","category-belfold-utazas","tag-bukk","tag-erdekesseg","tag-foldmozgas","tag-foldrajz","tag-geologia"],"aioseo_notices":[],"_links":{"self":[{"href":"https:\/\/www.startlap.hu\/utazas\/wp-json\/wp\/v2\/posts\/85971","targetHints":{"allow":["GET"]}}],"collection":[{"href":"https:\/\/www.startlap.hu\/utazas\/wp-json\/wp\/v2\/posts"}],"about":[{"href":"https:\/\/www.startlap.hu\/utazas\/wp-json\/wp\/v2\/types\/post"}],"author":[{"embeddable":true,"href":"https:\/\/www.startlap.hu\/utazas\/wp-json\/wp\/v2\/users\/63"}],"replies":[{"embeddable":true,"href":"https:\/\/www.startlap.hu\/utazas\/wp-json\/wp\/v2\/comments?post=85971"}],"version-history":[{"count":5,"href":"https:\/\/www.startlap.hu\/utazas\/wp-json\/wp\/v2\/posts\/85971\/revisions"}],"predecessor-version":[{"id":85975,"href":"https:\/\/www.startlap.hu\/utazas\/wp-json\/wp\/v2\/posts\/85971\/revisions\/85975"}],"wp:featuredmedia":[{"embeddable":true,"href":"https:\/\/www.startlap.hu\/utazas\/wp-json\/wp\/v2\/media\/85972"}],"wp:attachment":[{"href":"https:\/\/www.startlap.hu\/utazas\/wp-json\/wp\/v2\/media?parent=85971"}],"wp:term":[{"taxonomy":"category","embeddable":true,"href":"https:\/\/www.startlap.hu\/utazas\/wp-json\/wp\/v2\/categories?post=85971"},{"taxonomy":"post_tag","embeddable":true,"href":"https:\/\/www.startlap.hu\/utazas\/wp-json\/wp\/v2\/tags?post=85971"}],"curies":[{"name":"wp","href":"https:\/\/api.w.org\/{rel}","templated":true}]}}