{"id":85739,"date":"2025-03-06T15:20:31","date_gmt":"2025-03-06T14:20:31","guid":{"rendered":"https:\/\/www.startlap.hu\/utazas\/?p=85739"},"modified":"2025-03-06T15:20:31","modified_gmt":"2025-03-06T14:20:31","slug":"ryanair-40-perces-szabaly-keso-check-in-birsag","status":"publish","type":"post","link":"https:\/\/www.startlap.hu\/utazas\/ryanair-40-perces-szabaly-keso-check-in-birsag\/","title":{"rendered":"Durva helysz\u00edni b\u00edrs\u00e1got fizethetnek a Ryanair utasai, ha \u00edgy \u00e9rkeznek Ferihegyre"},"content":{"rendered":"<p>Megoszlanak a v\u00e9lem\u00e9nyek arr\u00f3l, hogy mikor \u00e9rdemes ki\u00e9rkezni a rept\u00e9rre, a t\u00f6k\u00e9letes id\u0151z\u00edt\u00e9s f\u00fcgg a j\u00e1ratt\u00f3l, a rept\u00e9rt\u0151l \u00e9s az utasforgalomt\u00f3l is. Az \u00e1ltal\u00e1nos szab\u00e1ly az, hogy a r\u00f6vid t\u00e1v\u00fa j\u00e1ratokn\u00e1l legal\u00e1bb k\u00e9t \u00f3r\u00e1val, a hossz\u00fa t\u00e1v\u00fa j\u00e1ratokn\u00e1l pedig h\u00e1rom \u00f3r\u00e1val az indul\u00e1s el\u0151tt a rep\u00fcl\u0151t\u00e9ren kell lenni, nagyobb forgalm\u00fa id\u0151szakokban &#8211; mint az \u00fcnnepek vagy a ny\u00e1ri szezon &#8211; \u00e9rdemes m\u00e9g plusz 30-60 percet r\u00e1sz\u00e1molni.<\/p>\n<p>Minden <strong><a href=\"https:\/\/www.startlap.hu\/utazas\/legitarsasag-oltozkodesi-szabalyzat-mezitlab-ruha\/\" target=\"_blank\" rel=\"noopener noreferrer\">l\u00e9git\u00e1rsas\u00e1gnak<\/a><\/strong> m\u00e1s az utasfelv\u00e9teli ideje, egyesek csak k\u00e9t-k\u00e9t \u00e9s f\u00e9l \u00f3r\u00e1val az indul\u00e1s el\u0151tt engedik meg az utasoknak, hogy bejelentkezzenek, ez\u00e9rt mindig \u00e9rdemes ellen\u0151rizni a szab\u00e1lyokat.<\/p>\n<figure id=\"attachment_48123\" aria-describedby=\"caption-attachment-48123\" style=\"width: 755px\" class=\"wp-caption alignnone\"><a href=\"https:\/\/www.startlap.hu\/utazas\/uploads\/sites\/3\/2022\/11\/ryanair_krakko_repter_repulogep_utas.jpg\"><img loading=\"lazy\" decoding=\"async\" class=\"size-article-size-large-image wp-image-48123\" src=\"https:\/\/www.startlap.hu\/utazas\/uploads\/sites\/3\/2022\/11\/ryanair_krakko_repter_repulogep_utas-755x503.jpg\" alt=\"Utasok sz\u00e1llnak fel a Ryanair egyik g\u00e9p\u00e9re a krakk\u00f3i rept\u00e9r kifut\u00f3j\u00e1n\" width=\"755\" height=\"503\" srcset=\"https:\/\/www.startlap.hu\/utazas\/uploads\/sites\/3\/2022\/11\/ryanair_krakko_repter_repulogep_utas-755x503.jpg 755w, https:\/\/www.startlap.hu\/utazas\/uploads\/sites\/3\/2022\/11\/ryanair_krakko_repter_repulogep_utas-525x350.jpg 525w, https:\/\/www.startlap.hu\/utazas\/uploads\/sites\/3\/2022\/11\/ryanair_krakko_repter_repulogep_utas.jpg 1200w\" sizes=\"auto, (max-width: 755px) 100vw, 755px\" \/><\/a><figcaption id=\"caption-attachment-48123\" class=\"wp-caption-text\">Fot\u00f3: Beata Zawrzel\/NurPhoto via Getty Images<\/figcaption><\/figure>\n<h2>Figyelni kell a Ryanair 40 perces szab\u00e1ly\u00e1ra<\/h2>\n<p>A Ryanair szigor\u00fabb megk\u00f6zel\u00edt\u00e9st alkalmazott, \u00e9s b\u00fcntet\u00e9st vezetett be azok sz\u00e1m\u00e1ra, akik t\u00fal k\u00e9s\u0151n \u00e9rkeznek a rept\u00e9rre &#8211; \u00edrja az <a href=\"https:\/\/www.express.co.uk\/travel\/articles\/2023426\/ryanair-warning-airport-fines-late-check-in\" target=\"_blank\" target=\"_blank\" rel=\"noopener noreferrer\">Express<\/a>. A l\u00e9git\u00e1rsas\u00e1g szab\u00e1lyzata szerint azok, akik kevesebb mint 40 perccel a menetrend szerinti j\u00e1ratuk el\u0151tt \u00e9rkeznek a rep\u00fcl\u0151t\u00e9rre, utasonk\u00e9nt 100 fontb\u00edrs\u00e1ggal s\u00fajthat\u00f3k. Ez nem csak a brit turist\u00e1kra vonatkozik, hanem a<\/p>\n<blockquote class=\"article__extraTxt\"><p>Magyarorsz\u00e1gr\u00f3l indul\u00f3 utasokra is, eset\u00fckben is ugyanekkora m\u00e9rt\u00e9k\u0171 b\u00fcntet\u00e9ssel, vagyis 120 eur\u00f3s pluszk\u00f6lts\u00e9ggel kell sz\u00e1molni, ha nem jelennek meg id\u0151ben<\/p><\/blockquote>\n<p>&#8211; azaz legal\u00e1bb 40 perccel a besz\u00e1ll\u00e1s el\u0151tt &#8211; a besz\u00e1ll\u00f3kapun\u00e1l.<\/p>\n<p>Ugyanez a d\u00edj vonatkozik azokra az utasokra is, akik az eredeti j\u00e1ratuk lek\u00e9s\u00e9se ut\u00e1n pr\u00f3b\u00e1lnak \u00e1tfoglalni a k\u00f6vetkez\u0151 el\u00e9rhet\u0151 j\u00e1ratra.<\/p>\n<p>A l\u00e9git\u00e1rsas\u00e1ggal kapcsolatos tov\u00e1bbi h\u00edr, hogy <strong>a Ryanair a t\u00e9li menetrend kezdet\u00e9re, november 3-ra halasztotta a <a href=\"https:\/\/www.startlap.hu\/utazas\/nagyot-valtozik-a-ryanair-utasainak-beszallasa\/\" target=\"_blank\" rel=\"noopener noreferrer\">pap\u00edrmentes besz\u00e1ll\u00f3k\u00e1rty\u00e1ra<\/a> val\u00f3 \u00e1t\u00e1ll\u00e1st<\/strong>.<\/p>\n<div class=\"o-widget m-readMoreWidget -readMore u-shortDecorLineAfter row widget-container _ce_measure_widget bigdata-widget read-more\" data-ce-measure-widget=\"olvass tov\u00e1bb\">\n\t<div class=\"m-readMoreWidget__imgWrapper image-wrapper col-12 col-md-4 no-p\">\n\t\t<a class=\"m-readMoreWidget__imgLink\" href=\"https:\/\/www.startlap.hu\/utazas\/horvatorszag-europa-legjobb-uti-cel-top-10-orszag-2025\/\" >\n\t\t\t<img decoding=\"async\" src=\"https:\/\/www.startlap.hu\/utazas\/uploads\/sites\/3\/2025\/03\/Makarska-350x285.jpg\" class=\"m-readMoreWidget__img\">\n\t\t<\/a>\n\t<\/div>\n\t<div class=\"m-readMoreWidget__titleWrapper title-wrapper col-12 col-md-8\">\n\t\t<span class=\"m-readMoreWidget__titleLabel u-shortDecorLineBefore label hidden-sm-up\">Ez is \u00e9rdekelhet:<\/span>\n\t\t<h3 class=\"m-readMoreWidget__title title\">\n\t\t\t<a class=\"m-readMoreWidget__titleLink -secondFont u-bold u-upperCase\" href=\"https:\/\/www.startlap.hu\/utazas\/horvatorszag-europa-legjobb-uti-cel-top-10-orszag-2025\/\" >D\u00f6nt\u00f6ttek a turist\u00e1k: ez lett Eur\u00f3pa legjobb orsz\u00e1ga 2025-ben, a magyarok is im\u00e1dj\u00e1k<\/a>\n\t\t<\/h3>\n\t\t<a class=\"m-readMoreWidget__btn -coloredBack u-tC link\" href=\"https:\/\/www.startlap.hu\/utazas\/horvatorszag-europa-legjobb-uti-cel-top-10-orszag-2025\/\" >Elolvasom<\/a>\n\t<\/div>\n<\/div>\n","protected":false},"excerpt":{"rendered":"<p>A Ryanair szab\u00e1lyzata szerint komoly p\u00e9nzb\u00edrs\u00e1got kaphatnak azok az utasok, akik a j\u00e1ratuk indul\u00e1sa el\u0151tt nem \u00e9rkeznek ki id\u0151ben a rep\u00fcl\u0151t\u00e9rre.<\/p>\n","protected":false},"author":45,"featured_media":48123,"comment_status":"closed","ping_status":"closed","sticky":false,"template":"","format":"standard","meta":{"footnotes":""},"categories":[70],"tags":[173,214],"class_list":["post-85739","post","type-post","status-publish","format-standard","has-post-thumbnail","hentry","category-vilag","tag-legitarsasag","tag-ryanair"],"aioseo_notices":[],"_links":{"self":[{"href":"https:\/\/www.startlap.hu\/utazas\/wp-json\/wp\/v2\/posts\/85739","targetHints":{"allow":["GET"]}}],"collection":[{"href":"https:\/\/www.startlap.hu\/utazas\/wp-json\/wp\/v2\/posts"}],"about":[{"href":"https:\/\/www.startlap.hu\/utazas\/wp-json\/wp\/v2\/types\/post"}],"author":[{"embeddable":true,"href":"https:\/\/www.startlap.hu\/utazas\/wp-json\/wp\/v2\/users\/45"}],"replies":[{"embeddable":true,"href":"https:\/\/www.startlap.hu\/utazas\/wp-json\/wp\/v2\/comments?post=85739"}],"version-history":[{"count":2,"href":"https:\/\/www.startlap.hu\/utazas\/wp-json\/wp\/v2\/posts\/85739\/revisions"}],"predecessor-version":[{"id":85741,"href":"https:\/\/www.startlap.hu\/utazas\/wp-json\/wp\/v2\/posts\/85739\/revisions\/85741"}],"wp:featuredmedia":[{"embeddable":true,"href":"https:\/\/www.startlap.hu\/utazas\/wp-json\/wp\/v2\/media\/48123"}],"wp:attachment":[{"href":"https:\/\/www.startlap.hu\/utazas\/wp-json\/wp\/v2\/media?parent=85739"}],"wp:term":[{"taxonomy":"category","embeddable":true,"href":"https:\/\/www.startlap.hu\/utazas\/wp-json\/wp\/v2\/categories?post=85739"},{"taxonomy":"post_tag","embeddable":true,"href":"https:\/\/www.startlap.hu\/utazas\/wp-json\/wp\/v2\/tags?post=85739"}],"curies":[{"name":"wp","href":"https:\/\/api.w.org\/{rel}","templated":true}]}}