{"id":85471,"date":"2025-02-27T06:33:01","date_gmt":"2025-02-27T05:33:01","guid":{"rendered":"https:\/\/www.startlap.hu\/utazas\/?p=85471"},"modified":"2025-02-27T08:13:20","modified_gmt":"2025-02-27T07:13:20","slug":"zagrab-biztonsagos-olcso-horvatorszag-amerikai-nyugdijas","status":"publish","type":"post","link":"https:\/\/www.startlap.hu\/utazas\/zagrab-biztonsagos-olcso-horvatorszag-amerikai-nyugdijas\/","title":{"rendered":"V\u00e1ros a k\u00f6zel\u00fcnkben, amit im\u00e1dnak a nyugd\u00edjasok, \u00e9s ahol visszakapod az utc\u00e1n elhagyott p\u00e9nzed"},"content":{"rendered":"<p><strong>Z\u00e1gr\u00e1b<\/strong> h\u00edres elb\u0171v\u00f6l\u0151 \u00e9p\u00edt\u00e9szet\u00e9r\u0151l, \u00e9l\u00e9nk k\u00e1v\u00e9z\u00f3kult\u00far\u00e1j\u00e1r\u00f3l \u00e9s arr\u00f3l, hogy innen k\u00f6nnyen el\u00e9rhet\u0151k Horv\u00e1torsz\u00e1g legszebb t\u00e1jai. Sok amerikai nyugd\u00edjas v\u00e1lasztja a horv\u00e1t f\u0151v\u00e1rost hossz\u00fat\u00e1v\u00fa otthon\u00e1ul a bar\u00e1ti \u00e1raknak k\u00f6sz\u00f6nhet\u0151en, sz\u00e1mol be r\u00f3la a <a href=\"https:\/\/www.thetravel.com\/low-cost-safe-european-city-to-retire\/\" target=\"_blank\" target=\"_blank\" rel=\"noopener noreferrer\">The Travel<\/a>.<\/p>\n<h2>Rendk\u00edv\u00fcl biztons\u00e1gos<\/h2>\n<p>Horv\u00e1torsz\u00e1g Eur\u00f3pa egyik legbiztons\u00e1gosabb orsz\u00e1ga: a 2024-es glob\u00e1lis b\u00e9keindexen a 15. helyen \u00e1ll. A statisztik\u00e1kon t\u00fal a Z\u00e1gr\u00e1bban \u00e9l\u0151 helyiek \u00e9s a k\u00fclf\u00f6ldiek elmondt\u00e1k, milyen biztons\u00e1gos atmoszf\u00e9ra uralkodik a v\u00e1rosban.<\/p>\n<figure id=\"attachment_46205\" aria-describedby=\"caption-attachment-46205\" style=\"width: 755px\" class=\"wp-caption alignnone\"><img loading=\"lazy\" decoding=\"async\" class=\"size-article-size-large-image wp-image-46205\" src=\"https:\/\/www.startlap.hu\/utazas\/uploads\/sites\/3\/2022\/08\/GettyImages-1132142274-755x503.jpg\" alt=\"A v\u00e1ros alig h\u00e1rom \u00f3r\u00e1ra fekszik Budapestt\u0151l\" width=\"755\" height=\"503\" srcset=\"https:\/\/www.startlap.hu\/utazas\/uploads\/sites\/3\/2022\/08\/GettyImages-1132142274-755x503.jpg 755w, https:\/\/www.startlap.hu\/utazas\/uploads\/sites\/3\/2022\/08\/GettyImages-1132142274-1536x1024.jpg 1536w, https:\/\/www.startlap.hu\/utazas\/uploads\/sites\/3\/2022\/08\/GettyImages-1132142274-525x350.jpg 525w, https:\/\/www.startlap.hu\/utazas\/uploads\/sites\/3\/2022\/08\/GettyImages-1132142274.jpg 1773w\" sizes=\"auto, (max-width: 755px) 100vw, 755px\" \/><figcaption id=\"caption-attachment-46205\" class=\"wp-caption-text\">Fot\u00f3: Getty Images<\/figcaption><\/figure>\n<p>&#8222;Az elm\u00falt \u00e9vekben k\u00e9tszer vesztettem el a p\u00e9nzt\u00e1rc\u00e1mat, \u00e9s mindk\u00e9tszer visszakaptam, benne az \u00f6sszes bankk\u00e1rty\u00e1mmal \u00e9s p\u00e9nzemmel. Aki m\u00e1sodj\u00e1ra megtal\u00e1lta, nem fogadott el semmilyen jutalmat, csak visszaadta&#8221; \u2013 sz\u00e1molt be egy internetes felhaszn\u00e1l\u00f3.<\/p>\n<blockquote><p>Nagyon biztons\u00e1gos. A v\u00e1ros 95 sz\u00e1zal\u00e9k\u00e1ban ak\u00e1r hajnali 4 \u00f3rakor is s\u00e9t\u00e1lhatsz egyed\u00fcl, \u00e9s biztons\u00e1gban \u00e9rezheted magad<\/p><\/blockquote>\n<p>\u2013 nyilatkozta egy m\u00e1sik.<\/p>\n<h2>Olcs\u00f3 az amerikaiak sz\u00e1m\u00e1ra<\/h2>\n<p>Z\u00e1gr\u00e1bban a meg\u00e9lhet\u00e9si k\u00f6lts\u00e9gek szint\u00e9n nagyon kedvez\u0151ek egy amerikai nyugd\u00edjas sz\u00e1m\u00e1ra: \u00e1tlagosan havi 1221 doll\u00e1rb\u00f3l (460 ezer forintb\u00f3l) k\u00e9nyelmesen meg lehet \u00e9lni, ami fedezi a lakhat\u00e1st, a k\u00f6z\u00fczemi k\u00f6lts\u00e9geket, a k\u00f6zleked\u00e9st \u00e9s a napi kiad\u00e1sokat.<\/p>\n<blockquote class=\"article__extraTxt\"><p>Az \u00c1llamokban ezzel szemben sok amerikai k\u00e9tszer ennyit k\u00f6lt csak alb\u00e9rletre,<\/p><\/blockquote>\n<p>\u00edgy Horv\u00e1torsz\u00e1g f\u0151v\u00e1rosa vonz\u00f3 v\u00e1laszt\u00e1s lehet a nyugd\u00edjasok sz\u00e1m\u00e1ra an\u00e9lk\u00fcl, hogy az \u00e9letmin\u0151s\u00e9g\u00fckb\u0151l kelljen lejjebb adniuk. Z\u00e1gr\u00e1b az egyik legolcs\u00f3bb eur\u00f3pai f\u0151v\u00e1ros, k\u00fcl\u00f6n\u00f6sen, ha a lakhat\u00e1sr\u00f3l van sz\u00f3. <strong>Egy egy h\u00e1l\u00f3szob\u00e1s lak\u00e1s \u00e1tlagos b\u00e9rleti d\u00edja a v\u00e1rosk\u00f6zpontban havi 750 doll\u00e1r (286 ezer forint) k\u00f6r\u00fcl mozog<\/strong>, m\u00edg a k\u00f6zpontt\u00f3l t\u00e1volabbi lehet\u0151s\u00e9gek m\u00e9g olcs\u00f3bbak lehetnek. Az alapvet\u0151 k\u00f6z\u00fczemi szolg\u00e1ltat\u00e1sok, bele\u00e9rtve az \u00e1ramot, a f\u0171t\u00e9st, a h\u0171t\u00e9st, a vizet \u00e9s a szem\u00e9tsz\u00e1ll\u00edt\u00e1st, <strong>havonta k\u00f6r\u00fclbel\u00fcl 189 doll\u00e1rba (72 ezer forintba) ker\u00fclnek.<\/strong> A mobiltelefon-csomag k\u00f6r\u00fclbel\u00fcl 18 doll\u00e1rba (7 ezer forintba)&nbsp; ker\u00fcl, az internetszolg\u00e1ltat\u00e1s pedig \u00e1tlagosan 29 doll\u00e1r (11 ezer forint) havonta.<\/p>\n<p>A z\u00e1gr\u00e1bi t\u00f6megk\u00f6zleked\u00e9s is hat\u00e9kony \u00e9s k\u00f6lts\u00e9gk\u00edm\u00e9l\u0151, <strong>a villamosh\u00e1l\u00f3zat megfizethet\u0151 \u00e1rakat k\u00edn\u00e1l:<\/strong> egy 30 perces egyir\u00e1ny\u00fa utaz\u00e1s 0.56 doll\u00e1rba (213 forintba), egy 60 perces egyir\u00e1ny\u00fa utaz\u00e1s 0.98 doll\u00e1rba (380 forintba), egy 90 perces egyir\u00e1ny\u00fa utaz\u00e1s pedig 1.40 doll\u00e1rba (530 forintba) ker\u00fcl.<\/p>\n<h2>Mit lehet csin\u00e1lni Z\u00e1gr\u00e1bban?<\/h2>\n<p>Z\u00e1gr\u00e1b sz\u00e1mos m\u00fazeumnak \u00e9s gal\u00e9ri\u00e1nak ad otthont, amelyek dokument\u00e1lj\u00e1k a v\u00e1ros gazdag t\u00f6rt\u00e9nelm\u00e9t, eg\u00e9szen a 11. sz\u00e1zadig visszamen\u0151leg. A h\u00edres <strong>V\u00e9get\u00e9rt Kapcsolatok M\u00fazeum\u00e1t\u00f3l<\/strong> kezdve az ikonikus <strong>M\u0171v\u00e9szpavilonig<\/strong> mindenki megtal\u00e1lja a neki val\u00f3 int\u00e9zm\u00e9nyt.<\/p>\n<figure id=\"attachment_12962\" aria-describedby=\"caption-attachment-12962\" style=\"width: 755px\" class=\"wp-caption alignnone\"><img loading=\"lazy\" decoding=\"async\" class=\"size-article-size-large-image wp-image-12962\" src=\"https:\/\/www.startlap.hu\/utazas\/uploads\/sites\/3\/2020\/06\/zagrab_horvatorszag-755x504.jpg\" alt=\"\" width=\"755\" height=\"504\" srcset=\"https:\/\/www.startlap.hu\/utazas\/uploads\/sites\/3\/2020\/06\/zagrab_horvatorszag-755x504.jpg 755w, https:\/\/www.startlap.hu\/utazas\/uploads\/sites\/3\/2020\/06\/zagrab_horvatorszag-524x350.jpg 524w, https:\/\/www.startlap.hu\/utazas\/uploads\/sites\/3\/2020\/06\/zagrab_horvatorszag.jpg 800w\" sizes=\"auto, (max-width: 755px) 100vw, 755px\" \/><figcaption id=\"caption-attachment-12962\" class=\"wp-caption-text\">Fot\u00f3: Getty Images<\/figcaption><\/figure>\n<p>A t\u00f6rt\u00e9nelmi l\u00e1tnival\u00f3k mellett Z\u00e1gr\u00e1b h\u00edres <a href=\"https:\/\/www.startlap.hu\/utazas\/arabica-kavezo-kiraly-utca\/\" target=\"_blank\" rel=\"noopener noreferrer\">k\u00e1v\u00e9kult\u00far\u00e1j\u00e1r\u00f3l<\/a>: a helyiek gyakran \u00f6sszegy\u0171lnek egy k\u00e1v\u00e9ra. Ez a hagyom\u00e1ny a 18. sz\u00e1zadra ny\u00falik vissza, amikor a v\u00e1rosban megny\u00edlt a v\u00e1rosban az els\u0151 <em>kavana<\/em> (k\u00e1v\u00e9h\u00e1z). Ma Z\u00e1gr\u00e1b t\u00f6bb sz\u00e1z k\u00e1v\u00e9z\u00f3ja k\u00edn\u00e1l nyugodt l\u00e9gk\u00f6rt \u00e9s remek italokat.<\/p>\n<blockquote class=\"article__extraTxt\"><p>A v\u00e1rosb\u00f3l kiszabadulni v\u00e1gy\u00f3k sz\u00e1m\u00e1ra Horv\u00e1torsz\u00e1g fest\u0151i tengerpartjai remek kir\u00e1ndul\u00e1si lehet\u0151s\u00e9get k\u00edn\u00e1lnak.<\/p><\/blockquote>\n<p>B\u00e1r a tengerpart t\u00f6bb mint k\u00e9t\u00f3r\u00e1s aut\u00f3\u00fatra fekszik, az utaz\u00e1s mindenk\u00e9ppen meg\u00e9ri: az egyik legjobb hely a <strong>Mo\u0161\u0107eni\u010dka Draga<\/strong>, egy b\u00e9k\u00e9s, kavicsos strand krist\u00e1lytiszta k\u00e9k v\u00edzzel.<\/p>\n<div class=\"o-widget m-readMoreWidget -readMore u-shortDecorLineAfter row widget-container _ce_measure_widget bigdata-widget read-more\" data-ce-measure-widget=\"olvass tov\u00e1bb\">\n\t<div class=\"m-readMoreWidget__imgWrapper image-wrapper col-12 col-md-4 no-p\">\n\t\t<a class=\"m-readMoreWidget__imgLink\" href=\"https:\/\/www.startlap.hu\/utazas\/albania-latnivalok-arak-2026\/\" >\n\t\t\t<img decoding=\"async\" src=\"https:\/\/www.startlap.hu\/utazas\/uploads\/sites\/3\/2026\/02\/GettyImages-1133142326_11zon-350x285.jpg\" class=\"m-readMoreWidget__img\">\n\t\t<\/a>\n\t<\/div>\n\t<div class=\"m-readMoreWidget__titleWrapper title-wrapper col-12 col-md-8\">\n\t\t<span class=\"m-readMoreWidget__titleLabel u-shortDecorLineBefore label hidden-sm-up\">Ez is \u00e9rdekelhet:<\/span>\n\t\t<h3 class=\"m-readMoreWidget__title title\">\n\t\t\t<a class=\"m-readMoreWidget__titleLink -secondFont u-bold u-upperCase\" href=\"https:\/\/www.startlap.hu\/utazas\/albania-latnivalok-arak-2026\/\" >A magyarok \u00faj kedvence: Alb\u00e1nia pazar l\u00e1tnival\u00f3i \u00e9s rejtett gy\u00f6ngyszemei &#8211; \u00e1rakkal, fontos tudnival\u00f3kkal<\/a>\n\t\t<\/h3>\n\t\t<a class=\"m-readMoreWidget__btn -coloredBack u-tC link\" href=\"https:\/\/www.startlap.hu\/utazas\/albania-latnivalok-arak-2026\/\" >Elolvasom<\/a>\n\t<\/div>\n<\/div>\n","protected":false},"excerpt":{"rendered":"<p>Az amerikai nyugd\u00edjasok sz\u00e1m\u00e1ra igazi k\u00e1na\u00e1n lehet ez az eur\u00f3pai f\u0151v\u00e1ros: a mediterr\u00e1n hangulat\u00fa telep\u00fcl\u00e9s olcs\u00f3, biztons\u00e1gos \u00e9s sok l\u00e1tv\u00e1nyoss\u00e1got tartogat.<\/p>\n","protected":false},"author":63,"featured_media":46205,"comment_status":"closed","ping_status":"closed","sticky":false,"template":"","format":"standard","meta":{"footnotes":""},"categories":[70],"tags":[112,2165,601],"class_list":["post-85471","post","type-post","status-publish","format-standard","has-post-thumbnail","hentry","category-vilag","tag-horvatorszag","tag-nyugdijas","tag-zagrab"],"aioseo_notices":[],"_links":{"self":[{"href":"https:\/\/www.startlap.hu\/utazas\/wp-json\/wp\/v2\/posts\/85471","targetHints":{"allow":["GET"]}}],"collection":[{"href":"https:\/\/www.startlap.hu\/utazas\/wp-json\/wp\/v2\/posts"}],"about":[{"href":"https:\/\/www.startlap.hu\/utazas\/wp-json\/wp\/v2\/types\/post"}],"author":[{"embeddable":true,"href":"https:\/\/www.startlap.hu\/utazas\/wp-json\/wp\/v2\/users\/63"}],"replies":[{"embeddable":true,"href":"https:\/\/www.startlap.hu\/utazas\/wp-json\/wp\/v2\/comments?post=85471"}],"version-history":[{"count":5,"href":"https:\/\/www.startlap.hu\/utazas\/wp-json\/wp\/v2\/posts\/85471\/revisions"}],"predecessor-version":[{"id":85491,"href":"https:\/\/www.startlap.hu\/utazas\/wp-json\/wp\/v2\/posts\/85471\/revisions\/85491"}],"wp:featuredmedia":[{"embeddable":true,"href":"https:\/\/www.startlap.hu\/utazas\/wp-json\/wp\/v2\/media\/46205"}],"wp:attachment":[{"href":"https:\/\/www.startlap.hu\/utazas\/wp-json\/wp\/v2\/media?parent=85471"}],"wp:term":[{"taxonomy":"category","embeddable":true,"href":"https:\/\/www.startlap.hu\/utazas\/wp-json\/wp\/v2\/categories?post=85471"},{"taxonomy":"post_tag","embeddable":true,"href":"https:\/\/www.startlap.hu\/utazas\/wp-json\/wp\/v2\/tags?post=85471"}],"curies":[{"name":"wp","href":"https:\/\/api.w.org\/{rel}","templated":true}]}}