{"id":85234,"date":"2025-02-20T06:33:48","date_gmt":"2025-02-20T05:33:48","guid":{"rendered":"https:\/\/www.startlap.hu\/utazas\/?p=85234"},"modified":"2025-02-20T08:24:52","modified_gmt":"2025-02-20T07:24:52","slug":"ferihegy-repuloter-korlatozas","status":"publish","type":"post","link":"https:\/\/www.startlap.hu\/utazas\/ferihegy-repuloter-korlatozas\/","title":{"rendered":"Bejelentett\u00e9k: cs\u00fct\u00f6rt\u00f6kt\u0151l ennyivel kor\u00e1bban kell \u00e9rkezni Ferihegyre"},"content":{"rendered":"<p>Cs\u00fct\u00f6rt\u00f6kt\u0151l a j\u00e1ratok indul\u00e1sa el\u0151tt legal\u00e1bb <strong>k\u00e9t \u00e9s f\u00e9l \u00f3r\u00e1val \u00e9rdemes meg\u00e9rkezni<\/strong> a Liszt Ferenc Rep\u00fcl\u0151t\u00e9rre.<\/p>\n<p>A Budapest Airport egy ism\u00e9telt figyelmeztet\u0151 \u00fczenetben h\u00edvta fel ugyanis&nbsp; a figyelmet arra, hogy febru\u00e1r 20-t\u00f3l h\u00f3napokon kereszt\u00fcl <strong>nem lesz lehet\u0151s\u00e9g majd <a href=\"https:\/\/www.startlap.hu\/utazas\/liszt-ferenc-nemzetkozi-repuloter-forgalomkorlatozas-autosok\/\" target=\"_blank\" rel=\"noopener noreferrer\">aut\u00f3val felhajtani<\/a> a rep\u00fcl\u0151t\u00e9r fels\u0151, indul\u00e1si szintj\u00e9re<\/strong>, ami kellemetlens\u00e9get okozhat azok sz\u00e1m\u00e1ra, akik err\u0151l el\u0151zetesen nem \u00e9rtes\u00fcltek.<\/p>\n<p>A rept\u00e9rfejleszt\u00e9si munk\u00e1latok miatt meg\u00fajul a Liszt Ferenc Nemzetk\u00f6zi Rep\u00fcl\u0151t\u00e9r 2. Termin\u00e1lj\u00e1hoz vezet\u0151 <strong>h\u00edd, valamint az \u00e9p\u00fclet el\u0151tti, ki- \u00e9s besz\u00e1ll\u00e1sra kijel\u00f6lt ter\u00fclet<\/strong> \u2013 sz\u00e1molt be r\u00f3la a <a href=\"https:\/\/www.bud.hu\/utazas\/jarat_es_utazasi_informaciok\" target=\"_blank\" target=\"_blank\" rel=\"noopener noreferrer\">Bud.hu<\/a>.<\/p>\n<p><strong>Az indul\u00e1si (fels\u0151) szint aut\u00f3s forgalom el\u0151l lez\u00e1r\u00e1sra ker\u00fcl<\/strong>, m\u00edg az \u00e9rkez\u00e9si (als\u00f3) szinten sz\u0171k\u00fcl a ki- \u00e9s besz\u00e1ll\u00e1sra rendelkez\u00e9sre \u00e1ll\u00f3 ter\u00fclet.<\/p>\n<h2>Parkol\u00e1ssal nem lesz gond<\/h2>\n<p><strong>A rep\u00fcl\u0151t\u00e9r \u00f6sszes parkol\u00f3ja<\/strong> viszont zavartalanul fog m\u0171k\u00f6dik. Az aut\u00f3val \u00e9rkez\u0151 utasok sz\u00e1m\u00e1ra a Budapest Airport a z\u00f6ld t\u00e1bl\u00e1kkal jel\u00f6lt Termin\u00e1l Parkol\u00f3t \u00e9s a lila t\u00e1bl\u00e1kkal jel\u00f6lt City Break Parkol\u00f3t aj\u00e1nlja, amelyeket napi k\u00e9t alkalommal, \u00f6t percig d\u00edjmentesen lehet haszn\u00e1lni.<\/p>\n<p><iframe loading=\"lazy\" width=\"750\" height=\"679\" frameborder=\"0\" src=\"https:\/\/www.facebook.com\/plugins\/post.php?href=https%3A%2F%2Fwww.facebook.com%2Fbudapestairport%2Fposts%2F1020309706808080&amp;width=750&amp;show_text=true&amp;height=679&amp;appId\"><\/iframe>&nbsp;<\/p>\n<p><strong>A mozg\u00e1skorl\u00e1tozott k\u00e1rty\u00e1val rendelkez\u0151 utasoknak<\/strong> a fel\u00faj\u00edt\u00e1s ideje alatt az \u00e9rkez\u00e9si (als\u00f3) szinten lesz lehet\u0151s\u00e9g\u00fck parkolni.&nbsp; A 2-es Termin\u00e1lon t\u00e1gas liftjei zavartalanul m\u0171k\u00f6dnek majd, a Budapest Airport pedig ebben az id\u0151szakban is k\u00fcl\u00f6n seg\u00edts\u00e9get ny\u00fajt speci\u00e1lis ig\u00e9ny\u0171 utasainak.<\/p>\n<h2>V\u00e1ltozok a t\u00f6megk\u00f6zleked\u00e9s rendje is<\/h2>\n<p>A BKK-n k\u00edv\u00fcli buszok sz\u00e1m\u00e1ra az indul\u00e1si (fels\u0151) szint nem lesz el\u00e9rhet\u0151, helyette a Busz Termin\u00e1l \u00e1ll rendelkez\u00e9sre. A 100E busz 2025 j\u00fanius\u00e1ig a lez\u00e1rt fels\u0151 szint helyett az <strong>\u00e9rkez\u00e9si szint k\u00fcls\u0151 \u00edv\u00e9re<\/strong> \u00e9rkezik, a belv\u00e1ros fel\u00e9 pedig tov\u00e1bbra is az <strong>\u00e9rkez\u00e9si szint bels\u0151 \u00edv\u00e9r\u0151l indul.<\/strong><\/p>\n<p>A Budapest Airport k\u00e9ri az utasok t\u00fcrelm\u00e9t \u00e9s meg\u00e9rt\u00e9s\u00e9t a fel\u00faj\u00edt\u00e1si munk\u00e1latok ideje alatt. A t\u00f6megk\u00f6zleked\u00e9s hamarosan kedvez\u0151bb\u00e9 v\u00e1lhat: a F\u0151v\u00e1rosi K\u00f6zgy\u0171l\u00e9s elfogadta azt a javaslatot, amely szerint a budapesti b\u00e9rlettel rendelkez\u0151 utasok jelent\u0151s kedvezm\u00e9nyt kapnak majd a 100E buszj\u00e1ratra.<\/p>\n<div class=\"o-widget m-readMoreWidget -readMore u-shortDecorLineAfter row widget-container _ce_measure_widget bigdata-widget read-more\" data-ce-measure-widget=\"olvass tov\u00e1bb\">\n\t<div class=\"m-readMoreWidget__imgWrapper image-wrapper col-12 col-md-4 no-p\">\n\t\t<a class=\"m-readMoreWidget__imgLink\" href=\"https:\/\/www.startlap.hu\/utazas\/utasszallito-repulogep-baleset-landolas-toronto-fotok\/\" >\n\t\t\t<img decoding=\"async\" src=\"https:\/\/www.startlap.hu\/utazas\/uploads\/sites\/3\/2025\/02\/toronto-repulogep-baleset-05-350x285.jpg\" class=\"m-readMoreWidget__img\">\n\t\t<\/a>\n\t<\/div>\n\t<div class=\"m-readMoreWidget__titleWrapper title-wrapper col-12 col-md-8\">\n\t\t<span class=\"m-readMoreWidget__titleLabel u-shortDecorLineBefore label hidden-sm-up\">Ez is \u00e9rdekelhet:<\/span>\n\t\t<h3 class=\"m-readMoreWidget__title title\">\n\t\t\t<a class=\"m-readMoreWidget__titleLink -secondFont u-bold u-upperCase\" href=\"https:\/\/www.startlap.hu\/utazas\/utasszallito-repulogep-baleset-landolas-toronto-fotok\/\" >Rendk\u00edv\u00fcli! Fot\u00f3kon a h\u00e1t\u00e1n f\u00f6ldet \u00e9r\u0151, sz\u00e1rny\u00e1t vesztett utassz\u00e1ll\u00edt\u00f3 rep\u00fcl\u0151g\u00e9p<\/a>\n\t\t<\/h3>\n\t\t<a class=\"m-readMoreWidget__btn -coloredBack u-tC link\" href=\"https:\/\/www.startlap.hu\/utazas\/utasszallito-repulogep-baleset-landolas-toronto-fotok\/\" >Elolvasom<\/a>\n\t<\/div>\n<\/div>\n","protected":false},"excerpt":{"rendered":"<p>A rept\u00e9rfejleszt\u00e9si munk\u00e1latok miatt meg\u00fajul a Liszt Ferenc Nemzetk\u00f6zi Rep\u00fcl\u0151t\u00e9r 2. Termin\u00e1lj\u00e1hoz vezet\u0151 h\u00edd, valamint az \u00e9p\u00fclet el\u0151tti, ki- \u00e9s besz\u00e1ll\u00e1sra kijel\u00f6lt ter\u00fclet.<\/p>\n","protected":false},"author":8,"featured_media":64060,"comment_status":"closed","ping_status":"closed","sticky":false,"template":"","format":"standard","meta":{"footnotes":""},"categories":[7],"tags":[1437,1383,7692],"class_list":["post-85234","post","type-post","status-publish","format-standard","has-post-thumbnail","hentry","category-belfold-utazas","tag-budapest-liszt-ferenc-nemzetkozi-repuloter","tag-ferihegy","tag-forgalomkorlatozas"],"aioseo_notices":[],"_links":{"self":[{"href":"https:\/\/www.startlap.hu\/utazas\/wp-json\/wp\/v2\/posts\/85234","targetHints":{"allow":["GET"]}}],"collection":[{"href":"https:\/\/www.startlap.hu\/utazas\/wp-json\/wp\/v2\/posts"}],"about":[{"href":"https:\/\/www.startlap.hu\/utazas\/wp-json\/wp\/v2\/types\/post"}],"author":[{"embeddable":true,"href":"https:\/\/www.startlap.hu\/utazas\/wp-json\/wp\/v2\/users\/8"}],"replies":[{"embeddable":true,"href":"https:\/\/www.startlap.hu\/utazas\/wp-json\/wp\/v2\/comments?post=85234"}],"version-history":[{"count":10,"href":"https:\/\/www.startlap.hu\/utazas\/wp-json\/wp\/v2\/posts\/85234\/revisions"}],"predecessor-version":[{"id":85244,"href":"https:\/\/www.startlap.hu\/utazas\/wp-json\/wp\/v2\/posts\/85234\/revisions\/85244"}],"wp:featuredmedia":[{"embeddable":true,"href":"https:\/\/www.startlap.hu\/utazas\/wp-json\/wp\/v2\/media\/64060"}],"wp:attachment":[{"href":"https:\/\/www.startlap.hu\/utazas\/wp-json\/wp\/v2\/media?parent=85234"}],"wp:term":[{"taxonomy":"category","embeddable":true,"href":"https:\/\/www.startlap.hu\/utazas\/wp-json\/wp\/v2\/categories?post=85234"},{"taxonomy":"post_tag","embeddable":true,"href":"https:\/\/www.startlap.hu\/utazas\/wp-json\/wp\/v2\/tags?post=85234"}],"curies":[{"name":"wp","href":"https:\/\/api.w.org\/{rel}","templated":true}]}}