{"id":84379,"date":"2025-01-30T21:27:56","date_gmt":"2025-01-30T20:27:56","guid":{"rendered":"https:\/\/www.startlap.hu\/utazas\/?p=84379"},"modified":"2025-01-30T21:39:03","modified_gmt":"2025-01-30T20:39:03","slug":"arabica-kavezo-kiraly-utca","status":"publish","type":"post","link":"https:\/\/www.startlap.hu\/utazas\/arabica-kavezo-kiraly-utca\/","title":{"rendered":"Jap\u00e1nb\u00f3l \u00e9rkezett k\u00e1v\u00e9z\u00f3 ny\u00edlt Budapesten"},"content":{"rendered":"<p>A <strong><a href=\"https:\/\/www.startlap.hu\/utazas\/japan-rekord-turizmus-koltseg\/\" target=\"_blank\" rel=\"noopener noreferrer\">jap\u00e1n<\/a><\/strong> % Arabica pr\u00e9mium k\u00e1v\u00e9z\u00f3l\u00e1nc els\u0151 magyar egys\u00e9ge nyitott meg Budapesten, a Kir\u00e1ly utca 40-ben, az egykori B\u00e9csi S\u00f6rh\u00e1z hely\u00e9n &#8211; \u00edrja az <a href=\"https:\/\/www.hirstart.hu\/site\/relocate.php?rssid=1094&amp;rsspid=3&amp;ctype=rss&amp;id=35606939&amp;chk=c92fe7315968dc31cbdf4cfa03d3d821&amp;url=https%3A%2F%2Figenyesferfi.hu%2Feletmod%2Fspecialty-kave-japanbol-megerkezett-budapestre-a-arabica.php\" target=\"_blank\" target=\"_blank\" rel=\"noopener noreferrer\"><strong>Igenyesferfi.hu<\/strong><\/a>. A letisztult, minimalista diz\u00e1jn, a <strong>helyben p\u00f6rk\u00f6lt k\u00e1v\u00e9 \u00e9s az egyedi k\u00e1v\u00e9k\u00e9sz\u00edt\u00e9si technik\u00e1k<\/strong> r\u00e9v\u00e9n \u00faj sz\u00ednt visz a f\u0151v\u00e1ros vend\u00e9gl\u00e1t\u00f3helyek k\u00edn\u00e1lat\u00e1ba.<\/p>\n<p>Az \u00fczlet k\u00fcls\u0151re nem igaz\u00e1n egy k\u00e1v\u00e9z\u00f3 hangulat\u00e1t adja vissza. Azonban a feh\u00e9r falak, a <strong>Zsolnay porcel\u00e1nmanufakt\u00fara \u00e1ltal k\u00e9sz\u00edtett egyedi csemp\u00e9k \u00e9s \u00fcl\u0151alkalmatoss\u00e1gok<\/strong>, valamint az eredeti t\u00e9glafalak \u00e9s nyers beton elemek k\u00fcl\u00f6nleges kontrasztot teremtenek, \u00edgy egyszerre modern \u00e9s id\u0151t\u00e1ll\u00f3 hangulatot adnak a t\u00e9rnek a k\u00e1v\u00e9z\u00e1s sor\u00e1n.<\/p>\n<p>&nbsp;<iframe loading=\"lazy\" width=\"750\" height=\"988\" frameborder=\"0\" src=\"https:\/\/www.facebook.com\/plugins\/post.php?href=https%3A%2F%2Fwww.facebook.com%2Fpermalink.php%3Fstory_fbid%3Dpfbid0gRP32nyDNQvMUqnZWf6NzQ8YsiiyDY2LJNZG2wYdCu3kd52xdEuyTE7UW6Qz3mXfl%26id%3D61566322265035&amp;width=750&amp;show_text=false&amp;height=988&amp;appId\"><\/iframe><\/p>\n<p>A % Arabica nem az olasz st\u00edlust k\u00f6veti, mivel Seattle-i Slayer k\u00e1v\u00e9g\u00e9peket haszn\u00e1l, melyek lehet\u0151v\u00e9 teszik a k\u00e1v\u00e9 finomhangolt elk\u00e9sz\u00edt\u00e9s\u00e9t. Az itallapon klasszikus eszpressz\u00f3, macchiato, latte \u00e9s americano mellett olyan k\u00fcl\u00f6nleges italok is szerepelnek a k\u00edn\u00e1latban, mint a s\u0171r\u00edtett tejjel k\u00e9sz\u00fclt <strong>kiot\u00f3i k\u00e1v\u00e9 vagy a csokol\u00e1d\u00e9s dark verzi\u00f3.<\/strong><\/p>\n<p>A budapesti % Arabica egyik legnagyobb k\u00fcl\u00f6nlegess\u00e9ge, hogy <strong>helyben p\u00f6rk\u00f6li a k\u00e1v\u00e9babot.<\/strong> Az \u00fczletben t\u00edzf\u00e9le k\u00e1v\u00e9 k\u00f6z\u00fcl lehet v\u00e1lasztani, amelyek Braz\u00edli\u00e1b\u00f3l, Eti\u00f3pi\u00e1b\u00f3l, Kolumbi\u00e1b\u00f3l \u00e9s m\u00e1s term\u0151ter\u00fcletekr\u0151l \u00e9rkeznek. Az otthoni k\u00e1v\u00e9k\u00e9sz\u00edt\u00e9si m\u00f3dokhoz igaz\u00edtva f\u0151zik le ezeket, legyen sz\u00f3 kotyog\u00f3sr\u00f3l, eszpressz\u00f3g\u00e9pr\u0151l vagy cs\u00f6p\u00f6gtet\u0151s rendszerr\u0151l.<\/p>\n<p>A c\u00e9g filoz\u00f3fi\u00e1j\u00e1nak alapja, hogy k\u00edn\u00e1lat\u00e1ban mindig szerepel egy s\u00f6t\u00e9tebb p\u00f6rk\u00f6l\u00e9s\u0171 arabica, valamint egy \u00e9vente friss\u00fcl\u0151 k\u00fcl\u00f6nleges v\u00e1logat\u00e1s, amelyet a franchise szak\u00e9rt\u0151i a vil\u00e1g k\u00fcl\u00f6nb\u00f6z\u0151 \u00fcltetv\u00e9nyeir\u0151l szereznek be.<\/p>\n<div class=\"o-widget m-readMoreWidget -readMore u-shortDecorLineAfter row widget-container _ce_measure_widget bigdata-widget read-more\" data-ce-measure-widget=\"olvass tov\u00e1bb\">\n\t<div class=\"m-readMoreWidget__imgWrapper image-wrapper col-12 col-md-4 no-p\">\n\t\t<a class=\"m-readMoreWidget__imgLink\" href=\"https:\/\/www.startlap.hu\/utazas\/starbucks-korea-demilitarizalt-ovezet\/\" >\n\t\t\t<img decoding=\"async\" src=\"https:\/\/www.startlap.hu\/utazas\/uploads\/sites\/3\/2024\/11\/075_cfoto-starbuck241101_npRZc-350x285.jpg\" class=\"m-readMoreWidget__img\">\n\t\t<\/a>\n\t<\/div>\n\t<div class=\"m-readMoreWidget__titleWrapper title-wrapper col-12 col-md-8\">\n\t\t<span class=\"m-readMoreWidget__titleLabel u-shortDecorLineBefore label hidden-sm-up\">Ez is \u00e9rdekelhet:<\/span>\n\t\t<h3 class=\"m-readMoreWidget__title title\">\n\t\t\t<a class=\"m-readMoreWidget__titleLink -secondFont u-bold u-upperCase\" href=\"https:\/\/www.startlap.hu\/utazas\/starbucks-korea-demilitarizalt-ovezet\/\" >A vil\u00e1g legfur\u00e1bb kil\u00e1t\u00e1s\u00e1t k\u00edn\u00e1lja a Starbucks \u00faj \u00fczlete<\/a>\n\t\t<\/h3>\n\t\t<a class=\"m-readMoreWidget__btn -coloredBack u-tC link\" href=\"https:\/\/www.startlap.hu\/utazas\/starbucks-korea-demilitarizalt-ovezet\/\" >Elolvasom<\/a>\n\t<\/div>\n<\/div>\n","protected":false},"excerpt":{"rendered":"<p>A felkel\u0151 nap orsz\u00e1g\u00e1ban tal\u00e1lhat\u00f3 k\u00e1v\u00e9z\u00f3l\u00e1nc nyitott \u00faj egys\u00e9get a magyar f\u0151v\u00e1rosban. A k\u00e1v\u00e9z\u00f3 rendk\u00edv\u00fcl rendk\u00edv\u00fcl letisztult formatervez\u00e9st kapott.<\/p>\n","protected":false},"author":8,"featured_media":84382,"comment_status":"closed","ping_status":"closed","sticky":false,"template":"","format":"standard","meta":{"footnotes":""},"categories":[7],"tags":[23,2049],"class_list":["post-84379","post","type-post","status-publish","format-standard","has-post-thumbnail","hentry","category-belfold-utazas","tag-budapest","tag-kavezo"],"aioseo_notices":[],"_links":{"self":[{"href":"https:\/\/www.startlap.hu\/utazas\/wp-json\/wp\/v2\/posts\/84379","targetHints":{"allow":["GET"]}}],"collection":[{"href":"https:\/\/www.startlap.hu\/utazas\/wp-json\/wp\/v2\/posts"}],"about":[{"href":"https:\/\/www.startlap.hu\/utazas\/wp-json\/wp\/v2\/types\/post"}],"author":[{"embeddable":true,"href":"https:\/\/www.startlap.hu\/utazas\/wp-json\/wp\/v2\/users\/8"}],"replies":[{"embeddable":true,"href":"https:\/\/www.startlap.hu\/utazas\/wp-json\/wp\/v2\/comments?post=84379"}],"version-history":[{"count":8,"href":"https:\/\/www.startlap.hu\/utazas\/wp-json\/wp\/v2\/posts\/84379\/revisions"}],"predecessor-version":[{"id":84388,"href":"https:\/\/www.startlap.hu\/utazas\/wp-json\/wp\/v2\/posts\/84379\/revisions\/84388"}],"wp:featuredmedia":[{"embeddable":true,"href":"https:\/\/www.startlap.hu\/utazas\/wp-json\/wp\/v2\/media\/84382"}],"wp:attachment":[{"href":"https:\/\/www.startlap.hu\/utazas\/wp-json\/wp\/v2\/media?parent=84379"}],"wp:term":[{"taxonomy":"category","embeddable":true,"href":"https:\/\/www.startlap.hu\/utazas\/wp-json\/wp\/v2\/categories?post=84379"},{"taxonomy":"post_tag","embeddable":true,"href":"https:\/\/www.startlap.hu\/utazas\/wp-json\/wp\/v2\/tags?post=84379"}],"curies":[{"name":"wp","href":"https:\/\/api.w.org\/{rel}","templated":true}]}}