{"id":84358,"date":"2025-01-30T16:27:47","date_gmt":"2025-01-30T15:27:47","guid":{"rendered":"https:\/\/www.startlap.hu\/utazas\/?p=84358"},"modified":"2025-01-30T16:31:24","modified_gmt":"2025-01-30T15:31:24","slug":"vonat-jegy-mav-teljes-nev-szabaly-buntetes","status":"publish","type":"post","link":"https:\/\/www.startlap.hu\/utazas\/vonat-jegy-mav-teljes-nev-szabaly-buntetes\/","title":{"rendered":"T\u00edzezres b\u00fcntet\u00e9s j\u00f6het a M\u00c1V-t\u00f3l, ha ez hi\u00e1nyzik a vonatjegyr\u0151l"},"content":{"rendered":"<p>A <strong>Redditen<\/strong> ker\u00fclt nyilv\u00e1noss\u00e1g el\u00e9 az eset, melynek sor\u00e1n a <strong>M\u00c1V<\/strong> kalauza 40 ezer forintos b\u00fcntet\u00e9st r\u00f3tt ki egy helyjeggyel k\u00f6zleked\u0151 utasra, \u00edrja a <a href=\"https:\/\/www.hirstart.hu\/site\/relocate.php?rssid=71&amp;rsspid=3&amp;ctype=rss&amp;id=35591960&amp;chk=79ea09887c62bc23a56bee4f8d9d1a71&amp;url=https%3A%2F%2Fwww.blikk.hu%2Fgazdasag%2Fpenz%2Fmav-jegy-berlet-buntetes%2Fg9hlswk%3Futm_source%3Dhirstart%26utm_medium%3Dcpc%26utm_campaign%3Dblikk-hirstart\" target=\"_blank\" target=\"_blank\" rel=\"noopener noreferrer\">Blikk<\/a>. Az utasnak k\u00e9t keresztneve van, de csak az egyiket \u00edrta a jegyre: a M\u00c1V szerint ez szab\u00e1lyszeg\u00e9snek sz\u00e1m\u00edt.<\/p>\n<h2>V\u00e1laszolt a M\u00c1V: teljes nevet \u00edrjunk a jegyre!<\/h2>\n<p>A szab\u00e1lytalanul k\u00f6zleked\u0151 utas a Redditen osztotta meg t\u00f6rt\u00e9net\u00e9t: bejegyz\u00e9se szerint k\u00e9t v\u00e1laszt\u00e1sa volt, fizethet vagy lesz\u00e1ll a vonatr\u00f3l. A Blikk megkereste a M\u00c1V-ot az esettel kapcsolatban: ugyan a konkr\u00e9t utas szem\u00e9lyazonoss\u00e1g\u00e1ra \u00e9s a bejegyz\u00e9s val\u00f3s\u00e1gtartalm\u00e1ra nem der\u00fclt f\u00e9ny, a vas\u00fatt\u00e1rsas\u00e1g meger\u0151s\u00edtette, hogy a kalauz helyesen j\u00e1rt el.<\/p>\n<p>A M\u00c1V v\u00e1laszlevel\u00e9ben \u00edrtak szerint a jegyvizsg\u00e1l\u00f3k c\u00e9lja sosem a b\u00fcntet\u00e9s, de bizonyos esetekben nincs v\u00e1laszt\u00e1si lehet\u0151s\u00e9g\u00fck, hiszen a jogszab\u00e1lyok egy\u00e9rtelm\u0171ek:<\/p>\n<blockquote class=\"article__extraTxt\"><p>ilyen szab\u00e1ly a pontos n\u00e9v haszn\u00e1lata a jegyeken \u00e9s b\u00e9rleteken.<\/p><\/blockquote>\n<p>Az elektronikus menetjegyeken a n\u00e9v megad\u00e1s\u00e1val t\u00f6rt\u00e9nik az \u00fagynevezett megszem\u00e9lyes\u00edt\u00e9s, ez\u00e9rt a nevet a szem\u00e9lyazonos\u00edt\u00f3 okm\u00e1nyban szerepl\u0151vel teljesen megegyez\u0151en kell megadni. Teh\u00e1t ha <strong>k\u00e9t vagy t\u00f6bb ut\u00f3nev\u00fcnk van, azokat mind r\u00e1 kell \u00edrni a jegyre<\/strong>, hogy az \u00e9rv\u00e9nyes legyen. Ez nem csak a M\u00c1V-n\u00e1l van \u00edgy: a <a href=\"https:\/\/www.startlap.hu\/utazas\/repulojegy-kulonado-arvaltozas-szakerto\/\" target=\"_blank\" rel=\"noopener noreferrer\">rep\u00fcl\u0151jegyek<\/a> eset\u00e9n is fontos, hogy a teljes nev\u00fcnk szerepeljen rajta.<\/p>\n<p>Az elektronikus menetjegy szem\u00e9lyhez k\u00f6t\u00f6tt utaz\u00e1si jogosults\u00e1g: ez a szem\u00e9lysz\u00e1ll\u00edt\u00e1si t\u00f6rv\u00e9ny alapj\u00e1n csak az &#8222;utaz\u00e1si okm\u00e1ny \u00e1ltal azonos\u00edthat\u00f3 m\u00f3don megjel\u00f6lt utast&#8221; jogos\u00edtja utaz\u00e1sra. Ilyenek a n\u00e9vre sz\u00f3l\u00f3 jegyek, b\u00e9rletek, kedvezm\u00e9nyre jogos\u00edt\u00f3 iratok is.<\/p>\n<figure id=\"attachment_84359\" aria-describedby=\"caption-attachment-84359\" style=\"width: 755px\" class=\"wp-caption alignnone\"><img loading=\"lazy\" decoding=\"async\" class=\"size-article-size-large-image wp-image-84359\" src=\"https:\/\/www.startlap.hu\/utazas\/uploads\/sites\/3\/2025\/01\/vonat-755x503.jpg\" alt=\"\" width=\"755\" height=\"503\" srcset=\"https:\/\/www.startlap.hu\/utazas\/uploads\/sites\/3\/2025\/01\/vonat-755x503.jpg 755w, https:\/\/www.startlap.hu\/utazas\/uploads\/sites\/3\/2025\/01\/vonat-1536x1024.jpg 1536w, https:\/\/www.startlap.hu\/utazas\/uploads\/sites\/3\/2025\/01\/vonat-2048x1365.jpg 2048w, https:\/\/www.startlap.hu\/utazas\/uploads\/sites\/3\/2025\/01\/vonat-525x350.jpg 525w\" sizes=\"auto, (max-width: 755px) 100vw, 755px\" \/><figcaption id=\"caption-attachment-84359\" class=\"wp-caption-text\">Fot\u00f3: Getty Images<\/figcaption><\/figure>\n<p>&#8222;Ha a n\u00e9vre sz\u00f3l\u00f3 jeggyel, b\u00e9rlettel nem az utazik, vagy a kedvezm\u00e9nyt nem az veszi ig\u00e9nybe, akinek a nev\u00e9re sz\u00f3l, akkor az vissza\u00e9l\u00e9snek sz\u00e1m\u00edt, amely esetben a koll\u00e9g\u00e1inknak nincs m\u00e9rlegel\u00e9si lehet\u0151s\u00e9ge: b\u00fcntet\u00e9st k\u00e9nytelenek kiszabni, m\u00e9ghozz\u00e1 \u2013 a meg\u00e1llap\u00edtott menetd\u00edj vagy p\u00f3tjegy d\u00edj\u00e1n fel\u00fcl \u2013 25 ezer forintos p\u00f3td\u00edjat&#8221; \u2013 \u00edrta a <strong>M\u00c1V Kommunik\u00e1ci\u00f3s Igazgat\u00f3s\u00e1ga<\/strong> a Blikknek.<\/p>\n<p>\u00cdgy teh\u00e1t k\u00f6nnyen \u00e9rthet\u0151, hogy<\/p>\n<blockquote class=\"article__extraTxt\"><p>a megv\u00e1s\u00e1rolt jegyet vagy b\u00e9rletet nem szabad m\u00e1sra \u00e1truh\u00e1zni vagy k\u00f6lcs\u00f6nadni sem:<\/p><\/blockquote>\n<p>szem\u00e9lyhez k\u00f6t\u00f6tt utaz\u00e1si jogosults\u00e1g eset\u00e9ben csak az utazhat a jeggyel, akinek a neve szerepel rajta.<\/p>\n<p>A szab\u00e1lytalanul k\u00f6zleked\u0151 utast ki lehet z\u00e1rni az utaz\u00e1sb\u00f3l, ha a p\u00f3td\u00edjat a helysz\u00ednen nem fizeti meg, illetve nem adja meg az adatait a p\u00f3td\u00edj k\u00e9s\u0151bbi befizet\u00e9s\u00e9hez. A p\u00f3td\u00edj azonban m\u00e9rs\u00e9kelhet\u0151 az ut\u00f3lagos bemutat\u00e1s d\u00edj\u00e1ra, ha az utas 15 napon bel\u00fcl be tudja mutatni az adott utaz\u00e1sra \u00e9rv\u00e9nyes jegy\u00e9t, b\u00e9rlet\u00e9t vagy utaz\u00e1si, illetve kedvezm\u00e9nyre val\u00f3 jogosults\u00e1g\u00e1t, amennyiben azokat csup\u00e1n ellen\u0151rz\u00e9skor nem tal\u00e1lta.<\/p>\n<p><strong>Az ut\u00f3lagos bemutat\u00e1s d\u00edja:<\/strong><\/p>\n<ul>\n<li>vas\u00fati utaz\u00e1s eset\u00e9n: 2 600 Ft<\/li>\n<li>aut\u00f3buszos utaz\u00e1s eset\u00e9n: 2 500 Ft<\/li>\n<li>H\u00c9V-el t\u00f6rt\u00e9n\u0151 utaz\u00e1s eset\u00e9n: a BKK honlapj\u00e1n olvashat\u00f3 felt\u00e9telek szerint 1-6 000 Ft.<\/li>\n<\/ul>\n<div class=\"o-widget m-readMoreWidget -readMore u-shortDecorLineAfter row widget-container _ce_measure_widget bigdata-widget read-more\" data-ce-measure-widget=\"olvass tov\u00e1bb\">\n\t<div class=\"m-readMoreWidget__imgWrapper image-wrapper col-12 col-md-4 no-p\">\n\t\t<a class=\"m-readMoreWidget__imgLink\" href=\"https:\/\/www.startlap.hu\/utazas\/vegre-jo-hir-a-mav-tol\/\" >\n\t\t\t<img decoding=\"async\" src=\"https:\/\/www.startlap.hu\/utazas\/uploads\/sites\/3\/2025\/01\/mav_szerelveny_vonat-350x285.jpg\" class=\"m-readMoreWidget__img\">\n\t\t<\/a>\n\t<\/div>\n\t<div class=\"m-readMoreWidget__titleWrapper title-wrapper col-12 col-md-8\">\n\t\t<span class=\"m-readMoreWidget__titleLabel u-shortDecorLineBefore label hidden-sm-up\">Ez is \u00e9rdekelhet:<\/span>\n\t\t<h3 class=\"m-readMoreWidget__title title\">\n\t\t\t<a class=\"m-readMoreWidget__titleLink -secondFont u-bold u-upperCase\" href=\"https:\/\/www.startlap.hu\/utazas\/vegre-jo-hir-a-mav-tol\/\" >V\u00e9gre j\u00f3 h\u00edr a M\u00c1V-t\u00f3l<\/a>\n\t\t<\/h3>\n\t\t<a class=\"m-readMoreWidget__btn -coloredBack u-tC link\" href=\"https:\/\/www.startlap.hu\/utazas\/vegre-jo-hir-a-mav-tol\/\" >Elolvasom<\/a>\n\t<\/div>\n<\/div>\n","protected":false},"excerpt":{"rendered":"<p>Val\u00f3ban megb\u00fcntethet minket a kalauz, hogyha nem a teljes nev\u00fcnk szerepel a vonatjegyen? Nagy port kavart a 40 ezres b\u00fcntet\u00e9s h\u00edre, reag\u00e1lt a M\u00c1V.<\/p>\n","protected":false},"author":63,"featured_media":84359,"comment_status":"closed","ping_status":"closed","sticky":false,"template":"","format":"standard","meta":{"footnotes":""},"categories":[7],"tags":[1836,179,820,1289],"class_list":["post-84358","post","type-post","status-publish","format-standard","has-post-thumbnail","hentry","category-belfold-utazas","tag-buntetes","tag-mav","tag-vonat","tag-vonatjegy"],"aioseo_notices":[],"_links":{"self":[{"href":"https:\/\/www.startlap.hu\/utazas\/wp-json\/wp\/v2\/posts\/84358","targetHints":{"allow":["GET"]}}],"collection":[{"href":"https:\/\/www.startlap.hu\/utazas\/wp-json\/wp\/v2\/posts"}],"about":[{"href":"https:\/\/www.startlap.hu\/utazas\/wp-json\/wp\/v2\/types\/post"}],"author":[{"embeddable":true,"href":"https:\/\/www.startlap.hu\/utazas\/wp-json\/wp\/v2\/users\/63"}],"replies":[{"embeddable":true,"href":"https:\/\/www.startlap.hu\/utazas\/wp-json\/wp\/v2\/comments?post=84358"}],"version-history":[{"count":5,"href":"https:\/\/www.startlap.hu\/utazas\/wp-json\/wp\/v2\/posts\/84358\/revisions"}],"predecessor-version":[{"id":84364,"href":"https:\/\/www.startlap.hu\/utazas\/wp-json\/wp\/v2\/posts\/84358\/revisions\/84364"}],"wp:featuredmedia":[{"embeddable":true,"href":"https:\/\/www.startlap.hu\/utazas\/wp-json\/wp\/v2\/media\/84359"}],"wp:attachment":[{"href":"https:\/\/www.startlap.hu\/utazas\/wp-json\/wp\/v2\/media?parent=84358"}],"wp:term":[{"taxonomy":"category","embeddable":true,"href":"https:\/\/www.startlap.hu\/utazas\/wp-json\/wp\/v2\/categories?post=84358"},{"taxonomy":"post_tag","embeddable":true,"href":"https:\/\/www.startlap.hu\/utazas\/wp-json\/wp\/v2\/tags?post=84358"}],"curies":[{"name":"wp","href":"https:\/\/api.w.org\/{rel}","templated":true}]}}