{"id":84309,"date":"2025-01-30T06:03:14","date_gmt":"2025-01-30T05:03:14","guid":{"rendered":"https:\/\/www.startlap.hu\/utazas\/?p=84309"},"modified":"2025-01-30T07:57:24","modified_gmt":"2025-01-30T06:57:24","slug":"fuggohid-satoraljaujhely-nemzeti-osszetartozas-hidja-guinnes-rekord-fotok","status":"publish","type":"post","link":"https:\/\/www.startlap.hu\/utazas\/fuggohid-satoraljaujhely-nemzeti-osszetartozas-hidja-guinnes-rekord-fotok\/","title":{"rendered":"Elk\u00e9peszt\u0151 t\u00e9ny der\u00fclt ki a s\u00e1toralja\u00fajhelyi f\u00fcgg\u0151h\u00eddr\u00f3l"},"content":{"rendered":"<p>A Nemzeti \u00f6sszetartoz\u00e1s h\u00eddja 723 m\u00e9ter\u00e9vel lett a vil\u00e1g leghosszabb feszt\u00e1vols\u00e1g\u00fa gyalogos <a href=\"https:\/\/www.startlap.hu\/utazas\/zemplen-kalandpark-fuggohid-atado\/\" target=\"_blank\" rel=\"noopener noreferrer\">f\u00fcgg\u0151h\u00eddja<\/a>, a Guinness-rekord tan\u00fas\u00edtv\u00e1nyt \u00fcnnep\u00e9lyes keretek k\u00f6z\u00f6tt adt\u00e1k \u00e1t S\u00e1toralja\u00fajhelyen. <strong>Az \u00e9p\u00edtm\u00e9ny a Sz\u00e1rhegyet \u00e9s a V\u00e1rhegyet k\u00f6ti \u00f6ssze.<\/strong><\/p>\n<p>Az \u00e1tkel\u0151 a Magyar K\u00e1lv\u00e1ri\u00e1t, az ott tal\u00e1lhat\u00f3 Szent Istv\u00e1n-k\u00e1poln\u00e1t, a 100. Orsz\u00e1gz\u00e1szl\u00f3t \u00e9s a Trianon 100 esem\u00e9ny\u00e9re k\u00e9sz\u00fclt turulszobrot, valamint a Magas-hegyi Turisztikai \u00e9s Sportk\u00f6zpont k\u00f6t\u00e9lp\u00e1ly\u00e1it k\u00f6ti \u00f6ssze az egykori \u00fajhelyi v\u00e1r romjaira \u00e9p\u00fclt kil\u00e1t\u00f3s\u00e9t\u00e1nnyal.<\/p>\n\n\t<div id=\"cegPostCnt_1\" class=\"o-cegPostCnt -inContent\" data-title=\"Elk\u00e9peszt\u0151 t\u00e9ny der\u00fclt ki a s\u00e1toralja\u00fajhelyi f\u00fcgg\u0151h\u00eddr\u00f3l\">\n\t\t<a class=\"o-cegPostCnt__opener m-cegOpener _ce_measure_widget _ce_measure_link\" data-ce-measure-widget=\"gallery-open\"\n   href=\"?gallery=1\/1\/nemzeti-osszetartozas-hidja-scaled\">\n\t<img decoding=\"async\" src=\"https:\/\/www.startlap.hu\/utazas\/uploads\/sites\/3\/2025\/01\/nemzeti-osszetartozas-hidja-scaled.jpg\" class=\"m-cegOpener__image\" alt=\"A Nemzeti \u00f6sszetartoz\u00e1s h\u00eddja\" sizes=\"(max-width: 991px) 100vw, (max-width: 1039px) 66vw, 684px\" srcset=\"https:\/\/www.startlap.hu\/utazas\/uploads\/sites\/3\/2025\/01\/nemzeti-osszetartozas-hidja-scaled.jpg 2560w, https:\/\/www.startlap.hu\/utazas\/uploads\/sites\/3\/2025\/01\/nemzeti-osszetartozas-hidja-1536x1024.jpg 1536w, https:\/\/www.startlap.hu\/utazas\/uploads\/sites\/3\/2025\/01\/nemzeti-osszetartozas-hidja-2048x1366.jpg 2048w, https:\/\/www.startlap.hu\/utazas\/uploads\/sites\/3\/2025\/01\/nemzeti-osszetartozas-hidja-755x503.jpg 755w, https:\/\/www.startlap.hu\/utazas\/uploads\/sites\/3\/2025\/01\/nemzeti-osszetartozas-hidja-525x350.jpg 525w\" \/>\t<div class=\"m-cegOpener__btn\"><i class=\"far fa-clone\"><\/i><\/div>\n<\/a>\n<div class=\"o-cegPostCnt__layer m-cegLayer _ce_measure_widget\" data-ce-measure-widget=\"gallery-layer\" style=\"display: none\">\n\t<div class=\"m-cegLayer__top m-cegHeader _ce_measure_widget\" data-ce-measure-widget=\"gallery-header\">\n\t\t\t\t\t<span class=\"m-cegHeader__logo\"><span class=\"a-cegLogo\"><\/span><\/span>\n\t\t\t\t<div class=\"m-cegHeader__imgCnt\">\n\t\t\t<img decoding=\"async\" src=\"https:\/\/www.startlap.hu\/utazas\/uploads\/sites\/3\/2025\/01\/nemzeti-osszetartozas-hidja-scaled.jpg\" class=\"m-cegHeader__imgOpener\" alt=\"A Nemzeti \u00f6sszetartoz\u00e1s h\u00eddja\" \/>\t\t<\/div>\n\t\t<h2 class=\"m-cegHeader__title a-cegGalleryTitle\"><i class=\"fa fa-angle-left\"><\/i>Elk\u00e9peszt\u0151 t\u00e9ny der\u00fclt ki a s\u00e1toralja\u00fajhelyi f\u00fcgg\u0151h\u00eddr\u00f3l<\/h2>\n\t\t<div class=\"m-cegHeader__pagination a-cegPagination\"><\/div>\n\t\t<div class=\"m-cegHeader__closeBtn close-button nlc-icon-close _ce_measure_link _ce_measure_widget\" data-ce-measure-widget=\"gallery-close-btn\"><i class=\"fa fa-times\" aria-hidden=\"true\"><\/i><\/div>\n\t<\/div>\n\t<div class=\"m-cegLayer__screen\">\n\t\t<div class=\"m-cegLayer__carousel m-cegCarousel\">\n\t\t\t\t\t\t\t\n\t\t\t\t<div\n\t\t\t\t\tclass=\"m-cegCarousel__item\"\n\t\t\t\t\tdata-type=\"image\"\n\t\t\t\t\tdata-id=\"1\/1\/nemzeti-osszetartozas-hidja-scaled\"\n\t\t\t\t\tdata-image-url=\"https:\/\/www.startlap.hu\/utazas\/uploads\/sites\/3\/2025\/01\/nemzeti-osszetartozas-hidja-scaled.jpg\"\n\t\t\t\t\tdata-title=\"nemzeti-osszetartozas-hidja\"\n\t\t\t\t\tdata-desc=\" A Nemzeti \u00f6sszetartoz\u00e1s h\u00eddja, amely Guinness-rekord tan\u00fas\u00edtv\u00e1nyt kapott S\u00e1toralja\u00fajhelyen 2025. janu\u00e1r 29-\u00e9n. A tavaly j\u00fanius 4-\u00e9n \u00e1tadott, 723 m\u00e9ter hossz\u00fa \u00e9p\u00edtm\u00e9ny a vil\u00e1g leghosszabb feszt\u00e1vols\u00e1g\u00fa gyalogos f\u00fcgg\u0151h\u00eddja lett. Fot\u00f3: MTI\/Vajda J\u00e1nos\">\n\n\t\t\t\t\t<!-- image -->\n\t\t\t\t\t<div class=\"m-cegCarousel__floatingCnt\">\n\t\t\t\t\t\t<img decoding=\"async\" src=\"https:\/\/www.startlap.hu\/utazas\/uploads\/sites\/3\/2025\/01\/nemzeti-osszetartozas-hidja-scaled.jpg\" class=\"m-cegCarousel__image\" alt=\"A Nemzeti \u00f6sszetartoz\u00e1s h\u00eddja\" \/>\t\t\t\t\t\t<span class=\"fa m-cegCarousel__zoom _ce_measure_link _ce_measure_widget\" data-ce-measure-widget=\"gallery-zoom-btn\"><\/span>\n\t\t\t\t\t<\/div>\n\n\t\t\t\t\t<!-- thumb icon \/ counter, caption  -->\n\t\t\t\t\t<div class=\"m-cegCarousel__captionCnt m-cegCaption\">\n\t\t\t\t\t\t<span class=\"m-cegCaption__thumbIcon a-cegThumbIcon _ce_measure_widget _ce_measure_link\"\n\t\t\t\t\t\t\t  data-ce-measure-widget=\"thumbnails-btn\"\n\t\t\t\t\t\t\t  data-ce-measure-widget=\"gallery-thumbnails\"><i class=\" fa fa-th-large\"><\/i><\/span>\n\t\t\t\t\t\t<span class=\"m-cegCaption__pagination a-cegPagination\">\n\t\t\t\t\t\t\t<span class=\"a-cegPagination__current\">1<\/span>\/6\t\t\t\t\t\t<\/span>\n\t\t\t\t\t\t<span class=\"m-cegCaption__caption\">nemzeti-osszetartozas-hidja<\/span>\n\t\t\t\t\t<\/div>\n\n\t\t\t\t\t<!-- Image description -->\n\t\t\t\t\t<div class=\"m-cegCarousel__desc a-cegDesc\"> A Nemzeti \u00f6sszetartoz\u00e1s h\u00eddja, amely Guinness-rekord tan\u00fas\u00edtv\u00e1nyt kapott S\u00e1toralja\u00fajhelyen 2025. janu\u00e1r 29-\u00e9n. A tavaly j\u00fanius 4-\u00e9n \u00e1tadott, 723 m\u00e9ter hossz\u00fa \u00e9p\u00edtm\u00e9ny a vil\u00e1g leghosszabb feszt\u00e1vols\u00e1g\u00fa gyalogos f\u00fcgg\u0151h\u00eddja lett. Fot\u00f3: MTI\/Vajda J\u00e1nos<\/div>\n\n\t\t\t\t\t<!-- Image social share icons -->\n\t\t\t\t\t<div class=\"m-cegCarousel__socialCnt m-cegSocial\">\n\t\t\t\t\t\t<span class=\"m-cegSocial__text\">Fot\u00f3 megoszt\u00e1sa:<\/span><span class=\"m-cegSocial__iconWrap\"><span class=\"m-cegSocial__icon -facebook _ce_measure_link _ce_measure_widget\" data-ce-measure-widget=\"facebookGallery-btn\"><i class=\"fab fa-facebook-f\"><\/i><\/span><span class=\"m-cegSocial__icon -pinterest _ce_measure_link _ce_measure_widget\" data-ce-measure-widget=\"printeresGallery-btn\"><i class=\"fab fa-pinterest-p\"><\/i><\/span><span class=\"m-cegSocial__icon -email _ce_measure_link _ce_measure_widget\" data-ce-measure-widget=\"emailGallery-btn\"><i class=\"far fa-envelope\"><\/i><\/span><span class=\"m-cegSocial__icon -clipboard _ce_measure_link _ce_measure_widget\" data-ce-measure-widget=\"clipboardGallery-btn\"><i class=\"fa fa-link\"><\/i><\/span><\/span>\t\t\t\t\t<\/div>\n\t\t\t\t<\/div>\n\t\t\t\t\t\t\t\n\t\t\t\t<div\n\t\t\t\t\tclass=\"m-cegCarousel__item\"\n\t\t\t\t\tdata-type=\"image\"\n\t\t\t\t\tdata-id=\"1\/2\/nemzeti-osszetartozas-hidja2-scaled\"\n\t\t\t\t\tdata-image-url=\"https:\/\/www.startlap.hu\/utazas\/uploads\/sites\/3\/2025\/01\/nemzeti-osszetartozas-hidja2-scaled.jpg\"\n\t\t\t\t\tdata-title=\"nemzeti-osszetartozas-hidja2\"\n\t\t\t\t\tdata-desc=\" A Nemzeti \u00f6sszetartoz\u00e1s h\u00eddja, amely Guinness-rekord tan\u00fas\u00edtv\u00e1nyt kapott S\u00e1toralja\u00fajhelyen 2025. janu\u00e1r 29-\u00e9n. A tavaly j\u00fanius 4-\u00e9n \u00e1tadott, 723 m\u00e9ter hossz\u00fa \u00e9p\u00edtm\u00e9ny a vil\u00e1g leghosszabb feszt\u00e1vols\u00e1g\u00fa gyalogos f\u00fcgg\u0151h\u00eddja lett. Fot\u00f3: MTI\/Vajda J\u00e1nos\">\n\n\t\t\t\t\t<!-- image -->\n\t\t\t\t\t<div class=\"m-cegCarousel__floatingCnt\">\n\t\t\t\t\t\t<img decoding=\"async\" src=\"https:\/\/www.startlap.hu\/utazas\/uploads\/sites\/3\/2025\/01\/nemzeti-osszetartozas-hidja2-scaled.jpg\" class=\"m-cegCarousel__image\" alt=\"A Nemzeti \u00f6sszetartoz\u00e1s h\u00eddja\" \/>\t\t\t\t\t\t<span class=\"fa m-cegCarousel__zoom _ce_measure_link _ce_measure_widget\" data-ce-measure-widget=\"gallery-zoom-btn\"><\/span>\n\t\t\t\t\t<\/div>\n\n\t\t\t\t\t<!-- thumb icon \/ counter, caption  -->\n\t\t\t\t\t<div class=\"m-cegCarousel__captionCnt m-cegCaption\">\n\t\t\t\t\t\t<span class=\"m-cegCaption__thumbIcon a-cegThumbIcon _ce_measure_widget _ce_measure_link\"\n\t\t\t\t\t\t\t  data-ce-measure-widget=\"thumbnails-btn\"\n\t\t\t\t\t\t\t  data-ce-measure-widget=\"gallery-thumbnails\"><i class=\" fa fa-th-large\"><\/i><\/span>\n\t\t\t\t\t\t<span class=\"m-cegCaption__pagination a-cegPagination\">\n\t\t\t\t\t\t\t<span class=\"a-cegPagination__current\">2<\/span>\/6\t\t\t\t\t\t<\/span>\n\t\t\t\t\t\t<span class=\"m-cegCaption__caption\">nemzeti-osszetartozas-hidja2<\/span>\n\t\t\t\t\t<\/div>\n\n\t\t\t\t\t<!-- Image description -->\n\t\t\t\t\t<div class=\"m-cegCarousel__desc a-cegDesc\"> A Nemzeti \u00f6sszetartoz\u00e1s h\u00eddja, amely Guinness-rekord tan\u00fas\u00edtv\u00e1nyt kapott S\u00e1toralja\u00fajhelyen 2025. janu\u00e1r 29-\u00e9n. A tavaly j\u00fanius 4-\u00e9n \u00e1tadott, 723 m\u00e9ter hossz\u00fa \u00e9p\u00edtm\u00e9ny a vil\u00e1g leghosszabb feszt\u00e1vols\u00e1g\u00fa gyalogos f\u00fcgg\u0151h\u00eddja lett. Fot\u00f3: MTI\/Vajda J\u00e1nos<\/div>\n\n\t\t\t\t\t<!-- Image social share icons -->\n\t\t\t\t\t<div class=\"m-cegCarousel__socialCnt m-cegSocial\">\n\t\t\t\t\t\t<span class=\"m-cegSocial__text\">Fot\u00f3 megoszt\u00e1sa:<\/span><span class=\"m-cegSocial__iconWrap\"><span class=\"m-cegSocial__icon -facebook _ce_measure_link _ce_measure_widget\" data-ce-measure-widget=\"facebookGallery-btn\"><i class=\"fab fa-facebook-f\"><\/i><\/span><span class=\"m-cegSocial__icon -pinterest _ce_measure_link _ce_measure_widget\" data-ce-measure-widget=\"printeresGallery-btn\"><i class=\"fab fa-pinterest-p\"><\/i><\/span><span class=\"m-cegSocial__icon -email _ce_measure_link _ce_measure_widget\" data-ce-measure-widget=\"emailGallery-btn\"><i class=\"far fa-envelope\"><\/i><\/span><span class=\"m-cegSocial__icon -clipboard _ce_measure_link _ce_measure_widget\" data-ce-measure-widget=\"clipboardGallery-btn\"><i class=\"fa fa-link\"><\/i><\/span><\/span>\t\t\t\t\t<\/div>\n\t\t\t\t<\/div>\n\t\t\t\t\t\t\t\n\t\t\t\t<div\n\t\t\t\t\tclass=\"m-cegCarousel__item\"\n\t\t\t\t\tdata-type=\"image\"\n\t\t\t\t\tdata-id=\"1\/3\/nemzeti-osszetartozas-hidja3-scaled\"\n\t\t\t\t\tdata-image-url=\"https:\/\/www.startlap.hu\/utazas\/uploads\/sites\/3\/2025\/01\/nemzeti-osszetartozas-hidja3-scaled.jpg\"\n\t\t\t\t\tdata-title=\"nemzeti-osszetartozas-hidja3\"\n\t\t\t\t\tdata-desc=\" A Nemzeti \u00f6sszetartoz\u00e1s h\u00eddja, amely Guinness-rekord tan\u00fas\u00edtv\u00e1nyt kapott S\u00e1toralja\u00fajhelyen 2025. janu\u00e1r 29-\u00e9n. A tavaly j\u00fanius 4-\u00e9n \u00e1tadott, 723 m\u00e9ter hossz\u00fa \u00e9p\u00edtm\u00e9ny a vil\u00e1g leghosszabb feszt\u00e1vols\u00e1g\u00fa gyalogos f\u00fcgg\u0151h\u00eddja lett. Fot\u00f3: MTI\/Vajda J\u00e1nos\">\n\n\t\t\t\t\t<!-- image -->\n\t\t\t\t\t<div class=\"m-cegCarousel__floatingCnt\">\n\t\t\t\t\t\t<img decoding=\"async\" src=\"https:\/\/www.startlap.hu\/utazas\/uploads\/sites\/3\/2025\/01\/nemzeti-osszetartozas-hidja3-scaled.jpg\" class=\"m-cegCarousel__image\" alt=\"A Nemzeti \u00f6sszetartoz\u00e1s h\u00eddja\" \/>\t\t\t\t\t\t<span class=\"fa m-cegCarousel__zoom _ce_measure_link _ce_measure_widget\" data-ce-measure-widget=\"gallery-zoom-btn\"><\/span>\n\t\t\t\t\t<\/div>\n\n\t\t\t\t\t<!-- thumb icon \/ counter, caption  -->\n\t\t\t\t\t<div class=\"m-cegCarousel__captionCnt m-cegCaption\">\n\t\t\t\t\t\t<span class=\"m-cegCaption__thumbIcon a-cegThumbIcon _ce_measure_widget _ce_measure_link\"\n\t\t\t\t\t\t\t  data-ce-measure-widget=\"thumbnails-btn\"\n\t\t\t\t\t\t\t  data-ce-measure-widget=\"gallery-thumbnails\"><i class=\" fa fa-th-large\"><\/i><\/span>\n\t\t\t\t\t\t<span class=\"m-cegCaption__pagination a-cegPagination\">\n\t\t\t\t\t\t\t<span class=\"a-cegPagination__current\">3<\/span>\/6\t\t\t\t\t\t<\/span>\n\t\t\t\t\t\t<span class=\"m-cegCaption__caption\">nemzeti-osszetartozas-hidja3<\/span>\n\t\t\t\t\t<\/div>\n\n\t\t\t\t\t<!-- Image description -->\n\t\t\t\t\t<div class=\"m-cegCarousel__desc a-cegDesc\"> A Nemzeti \u00f6sszetartoz\u00e1s h\u00eddja, amely Guinness-rekord tan\u00fas\u00edtv\u00e1nyt kapott S\u00e1toralja\u00fajhelyen 2025. janu\u00e1r 29-\u00e9n. A tavaly j\u00fanius 4-\u00e9n \u00e1tadott, 723 m\u00e9ter hossz\u00fa \u00e9p\u00edtm\u00e9ny a vil\u00e1g leghosszabb feszt\u00e1vols\u00e1g\u00fa gyalogos f\u00fcgg\u0151h\u00eddja lett. Fot\u00f3: MTI\/Vajda J\u00e1nos<\/div>\n\n\t\t\t\t\t<!-- Image social share icons -->\n\t\t\t\t\t<div class=\"m-cegCarousel__socialCnt m-cegSocial\">\n\t\t\t\t\t\t<span class=\"m-cegSocial__text\">Fot\u00f3 megoszt\u00e1sa:<\/span><span class=\"m-cegSocial__iconWrap\"><span class=\"m-cegSocial__icon -facebook _ce_measure_link _ce_measure_widget\" data-ce-measure-widget=\"facebookGallery-btn\"><i class=\"fab fa-facebook-f\"><\/i><\/span><span class=\"m-cegSocial__icon -pinterest _ce_measure_link _ce_measure_widget\" data-ce-measure-widget=\"printeresGallery-btn\"><i class=\"fab fa-pinterest-p\"><\/i><\/span><span class=\"m-cegSocial__icon -email _ce_measure_link _ce_measure_widget\" data-ce-measure-widget=\"emailGallery-btn\"><i class=\"far fa-envelope\"><\/i><\/span><span class=\"m-cegSocial__icon -clipboard _ce_measure_link _ce_measure_widget\" data-ce-measure-widget=\"clipboardGallery-btn\"><i class=\"fa fa-link\"><\/i><\/span><\/span>\t\t\t\t\t<\/div>\n\t\t\t\t<\/div>\n\t\t\t\t\t\t\t\t\t\t\t\t<div\n\t\t\t\t\t\tclass=\"m-cegCarousel__item -banner\"\n\t\t\t\t\t\tdata-type=\"banner\"\n\t\t\t\t\t\tdata-id=\"1\/4\/banner\"\n\t\t\t\t\t\tdata-image-url=\"\"\n\t\t\t\t\t\tdata-title=\"\"\n\t\t\t\t\t\tdata-desc=\"\">\n\n\t\t\t\t\t\t<div class=\"m-cegCarousel__floatingCnt banner-container gallery-content010\"><\/div>\n\n\t\t\t\t\t<\/div>\n\t\t\t\t\t\t\t\t\t\n\t\t\t\t<div\n\t\t\t\t\tclass=\"m-cegCarousel__item\"\n\t\t\t\t\tdata-type=\"image\"\n\t\t\t\t\tdata-id=\"1\/5\/nemzeti-osszetartozas-hidja4-scaled\"\n\t\t\t\t\tdata-image-url=\"https:\/\/www.startlap.hu\/utazas\/uploads\/sites\/3\/2025\/01\/nemzeti-osszetartozas-hidja4-scaled.jpg\"\n\t\t\t\t\tdata-title=\"nemzeti-osszetartozas-hidja4\"\n\t\t\t\t\tdata-desc=\"Kolodko Mih\u00e1ly Kossuth Lajosr\u00f3l mint\u00e1zott miniat\u0171r szobra a Nemzeti \u00f6sszetartoz\u00e1s h\u00eddj\u00e1n\u00e1l, amely Guinness-rekord tan\u00fas\u00edtv\u00e1nyt kapott S\u00e1toralja\u00fajhelyen 2025. janu\u00e1r 29-\u00e9n. A tavaly j\u00fanius 4-\u00e9n \u00e1tadott, 723 m\u00e9ter hossz\u00fa \u00e9p\u00edtm\u00e9ny a vil\u00e1g leghosszabb feszt\u00e1vols\u00e1g\u00fa gyalogos f\u00fcgg\u0151h\u00eddja lett. Fot\u00f3: MTI\/Vajda J\u00e1nos\">\n\n\t\t\t\t\t<!-- image -->\n\t\t\t\t\t<div class=\"m-cegCarousel__floatingCnt\">\n\t\t\t\t\t\t<img decoding=\"async\" src=\"https:\/\/www.startlap.hu\/utazas\/uploads\/sites\/3\/2025\/01\/nemzeti-osszetartozas-hidja4-scaled.jpg\" class=\"m-cegCarousel__image\" alt=\"A Nemzeti \u00f6sszetartoz\u00e1s h\u00eddja\" \/>\t\t\t\t\t\t<span class=\"fa m-cegCarousel__zoom _ce_measure_link _ce_measure_widget\" data-ce-measure-widget=\"gallery-zoom-btn\"><\/span>\n\t\t\t\t\t<\/div>\n\n\t\t\t\t\t<!-- thumb icon \/ counter, caption  -->\n\t\t\t\t\t<div class=\"m-cegCarousel__captionCnt m-cegCaption\">\n\t\t\t\t\t\t<span class=\"m-cegCaption__thumbIcon a-cegThumbIcon _ce_measure_widget _ce_measure_link\"\n\t\t\t\t\t\t\t  data-ce-measure-widget=\"thumbnails-btn\"\n\t\t\t\t\t\t\t  data-ce-measure-widget=\"gallery-thumbnails\"><i class=\" fa fa-th-large\"><\/i><\/span>\n\t\t\t\t\t\t<span class=\"m-cegCaption__pagination a-cegPagination\">\n\t\t\t\t\t\t\t<span class=\"a-cegPagination__current\">5<\/span>\/6\t\t\t\t\t\t<\/span>\n\t\t\t\t\t\t<span class=\"m-cegCaption__caption\">nemzeti-osszetartozas-hidja4<\/span>\n\t\t\t\t\t<\/div>\n\n\t\t\t\t\t<!-- Image description -->\n\t\t\t\t\t<div class=\"m-cegCarousel__desc a-cegDesc\">Kolodko Mih\u00e1ly Kossuth Lajosr\u00f3l mint\u00e1zott miniat\u0171r szobra a Nemzeti \u00f6sszetartoz\u00e1s h\u00eddj\u00e1n\u00e1l, amely Guinness-rekord tan\u00fas\u00edtv\u00e1nyt kapott S\u00e1toralja\u00fajhelyen 2025. janu\u00e1r 29-\u00e9n. A tavaly j\u00fanius 4-\u00e9n \u00e1tadott, 723 m\u00e9ter hossz\u00fa \u00e9p\u00edtm\u00e9ny a vil\u00e1g leghosszabb feszt\u00e1vols\u00e1g\u00fa gyalogos f\u00fcgg\u0151h\u00eddja lett. Fot\u00f3: MTI\/Vajda J\u00e1nos<\/div>\n\n\t\t\t\t\t<!-- Image social share icons -->\n\t\t\t\t\t<div class=\"m-cegCarousel__socialCnt m-cegSocial\">\n\t\t\t\t\t\t<span class=\"m-cegSocial__text\">Fot\u00f3 megoszt\u00e1sa:<\/span><span class=\"m-cegSocial__iconWrap\"><span class=\"m-cegSocial__icon -facebook _ce_measure_link _ce_measure_widget\" data-ce-measure-widget=\"facebookGallery-btn\"><i class=\"fab fa-facebook-f\"><\/i><\/span><span class=\"m-cegSocial__icon -pinterest _ce_measure_link _ce_measure_widget\" data-ce-measure-widget=\"printeresGallery-btn\"><i class=\"fab fa-pinterest-p\"><\/i><\/span><span class=\"m-cegSocial__icon -email _ce_measure_link _ce_measure_widget\" data-ce-measure-widget=\"emailGallery-btn\"><i class=\"far fa-envelope\"><\/i><\/span><span class=\"m-cegSocial__icon -clipboard _ce_measure_link _ce_measure_widget\" data-ce-measure-widget=\"clipboardGallery-btn\"><i class=\"fa fa-link\"><\/i><\/span><\/span>\t\t\t\t\t<\/div>\n\t\t\t\t<\/div>\n\t\t\t\t\t\t\t\n\t\t\t\t<div\n\t\t\t\t\tclass=\"m-cegCarousel__item\"\n\t\t\t\t\tdata-type=\"image\"\n\t\t\t\t\tdata-id=\"1\/6\/nemzeti-osszetartozas-hidja5-scaled\"\n\t\t\t\t\tdata-image-url=\"https:\/\/www.startlap.hu\/utazas\/uploads\/sites\/3\/2025\/01\/nemzeti-osszetartozas-hidja5-scaled.jpg\"\n\t\t\t\t\tdata-title=\"nemzeti-osszetartozas-hidja5\"\n\t\t\t\t\tdata-desc=\" A Nemzeti \u00f6sszetartoz\u00e1s h\u00eddja, amely Guinness-rekord tan\u00fas\u00edtv\u00e1nyt kapott S\u00e1toralja\u00fajhelyen 2025. janu\u00e1r 29-\u00e9n. A tavaly j\u00fanius 4-\u00e9n \u00e1tadott, 723 m\u00e9ter hossz\u00fa \u00e9p\u00edtm\u00e9ny a vil\u00e1g leghosszabb feszt\u00e1vols\u00e1g\u00fa gyalogos f\u00fcgg\u0151h\u00eddja lett. Fot\u00f3: MTI\/Vajda J\u00e1nos\">\n\n\t\t\t\t\t<!-- image -->\n\t\t\t\t\t<div class=\"m-cegCarousel__floatingCnt\">\n\t\t\t\t\t\t<img decoding=\"async\" src=\"https:\/\/www.startlap.hu\/utazas\/uploads\/sites\/3\/2025\/01\/nemzeti-osszetartozas-hidja5-scaled.jpg\" class=\"m-cegCarousel__image\" alt=\"A Nemzeti \u00f6sszetartoz\u00e1s h\u00eddja\" \/>\t\t\t\t\t\t<span class=\"fa m-cegCarousel__zoom _ce_measure_link _ce_measure_widget\" data-ce-measure-widget=\"gallery-zoom-btn\"><\/span>\n\t\t\t\t\t<\/div>\n\n\t\t\t\t\t<!-- thumb icon \/ counter, caption  -->\n\t\t\t\t\t<div class=\"m-cegCarousel__captionCnt m-cegCaption\">\n\t\t\t\t\t\t<span class=\"m-cegCaption__thumbIcon a-cegThumbIcon _ce_measure_widget _ce_measure_link\"\n\t\t\t\t\t\t\t  data-ce-measure-widget=\"thumbnails-btn\"\n\t\t\t\t\t\t\t  data-ce-measure-widget=\"gallery-thumbnails\"><i class=\" fa fa-th-large\"><\/i><\/span>\n\t\t\t\t\t\t<span class=\"m-cegCaption__pagination a-cegPagination\">\n\t\t\t\t\t\t\t<span class=\"a-cegPagination__current\">6<\/span>\/6\t\t\t\t\t\t<\/span>\n\t\t\t\t\t\t<span class=\"m-cegCaption__caption\">nemzeti-osszetartozas-hidja5<\/span>\n\t\t\t\t\t<\/div>\n\n\t\t\t\t\t<!-- Image description -->\n\t\t\t\t\t<div class=\"m-cegCarousel__desc a-cegDesc\"> A Nemzeti \u00f6sszetartoz\u00e1s h\u00eddja, amely Guinness-rekord tan\u00fas\u00edtv\u00e1nyt kapott S\u00e1toralja\u00fajhelyen 2025. janu\u00e1r 29-\u00e9n. A tavaly j\u00fanius 4-\u00e9n \u00e1tadott, 723 m\u00e9ter hossz\u00fa \u00e9p\u00edtm\u00e9ny a vil\u00e1g leghosszabb feszt\u00e1vols\u00e1g\u00fa gyalogos f\u00fcgg\u0151h\u00eddja lett. Fot\u00f3: MTI\/Vajda J\u00e1nos<\/div>\n\n\t\t\t\t\t<!-- Image social share icons -->\n\t\t\t\t\t<div class=\"m-cegCarousel__socialCnt m-cegSocial\">\n\t\t\t\t\t\t<span class=\"m-cegSocial__text\">Fot\u00f3 megoszt\u00e1sa:<\/span><span class=\"m-cegSocial__iconWrap\"><span class=\"m-cegSocial__icon -facebook _ce_measure_link _ce_measure_widget\" data-ce-measure-widget=\"facebookGallery-btn\"><i class=\"fab fa-facebook-f\"><\/i><\/span><span class=\"m-cegSocial__icon -pinterest _ce_measure_link _ce_measure_widget\" data-ce-measure-widget=\"printeresGallery-btn\"><i class=\"fab fa-pinterest-p\"><\/i><\/span><span class=\"m-cegSocial__icon -email _ce_measure_link _ce_measure_widget\" data-ce-measure-widget=\"emailGallery-btn\"><i class=\"far fa-envelope\"><\/i><\/span><span class=\"m-cegSocial__icon -clipboard _ce_measure_link _ce_measure_widget\" data-ce-measure-widget=\"clipboardGallery-btn\"><i class=\"fa fa-link\"><\/i><\/span><\/span>\t\t\t\t\t<\/div>\n\t\t\t\t<\/div>\n\t\t\t\t\t\t\t\t<\/div>\n\t\t<div class=\"m-cegLayer__thumbnails m-cegThumbList _ce_measure_widget\" data-ce-measure-widget=\"gallery-thumb-list\">\n\t\t\t\t\t\t\t\t\t\t\t<div class=\"m-cegThumbList__item\"\n\t\t\t\t\tdata-id=\"1\/1\/nemzeti-osszetartozas-hidja-scaled\"\n\t\t\t\t\tdata-index=\"0\">\n\t\t\t\t\t<img decoding=\"async\" src=\"https:\/\/www.startlap.hu\/utazas\/uploads\/sites\/3\/2025\/01\/nemzeti-osszetartozas-hidja-scaled.jpg\" class=\"m-cegThumbList__image _ce_measure_link\" alt=\"A Nemzeti \u00f6sszetartoz\u00e1s h\u00eddja\" \/>\t\t\t\t<\/div>\n\t\t\t\t\t\t\t\t\t\t\t<div class=\"m-cegThumbList__item\"\n\t\t\t\t\tdata-id=\"1\/2\/nemzeti-osszetartozas-hidja2-scaled\"\n\t\t\t\t\tdata-index=\"1\">\n\t\t\t\t\t<img decoding=\"async\" src=\"https:\/\/www.startlap.hu\/utazas\/uploads\/sites\/3\/2025\/01\/nemzeti-osszetartozas-hidja2-scaled.jpg\" class=\"m-cegThumbList__image _ce_measure_link\" alt=\"A Nemzeti \u00f6sszetartoz\u00e1s h\u00eddja\" \/>\t\t\t\t<\/div>\n\t\t\t\t\t\t\t\t\t\t\t<div class=\"m-cegThumbList__item\"\n\t\t\t\t\tdata-id=\"1\/3\/nemzeti-osszetartozas-hidja3-scaled\"\n\t\t\t\t\tdata-index=\"2\">\n\t\t\t\t\t<img decoding=\"async\" src=\"https:\/\/www.startlap.hu\/utazas\/uploads\/sites\/3\/2025\/01\/nemzeti-osszetartozas-hidja3-scaled.jpg\" class=\"m-cegThumbList__image _ce_measure_link\" alt=\"A Nemzeti \u00f6sszetartoz\u00e1s h\u00eddja\" \/>\t\t\t\t<\/div>\n\t\t\t\t\t\t\t\t\t\t\t\t\t\t\t<div class=\"m-cegThumbList__item\"\n\t\t\t\t\tdata-id=\"1\/5\/nemzeti-osszetartozas-hidja4-scaled\"\n\t\t\t\t\tdata-index=\"4\">\n\t\t\t\t\t<img decoding=\"async\" src=\"https:\/\/www.startlap.hu\/utazas\/uploads\/sites\/3\/2025\/01\/nemzeti-osszetartozas-hidja4-scaled.jpg\" class=\"m-cegThumbList__image _ce_measure_link\" alt=\"A Nemzeti \u00f6sszetartoz\u00e1s h\u00eddja\" \/>\t\t\t\t<\/div>\n\t\t\t\t\t\t\t\t\t\t\t<div class=\"m-cegThumbList__item\"\n\t\t\t\t\tdata-id=\"1\/6\/nemzeti-osszetartozas-hidja5-scaled\"\n\t\t\t\t\tdata-index=\"5\">\n\t\t\t\t\t<img decoding=\"async\" src=\"https:\/\/www.startlap.hu\/utazas\/uploads\/sites\/3\/2025\/01\/nemzeti-osszetartozas-hidja5-scaled.jpg\" class=\"m-cegThumbList__image _ce_measure_link\" alt=\"A Nemzeti \u00f6sszetartoz\u00e1s h\u00eddja\" \/>\t\t\t\t<\/div>\n\t\t\t\t\t<\/div>\n\t<\/div>\n\t<div class=\"m-cegLayer__sidebar m-cegSidebar _ce_measure_widget\" data-ce-measure-widget=\"gallery-sidebar\">\n\n\t\t<div class=\"m-cegSidebar__desc a-cegDesc _ce_measure_widget\" data-ce-measure-widget=\"gallery-desc\"><\/div>\n\n\t\t<div class=\"m-cegSidebar__socialCnt m-cegSocial -sidebar _ce_measure_widget\" data-ce-measure-widget=\"gallery-social\">\n\t\t\t<span class=\"m-cegSocial__text\">Fot\u00f3 megoszt\u00e1sa:<\/span><span class=\"m-cegSocial__iconWrap\"><span class=\"m-cegSocial__icon -facebook _ce_measure_link _ce_measure_widget\" data-ce-measure-widget=\"facebookGallery-btn\"><i class=\"fab fa-facebook-f\"><\/i><\/span><span class=\"m-cegSocial__icon -pinterest _ce_measure_link _ce_measure_widget\" data-ce-measure-widget=\"printeresGallery-btn\"><i class=\"fab fa-pinterest-p\"><\/i><\/span><span class=\"m-cegSocial__icon -email _ce_measure_link _ce_measure_widget\" data-ce-measure-widget=\"emailGallery-btn\"><i class=\"far fa-envelope\"><\/i><\/span><span class=\"m-cegSocial__icon -clipboard _ce_measure_link _ce_measure_widget\" data-ce-measure-widget=\"clipboardGallery-btn\"><i class=\"fa fa-link\"><\/i><\/span><\/span>\t\t<\/div>\n\n\t\t<div class=\"gallery-right010 banner-container\"><\/div>\n\t\t<div class=\"gallery-right020 banner-container\"><\/div>\n\n\t<\/div>\n<\/div>\n\t<\/div>\n\n\t<script>\n\t\tjQuery(function () {\n\t\t\tvar id = '#cegPostCnt_1';\n\t\t\tjQuery( id ).articleGallery({\n\t\t\t\tonChanged: function (event) {\n\t\t\t\t\t\tthis.renderSidebarCTS( 'gallery-right010' );\n\t\t\t\t\t\tthis.renderSidebarCTS( 'gallery-right020' );\n\t\t\t\t\t\tthis.renderBannerSlideCTS(  event,\n\t\t\t\t\t\t\t\t\t\t\t\t\t[\n\t\t\t\t\t\t\t\t\t\t\t\t\t\t'gallery-content010',\n\t\t\t\t\t\t\t\t\t\t\t\t\t\t'gallery-content020',\n\t\t\t\t\t\t\t\t\t\t\t\t\t\t'gallery-content030'\n\t\t\t\t\t\t\t\t\t\t\t\t\t]);\n\t\t\t\t}\n\t\t\t});\n\t\t});\n\t<\/script>\t\n<p>A h\u00edd 84 m\u00e9ter magasan \u00edvel \u00e1t a M\u00e1jusk\u00fat-v\u00f6lgy f\u00f6l\u00f6tt,<\/p>\n<blockquote class=\"article__extraTxt\"><p>a k\u00f6zep\u00e9n nyolc m\u00e9ter hosszan \u00fcvegen kereszt\u00fcl kellhetnek \u00e1t a l\u00e1togat\u00f3k.<\/p><\/blockquote>\n<p>A h\u00edd hat tart\u00f3k\u00f6tel\u00e9nek egyenk\u00e9nti k\u00e1bel\u00e1tm\u00e9r\u0151je 70 millim\u00e9ter, a k\u00f6telek teljes t\u00f6mege meghaladj a 245 tonn\u00e1t. A j\u00e1r\u00f3fel\u00fclet sz\u00e9less\u00e9ge 1,2 m\u00e9ter, 300 f\u0151 tart\u00f3zkodhat a h\u00eddon egyszerre, amit 10 m\/s sz\u00e9ler\u0151ss\u00e9gig lehet haszn\u00e1lni.<\/p>\n<h2>K\u00e9t m\u00e9terrel el\u0151zi a kor\u00e1bbi cs\u00facstart\u00f3t<\/h2>\n<p>Szamosv\u00f6lgyi P\u00e9ter, a zempl\u00e9ni v\u00e1ros polg\u00e1rmestere sajt\u00f3t\u00e1j\u00e9koztat\u00f3n azt mondta, sokan sokat dolgoztak az\u00e9rt, hogy a h\u00edd terve megval\u00f3suljon \u00e9s ezt a kit\u00fcntet\u0151 c\u00edmet elnyerje. A v\u00e1rosvezet\u0151 azt MTI-nek elmondta, a tavaly j\u00fanius 4-\u00e9n \u00e1tadott f\u00fcgg\u0151h\u00eddon<\/p>\n<blockquote class=\"article__extraTxt\"><p>t\u00f6bb mint 300 ezer l\u00e1togat\u00f3t fogadtak \u00e9v v\u00e9g\u00e9ig, a c\u00e9l az, hogy id\u00e9n megdupl\u00e1zz\u00e1k ezt a sz\u00e1mot.<\/p><\/blockquote>\n<p><strong>Anouk de Timary<\/strong>, a tan\u00fas\u00edtv\u00e1nyt \u00e1tad\u00f3 hivatalos b\u00edr\u00f3 gratul\u00e1lt az eredm\u00e9nyhez, \u00e9s k\u00f6z\u00f6lte, fontos \u00e9s k\u00fcl\u00f6nleges \u00e9p\u00edt\u00e9szeti megold\u00e1st d\u00edjaznak a Nemzeti \u00f6sszetartoz\u00e1s h\u00eddj\u00e1nak elismer\u00e9s\u00e9vel.<\/p>\n<p>\u00dagy fogalmazott, innent\u0151l kezdve a s\u00e1toralja\u00fajhelyi h\u00edd, amely k\u00e9t m\u00e9terrel el\u0151zi meg a kor\u00e1bbi cs\u00facstart\u00f3t, tartja a leghosszabb feszt\u00e1vols\u00e1g\u00fa gyalogos f\u00fcgg\u0151h\u00edd rekordj\u00e1t. <a href=\"https:\/\/www.zemplenkalandpark.hu\/arak\/\" target=\"_blank\" target=\"_blank\" rel=\"noopener noreferrer\">A bel\u00e9p\u0151jegy\u00e1rak itt<\/a>.<\/p>\n<div class=\"o-widget m-readMoreWidget -readMore u-shortDecorLineAfter row widget-container _ce_measure_widget bigdata-widget read-more\" data-ce-measure-widget=\"olvass tov\u00e1bb\">\n\t<div class=\"m-readMoreWidget__imgWrapper image-wrapper col-12 col-md-4 no-p\">\n\t\t<a class=\"m-readMoreWidget__imgLink\" href=\"https:\/\/www.startlap.hu\/utazas\/lanchid-lezaras-filmforgatas\/\" >\n\t\t\t<img decoding=\"async\" src=\"https:\/\/www.startlap.hu\/utazas\/uploads\/sites\/3\/2025\/01\/lanchid_-350x285.jpg\" class=\"m-readMoreWidget__img\">\n\t\t<\/a>\n\t<\/div>\n\t<div class=\"m-readMoreWidget__titleWrapper title-wrapper col-12 col-md-8\">\n\t\t<span class=\"m-readMoreWidget__titleLabel u-shortDecorLineBefore label hidden-sm-up\">Ez is \u00e9rdekelhet:<\/span>\n\t\t<h3 class=\"m-readMoreWidget__title title\">\n\t\t\t<a class=\"m-readMoreWidget__titleLink -secondFont u-bold u-upperCase\" href=\"https:\/\/www.startlap.hu\/utazas\/lanchid-lezaras-filmforgatas\/\" >P\u00e9nteken v\u00e1ratlanul lez\u00e1rj\u00e1k a L\u00e1nch\u00eddat<\/a>\n\t\t<\/h3>\n\t\t<a class=\"m-readMoreWidget__btn -coloredBack u-tC link\" href=\"https:\/\/www.startlap.hu\/utazas\/lanchid-lezaras-filmforgatas\/\" >Elolvasom<\/a>\n\t<\/div>\n<\/div>\n","protected":false},"excerpt":{"rendered":"<p>A Nemzeti \u00f6sszetartoz\u00e1s h\u00eddja lett a vil\u00e1g leghosszabb feszt\u00e1vols\u00e1g\u00fa gyalogos f\u00fcgg\u0151h\u00eddja, megkapta a Guinness-rekord tan\u00fas\u00edtv\u00e1nyt.<\/p>\n","protected":false},"author":45,"featured_media":84313,"comment_status":"closed","ping_status":"closed","sticky":false,"template":"","format":"standard","meta":{"footnotes":""},"categories":[7],"tags":[6127,4845],"class_list":["post-84309","post","type-post","status-publish","format-standard","has-post-thumbnail","hentry","category-belfold-utazas","tag-nemzeti-osszetartozas-hidja","tag-satoraljaujhely"],"aioseo_notices":[],"_links":{"self":[{"href":"https:\/\/www.startlap.hu\/utazas\/wp-json\/wp\/v2\/posts\/84309","targetHints":{"allow":["GET"]}}],"collection":[{"href":"https:\/\/www.startlap.hu\/utazas\/wp-json\/wp\/v2\/posts"}],"about":[{"href":"https:\/\/www.startlap.hu\/utazas\/wp-json\/wp\/v2\/types\/post"}],"author":[{"embeddable":true,"href":"https:\/\/www.startlap.hu\/utazas\/wp-json\/wp\/v2\/users\/45"}],"replies":[{"embeddable":true,"href":"https:\/\/www.startlap.hu\/utazas\/wp-json\/wp\/v2\/comments?post=84309"}],"version-history":[{"count":10,"href":"https:\/\/www.startlap.hu\/utazas\/wp-json\/wp\/v2\/posts\/84309\/revisions"}],"predecessor-version":[{"id":84337,"href":"https:\/\/www.startlap.hu\/utazas\/wp-json\/wp\/v2\/posts\/84309\/revisions\/84337"}],"wp:featuredmedia":[{"embeddable":true,"href":"https:\/\/www.startlap.hu\/utazas\/wp-json\/wp\/v2\/media\/84313"}],"wp:attachment":[{"href":"https:\/\/www.startlap.hu\/utazas\/wp-json\/wp\/v2\/media?parent=84309"}],"wp:term":[{"taxonomy":"category","embeddable":true,"href":"https:\/\/www.startlap.hu\/utazas\/wp-json\/wp\/v2\/categories?post=84309"},{"taxonomy":"post_tag","embeddable":true,"href":"https:\/\/www.startlap.hu\/utazas\/wp-json\/wp\/v2\/tags?post=84309"}],"curies":[{"name":"wp","href":"https:\/\/api.w.org\/{rel}","templated":true}]}}